{"id":14009,"date":"2021-01-31T18:12:20","date_gmt":"2021-01-31T17:12:20","guid":{"rendered":"https:\/\/encompaniastj.org\/hospitalidade-encontros-que-transformam\/"},"modified":"2025-10-14T09:01:42","modified_gmt":"2025-10-14T07:01:42","slug":"hospitalidade-encontros-que-transformam","status":"publish","type":"post","link":"https:\/\/encompaniastj.org\/pt-pt\/hospitalidade-encontros-que-transformam\/","title":{"rendered":"Hospitalidade, encontros que transformam."},"content":{"rendered":"\n<p>Da comunidade de\nAvila- casa de espiritualidade acolhemos a proposta da E. de anima\u00e7\u00e3o\napost\u00f3lica, de fazer nossa a campanha \"+Hospitalidade. Encontros que\ntransformam vidas\" que a CONFER prop\u00f5e para a semana de 25 a 29 de janeiro\n2021.   <\/p>\n\n<p>Assim, nessa semana tivemos\num encontro comunit\u00e1rio para partilhar, depois de termos lido e refletido\ntanto a mensagem do Papa para o Dia dos Migrantes e Refugiados como o artigo\n: \"Xen\u00eda 3.0: Recriar a hospitalidade num mundo diverso\", de\nAlberto Ares Mateos.  <\/p>\n\n<p>Reconhecemos que o\nA hospitalidade esteve sempre presente na hist\u00f3ria dos povos, o que \u00e9\nmuito relacionado com o acolhimento e tem muito a dizer-nos a partir do\nque a miss\u00e3o que nos foi confiada como comunidade \u00e9 uma atitude de vida\nque n\u00e3o seja improvisado e que seja vivido com\ne \u00e9 assim que o encaramos como um desafio no nosso trabalho.\nexperi\u00eancia comunit\u00e1ria e com as pessoas que v\u00eam \u00e0 nossa casa; que o conhecimento\ndo outro \u00e9 fundamental para podermos acolher e n\u00e3o nos deixarmos levar por preconceitos,\nsentimos como um apelo e convite \u00e0 convers\u00e3o, j\u00e1, entre n\u00f3s; que\na hospitalidade requer, entre outros aspectos, a escuta, o que significa\nsair de n\u00f3s mesmos para que o outro possa ocupar o seu lugar.<\/p>\n\n<p>Em suma, \"...\na hospitalidade \u00e9 um valor profundamente humano e crist\u00e3o que reconhece o\nclamor do outro, n\u00e3o por ser membro da minha fam\u00edlia, da minha\ncomunidade ou da minha f\u00e9, mas simplesmente por ser um ser humano\nque merece ser acolhido e respeitado\".<\/p>\n\n<ul class=\"wp-block-gallery columns-2 is-cropped wp-block-gallery-1 is-layout-flex wp-block-gallery-is-layout-flex\"><li class=\"blocks-gallery-item\"><figure><img decoding=\"async\" src=\"https:\/\/encompaniastj.org\/wp-content\/uploads\/2025\/05\/IMG-0299-rotated.jpg\" alt=\"\" data-id=\"7456\" data-link=\"https:\/\/encompaniastj.org\/hospitalidade-encontros-que-transformam-vidas\/img-0299\/\" class=\"wp-image-7456\"\/><\/figure><\/li><li class=\"blocks-gallery-item\"><figure><img decoding=\"async\" src=\"https:\/\/encompaniastj.org\/wp-content\/uploads\/2025\/05\/IMG-0300-scaled.jpg\" alt=\"\" data-id=\"7455\" data-link=\"https:\/\/encompaniastj.org\/img-0300-2\/\" class=\"wp-image-7455\"\/><\/figure><\/li><\/ul>\n","protected":false},"excerpt":{"rendered":"<p>Da comunidade de Avila- casa de espiritualidade acolhemos a proposta da E. de anima\u00e7\u00e3o apost\u00f3lica, de fazer nossa a campanha &#8220;+Hospitalidade. Encontros que transformam vidas&#8221; que a CONFER prop\u00f5e para [&hellip;]<\/p>\n","protected":false},"author":1,"featured_media":7667,"comment_status":"open","ping_status":"open","sticky":false,"template":"","format":"standard","meta":{"_acf_changed":false,"footnotes":""},"categories":[61,62],"tags":[],"class_list":["post-14009","post","type-post","status-publish","format-standard","has-post-thumbnail","hentry","category-noticias","category-otras"],"acf":[],"yoast_head":"<!-- This site is optimized with the Yoast SEO plugin v27.5 - https:\/\/yoast.com\/product\/yoast-seo-wordpress\/ -->\n<title>Hospitalidade, encontros que transformam. - En Compa\u00f1\u00eda STJ<\/title>\n<meta name=\"robots\" content=\"index, follow, max-snippet:-1, max-image-preview:large, max-video-preview:-1\" \/>\n<link rel=\"canonical\" href=\"https:\/\/encompaniastj.org\/pt-pt\/hospitalidade-encontros-que-transformam\/\" \/>\n<meta property=\"og:locale\" content=\"pt_PT\" \/>\n<meta property=\"og:type\" content=\"article\" \/>\n<meta property=\"og:title\" content=\"Hospitalidade, encontros que transformam. - En Compa\u00f1\u00eda STJ\" \/>\n<meta property=\"og:description\" content=\"Da comunidade de Avila- casa de espiritualidade acolhemos a proposta da E. de anima\u00e7\u00e3o apost\u00f3lica, de fazer nossa a campanha &#8220;+Hospitalidade. Encontros que transformam vidas&#8221; que a CONFER prop\u00f5e para [&hellip;]\" \/>\n<meta property=\"og:url\" content=\"https:\/\/encompaniastj.org\/pt-pt\/hospitalidade-encontros-que-transformam\/\" \/>\n<meta property=\"og:site_name\" content=\"En Compa\u00f1\u00eda STJ\" \/>\n<meta property=\"article:published_time\" content=\"2021-01-31T17:12:20+00:00\" \/>\n<meta property=\"article:modified_time\" content=\"2025-10-14T07:01:42+00:00\" \/>\n<meta property=\"og:image\" content=\"https:\/\/encompaniastj.org\/wp-content\/uploads\/2025\/05\/IMG-0300-e1612116624237-rotated.jpg\" \/>\n\t<meta property=\"og:image:width\" content=\"375\" \/>\n\t<meta property=\"og:image:height\" content=\"500\" \/>\n\t<meta property=\"og:image:type\" content=\"image\/jpeg\" \/>\n<meta name=\"author\" content=\"admin\" \/>\n<meta name=\"twitter:card\" content=\"summary_large_image\" \/>\n<meta name=\"twitter:label1\" content=\"Escrito por\" \/>\n\t<meta name=\"twitter:data1\" content=\"admin\" \/>\n\t<meta name=\"twitter:label2\" content=\"Tempo estimado de leitura\" \/>\n\t<meta name=\"twitter:data2\" content=\"1 minuto\" \/>\n<script type=\"application\/ld+json\" class=\"yoast-schema-graph\">{\"@context\":\"https:\\\/\\\/schema.org\",\"@graph\":[{\"@type\":\"Article\",\"@id\":\"https:\\\/\\\/encompaniastj.org\\\/pt-pt\\\/hospitalidade-encontros-que-transformam\\\/#article\",\"isPartOf\":{\"@id\":\"https:\\\/\\\/encompaniastj.org\\\/pt-pt\\\/hospitalidade-encontros-que-transformam\\\/\"},\"author\":{\"name\":\"admin\",\"@id\":\"https:\\\/\\\/encompaniastj.org\\\/pt-pt\\\/#\\\/schema\\\/person\\\/520e7ecc314793d40091993c2a02b651\"},\"headline\":\"Hospitalidade, encontros que transformam.\",\"datePublished\":\"2021-01-31T17:12:20+00:00\",\"dateModified\":\"2025-10-14T07:01:42+00:00\",\"mainEntityOfPage\":{\"@id\":\"https:\\\/\\\/encompaniastj.org\\\/pt-pt\\\/hospitalidade-encontros-que-transformam\\\/\"},\"wordCount\":263,\"commentCount\":0,\"publisher\":{\"@id\":\"https:\\\/\\\/encompaniastj.org\\\/pt-pt\\\/#organization\"},\"image\":{\"@id\":\"https:\\\/\\\/encompaniastj.org\\\/pt-pt\\\/hospitalidade-encontros-que-transformam\\\/#primaryimage\"},\"thumbnailUrl\":\"https:\\\/\\\/encompaniastj.org\\\/wp-content\\\/uploads\\\/2025\\\/05\\\/IMG-0300-e1612116624237-rotated.jpg\",\"articleSection\":[\"Noticias\",\"Otras\"],\"inLanguage\":\"pt-PT\",\"potentialAction\":[{\"@type\":\"CommentAction\",\"name\":\"Comment\",\"target\":[\"https:\\\/\\\/encompaniastj.org\\\/pt-pt\\\/hospitalidade-encontros-que-transformam\\\/#respond\"]}]},{\"@type\":\"WebPage\",\"@id\":\"https:\\\/\\\/encompaniastj.org\\\/pt-pt\\\/hospitalidade-encontros-que-transformam\\\/\",\"url\":\"https:\\\/\\\/encompaniastj.org\\\/pt-pt\\\/hospitalidade-encontros-que-transformam\\\/\",\"name\":\"Hospitalidade, encontros que transformam. - En Compa\u00f1\u00eda STJ\",\"isPartOf\":{\"@id\":\"https:\\\/\\\/encompaniastj.org\\\/pt-pt\\\/#website\"},\"primaryImageOfPage\":{\"@id\":\"https:\\\/\\\/encompaniastj.org\\\/pt-pt\\\/hospitalidade-encontros-que-transformam\\\/#primaryimage\"},\"image\":{\"@id\":\"https:\\\/\\\/encompaniastj.org\\\/pt-pt\\\/hospitalidade-encontros-que-transformam\\\/#primaryimage\"},\"thumbnailUrl\":\"https:\\\/\\\/encompaniastj.org\\\/wp-content\\\/uploads\\\/2025\\\/05\\\/IMG-0300-e1612116624237-rotated.jpg\",\"datePublished\":\"2021-01-31T17:12:20+00:00\",\"dateModified\":\"2025-10-14T07:01:42+00:00\",\"breadcrumb\":{\"@id\":\"https:\\\/\\\/encompaniastj.org\\\/pt-pt\\\/hospitalidade-encontros-que-transformam\\\/#breadcrumb\"},\"inLanguage\":\"pt-PT\",\"potentialAction\":[{\"@type\":\"ReadAction\",\"target\":[\"https:\\\/\\\/encompaniastj.org\\\/pt-pt\\\/hospitalidade-encontros-que-transformam\\\/\"]}]},{\"@type\":\"ImageObject\",\"inLanguage\":\"pt-PT\",\"@id\":\"https:\\\/\\\/encompaniastj.org\\\/pt-pt\\\/hospitalidade-encontros-que-transformam\\\/#primaryimage\",\"url\":\"https:\\\/\\\/encompaniastj.org\\\/wp-content\\\/uploads\\\/2025\\\/05\\\/IMG-0300-e1612116624237-rotated.jpg\",\"contentUrl\":\"https:\\\/\\\/encompaniastj.org\\\/wp-content\\\/uploads\\\/2025\\\/05\\\/IMG-0300-e1612116624237-rotated.jpg\",\"width\":375,\"height\":500},{\"@type\":\"BreadcrumbList\",\"@id\":\"https:\\\/\\\/encompaniastj.org\\\/pt-pt\\\/hospitalidade-encontros-que-transformam\\\/#breadcrumb\",\"itemListElement\":[{\"@type\":\"ListItem\",\"position\":1,\"name\":\"Portada\",\"item\":\"https:\\\/\\\/encompaniastj.org\\\/pt-pt\\\/\"},{\"@type\":\"ListItem\",\"position\":2,\"name\":\"Hospitalidade, encontros que transformam.\"}]},{\"@type\":\"WebSite\",\"@id\":\"https:\\\/\\\/encompaniastj.org\\\/pt-pt\\\/#website\",\"url\":\"https:\\\/\\\/encompaniastj.org\\\/pt-pt\\\/\",\"name\":\"En Compa\u00f1\u00eda STJ\",\"description\":\"Bolet\u00edn de la Compa\u00f1\u00eda de Santa Teresa de Jes\u00fas\",\"publisher\":{\"@id\":\"https:\\\/\\\/encompaniastj.org\\\/pt-pt\\\/#organization\"},\"potentialAction\":[{\"@type\":\"SearchAction\",\"target\":{\"@type\":\"EntryPoint\",\"urlTemplate\":\"https:\\\/\\\/encompaniastj.org\\\/pt-pt\\\/?s={search_term_string}\"},\"query-input\":{\"@type\":\"PropertyValueSpecification\",\"valueRequired\":true,\"valueName\":\"search_term_string\"}}],\"inLanguage\":\"pt-PT\"},{\"@type\":\"Organization\",\"@id\":\"https:\\\/\\\/encompaniastj.org\\\/pt-pt\\\/#organization\",\"name\":\"Compa\u00f1\u00eda de Santa Teresa de Jes\u00fas\",\"url\":\"https:\\\/\\\/encompaniastj.org\\\/pt-pt\\\/\",\"logo\":{\"@type\":\"ImageObject\",\"inLanguage\":\"pt-PT\",\"@id\":\"https:\\\/\\\/encompaniastj.org\\\/pt-pt\\\/#\\\/schema\\\/logo\\\/image\\\/\",\"url\":\"https:\\\/\\\/encompaniastj.org\\\/wp-content\\\/uploads\\\/2025\\\/04\\\/logo_provincias02-1-3.png\",\"contentUrl\":\"https:\\\/\\\/encompaniastj.org\\\/wp-content\\\/uploads\\\/2025\\\/04\\\/logo_provincias02-1-3.png\",\"width\":2368,\"height\":825,\"caption\":\"Compa\u00f1\u00eda de Santa Teresa de Jes\u00fas\"},\"image\":{\"@id\":\"https:\\\/\\\/encompaniastj.org\\\/pt-pt\\\/#\\\/schema\\\/logo\\\/image\\\/\"}},{\"@type\":\"Person\",\"@id\":\"https:\\\/\\\/encompaniastj.org\\\/pt-pt\\\/#\\\/schema\\\/person\\\/520e7ecc314793d40091993c2a02b651\",\"name\":\"admin\",\"image\":{\"@type\":\"ImageObject\",\"inLanguage\":\"pt-PT\",\"@id\":\"https:\\\/\\\/secure.gravatar.com\\\/avatar\\\/948b492cce32b586ac2db0eaa926ee87024f7afe218d73b397ea5ddfc5f43ea1?s=96&d=mm&r=g\",\"url\":\"https:\\\/\\\/secure.gravatar.com\\\/avatar\\\/948b492cce32b586ac2db0eaa926ee87024f7afe218d73b397ea5ddfc5f43ea1?s=96&d=mm&r=g\",\"contentUrl\":\"https:\\\/\\\/secure.gravatar.com\\\/avatar\\\/948b492cce32b586ac2db0eaa926ee87024f7afe218d73b397ea5ddfc5f43ea1?s=96&d=mm&r=g\",\"caption\":\"admin\"},\"sameAs\":[\"https:\\\/\\\/encompaniastj.org\"],\"url\":\"https:\\\/\\\/encompaniastj.org\\\/pt-pt\\\/author\\\/sjdigital\\\/\"}]}<\/script>\n<!-- \/ Yoast SEO plugin. -->","yoast_head_json":{"title":"Hospitalidade, encontros que transformam. - En Compa\u00f1\u00eda STJ","robots":{"index":"index","follow":"follow","max-snippet":"max-snippet:-1","max-image-preview":"max-image-preview:large","max-video-preview":"max-video-preview:-1"},"canonical":"https:\/\/encompaniastj.org\/pt-pt\/hospitalidade-encontros-que-transformam\/","og_locale":"pt_PT","og_type":"article","og_title":"Hospitalidade, encontros que transformam. - En Compa\u00f1\u00eda STJ","og_description":"Da comunidade de Avila- casa de espiritualidade acolhemos a proposta da E. de anima\u00e7\u00e3o apost\u00f3lica, de fazer nossa a campanha &#8220;+Hospitalidade. Encontros que transformam vidas&#8221; que a CONFER prop\u00f5e para [&hellip;]","og_url":"https:\/\/encompaniastj.org\/pt-pt\/hospitalidade-encontros-que-transformam\/","og_site_name":"En Compa\u00f1\u00eda STJ","article_published_time":"2021-01-31T17:12:20+00:00","article_modified_time":"2025-10-14T07:01:42+00:00","og_image":[{"width":375,"height":500,"url":"https:\/\/encompaniastj.org\/wp-content\/uploads\/2025\/05\/IMG-0300-e1612116624237-rotated.jpg","type":"image\/jpeg"}],"author":"admin","twitter_card":"summary_large_image","twitter_misc":{"Escrito por":"admin","Tempo estimado de leitura":"1 minuto"},"schema":{"@context":"https:\/\/schema.org","@graph":[{"@type":"Article","@id":"https:\/\/encompaniastj.org\/pt-pt\/hospitalidade-encontros-que-transformam\/#article","isPartOf":{"@id":"https:\/\/encompaniastj.org\/pt-pt\/hospitalidade-encontros-que-transformam\/"},"author":{"name":"admin","@id":"https:\/\/encompaniastj.org\/pt-pt\/#\/schema\/person\/520e7ecc314793d40091993c2a02b651"},"headline":"Hospitalidade, encontros que transformam.","datePublished":"2021-01-31T17:12:20+00:00","dateModified":"2025-10-14T07:01:42+00:00","mainEntityOfPage":{"@id":"https:\/\/encompaniastj.org\/pt-pt\/hospitalidade-encontros-que-transformam\/"},"wordCount":263,"commentCount":0,"publisher":{"@id":"https:\/\/encompaniastj.org\/pt-pt\/#organization"},"image":{"@id":"https:\/\/encompaniastj.org\/pt-pt\/hospitalidade-encontros-que-transformam\/#primaryimage"},"thumbnailUrl":"https:\/\/encompaniastj.org\/wp-content\/uploads\/2025\/05\/IMG-0300-e1612116624237-rotated.jpg","articleSection":["Noticias","Otras"],"inLanguage":"pt-PT","potentialAction":[{"@type":"CommentAction","name":"Comment","target":["https:\/\/encompaniastj.org\/pt-pt\/hospitalidade-encontros-que-transformam\/#respond"]}]},{"@type":"WebPage","@id":"https:\/\/encompaniastj.org\/pt-pt\/hospitalidade-encontros-que-transformam\/","url":"https:\/\/encompaniastj.org\/pt-pt\/hospitalidade-encontros-que-transformam\/","name":"Hospitalidade, encontros que transformam. - En Compa\u00f1\u00eda STJ","isPartOf":{"@id":"https:\/\/encompaniastj.org\/pt-pt\/#website"},"primaryImageOfPage":{"@id":"https:\/\/encompaniastj.org\/pt-pt\/hospitalidade-encontros-que-transformam\/#primaryimage"},"image":{"@id":"https:\/\/encompaniastj.org\/pt-pt\/hospitalidade-encontros-que-transformam\/#primaryimage"},"thumbnailUrl":"https:\/\/encompaniastj.org\/wp-content\/uploads\/2025\/05\/IMG-0300-e1612116624237-rotated.jpg","datePublished":"2021-01-31T17:12:20+00:00","dateModified":"2025-10-14T07:01:42+00:00","breadcrumb":{"@id":"https:\/\/encompaniastj.org\/pt-pt\/hospitalidade-encontros-que-transformam\/#breadcrumb"},"inLanguage":"pt-PT","potentialAction":[{"@type":"ReadAction","target":["https:\/\/encompaniastj.org\/pt-pt\/hospitalidade-encontros-que-transformam\/"]}]},{"@type":"ImageObject","inLanguage":"pt-PT","@id":"https:\/\/encompaniastj.org\/pt-pt\/hospitalidade-encontros-que-transformam\/#primaryimage","url":"https:\/\/encompaniastj.org\/wp-content\/uploads\/2025\/05\/IMG-0300-e1612116624237-rotated.jpg","contentUrl":"https:\/\/encompaniastj.org\/wp-content\/uploads\/2025\/05\/IMG-0300-e1612116624237-rotated.jpg","width":375,"height":500},{"@type":"BreadcrumbList","@id":"https:\/\/encompaniastj.org\/pt-pt\/hospitalidade-encontros-que-transformam\/#breadcrumb","itemListElement":[{"@type":"ListItem","position":1,"name":"Portada","item":"https:\/\/encompaniastj.org\/pt-pt\/"},{"@type":"ListItem","position":2,"name":"Hospitalidade, encontros que transformam."}]},{"@type":"WebSite","@id":"https:\/\/encompaniastj.org\/pt-pt\/#website","url":"https:\/\/encompaniastj.org\/pt-pt\/","name":"En Compa\u00f1\u00eda STJ","description":"Bolet\u00edn de la Compa\u00f1\u00eda de Santa Teresa de Jes\u00fas","publisher":{"@id":"https:\/\/encompaniastj.org\/pt-pt\/#organization"},"potentialAction":[{"@type":"SearchAction","target":{"@type":"EntryPoint","urlTemplate":"https:\/\/encompaniastj.org\/pt-pt\/?s={search_term_string}"},"query-input":{"@type":"PropertyValueSpecification","valueRequired":true,"valueName":"search_term_string"}}],"inLanguage":"pt-PT"},{"@type":"Organization","@id":"https:\/\/encompaniastj.org\/pt-pt\/#organization","name":"Compa\u00f1\u00eda de Santa Teresa de Jes\u00fas","url":"https:\/\/encompaniastj.org\/pt-pt\/","logo":{"@type":"ImageObject","inLanguage":"pt-PT","@id":"https:\/\/encompaniastj.org\/pt-pt\/#\/schema\/logo\/image\/","url":"https:\/\/encompaniastj.org\/wp-content\/uploads\/2025\/04\/logo_provincias02-1-3.png","contentUrl":"https:\/\/encompaniastj.org\/wp-content\/uploads\/2025\/04\/logo_provincias02-1-3.png","width":2368,"height":825,"caption":"Compa\u00f1\u00eda de Santa Teresa de Jes\u00fas"},"image":{"@id":"https:\/\/encompaniastj.org\/pt-pt\/#\/schema\/logo\/image\/"}},{"@type":"Person","@id":"https:\/\/encompaniastj.org\/pt-pt\/#\/schema\/person\/520e7ecc314793d40091993c2a02b651","name":"admin","image":{"@type":"ImageObject","inLanguage":"pt-PT","@id":"https:\/\/secure.gravatar.com\/avatar\/948b492cce32b586ac2db0eaa926ee87024f7afe218d73b397ea5ddfc5f43ea1?s=96&d=mm&r=g","url":"https:\/\/secure.gravatar.com\/avatar\/948b492cce32b586ac2db0eaa926ee87024f7afe218d73b397ea5ddfc5f43ea1?s=96&d=mm&r=g","contentUrl":"https:\/\/secure.gravatar.com\/avatar\/948b492cce32b586ac2db0eaa926ee87024f7afe218d73b397ea5ddfc5f43ea1?s=96&d=mm&r=g","caption":"admin"},"sameAs":["https:\/\/encompaniastj.org"],"url":"https:\/\/encompaniastj.org\/pt-pt\/author\/sjdigital\/"}]}},"_links":{"self":[{"href":"https:\/\/encompaniastj.org\/pt-pt\/wp-json\/wp\/v2\/posts\/14009","targetHints":{"allow":["GET"]}}],"collection":[{"href":"https:\/\/encompaniastj.org\/pt-pt\/wp-json\/wp\/v2\/posts"}],"about":[{"href":"https:\/\/encompaniastj.org\/pt-pt\/wp-json\/wp\/v2\/types\/post"}],"author":[{"embeddable":true,"href":"https:\/\/encompaniastj.org\/pt-pt\/wp-json\/wp\/v2\/users\/1"}],"replies":[{"embeddable":true,"href":"https:\/\/encompaniastj.org\/pt-pt\/wp-json\/wp\/v2\/comments?post=14009"}],"version-history":[{"count":1,"href":"https:\/\/encompaniastj.org\/pt-pt\/wp-json\/wp\/v2\/posts\/14009\/revisions"}],"predecessor-version":[{"id":14011,"href":"https:\/\/encompaniastj.org\/pt-pt\/wp-json\/wp\/v2\/posts\/14009\/revisions\/14011"}],"wp:featuredmedia":[{"embeddable":true,"href":"https:\/\/encompaniastj.org\/pt-pt\/wp-json\/wp\/v2\/media\/7667"}],"wp:attachment":[{"href":"https:\/\/encompaniastj.org\/pt-pt\/wp-json\/wp\/v2\/media?parent=14009"}],"wp:term":[{"taxonomy":"category","embeddable":true,"href":"https:\/\/encompaniastj.org\/pt-pt\/wp-json\/wp\/v2\/categories?post=14009"},{"taxonomy":"post_tag","embeddable":true,"href":"https:\/\/encompaniastj.org\/pt-pt\/wp-json\/wp\/v2\/tags?post=14009"}],"curies":[{"name":"wp","href":"https:\/\/api.w.org\/{rel}","templated":true}]}}