{"id":14002,"date":"2021-01-27T10:11:59","date_gmt":"2021-01-27T09:11:59","guid":{"rendered":"https:\/\/encompaniastj.org\/maria-luisa-climent-moliner-26-de-janeiro-de-2021-el-vedat-residencia\/"},"modified":"2025-10-14T09:01:41","modified_gmt":"2025-10-14T07:01:41","slug":"maria-luisa-climent-moliner-26-de-janeiro-de-2021-el-vedat-residencia","status":"publish","type":"post","link":"https:\/\/encompaniastj.org\/pt-pt\/maria-luisa-climent-moliner-26-de-janeiro-de-2021-el-vedat-residencia\/","title":{"rendered":"Mar\u00eda Luisa Climent Moliner. 26 de janeiro de 2021.  (El Vedat - Resid\u00eancia)"},"content":{"rendered":"\n<p>A nossa querida irm\u00e3 Mar\u00eda Luisa Climent Moliner (Mar\u00eda),\ndescansou definitivamente no dia 26 de janeiro.  <\/p>\n\n<p>Deixa-nos o rasto de uma BOA irm\u00e3, em todos os sentidos da palavra. O seu cora\u00e7\u00e3o n\u00e3o conhece rancores, n\u00e3o tem dois pesos e duas medidas,<x id=\"gid_0\"><\/x>\u00e9 simples, simples e extremamente prest\u00e1vel. Estava atenta a todos e a cada um deles\ne at\u00e9 ao \u00faltimo minuto preocupou-se em cuidar de todos.  <\/p>\n\n<p>Era muito comunit\u00e1rio. A sua pergunta era: onde est\u00e1 a comunidade? eu com todas. Procura a companhia\ndas irm\u00e3s. Amava-nos e todas n\u00f3s a am\u00e1vamos muito. Se em algum\nmomento lhe diss\u00e9ssemos: \"Vais ter s\u00f3 Deus basta\", ela respondia: \"n\u00e3o, eu aqui n\u00e3o,\ncontigo, estou muito bem\".     <\/p>\n\n<p>Gostava muito da fam\u00edlia, as sobrinhas vinham visit\u00e1-la em\ncom muita frequ\u00eancia e tamb\u00e9m lhe telefonavam. Era uma alegria profunda para o seu\n. \n\nDeixa-nos na comunidade um grande vazio. Agora,\ndo c\u00e9u, continuar\u00e1 a olhar por n\u00f3s e poder\u00e1 cuidar ainda melhor de n\u00f3s.\nO nosso Pai levou-a para celebrar a VIDA com Ele. Obrigada!    \n\n\n\n<\/p>\n","protected":false},"excerpt":{"rendered":"<p>A nossa querida irm\u00e3 Mar\u00eda Luisa Climent Moliner (Mar\u00eda), descansou definitivamente no dia 26 de janeiro. Deixa-nos o rasto de uma BOA irm\u00e3, em todos os sentidos da palavra. O [&hellip;]<\/p>\n","protected":false},"author":1,"featured_media":7379,"comment_status":"open","ping_status":"open","sticky":false,"template":"","format":"standard","meta":{"_acf_changed":false,"footnotes":""},"categories":[63],"tags":[],"class_list":["post-14002","post","type-post","status-publish","format-standard","has-post-thumbnail","hentry","category-fallecimientos"],"acf":[],"yoast_head":"<!-- This site is optimized with the Yoast SEO plugin v27.5 - https:\/\/yoast.com\/product\/yoast-seo-wordpress\/ -->\n<title>Mar\u00eda Luisa Climent Moliner. 26 de janeiro de 2021. (El Vedat - Resid\u00eancia) - En Compa\u00f1\u00eda STJ<\/title>\n<meta name=\"robots\" content=\"index, follow, max-snippet:-1, max-image-preview:large, max-video-preview:-1\" \/>\n<link rel=\"canonical\" href=\"https:\/\/encompaniastj.org\/pt-pt\/maria-luisa-climent-moliner-26-de-janeiro-de-2021-el-vedat-residencia\/\" \/>\n<meta property=\"og:locale\" content=\"pt_PT\" \/>\n<meta property=\"og:type\" content=\"article\" \/>\n<meta property=\"og:title\" content=\"Mar\u00eda Luisa Climent Moliner. 26 de janeiro de 2021. (El Vedat - Resid\u00eancia) - En Compa\u00f1\u00eda STJ\" \/>\n<meta property=\"og:description\" content=\"A nossa querida irm\u00e3 Mar\u00eda Luisa Climent Moliner (Mar\u00eda), descansou definitivamente no dia 26 de janeiro. Deixa-nos o rasto de uma BOA irm\u00e3, em todos os sentidos da palavra. O [&hellip;]\" \/>\n<meta property=\"og:url\" content=\"https:\/\/encompaniastj.org\/pt-pt\/maria-luisa-climent-moliner-26-de-janeiro-de-2021-el-vedat-residencia\/\" \/>\n<meta property=\"og:site_name\" content=\"En Compa\u00f1\u00eda STJ\" \/>\n<meta property=\"article:published_time\" content=\"2021-01-27T09:11:59+00:00\" \/>\n<meta property=\"article:modified_time\" content=\"2025-10-14T07:01:41+00:00\" \/>\n<meta property=\"og:image\" content=\"https:\/\/encompaniastj.org\/wp-content\/uploads\/2025\/05\/margarita-.jpg\" \/>\n\t<meta property=\"og:image:width\" content=\"1920\" \/>\n\t<meta property=\"og:image:height\" content=\"1280\" \/>\n\t<meta property=\"og:image:type\" content=\"image\/jpeg\" \/>\n<meta name=\"author\" content=\"admin\" \/>\n<meta name=\"twitter:card\" content=\"summary_large_image\" \/>\n<meta name=\"twitter:label1\" content=\"Escrito por\" \/>\n\t<meta name=\"twitter:data1\" content=\"admin\" \/>\n\t<meta name=\"twitter:label2\" content=\"Tempo estimado de leitura\" \/>\n\t<meta name=\"twitter:data2\" content=\"1 minuto\" \/>\n<script type=\"application\/ld+json\" class=\"yoast-schema-graph\">{\"@context\":\"https:\\\/\\\/schema.org\",\"@graph\":[{\"@type\":\"Article\",\"@id\":\"https:\\\/\\\/encompaniastj.org\\\/pt-pt\\\/maria-luisa-climent-moliner-26-de-janeiro-de-2021-el-vedat-residencia\\\/#article\",\"isPartOf\":{\"@id\":\"https:\\\/\\\/encompaniastj.org\\\/pt-pt\\\/maria-luisa-climent-moliner-26-de-janeiro-de-2021-el-vedat-residencia\\\/\"},\"author\":{\"name\":\"admin\",\"@id\":\"https:\\\/\\\/encompaniastj.org\\\/pt-pt\\\/#\\\/schema\\\/person\\\/520e7ecc314793d40091993c2a02b651\"},\"headline\":\"Mar\u00eda Luisa Climent Moliner. 26 de janeiro de 2021. (El Vedat - Resid\u00eancia)\",\"datePublished\":\"2021-01-27T09:11:59+00:00\",\"dateModified\":\"2025-10-14T07:01:41+00:00\",\"mainEntityOfPage\":{\"@id\":\"https:\\\/\\\/encompaniastj.org\\\/pt-pt\\\/maria-luisa-climent-moliner-26-de-janeiro-de-2021-el-vedat-residencia\\\/\"},\"wordCount\":200,\"commentCount\":0,\"publisher\":{\"@id\":\"https:\\\/\\\/encompaniastj.org\\\/pt-pt\\\/#organization\"},\"image\":{\"@id\":\"https:\\\/\\\/encompaniastj.org\\\/pt-pt\\\/maria-luisa-climent-moliner-26-de-janeiro-de-2021-el-vedat-residencia\\\/#primaryimage\"},\"thumbnailUrl\":\"https:\\\/\\\/encompaniastj.org\\\/wp-content\\\/uploads\\\/2025\\\/05\\\/margarita-.jpg\",\"articleSection\":[\"Fallecimientos\"],\"inLanguage\":\"pt-PT\",\"potentialAction\":[{\"@type\":\"CommentAction\",\"name\":\"Comment\",\"target\":[\"https:\\\/\\\/encompaniastj.org\\\/pt-pt\\\/maria-luisa-climent-moliner-26-de-janeiro-de-2021-el-vedat-residencia\\\/#respond\"]}]},{\"@type\":\"WebPage\",\"@id\":\"https:\\\/\\\/encompaniastj.org\\\/pt-pt\\\/maria-luisa-climent-moliner-26-de-janeiro-de-2021-el-vedat-residencia\\\/\",\"url\":\"https:\\\/\\\/encompaniastj.org\\\/pt-pt\\\/maria-luisa-climent-moliner-26-de-janeiro-de-2021-el-vedat-residencia\\\/\",\"name\":\"Mar\u00eda Luisa Climent Moliner. 26 de janeiro de 2021. (El Vedat - Resid\u00eancia) - En Compa\u00f1\u00eda STJ\",\"isPartOf\":{\"@id\":\"https:\\\/\\\/encompaniastj.org\\\/pt-pt\\\/#website\"},\"primaryImageOfPage\":{\"@id\":\"https:\\\/\\\/encompaniastj.org\\\/pt-pt\\\/maria-luisa-climent-moliner-26-de-janeiro-de-2021-el-vedat-residencia\\\/#primaryimage\"},\"image\":{\"@id\":\"https:\\\/\\\/encompaniastj.org\\\/pt-pt\\\/maria-luisa-climent-moliner-26-de-janeiro-de-2021-el-vedat-residencia\\\/#primaryimage\"},\"thumbnailUrl\":\"https:\\\/\\\/encompaniastj.org\\\/wp-content\\\/uploads\\\/2025\\\/05\\\/margarita-.jpg\",\"datePublished\":\"2021-01-27T09:11:59+00:00\",\"dateModified\":\"2025-10-14T07:01:41+00:00\",\"breadcrumb\":{\"@id\":\"https:\\\/\\\/encompaniastj.org\\\/pt-pt\\\/maria-luisa-climent-moliner-26-de-janeiro-de-2021-el-vedat-residencia\\\/#breadcrumb\"},\"inLanguage\":\"pt-PT\",\"potentialAction\":[{\"@type\":\"ReadAction\",\"target\":[\"https:\\\/\\\/encompaniastj.org\\\/pt-pt\\\/maria-luisa-climent-moliner-26-de-janeiro-de-2021-el-vedat-residencia\\\/\"]}]},{\"@type\":\"ImageObject\",\"inLanguage\":\"pt-PT\",\"@id\":\"https:\\\/\\\/encompaniastj.org\\\/pt-pt\\\/maria-luisa-climent-moliner-26-de-janeiro-de-2021-el-vedat-residencia\\\/#primaryimage\",\"url\":\"https:\\\/\\\/encompaniastj.org\\\/wp-content\\\/uploads\\\/2025\\\/05\\\/margarita-.jpg\",\"contentUrl\":\"https:\\\/\\\/encompaniastj.org\\\/wp-content\\\/uploads\\\/2025\\\/05\\\/margarita-.jpg\",\"width\":1920,\"height\":1280},{\"@type\":\"BreadcrumbList\",\"@id\":\"https:\\\/\\\/encompaniastj.org\\\/pt-pt\\\/maria-luisa-climent-moliner-26-de-janeiro-de-2021-el-vedat-residencia\\\/#breadcrumb\",\"itemListElement\":[{\"@type\":\"ListItem\",\"position\":1,\"name\":\"Portada\",\"item\":\"https:\\\/\\\/encompaniastj.org\\\/pt-pt\\\/\"},{\"@type\":\"ListItem\",\"position\":2,\"name\":\"Mar\u00eda Luisa Climent Moliner. 26 de janeiro de 2021. (El Vedat - Resid\u00eancia)\"}]},{\"@type\":\"WebSite\",\"@id\":\"https:\\\/\\\/encompaniastj.org\\\/pt-pt\\\/#website\",\"url\":\"https:\\\/\\\/encompaniastj.org\\\/pt-pt\\\/\",\"name\":\"En Compa\u00f1\u00eda STJ\",\"description\":\"Bolet\u00edn de la Compa\u00f1\u00eda de Santa Teresa de Jes\u00fas\",\"publisher\":{\"@id\":\"https:\\\/\\\/encompaniastj.org\\\/pt-pt\\\/#organization\"},\"potentialAction\":[{\"@type\":\"SearchAction\",\"target\":{\"@type\":\"EntryPoint\",\"urlTemplate\":\"https:\\\/\\\/encompaniastj.org\\\/pt-pt\\\/?s={search_term_string}\"},\"query-input\":{\"@type\":\"PropertyValueSpecification\",\"valueRequired\":true,\"valueName\":\"search_term_string\"}}],\"inLanguage\":\"pt-PT\"},{\"@type\":\"Organization\",\"@id\":\"https:\\\/\\\/encompaniastj.org\\\/pt-pt\\\/#organization\",\"name\":\"Compa\u00f1\u00eda de Santa Teresa de Jes\u00fas\",\"url\":\"https:\\\/\\\/encompaniastj.org\\\/pt-pt\\\/\",\"logo\":{\"@type\":\"ImageObject\",\"inLanguage\":\"pt-PT\",\"@id\":\"https:\\\/\\\/encompaniastj.org\\\/pt-pt\\\/#\\\/schema\\\/logo\\\/image\\\/\",\"url\":\"https:\\\/\\\/encompaniastj.org\\\/wp-content\\\/uploads\\\/2025\\\/04\\\/logo_provincias02-1-3.png\",\"contentUrl\":\"https:\\\/\\\/encompaniastj.org\\\/wp-content\\\/uploads\\\/2025\\\/04\\\/logo_provincias02-1-3.png\",\"width\":2368,\"height\":825,\"caption\":\"Compa\u00f1\u00eda de Santa Teresa de Jes\u00fas\"},\"image\":{\"@id\":\"https:\\\/\\\/encompaniastj.org\\\/pt-pt\\\/#\\\/schema\\\/logo\\\/image\\\/\"}},{\"@type\":\"Person\",\"@id\":\"https:\\\/\\\/encompaniastj.org\\\/pt-pt\\\/#\\\/schema\\\/person\\\/520e7ecc314793d40091993c2a02b651\",\"name\":\"admin\",\"image\":{\"@type\":\"ImageObject\",\"inLanguage\":\"pt-PT\",\"@id\":\"https:\\\/\\\/secure.gravatar.com\\\/avatar\\\/948b492cce32b586ac2db0eaa926ee87024f7afe218d73b397ea5ddfc5f43ea1?s=96&d=mm&r=g\",\"url\":\"https:\\\/\\\/secure.gravatar.com\\\/avatar\\\/948b492cce32b586ac2db0eaa926ee87024f7afe218d73b397ea5ddfc5f43ea1?s=96&d=mm&r=g\",\"contentUrl\":\"https:\\\/\\\/secure.gravatar.com\\\/avatar\\\/948b492cce32b586ac2db0eaa926ee87024f7afe218d73b397ea5ddfc5f43ea1?s=96&d=mm&r=g\",\"caption\":\"admin\"},\"sameAs\":[\"https:\\\/\\\/encompaniastj.org\"],\"url\":\"https:\\\/\\\/encompaniastj.org\\\/pt-pt\\\/author\\\/sjdigital\\\/\"}]}<\/script>\n<!-- \/ Yoast SEO plugin. -->","yoast_head_json":{"title":"Mar\u00eda Luisa Climent Moliner. 26 de janeiro de 2021. (El Vedat - Resid\u00eancia) - En Compa\u00f1\u00eda STJ","robots":{"index":"index","follow":"follow","max-snippet":"max-snippet:-1","max-image-preview":"max-image-preview:large","max-video-preview":"max-video-preview:-1"},"canonical":"https:\/\/encompaniastj.org\/pt-pt\/maria-luisa-climent-moliner-26-de-janeiro-de-2021-el-vedat-residencia\/","og_locale":"pt_PT","og_type":"article","og_title":"Mar\u00eda Luisa Climent Moliner. 26 de janeiro de 2021. (El Vedat - Resid\u00eancia) - En Compa\u00f1\u00eda STJ","og_description":"A nossa querida irm\u00e3 Mar\u00eda Luisa Climent Moliner (Mar\u00eda), descansou definitivamente no dia 26 de janeiro. Deixa-nos o rasto de uma BOA irm\u00e3, em todos os sentidos da palavra. O [&hellip;]","og_url":"https:\/\/encompaniastj.org\/pt-pt\/maria-luisa-climent-moliner-26-de-janeiro-de-2021-el-vedat-residencia\/","og_site_name":"En Compa\u00f1\u00eda STJ","article_published_time":"2021-01-27T09:11:59+00:00","article_modified_time":"2025-10-14T07:01:41+00:00","og_image":[{"width":1920,"height":1280,"url":"https:\/\/encompaniastj.org\/wp-content\/uploads\/2025\/05\/margarita-.jpg","type":"image\/jpeg"}],"author":"admin","twitter_card":"summary_large_image","twitter_misc":{"Escrito por":"admin","Tempo estimado de leitura":"1 minuto"},"schema":{"@context":"https:\/\/schema.org","@graph":[{"@type":"Article","@id":"https:\/\/encompaniastj.org\/pt-pt\/maria-luisa-climent-moliner-26-de-janeiro-de-2021-el-vedat-residencia\/#article","isPartOf":{"@id":"https:\/\/encompaniastj.org\/pt-pt\/maria-luisa-climent-moliner-26-de-janeiro-de-2021-el-vedat-residencia\/"},"author":{"name":"admin","@id":"https:\/\/encompaniastj.org\/pt-pt\/#\/schema\/person\/520e7ecc314793d40091993c2a02b651"},"headline":"Mar\u00eda Luisa Climent Moliner. 26 de janeiro de 2021. (El Vedat - Resid\u00eancia)","datePublished":"2021-01-27T09:11:59+00:00","dateModified":"2025-10-14T07:01:41+00:00","mainEntityOfPage":{"@id":"https:\/\/encompaniastj.org\/pt-pt\/maria-luisa-climent-moliner-26-de-janeiro-de-2021-el-vedat-residencia\/"},"wordCount":200,"commentCount":0,"publisher":{"@id":"https:\/\/encompaniastj.org\/pt-pt\/#organization"},"image":{"@id":"https:\/\/encompaniastj.org\/pt-pt\/maria-luisa-climent-moliner-26-de-janeiro-de-2021-el-vedat-residencia\/#primaryimage"},"thumbnailUrl":"https:\/\/encompaniastj.org\/wp-content\/uploads\/2025\/05\/margarita-.jpg","articleSection":["Fallecimientos"],"inLanguage":"pt-PT","potentialAction":[{"@type":"CommentAction","name":"Comment","target":["https:\/\/encompaniastj.org\/pt-pt\/maria-luisa-climent-moliner-26-de-janeiro-de-2021-el-vedat-residencia\/#respond"]}]},{"@type":"WebPage","@id":"https:\/\/encompaniastj.org\/pt-pt\/maria-luisa-climent-moliner-26-de-janeiro-de-2021-el-vedat-residencia\/","url":"https:\/\/encompaniastj.org\/pt-pt\/maria-luisa-climent-moliner-26-de-janeiro-de-2021-el-vedat-residencia\/","name":"Mar\u00eda Luisa Climent Moliner. 26 de janeiro de 2021. (El Vedat - Resid\u00eancia) - En Compa\u00f1\u00eda STJ","isPartOf":{"@id":"https:\/\/encompaniastj.org\/pt-pt\/#website"},"primaryImageOfPage":{"@id":"https:\/\/encompaniastj.org\/pt-pt\/maria-luisa-climent-moliner-26-de-janeiro-de-2021-el-vedat-residencia\/#primaryimage"},"image":{"@id":"https:\/\/encompaniastj.org\/pt-pt\/maria-luisa-climent-moliner-26-de-janeiro-de-2021-el-vedat-residencia\/#primaryimage"},"thumbnailUrl":"https:\/\/encompaniastj.org\/wp-content\/uploads\/2025\/05\/margarita-.jpg","datePublished":"2021-01-27T09:11:59+00:00","dateModified":"2025-10-14T07:01:41+00:00","breadcrumb":{"@id":"https:\/\/encompaniastj.org\/pt-pt\/maria-luisa-climent-moliner-26-de-janeiro-de-2021-el-vedat-residencia\/#breadcrumb"},"inLanguage":"pt-PT","potentialAction":[{"@type":"ReadAction","target":["https:\/\/encompaniastj.org\/pt-pt\/maria-luisa-climent-moliner-26-de-janeiro-de-2021-el-vedat-residencia\/"]}]},{"@type":"ImageObject","inLanguage":"pt-PT","@id":"https:\/\/encompaniastj.org\/pt-pt\/maria-luisa-climent-moliner-26-de-janeiro-de-2021-el-vedat-residencia\/#primaryimage","url":"https:\/\/encompaniastj.org\/wp-content\/uploads\/2025\/05\/margarita-.jpg","contentUrl":"https:\/\/encompaniastj.org\/wp-content\/uploads\/2025\/05\/margarita-.jpg","width":1920,"height":1280},{"@type":"BreadcrumbList","@id":"https:\/\/encompaniastj.org\/pt-pt\/maria-luisa-climent-moliner-26-de-janeiro-de-2021-el-vedat-residencia\/#breadcrumb","itemListElement":[{"@type":"ListItem","position":1,"name":"Portada","item":"https:\/\/encompaniastj.org\/pt-pt\/"},{"@type":"ListItem","position":2,"name":"Mar\u00eda Luisa Climent Moliner. 26 de janeiro de 2021. (El Vedat - Resid\u00eancia)"}]},{"@type":"WebSite","@id":"https:\/\/encompaniastj.org\/pt-pt\/#website","url":"https:\/\/encompaniastj.org\/pt-pt\/","name":"En Compa\u00f1\u00eda STJ","description":"Bolet\u00edn de la Compa\u00f1\u00eda de Santa Teresa de Jes\u00fas","publisher":{"@id":"https:\/\/encompaniastj.org\/pt-pt\/#organization"},"potentialAction":[{"@type":"SearchAction","target":{"@type":"EntryPoint","urlTemplate":"https:\/\/encompaniastj.org\/pt-pt\/?s={search_term_string}"},"query-input":{"@type":"PropertyValueSpecification","valueRequired":true,"valueName":"search_term_string"}}],"inLanguage":"pt-PT"},{"@type":"Organization","@id":"https:\/\/encompaniastj.org\/pt-pt\/#organization","name":"Compa\u00f1\u00eda de Santa Teresa de Jes\u00fas","url":"https:\/\/encompaniastj.org\/pt-pt\/","logo":{"@type":"ImageObject","inLanguage":"pt-PT","@id":"https:\/\/encompaniastj.org\/pt-pt\/#\/schema\/logo\/image\/","url":"https:\/\/encompaniastj.org\/wp-content\/uploads\/2025\/04\/logo_provincias02-1-3.png","contentUrl":"https:\/\/encompaniastj.org\/wp-content\/uploads\/2025\/04\/logo_provincias02-1-3.png","width":2368,"height":825,"caption":"Compa\u00f1\u00eda de Santa Teresa de Jes\u00fas"},"image":{"@id":"https:\/\/encompaniastj.org\/pt-pt\/#\/schema\/logo\/image\/"}},{"@type":"Person","@id":"https:\/\/encompaniastj.org\/pt-pt\/#\/schema\/person\/520e7ecc314793d40091993c2a02b651","name":"admin","image":{"@type":"ImageObject","inLanguage":"pt-PT","@id":"https:\/\/secure.gravatar.com\/avatar\/948b492cce32b586ac2db0eaa926ee87024f7afe218d73b397ea5ddfc5f43ea1?s=96&d=mm&r=g","url":"https:\/\/secure.gravatar.com\/avatar\/948b492cce32b586ac2db0eaa926ee87024f7afe218d73b397ea5ddfc5f43ea1?s=96&d=mm&r=g","contentUrl":"https:\/\/secure.gravatar.com\/avatar\/948b492cce32b586ac2db0eaa926ee87024f7afe218d73b397ea5ddfc5f43ea1?s=96&d=mm&r=g","caption":"admin"},"sameAs":["https:\/\/encompaniastj.org"],"url":"https:\/\/encompaniastj.org\/pt-pt\/author\/sjdigital\/"}]}},"_links":{"self":[{"href":"https:\/\/encompaniastj.org\/pt-pt\/wp-json\/wp\/v2\/posts\/14002","targetHints":{"allow":["GET"]}}],"collection":[{"href":"https:\/\/encompaniastj.org\/pt-pt\/wp-json\/wp\/v2\/posts"}],"about":[{"href":"https:\/\/encompaniastj.org\/pt-pt\/wp-json\/wp\/v2\/types\/post"}],"author":[{"embeddable":true,"href":"https:\/\/encompaniastj.org\/pt-pt\/wp-json\/wp\/v2\/users\/1"}],"replies":[{"embeddable":true,"href":"https:\/\/encompaniastj.org\/pt-pt\/wp-json\/wp\/v2\/comments?post=14002"}],"version-history":[{"count":1,"href":"https:\/\/encompaniastj.org\/pt-pt\/wp-json\/wp\/v2\/posts\/14002\/revisions"}],"predecessor-version":[{"id":14004,"href":"https:\/\/encompaniastj.org\/pt-pt\/wp-json\/wp\/v2\/posts\/14002\/revisions\/14004"}],"wp:featuredmedia":[{"embeddable":true,"href":"https:\/\/encompaniastj.org\/pt-pt\/wp-json\/wp\/v2\/media\/7379"}],"wp:attachment":[{"href":"https:\/\/encompaniastj.org\/pt-pt\/wp-json\/wp\/v2\/media?parent=14002"}],"wp:term":[{"taxonomy":"category","embeddable":true,"href":"https:\/\/encompaniastj.org\/pt-pt\/wp-json\/wp\/v2\/categories?post=14002"},{"taxonomy":"post_tag","embeddable":true,"href":"https:\/\/encompaniastj.org\/pt-pt\/wp-json\/wp\/v2\/tags?post=14002"}],"curies":[{"name":"wp","href":"https:\/\/api.w.org\/{rel}","templated":true}]}}