{"id":14001,"date":"2021-02-06T12:54:22","date_gmt":"2021-02-06T11:54:22","guid":{"rendered":"https:\/\/encompaniastj.org\/carmen-perez-fernandez-5-de-fevereiro-de-2021-jesus-tortosa\/"},"modified":"2025-10-14T09:01:41","modified_gmt":"2025-10-14T07:01:41","slug":"carmen-perez-fernandez-5-de-fevereiro-de-2021-jesus-tortosa","status":"publish","type":"post","link":"https:\/\/encompaniastj.org\/pt-pt\/carmen-perez-fernandez-5-de-fevereiro-de-2021-jesus-tortosa\/","title":{"rendered":"Carmen P\u00e9rez Fern\u00e1ndez. 5 de fevereiro de 2021. (Jes\u00fas-Tortosa)"},"content":{"rendered":"\n<p>\nCarmen nasceu a 27 de fevereiro de 1927 na cidade de Valladolid, que sempre levou no seu cora\u00e7\u00e3o. Entra em\nno Noviciado de Jes\u00fas-Tortosa a 18 de mar\u00e7o de 1954, v\u00e9spera do dia de S. Jos\u00e9,\nsanto a quem professou grande devo\u00e7\u00e3o ao longo da sua vida. <\/p>\n\n<p>A 22 de setembro de 1956,\nemitiu os seus primeiros votos em Jes\u00fas-Tortosa. O seu primeiro destino foi Madrid-Goya,\nonde residiu apenas um ano, pois foi-lhe pedido que regressasse ao Noviciado de Jes\u00fas,\nonde celebrou os votos perp\u00e9tuos a 22 de setembro de 1961.   <\/p>\n\n<p>Permaneceu no Noviciado at\u00e9\nem 1984, quando foi destinada a Valladolid-Residencia durante cinco anos. Depois disso, foi destinada a\nBarcelona-Gracia, Tarragona e novamente a Jes\u00fas-Tortosa. <\/p>\n\n<p>Carmen viveu grande parte da sua vida na casa de Jesus, primeiro o noviciado\ne agora a resid\u00eancia das irm\u00e3s e a casa de espiritualidade.  <\/p>\n\n<p>Foi sempre uma mulher dedicada e austera, generosa no seu servi\u00e7o, de\npoucas palavras, mas de muito amor manifestado numa multiplicidade de gestos para com todas\nas pessoas, ajudando nos trabalhos dom\u00e9sticos ou na enfermaria das\ncomunidades onde viveu. Agradecia qualquer sinal de afeto e nunca<x id=\"gid_3\"><\/x>exigiu nada. Deus recompens\u00e1-lo-\u00e1 por todo o bem que fez, pela sua vida dada em sil\u00eancio e humildade.  <\/p>\n\n<p>Descansa em paz nos bra\u00e7os do Divino Pastor.<\/p>\n","protected":false},"excerpt":{"rendered":"<p>Carmen nasceu a 27 de fevereiro de 1927 na cidade de Valladolid, que sempre levou no seu cora\u00e7\u00e3o. Entra em no Noviciado de Jes\u00fas-Tortosa a 18 de mar\u00e7o de 1954, [&hellip;]<\/p>\n","protected":false},"author":1,"featured_media":7669,"comment_status":"open","ping_status":"open","sticky":false,"template":"","format":"standard","meta":{"_acf_changed":false,"footnotes":""},"categories":[63],"tags":[],"class_list":["post-14001","post","type-post","status-publish","format-standard","has-post-thumbnail","hentry","category-fallecimientos"],"acf":[],"yoast_head":"<!-- This site is optimized with the Yoast SEO plugin v27.5 - https:\/\/yoast.com\/product\/yoast-seo-wordpress\/ -->\n<title>Carmen P\u00e9rez Fern\u00e1ndez. 5 de fevereiro de 2021. (Jes\u00fas-Tortosa) - En Compa\u00f1\u00eda STJ<\/title>\n<meta name=\"robots\" content=\"index, follow, max-snippet:-1, max-image-preview:large, max-video-preview:-1\" \/>\n<link rel=\"canonical\" href=\"https:\/\/encompaniastj.org\/pt-pt\/carmen-perez-fernandez-5-de-fevereiro-de-2021-jesus-tortosa\/\" \/>\n<meta property=\"og:locale\" content=\"pt_PT\" \/>\n<meta property=\"og:type\" content=\"article\" \/>\n<meta property=\"og:title\" content=\"Carmen P\u00e9rez Fern\u00e1ndez. 5 de fevereiro de 2021. (Jes\u00fas-Tortosa) - En Compa\u00f1\u00eda STJ\" \/>\n<meta property=\"og:description\" content=\"Carmen nasceu a 27 de fevereiro de 1927 na cidade de Valladolid, que sempre levou no seu cora\u00e7\u00e3o. Entra em no Noviciado de Jes\u00fas-Tortosa a 18 de mar\u00e7o de 1954, [&hellip;]\" \/>\n<meta property=\"og:url\" content=\"https:\/\/encompaniastj.org\/pt-pt\/carmen-perez-fernandez-5-de-fevereiro-de-2021-jesus-tortosa\/\" \/>\n<meta property=\"og:site_name\" content=\"En Compa\u00f1\u00eda STJ\" \/>\n<meta property=\"article:published_time\" content=\"2021-02-06T11:54:22+00:00\" \/>\n<meta property=\"article:modified_time\" content=\"2025-10-14T07:01:41+00:00\" \/>\n<meta property=\"og:image\" content=\"https:\/\/encompaniastj.org\/wp-content\/uploads\/2025\/05\/autumn-2923309_640.jpg\" \/>\n\t<meta property=\"og:image:width\" content=\"640\" \/>\n\t<meta property=\"og:image:height\" content=\"426\" \/>\n\t<meta property=\"og:image:type\" content=\"image\/jpeg\" \/>\n<meta name=\"author\" content=\"admin\" \/>\n<meta name=\"twitter:card\" content=\"summary_large_image\" \/>\n<meta name=\"twitter:label1\" content=\"Escrito por\" \/>\n\t<meta name=\"twitter:data1\" content=\"admin\" \/>\n\t<meta name=\"twitter:label2\" content=\"Tempo estimado de leitura\" \/>\n\t<meta name=\"twitter:data2\" content=\"1 minuto\" \/>\n<script type=\"application\/ld+json\" class=\"yoast-schema-graph\">{\"@context\":\"https:\\\/\\\/schema.org\",\"@graph\":[{\"@type\":\"Article\",\"@id\":\"https:\\\/\\\/encompaniastj.org\\\/pt-pt\\\/carmen-perez-fernandez-5-de-fevereiro-de-2021-jesus-tortosa\\\/#article\",\"isPartOf\":{\"@id\":\"https:\\\/\\\/encompaniastj.org\\\/pt-pt\\\/carmen-perez-fernandez-5-de-fevereiro-de-2021-jesus-tortosa\\\/\"},\"author\":{\"name\":\"admin\",\"@id\":\"https:\\\/\\\/encompaniastj.org\\\/pt-pt\\\/#\\\/schema\\\/person\\\/520e7ecc314793d40091993c2a02b651\"},\"headline\":\"Carmen P\u00e9rez Fern\u00e1ndez. 5 de fevereiro de 2021. (Jes\u00fas-Tortosa)\",\"datePublished\":\"2021-02-06T11:54:22+00:00\",\"dateModified\":\"2025-10-14T07:01:41+00:00\",\"mainEntityOfPage\":{\"@id\":\"https:\\\/\\\/encompaniastj.org\\\/pt-pt\\\/carmen-perez-fernandez-5-de-fevereiro-de-2021-jesus-tortosa\\\/\"},\"wordCount\":230,\"commentCount\":0,\"publisher\":{\"@id\":\"https:\\\/\\\/encompaniastj.org\\\/pt-pt\\\/#organization\"},\"image\":{\"@id\":\"https:\\\/\\\/encompaniastj.org\\\/pt-pt\\\/carmen-perez-fernandez-5-de-fevereiro-de-2021-jesus-tortosa\\\/#primaryimage\"},\"thumbnailUrl\":\"https:\\\/\\\/encompaniastj.org\\\/wp-content\\\/uploads\\\/2025\\\/05\\\/autumn-2923309_640.jpg\",\"articleSection\":[\"Fallecimientos\"],\"inLanguage\":\"pt-PT\",\"potentialAction\":[{\"@type\":\"CommentAction\",\"name\":\"Comment\",\"target\":[\"https:\\\/\\\/encompaniastj.org\\\/pt-pt\\\/carmen-perez-fernandez-5-de-fevereiro-de-2021-jesus-tortosa\\\/#respond\"]}]},{\"@type\":\"WebPage\",\"@id\":\"https:\\\/\\\/encompaniastj.org\\\/pt-pt\\\/carmen-perez-fernandez-5-de-fevereiro-de-2021-jesus-tortosa\\\/\",\"url\":\"https:\\\/\\\/encompaniastj.org\\\/pt-pt\\\/carmen-perez-fernandez-5-de-fevereiro-de-2021-jesus-tortosa\\\/\",\"name\":\"Carmen P\u00e9rez Fern\u00e1ndez. 5 de fevereiro de 2021. (Jes\u00fas-Tortosa) - En Compa\u00f1\u00eda STJ\",\"isPartOf\":{\"@id\":\"https:\\\/\\\/encompaniastj.org\\\/pt-pt\\\/#website\"},\"primaryImageOfPage\":{\"@id\":\"https:\\\/\\\/encompaniastj.org\\\/pt-pt\\\/carmen-perez-fernandez-5-de-fevereiro-de-2021-jesus-tortosa\\\/#primaryimage\"},\"image\":{\"@id\":\"https:\\\/\\\/encompaniastj.org\\\/pt-pt\\\/carmen-perez-fernandez-5-de-fevereiro-de-2021-jesus-tortosa\\\/#primaryimage\"},\"thumbnailUrl\":\"https:\\\/\\\/encompaniastj.org\\\/wp-content\\\/uploads\\\/2025\\\/05\\\/autumn-2923309_640.jpg\",\"datePublished\":\"2021-02-06T11:54:22+00:00\",\"dateModified\":\"2025-10-14T07:01:41+00:00\",\"breadcrumb\":{\"@id\":\"https:\\\/\\\/encompaniastj.org\\\/pt-pt\\\/carmen-perez-fernandez-5-de-fevereiro-de-2021-jesus-tortosa\\\/#breadcrumb\"},\"inLanguage\":\"pt-PT\",\"potentialAction\":[{\"@type\":\"ReadAction\",\"target\":[\"https:\\\/\\\/encompaniastj.org\\\/pt-pt\\\/carmen-perez-fernandez-5-de-fevereiro-de-2021-jesus-tortosa\\\/\"]}]},{\"@type\":\"ImageObject\",\"inLanguage\":\"pt-PT\",\"@id\":\"https:\\\/\\\/encompaniastj.org\\\/pt-pt\\\/carmen-perez-fernandez-5-de-fevereiro-de-2021-jesus-tortosa\\\/#primaryimage\",\"url\":\"https:\\\/\\\/encompaniastj.org\\\/wp-content\\\/uploads\\\/2025\\\/05\\\/autumn-2923309_640.jpg\",\"contentUrl\":\"https:\\\/\\\/encompaniastj.org\\\/wp-content\\\/uploads\\\/2025\\\/05\\\/autumn-2923309_640.jpg\",\"width\":640,\"height\":426},{\"@type\":\"BreadcrumbList\",\"@id\":\"https:\\\/\\\/encompaniastj.org\\\/pt-pt\\\/carmen-perez-fernandez-5-de-fevereiro-de-2021-jesus-tortosa\\\/#breadcrumb\",\"itemListElement\":[{\"@type\":\"ListItem\",\"position\":1,\"name\":\"Portada\",\"item\":\"https:\\\/\\\/encompaniastj.org\\\/pt-pt\\\/\"},{\"@type\":\"ListItem\",\"position\":2,\"name\":\"Carmen P\u00e9rez Fern\u00e1ndez. 5 de fevereiro de 2021. (Jes\u00fas-Tortosa)\"}]},{\"@type\":\"WebSite\",\"@id\":\"https:\\\/\\\/encompaniastj.org\\\/pt-pt\\\/#website\",\"url\":\"https:\\\/\\\/encompaniastj.org\\\/pt-pt\\\/\",\"name\":\"En Compa\u00f1\u00eda STJ\",\"description\":\"Bolet\u00edn de la Compa\u00f1\u00eda de Santa Teresa de Jes\u00fas\",\"publisher\":{\"@id\":\"https:\\\/\\\/encompaniastj.org\\\/pt-pt\\\/#organization\"},\"potentialAction\":[{\"@type\":\"SearchAction\",\"target\":{\"@type\":\"EntryPoint\",\"urlTemplate\":\"https:\\\/\\\/encompaniastj.org\\\/pt-pt\\\/?s={search_term_string}\"},\"query-input\":{\"@type\":\"PropertyValueSpecification\",\"valueRequired\":true,\"valueName\":\"search_term_string\"}}],\"inLanguage\":\"pt-PT\"},{\"@type\":\"Organization\",\"@id\":\"https:\\\/\\\/encompaniastj.org\\\/pt-pt\\\/#organization\",\"name\":\"Compa\u00f1\u00eda de Santa Teresa de Jes\u00fas\",\"url\":\"https:\\\/\\\/encompaniastj.org\\\/pt-pt\\\/\",\"logo\":{\"@type\":\"ImageObject\",\"inLanguage\":\"pt-PT\",\"@id\":\"https:\\\/\\\/encompaniastj.org\\\/pt-pt\\\/#\\\/schema\\\/logo\\\/image\\\/\",\"url\":\"https:\\\/\\\/encompaniastj.org\\\/wp-content\\\/uploads\\\/2025\\\/04\\\/logo_provincias02-1-3.png\",\"contentUrl\":\"https:\\\/\\\/encompaniastj.org\\\/wp-content\\\/uploads\\\/2025\\\/04\\\/logo_provincias02-1-3.png\",\"width\":2368,\"height\":825,\"caption\":\"Compa\u00f1\u00eda de Santa Teresa de Jes\u00fas\"},\"image\":{\"@id\":\"https:\\\/\\\/encompaniastj.org\\\/pt-pt\\\/#\\\/schema\\\/logo\\\/image\\\/\"}},{\"@type\":\"Person\",\"@id\":\"https:\\\/\\\/encompaniastj.org\\\/pt-pt\\\/#\\\/schema\\\/person\\\/520e7ecc314793d40091993c2a02b651\",\"name\":\"admin\",\"image\":{\"@type\":\"ImageObject\",\"inLanguage\":\"pt-PT\",\"@id\":\"https:\\\/\\\/secure.gravatar.com\\\/avatar\\\/948b492cce32b586ac2db0eaa926ee87024f7afe218d73b397ea5ddfc5f43ea1?s=96&d=mm&r=g\",\"url\":\"https:\\\/\\\/secure.gravatar.com\\\/avatar\\\/948b492cce32b586ac2db0eaa926ee87024f7afe218d73b397ea5ddfc5f43ea1?s=96&d=mm&r=g\",\"contentUrl\":\"https:\\\/\\\/secure.gravatar.com\\\/avatar\\\/948b492cce32b586ac2db0eaa926ee87024f7afe218d73b397ea5ddfc5f43ea1?s=96&d=mm&r=g\",\"caption\":\"admin\"},\"sameAs\":[\"https:\\\/\\\/encompaniastj.org\"],\"url\":\"https:\\\/\\\/encompaniastj.org\\\/pt-pt\\\/author\\\/sjdigital\\\/\"}]}<\/script>\n<!-- \/ Yoast SEO plugin. -->","yoast_head_json":{"title":"Carmen P\u00e9rez Fern\u00e1ndez. 5 de fevereiro de 2021. (Jes\u00fas-Tortosa) - En Compa\u00f1\u00eda STJ","robots":{"index":"index","follow":"follow","max-snippet":"max-snippet:-1","max-image-preview":"max-image-preview:large","max-video-preview":"max-video-preview:-1"},"canonical":"https:\/\/encompaniastj.org\/pt-pt\/carmen-perez-fernandez-5-de-fevereiro-de-2021-jesus-tortosa\/","og_locale":"pt_PT","og_type":"article","og_title":"Carmen P\u00e9rez Fern\u00e1ndez. 5 de fevereiro de 2021. (Jes\u00fas-Tortosa) - En Compa\u00f1\u00eda STJ","og_description":"Carmen nasceu a 27 de fevereiro de 1927 na cidade de Valladolid, que sempre levou no seu cora\u00e7\u00e3o. Entra em no Noviciado de Jes\u00fas-Tortosa a 18 de mar\u00e7o de 1954, [&hellip;]","og_url":"https:\/\/encompaniastj.org\/pt-pt\/carmen-perez-fernandez-5-de-fevereiro-de-2021-jesus-tortosa\/","og_site_name":"En Compa\u00f1\u00eda STJ","article_published_time":"2021-02-06T11:54:22+00:00","article_modified_time":"2025-10-14T07:01:41+00:00","og_image":[{"width":640,"height":426,"url":"https:\/\/encompaniastj.org\/wp-content\/uploads\/2025\/05\/autumn-2923309_640.jpg","type":"image\/jpeg"}],"author":"admin","twitter_card":"summary_large_image","twitter_misc":{"Escrito por":"admin","Tempo estimado de leitura":"1 minuto"},"schema":{"@context":"https:\/\/schema.org","@graph":[{"@type":"Article","@id":"https:\/\/encompaniastj.org\/pt-pt\/carmen-perez-fernandez-5-de-fevereiro-de-2021-jesus-tortosa\/#article","isPartOf":{"@id":"https:\/\/encompaniastj.org\/pt-pt\/carmen-perez-fernandez-5-de-fevereiro-de-2021-jesus-tortosa\/"},"author":{"name":"admin","@id":"https:\/\/encompaniastj.org\/pt-pt\/#\/schema\/person\/520e7ecc314793d40091993c2a02b651"},"headline":"Carmen P\u00e9rez Fern\u00e1ndez. 5 de fevereiro de 2021. (Jes\u00fas-Tortosa)","datePublished":"2021-02-06T11:54:22+00:00","dateModified":"2025-10-14T07:01:41+00:00","mainEntityOfPage":{"@id":"https:\/\/encompaniastj.org\/pt-pt\/carmen-perez-fernandez-5-de-fevereiro-de-2021-jesus-tortosa\/"},"wordCount":230,"commentCount":0,"publisher":{"@id":"https:\/\/encompaniastj.org\/pt-pt\/#organization"},"image":{"@id":"https:\/\/encompaniastj.org\/pt-pt\/carmen-perez-fernandez-5-de-fevereiro-de-2021-jesus-tortosa\/#primaryimage"},"thumbnailUrl":"https:\/\/encompaniastj.org\/wp-content\/uploads\/2025\/05\/autumn-2923309_640.jpg","articleSection":["Fallecimientos"],"inLanguage":"pt-PT","potentialAction":[{"@type":"CommentAction","name":"Comment","target":["https:\/\/encompaniastj.org\/pt-pt\/carmen-perez-fernandez-5-de-fevereiro-de-2021-jesus-tortosa\/#respond"]}]},{"@type":"WebPage","@id":"https:\/\/encompaniastj.org\/pt-pt\/carmen-perez-fernandez-5-de-fevereiro-de-2021-jesus-tortosa\/","url":"https:\/\/encompaniastj.org\/pt-pt\/carmen-perez-fernandez-5-de-fevereiro-de-2021-jesus-tortosa\/","name":"Carmen P\u00e9rez Fern\u00e1ndez. 5 de fevereiro de 2021. (Jes\u00fas-Tortosa) - En Compa\u00f1\u00eda STJ","isPartOf":{"@id":"https:\/\/encompaniastj.org\/pt-pt\/#website"},"primaryImageOfPage":{"@id":"https:\/\/encompaniastj.org\/pt-pt\/carmen-perez-fernandez-5-de-fevereiro-de-2021-jesus-tortosa\/#primaryimage"},"image":{"@id":"https:\/\/encompaniastj.org\/pt-pt\/carmen-perez-fernandez-5-de-fevereiro-de-2021-jesus-tortosa\/#primaryimage"},"thumbnailUrl":"https:\/\/encompaniastj.org\/wp-content\/uploads\/2025\/05\/autumn-2923309_640.jpg","datePublished":"2021-02-06T11:54:22+00:00","dateModified":"2025-10-14T07:01:41+00:00","breadcrumb":{"@id":"https:\/\/encompaniastj.org\/pt-pt\/carmen-perez-fernandez-5-de-fevereiro-de-2021-jesus-tortosa\/#breadcrumb"},"inLanguage":"pt-PT","potentialAction":[{"@type":"ReadAction","target":["https:\/\/encompaniastj.org\/pt-pt\/carmen-perez-fernandez-5-de-fevereiro-de-2021-jesus-tortosa\/"]}]},{"@type":"ImageObject","inLanguage":"pt-PT","@id":"https:\/\/encompaniastj.org\/pt-pt\/carmen-perez-fernandez-5-de-fevereiro-de-2021-jesus-tortosa\/#primaryimage","url":"https:\/\/encompaniastj.org\/wp-content\/uploads\/2025\/05\/autumn-2923309_640.jpg","contentUrl":"https:\/\/encompaniastj.org\/wp-content\/uploads\/2025\/05\/autumn-2923309_640.jpg","width":640,"height":426},{"@type":"BreadcrumbList","@id":"https:\/\/encompaniastj.org\/pt-pt\/carmen-perez-fernandez-5-de-fevereiro-de-2021-jesus-tortosa\/#breadcrumb","itemListElement":[{"@type":"ListItem","position":1,"name":"Portada","item":"https:\/\/encompaniastj.org\/pt-pt\/"},{"@type":"ListItem","position":2,"name":"Carmen P\u00e9rez Fern\u00e1ndez. 5 de fevereiro de 2021. (Jes\u00fas-Tortosa)"}]},{"@type":"WebSite","@id":"https:\/\/encompaniastj.org\/pt-pt\/#website","url":"https:\/\/encompaniastj.org\/pt-pt\/","name":"En Compa\u00f1\u00eda STJ","description":"Bolet\u00edn de la Compa\u00f1\u00eda de Santa Teresa de Jes\u00fas","publisher":{"@id":"https:\/\/encompaniastj.org\/pt-pt\/#organization"},"potentialAction":[{"@type":"SearchAction","target":{"@type":"EntryPoint","urlTemplate":"https:\/\/encompaniastj.org\/pt-pt\/?s={search_term_string}"},"query-input":{"@type":"PropertyValueSpecification","valueRequired":true,"valueName":"search_term_string"}}],"inLanguage":"pt-PT"},{"@type":"Organization","@id":"https:\/\/encompaniastj.org\/pt-pt\/#organization","name":"Compa\u00f1\u00eda de Santa Teresa de Jes\u00fas","url":"https:\/\/encompaniastj.org\/pt-pt\/","logo":{"@type":"ImageObject","inLanguage":"pt-PT","@id":"https:\/\/encompaniastj.org\/pt-pt\/#\/schema\/logo\/image\/","url":"https:\/\/encompaniastj.org\/wp-content\/uploads\/2025\/04\/logo_provincias02-1-3.png","contentUrl":"https:\/\/encompaniastj.org\/wp-content\/uploads\/2025\/04\/logo_provincias02-1-3.png","width":2368,"height":825,"caption":"Compa\u00f1\u00eda de Santa Teresa de Jes\u00fas"},"image":{"@id":"https:\/\/encompaniastj.org\/pt-pt\/#\/schema\/logo\/image\/"}},{"@type":"Person","@id":"https:\/\/encompaniastj.org\/pt-pt\/#\/schema\/person\/520e7ecc314793d40091993c2a02b651","name":"admin","image":{"@type":"ImageObject","inLanguage":"pt-PT","@id":"https:\/\/secure.gravatar.com\/avatar\/948b492cce32b586ac2db0eaa926ee87024f7afe218d73b397ea5ddfc5f43ea1?s=96&d=mm&r=g","url":"https:\/\/secure.gravatar.com\/avatar\/948b492cce32b586ac2db0eaa926ee87024f7afe218d73b397ea5ddfc5f43ea1?s=96&d=mm&r=g","contentUrl":"https:\/\/secure.gravatar.com\/avatar\/948b492cce32b586ac2db0eaa926ee87024f7afe218d73b397ea5ddfc5f43ea1?s=96&d=mm&r=g","caption":"admin"},"sameAs":["https:\/\/encompaniastj.org"],"url":"https:\/\/encompaniastj.org\/pt-pt\/author\/sjdigital\/"}]}},"_links":{"self":[{"href":"https:\/\/encompaniastj.org\/pt-pt\/wp-json\/wp\/v2\/posts\/14001","targetHints":{"allow":["GET"]}}],"collection":[{"href":"https:\/\/encompaniastj.org\/pt-pt\/wp-json\/wp\/v2\/posts"}],"about":[{"href":"https:\/\/encompaniastj.org\/pt-pt\/wp-json\/wp\/v2\/types\/post"}],"author":[{"embeddable":true,"href":"https:\/\/encompaniastj.org\/pt-pt\/wp-json\/wp\/v2\/users\/1"}],"replies":[{"embeddable":true,"href":"https:\/\/encompaniastj.org\/pt-pt\/wp-json\/wp\/v2\/comments?post=14001"}],"version-history":[{"count":1,"href":"https:\/\/encompaniastj.org\/pt-pt\/wp-json\/wp\/v2\/posts\/14001\/revisions"}],"predecessor-version":[{"id":14003,"href":"https:\/\/encompaniastj.org\/pt-pt\/wp-json\/wp\/v2\/posts\/14001\/revisions\/14003"}],"wp:featuredmedia":[{"embeddable":true,"href":"https:\/\/encompaniastj.org\/pt-pt\/wp-json\/wp\/v2\/media\/7669"}],"wp:attachment":[{"href":"https:\/\/encompaniastj.org\/pt-pt\/wp-json\/wp\/v2\/media?parent=14001"}],"wp:term":[{"taxonomy":"category","embeddable":true,"href":"https:\/\/encompaniastj.org\/pt-pt\/wp-json\/wp\/v2\/categories?post=14001"},{"taxonomy":"post_tag","embeddable":true,"href":"https:\/\/encompaniastj.org\/pt-pt\/wp-json\/wp\/v2\/tags?post=14001"}],"curies":[{"name":"wp","href":"https:\/\/api.w.org\/{rel}","templated":true}]}}