{"id":13984,"date":"2021-03-08T11:27:00","date_gmt":"2021-03-08T10:27:00","guid":{"rendered":"https:\/\/encompaniastj.org\/colegio-santa-teresa-de-jesus-valladolid-3\/"},"modified":"2025-10-14T09:01:20","modified_gmt":"2025-10-14T07:01:20","slug":"colegio-santa-teresa-de-jesus-valladolid-3","status":"publish","type":"post","link":"https:\/\/encompaniastj.org\/pt-pt\/colegio-santa-teresa-de-jesus-valladolid-3\/","title":{"rendered":"Col\u00e9gio Santa Teresa de Jesus - Valladolid"},"content":{"rendered":"\n<p>Em\nmeados de agosto de 1915, chegaram a Due\u00f1as as irm\u00e3s destinadas \u00e0\nfunda\u00e7\u00e3o do col\u00e9gio de Valladolid: Petra de San Francisco de Sales Temprado,\nAurora del \u00c1ngel de la Guarda V\u00e1zquez, Adelina del Coraz\u00f3n de Jes\u00fas Valet,\nMar\u00eda Sarrat e Teresa G\u00f3mez, enviadas pela Madre Superiora Geral, Saturnina\ndel Coraz\u00f3n Agonizante de Jes\u00fas Jass\u00e1. Traziam muito pouca bagagem: duas pobres botas<x id=\"gid_5\"><\/x>com livros e roupa. Dali foram procurar alojamento em<x id=\"gid_6\"><\/x>Valladolid. Foram dias de incerteza, sem casa, sem dinheiro e sem\noutro motivo de esperan\u00e7a que a confian\u00e7a em Deus.   <\/p>\n\n<p>Em\n2 de outubro de 1915, foi registada a ata de funda\u00e7\u00e3o do col\u00e9gio de\nValladolid, que teve a sua sede em\ndiferentes edif\u00edcios: da rua San Ignacio \u00e0 rua El Salvador, at\u00e9\nchegar \u00e0 sua localiza\u00e7\u00e3o atual, na rua San Blas e Felipe II.<\/p>\n\n<p>Quando em 2015 celebr\u00e1mos o centen\u00e1rio do col\u00e9gio,\ntodos n\u00f3s - pessoal, fam\u00edlias, alunos, irm\u00e3s e amigos - vivemos com intensidade e\nemo\u00e7\u00e3o o facto de as Irm\u00e3s Teresianas e os Teresianos terem oferecido um servi\u00e7o educativo \u00e0 cidade de Valladolid durante 100 anos\n, com base no carisma\nrecebido de Enrique de Oss\u00f3. Fizemo-lo com grata mem\u00f3ria da vida de\ntantas pessoas que nos precederam na tarefa, e com a ilus\u00e3o\ne a responsabilidade de manter e fortalecer este projeto para que tenha uma longa\nvida.   <\/p>\n\n<p>Integrados na Funda\u00e7\u00e3o Escola Teresiana, - o que\ngrande intui\u00e7\u00e3o e responsabilidade com o projeto teresiano teve a Sociedade\ncriando a FET! -, continuamos a lutar para tornar realidade o sonho de Enrique de\nOss\u00f3: educar sujeitos de encontro e transformadores sociais, deixando-nos\ntransformar segundo o projeto de Jesus.<\/p>\n\n<p>Em constante forma\u00e7\u00e3o e atentos aos sinais dos\ntempos, promovemos mudan\u00e7as pedag\u00f3gicas que incluem modelos inovadores de\naprendizagem, mas tendo bem claro que o mais inovador ser\u00e1 sempre a\nvoca\u00e7\u00e3o e a melhor metodologia que tenha em conta os nomes dos\nalunos com toda a hist\u00f3ria de vida pessoal e familiar que cada um\ndeles cont\u00e9m. \u00c9 isto que significa para n\u00f3s que a pessoa est\u00e1 no centro\nda nossa miss\u00e3o, e que faz da escola uma casa \u00e0 qual queremos que os\nnossos alunos queiram sempre regressar. <\/p>\n\n<figure class=\"wp-block-image\"><img decoding=\"async\" src=\"https:\/\/encompaniastj.org\/wp-content\/uploads\/2025\/05\/Entrevista-Ministro-de-Sanidad.jpeg\" alt=\"\" class=\"wp-image-7617\"\/><\/figure>\n\n<figure class=\"wp-block-image\"><img decoding=\"async\" src=\"https:\/\/encompaniastj.org\/wp-content\/uploads\/2025\/05\/Equipo-directivo3.jpg\" alt=\"\" class=\"wp-image-7619\"\/><\/figure>\n\n<figure class=\"wp-block-image\"><img decoding=\"async\" src=\"https:\/\/encompaniastj.org\/wp-content\/uploads\/2025\/05\/Valladolid-alcalde.jpeg\" alt=\"\" class=\"wp-image-7621\"\/><\/figure>\n\n<figure class=\"wp-block-image\"><img decoding=\"async\" src=\"https:\/\/encompaniastj.org\/wp-content\/uploads\/2025\/05\/Valladolid4.jpg\" alt=\"\" class=\"wp-image-7625\"\/><\/figure>\n\n<figure class=\"wp-block-image\"><img decoding=\"async\" src=\"https:\/\/encompaniastj.org\/wp-content\/uploads\/2025\/05\/Valladolid6.jpg\" alt=\"\" class=\"wp-image-7627\"\/><\/figure>\n","protected":false},"excerpt":{"rendered":"<p>Em meados de agosto de 1915, chegaram a Due\u00f1as as irm\u00e3s destinadas \u00e0 funda\u00e7\u00e3o do col\u00e9gio de Valladolid: Petra de San Francisco de Sales Temprado, Aurora del \u00c1ngel de la [&hellip;]<\/p>\n","protected":false},"author":1,"featured_media":7693,"comment_status":"open","ping_status":"open","sticky":false,"template":"","format":"standard","meta":{"_acf_changed":false,"footnotes":""},"categories":[59,60],"tags":[],"class_list":["post-13984","post","type-post","status-publish","format-standard","has-post-thumbnail","hentry","category-nos-conocemos","category-proyectos"],"acf":[],"yoast_head":"<!-- This site is optimized with the Yoast SEO plugin v27.5 - https:\/\/yoast.com\/product\/yoast-seo-wordpress\/ -->\n<title>Col\u00e9gio Santa Teresa de Jesus - Valladolid - En Compa\u00f1\u00eda STJ<\/title>\n<meta name=\"robots\" content=\"index, follow, max-snippet:-1, max-image-preview:large, max-video-preview:-1\" \/>\n<link rel=\"canonical\" href=\"https:\/\/encompaniastj.org\/pt-pt\/colegio-santa-teresa-de-jesus-valladolid-3\/\" \/>\n<meta property=\"og:locale\" content=\"pt_PT\" \/>\n<meta property=\"og:type\" content=\"article\" \/>\n<meta property=\"og:title\" content=\"Col\u00e9gio Santa Teresa de Jesus - Valladolid - En Compa\u00f1\u00eda STJ\" \/>\n<meta property=\"og:description\" content=\"Em meados de agosto de 1915, chegaram a Due\u00f1as as irm\u00e3s destinadas \u00e0 funda\u00e7\u00e3o do col\u00e9gio de Valladolid: Petra de San Francisco de Sales Temprado, Aurora del \u00c1ngel de la [&hellip;]\" \/>\n<meta property=\"og:url\" content=\"https:\/\/encompaniastj.org\/pt-pt\/colegio-santa-teresa-de-jesus-valladolid-3\/\" \/>\n<meta property=\"og:site_name\" content=\"En Compa\u00f1\u00eda STJ\" \/>\n<meta property=\"article:published_time\" content=\"2021-03-08T10:27:00+00:00\" \/>\n<meta property=\"article:modified_time\" content=\"2025-10-14T07:01:20+00:00\" \/>\n<meta property=\"og:image\" content=\"https:\/\/encompaniastj.org\/wp-content\/uploads\/2025\/05\/Valladolid6.jpg\" \/>\n\t<meta property=\"og:image:width\" content=\"500\" \/>\n\t<meta property=\"og:image:height\" content=\"375\" \/>\n\t<meta property=\"og:image:type\" content=\"image\/jpeg\" \/>\n<meta name=\"author\" content=\"admin\" \/>\n<meta name=\"twitter:card\" content=\"summary_large_image\" \/>\n<meta name=\"twitter:label1\" content=\"Escrito por\" \/>\n\t<meta name=\"twitter:data1\" content=\"admin\" \/>\n\t<meta name=\"twitter:label2\" content=\"Tempo estimado de leitura\" \/>\n\t<meta name=\"twitter:data2\" content=\"2 minutos\" \/>\n<script type=\"application\/ld+json\" class=\"yoast-schema-graph\">{\"@context\":\"https:\\\/\\\/schema.org\",\"@graph\":[{\"@type\":\"Article\",\"@id\":\"https:\\\/\\\/encompaniastj.org\\\/pt-pt\\\/colegio-santa-teresa-de-jesus-valladolid-3\\\/#article\",\"isPartOf\":{\"@id\":\"https:\\\/\\\/encompaniastj.org\\\/pt-pt\\\/colegio-santa-teresa-de-jesus-valladolid-3\\\/\"},\"author\":{\"name\":\"admin\",\"@id\":\"https:\\\/\\\/encompaniastj.org\\\/pt-pt\\\/#\\\/schema\\\/person\\\/520e7ecc314793d40091993c2a02b651\"},\"headline\":\"Col\u00e9gio Santa Teresa de Jesus - Valladolid\",\"datePublished\":\"2021-03-08T10:27:00+00:00\",\"dateModified\":\"2025-10-14T07:01:20+00:00\",\"mainEntityOfPage\":{\"@id\":\"https:\\\/\\\/encompaniastj.org\\\/pt-pt\\\/colegio-santa-teresa-de-jesus-valladolid-3\\\/\"},\"wordCount\":394,\"commentCount\":0,\"publisher\":{\"@id\":\"https:\\\/\\\/encompaniastj.org\\\/pt-pt\\\/#organization\"},\"image\":{\"@id\":\"https:\\\/\\\/encompaniastj.org\\\/pt-pt\\\/colegio-santa-teresa-de-jesus-valladolid-3\\\/#primaryimage\"},\"thumbnailUrl\":\"https:\\\/\\\/encompaniastj.org\\\/wp-content\\\/uploads\\\/2025\\\/05\\\/Valladolid6.jpg\",\"articleSection\":[\"Nos conocemos\",\"Proyectos\"],\"inLanguage\":\"pt-PT\",\"potentialAction\":[{\"@type\":\"CommentAction\",\"name\":\"Comment\",\"target\":[\"https:\\\/\\\/encompaniastj.org\\\/pt-pt\\\/colegio-santa-teresa-de-jesus-valladolid-3\\\/#respond\"]}]},{\"@type\":\"WebPage\",\"@id\":\"https:\\\/\\\/encompaniastj.org\\\/pt-pt\\\/colegio-santa-teresa-de-jesus-valladolid-3\\\/\",\"url\":\"https:\\\/\\\/encompaniastj.org\\\/pt-pt\\\/colegio-santa-teresa-de-jesus-valladolid-3\\\/\",\"name\":\"Col\u00e9gio Santa Teresa de Jesus - Valladolid - En Compa\u00f1\u00eda STJ\",\"isPartOf\":{\"@id\":\"https:\\\/\\\/encompaniastj.org\\\/pt-pt\\\/#website\"},\"primaryImageOfPage\":{\"@id\":\"https:\\\/\\\/encompaniastj.org\\\/pt-pt\\\/colegio-santa-teresa-de-jesus-valladolid-3\\\/#primaryimage\"},\"image\":{\"@id\":\"https:\\\/\\\/encompaniastj.org\\\/pt-pt\\\/colegio-santa-teresa-de-jesus-valladolid-3\\\/#primaryimage\"},\"thumbnailUrl\":\"https:\\\/\\\/encompaniastj.org\\\/wp-content\\\/uploads\\\/2025\\\/05\\\/Valladolid6.jpg\",\"datePublished\":\"2021-03-08T10:27:00+00:00\",\"dateModified\":\"2025-10-14T07:01:20+00:00\",\"breadcrumb\":{\"@id\":\"https:\\\/\\\/encompaniastj.org\\\/pt-pt\\\/colegio-santa-teresa-de-jesus-valladolid-3\\\/#breadcrumb\"},\"inLanguage\":\"pt-PT\",\"potentialAction\":[{\"@type\":\"ReadAction\",\"target\":[\"https:\\\/\\\/encompaniastj.org\\\/pt-pt\\\/colegio-santa-teresa-de-jesus-valladolid-3\\\/\"]}]},{\"@type\":\"ImageObject\",\"inLanguage\":\"pt-PT\",\"@id\":\"https:\\\/\\\/encompaniastj.org\\\/pt-pt\\\/colegio-santa-teresa-de-jesus-valladolid-3\\\/#primaryimage\",\"url\":\"https:\\\/\\\/encompaniastj.org\\\/wp-content\\\/uploads\\\/2025\\\/05\\\/Valladolid6.jpg\",\"contentUrl\":\"https:\\\/\\\/encompaniastj.org\\\/wp-content\\\/uploads\\\/2025\\\/05\\\/Valladolid6.jpg\",\"width\":500,\"height\":375},{\"@type\":\"BreadcrumbList\",\"@id\":\"https:\\\/\\\/encompaniastj.org\\\/pt-pt\\\/colegio-santa-teresa-de-jesus-valladolid-3\\\/#breadcrumb\",\"itemListElement\":[{\"@type\":\"ListItem\",\"position\":1,\"name\":\"Portada\",\"item\":\"https:\\\/\\\/encompaniastj.org\\\/pt-pt\\\/\"},{\"@type\":\"ListItem\",\"position\":2,\"name\":\"Col\u00e9gio Santa Teresa de Jesus - Valladolid\"}]},{\"@type\":\"WebSite\",\"@id\":\"https:\\\/\\\/encompaniastj.org\\\/pt-pt\\\/#website\",\"url\":\"https:\\\/\\\/encompaniastj.org\\\/pt-pt\\\/\",\"name\":\"En Compa\u00f1\u00eda STJ\",\"description\":\"Bolet\u00edn de la Compa\u00f1\u00eda de Santa Teresa de Jes\u00fas\",\"publisher\":{\"@id\":\"https:\\\/\\\/encompaniastj.org\\\/pt-pt\\\/#organization\"},\"potentialAction\":[{\"@type\":\"SearchAction\",\"target\":{\"@type\":\"EntryPoint\",\"urlTemplate\":\"https:\\\/\\\/encompaniastj.org\\\/pt-pt\\\/?s={search_term_string}\"},\"query-input\":{\"@type\":\"PropertyValueSpecification\",\"valueRequired\":true,\"valueName\":\"search_term_string\"}}],\"inLanguage\":\"pt-PT\"},{\"@type\":\"Organization\",\"@id\":\"https:\\\/\\\/encompaniastj.org\\\/pt-pt\\\/#organization\",\"name\":\"Compa\u00f1\u00eda de Santa Teresa de Jes\u00fas\",\"url\":\"https:\\\/\\\/encompaniastj.org\\\/pt-pt\\\/\",\"logo\":{\"@type\":\"ImageObject\",\"inLanguage\":\"pt-PT\",\"@id\":\"https:\\\/\\\/encompaniastj.org\\\/pt-pt\\\/#\\\/schema\\\/logo\\\/image\\\/\",\"url\":\"https:\\\/\\\/encompaniastj.org\\\/wp-content\\\/uploads\\\/2025\\\/04\\\/logo_provincias02-1-3.png\",\"contentUrl\":\"https:\\\/\\\/encompaniastj.org\\\/wp-content\\\/uploads\\\/2025\\\/04\\\/logo_provincias02-1-3.png\",\"width\":2368,\"height\":825,\"caption\":\"Compa\u00f1\u00eda de Santa Teresa de Jes\u00fas\"},\"image\":{\"@id\":\"https:\\\/\\\/encompaniastj.org\\\/pt-pt\\\/#\\\/schema\\\/logo\\\/image\\\/\"}},{\"@type\":\"Person\",\"@id\":\"https:\\\/\\\/encompaniastj.org\\\/pt-pt\\\/#\\\/schema\\\/person\\\/520e7ecc314793d40091993c2a02b651\",\"name\":\"admin\",\"image\":{\"@type\":\"ImageObject\",\"inLanguage\":\"pt-PT\",\"@id\":\"https:\\\/\\\/secure.gravatar.com\\\/avatar\\\/948b492cce32b586ac2db0eaa926ee87024f7afe218d73b397ea5ddfc5f43ea1?s=96&d=mm&r=g\",\"url\":\"https:\\\/\\\/secure.gravatar.com\\\/avatar\\\/948b492cce32b586ac2db0eaa926ee87024f7afe218d73b397ea5ddfc5f43ea1?s=96&d=mm&r=g\",\"contentUrl\":\"https:\\\/\\\/secure.gravatar.com\\\/avatar\\\/948b492cce32b586ac2db0eaa926ee87024f7afe218d73b397ea5ddfc5f43ea1?s=96&d=mm&r=g\",\"caption\":\"admin\"},\"sameAs\":[\"https:\\\/\\\/encompaniastj.org\"],\"url\":\"https:\\\/\\\/encompaniastj.org\\\/pt-pt\\\/author\\\/sjdigital\\\/\"}]}<\/script>\n<!-- \/ Yoast SEO plugin. -->","yoast_head_json":{"title":"Col\u00e9gio Santa Teresa de Jesus - Valladolid - En Compa\u00f1\u00eda STJ","robots":{"index":"index","follow":"follow","max-snippet":"max-snippet:-1","max-image-preview":"max-image-preview:large","max-video-preview":"max-video-preview:-1"},"canonical":"https:\/\/encompaniastj.org\/pt-pt\/colegio-santa-teresa-de-jesus-valladolid-3\/","og_locale":"pt_PT","og_type":"article","og_title":"Col\u00e9gio Santa Teresa de Jesus - Valladolid - En Compa\u00f1\u00eda STJ","og_description":"Em meados de agosto de 1915, chegaram a Due\u00f1as as irm\u00e3s destinadas \u00e0 funda\u00e7\u00e3o do col\u00e9gio de Valladolid: Petra de San Francisco de Sales Temprado, Aurora del \u00c1ngel de la [&hellip;]","og_url":"https:\/\/encompaniastj.org\/pt-pt\/colegio-santa-teresa-de-jesus-valladolid-3\/","og_site_name":"En Compa\u00f1\u00eda STJ","article_published_time":"2021-03-08T10:27:00+00:00","article_modified_time":"2025-10-14T07:01:20+00:00","og_image":[{"width":500,"height":375,"url":"https:\/\/encompaniastj.org\/wp-content\/uploads\/2025\/05\/Valladolid6.jpg","type":"image\/jpeg"}],"author":"admin","twitter_card":"summary_large_image","twitter_misc":{"Escrito por":"admin","Tempo estimado de leitura":"2 minutos"},"schema":{"@context":"https:\/\/schema.org","@graph":[{"@type":"Article","@id":"https:\/\/encompaniastj.org\/pt-pt\/colegio-santa-teresa-de-jesus-valladolid-3\/#article","isPartOf":{"@id":"https:\/\/encompaniastj.org\/pt-pt\/colegio-santa-teresa-de-jesus-valladolid-3\/"},"author":{"name":"admin","@id":"https:\/\/encompaniastj.org\/pt-pt\/#\/schema\/person\/520e7ecc314793d40091993c2a02b651"},"headline":"Col\u00e9gio Santa Teresa de Jesus - Valladolid","datePublished":"2021-03-08T10:27:00+00:00","dateModified":"2025-10-14T07:01:20+00:00","mainEntityOfPage":{"@id":"https:\/\/encompaniastj.org\/pt-pt\/colegio-santa-teresa-de-jesus-valladolid-3\/"},"wordCount":394,"commentCount":0,"publisher":{"@id":"https:\/\/encompaniastj.org\/pt-pt\/#organization"},"image":{"@id":"https:\/\/encompaniastj.org\/pt-pt\/colegio-santa-teresa-de-jesus-valladolid-3\/#primaryimage"},"thumbnailUrl":"https:\/\/encompaniastj.org\/wp-content\/uploads\/2025\/05\/Valladolid6.jpg","articleSection":["Nos conocemos","Proyectos"],"inLanguage":"pt-PT","potentialAction":[{"@type":"CommentAction","name":"Comment","target":["https:\/\/encompaniastj.org\/pt-pt\/colegio-santa-teresa-de-jesus-valladolid-3\/#respond"]}]},{"@type":"WebPage","@id":"https:\/\/encompaniastj.org\/pt-pt\/colegio-santa-teresa-de-jesus-valladolid-3\/","url":"https:\/\/encompaniastj.org\/pt-pt\/colegio-santa-teresa-de-jesus-valladolid-3\/","name":"Col\u00e9gio Santa Teresa de Jesus - Valladolid - En Compa\u00f1\u00eda STJ","isPartOf":{"@id":"https:\/\/encompaniastj.org\/pt-pt\/#website"},"primaryImageOfPage":{"@id":"https:\/\/encompaniastj.org\/pt-pt\/colegio-santa-teresa-de-jesus-valladolid-3\/#primaryimage"},"image":{"@id":"https:\/\/encompaniastj.org\/pt-pt\/colegio-santa-teresa-de-jesus-valladolid-3\/#primaryimage"},"thumbnailUrl":"https:\/\/encompaniastj.org\/wp-content\/uploads\/2025\/05\/Valladolid6.jpg","datePublished":"2021-03-08T10:27:00+00:00","dateModified":"2025-10-14T07:01:20+00:00","breadcrumb":{"@id":"https:\/\/encompaniastj.org\/pt-pt\/colegio-santa-teresa-de-jesus-valladolid-3\/#breadcrumb"},"inLanguage":"pt-PT","potentialAction":[{"@type":"ReadAction","target":["https:\/\/encompaniastj.org\/pt-pt\/colegio-santa-teresa-de-jesus-valladolid-3\/"]}]},{"@type":"ImageObject","inLanguage":"pt-PT","@id":"https:\/\/encompaniastj.org\/pt-pt\/colegio-santa-teresa-de-jesus-valladolid-3\/#primaryimage","url":"https:\/\/encompaniastj.org\/wp-content\/uploads\/2025\/05\/Valladolid6.jpg","contentUrl":"https:\/\/encompaniastj.org\/wp-content\/uploads\/2025\/05\/Valladolid6.jpg","width":500,"height":375},{"@type":"BreadcrumbList","@id":"https:\/\/encompaniastj.org\/pt-pt\/colegio-santa-teresa-de-jesus-valladolid-3\/#breadcrumb","itemListElement":[{"@type":"ListItem","position":1,"name":"Portada","item":"https:\/\/encompaniastj.org\/pt-pt\/"},{"@type":"ListItem","position":2,"name":"Col\u00e9gio Santa Teresa de Jesus - Valladolid"}]},{"@type":"WebSite","@id":"https:\/\/encompaniastj.org\/pt-pt\/#website","url":"https:\/\/encompaniastj.org\/pt-pt\/","name":"En Compa\u00f1\u00eda STJ","description":"Bolet\u00edn de la Compa\u00f1\u00eda de Santa Teresa de Jes\u00fas","publisher":{"@id":"https:\/\/encompaniastj.org\/pt-pt\/#organization"},"potentialAction":[{"@type":"SearchAction","target":{"@type":"EntryPoint","urlTemplate":"https:\/\/encompaniastj.org\/pt-pt\/?s={search_term_string}"},"query-input":{"@type":"PropertyValueSpecification","valueRequired":true,"valueName":"search_term_string"}}],"inLanguage":"pt-PT"},{"@type":"Organization","@id":"https:\/\/encompaniastj.org\/pt-pt\/#organization","name":"Compa\u00f1\u00eda de Santa Teresa de Jes\u00fas","url":"https:\/\/encompaniastj.org\/pt-pt\/","logo":{"@type":"ImageObject","inLanguage":"pt-PT","@id":"https:\/\/encompaniastj.org\/pt-pt\/#\/schema\/logo\/image\/","url":"https:\/\/encompaniastj.org\/wp-content\/uploads\/2025\/04\/logo_provincias02-1-3.png","contentUrl":"https:\/\/encompaniastj.org\/wp-content\/uploads\/2025\/04\/logo_provincias02-1-3.png","width":2368,"height":825,"caption":"Compa\u00f1\u00eda de Santa Teresa de Jes\u00fas"},"image":{"@id":"https:\/\/encompaniastj.org\/pt-pt\/#\/schema\/logo\/image\/"}},{"@type":"Person","@id":"https:\/\/encompaniastj.org\/pt-pt\/#\/schema\/person\/520e7ecc314793d40091993c2a02b651","name":"admin","image":{"@type":"ImageObject","inLanguage":"pt-PT","@id":"https:\/\/secure.gravatar.com\/avatar\/948b492cce32b586ac2db0eaa926ee87024f7afe218d73b397ea5ddfc5f43ea1?s=96&d=mm&r=g","url":"https:\/\/secure.gravatar.com\/avatar\/948b492cce32b586ac2db0eaa926ee87024f7afe218d73b397ea5ddfc5f43ea1?s=96&d=mm&r=g","contentUrl":"https:\/\/secure.gravatar.com\/avatar\/948b492cce32b586ac2db0eaa926ee87024f7afe218d73b397ea5ddfc5f43ea1?s=96&d=mm&r=g","caption":"admin"},"sameAs":["https:\/\/encompaniastj.org"],"url":"https:\/\/encompaniastj.org\/pt-pt\/author\/sjdigital\/"}]}},"_links":{"self":[{"href":"https:\/\/encompaniastj.org\/pt-pt\/wp-json\/wp\/v2\/posts\/13984","targetHints":{"allow":["GET"]}}],"collection":[{"href":"https:\/\/encompaniastj.org\/pt-pt\/wp-json\/wp\/v2\/posts"}],"about":[{"href":"https:\/\/encompaniastj.org\/pt-pt\/wp-json\/wp\/v2\/types\/post"}],"author":[{"embeddable":true,"href":"https:\/\/encompaniastj.org\/pt-pt\/wp-json\/wp\/v2\/users\/1"}],"replies":[{"embeddable":true,"href":"https:\/\/encompaniastj.org\/pt-pt\/wp-json\/wp\/v2\/comments?post=13984"}],"version-history":[{"count":1,"href":"https:\/\/encompaniastj.org\/pt-pt\/wp-json\/wp\/v2\/posts\/13984\/revisions"}],"predecessor-version":[{"id":13987,"href":"https:\/\/encompaniastj.org\/pt-pt\/wp-json\/wp\/v2\/posts\/13984\/revisions\/13987"}],"wp:featuredmedia":[{"embeddable":true,"href":"https:\/\/encompaniastj.org\/pt-pt\/wp-json\/wp\/v2\/media\/7693"}],"wp:attachment":[{"href":"https:\/\/encompaniastj.org\/pt-pt\/wp-json\/wp\/v2\/media?parent=13984"}],"wp:term":[{"taxonomy":"category","embeddable":true,"href":"https:\/\/encompaniastj.org\/pt-pt\/wp-json\/wp\/v2\/categories?post=13984"},{"taxonomy":"post_tag","embeddable":true,"href":"https:\/\/encompaniastj.org\/pt-pt\/wp-json\/wp\/v2\/tags?post=13984"}],"curies":[{"name":"wp","href":"https:\/\/api.w.org\/{rel}","templated":true}]}}