{"id":13983,"date":"2021-04-07T17:35:26","date_gmt":"2021-04-07T15:35:26","guid":{"rendered":"https:\/\/encompaniastj.org\/as-irmas-teresianas-de-huelva-celebram-a-pascoa\/"},"modified":"2025-10-14T09:01:11","modified_gmt":"2025-10-14T07:01:11","slug":"as-irmas-teresianas-de-huelva-celebram-a-pascoa","status":"publish","type":"post","link":"https:\/\/encompaniastj.org\/pt-pt\/as-irmas-teresianas-de-huelva-celebram-a-pascoa\/","title":{"rendered":"As Irm\u00e3s Teresianas de Huelva celebram a P\u00e1scoa"},"content":{"rendered":"\n<p>Depois de uma Semana Santa at\u00edpica mas profunda. Aproveitando\na \"pouca mobilidade\" para favorecer os\nencontros comunit\u00e1rios, a aus\u00eancia de \nprociss\u00f5es para acompanhar Jesus em casa e descobri-lo noutros\nrostos e situa\u00e7\u00f5es. <\/p>\n\n<p>Agora que a P\u00e1scoa chegou, a seguran\u00e7a de ter a vacina\ne o desejo de ENCONTRAR as duas comunidades de Huelva fez-nos\ndesfrutar de uma refei\u00e7\u00e3o fraterna com mais entusiasmo do que noutras ocasi\u00f5es, porque\nj\u00e1 sent\u00edamos a falta uns dos outros \u00e0 mesa.<\/p>\n\n<p>Fazemos a experi\u00eancia de que o encontro com as irm\u00e3s \u00c9 P\u00c1SCOA,\nsempre o encontro com o irm\u00e3o \u00e9 PASSAGEM do Senhor.<\/p>\n\n<p>Partilhamos com todos v\u00f3s a criativa sauda\u00e7\u00e3o que\nas nossas irm\u00e3s de P\u00e9rez Cubillas nos trouxeram numa ta\u00e7a de vidro cheia de doces e guloseimas\n.<\/p>\n\n<p><strong>Jesus ressuscitou, hoje a VIDA vence. Agradece a vida\ndada por cada um de n\u00f3s. Ele vive e habita em n\u00f3s. A alegria e a paz s\u00e3o\ndadas a n\u00f3s hoje. Sejamos vida para os outros. Espalhemos a alegria do RESSUSCITADO.\nEle est\u00e1 \u00e0 nossa espera na Galileia, vamos ao seu encontro.     <\/strong><\/p>\n\n<ul class=\"wp-block-gallery columns-2 is-cropped wp-block-gallery-1 is-layout-flex wp-block-gallery-is-layout-flex\"><li class=\"blocks-gallery-item\"><figure><img decoding=\"async\" src=\"https:\/\/encompaniastj.org\/wp-content\/uploads\/2025\/05\/1-7.jpg\" alt=\"\" data-id=\"7700\" data-link=\"https:\/\/encompaniastj.org\/?attachment_id=7700\" class=\"wp-image-7700\"\/><\/figure><\/li><li class=\"blocks-gallery-item\"><figure><img decoding=\"async\" src=\"https:\/\/encompaniastj.org\/wp-content\/uploads\/2025\/05\/huelva2-2.jpg\" alt=\"\" data-id=\"7702\" data-link=\"https:\/\/encompaniastj.org\/?attachment_id=7702\" class=\"wp-image-7702\"\/><\/figure><\/li><\/ul>\n","protected":false},"excerpt":{"rendered":"<p>Depois de uma Semana Santa at\u00edpica mas profunda. Aproveitando a &#8220;pouca mobilidade&#8221; para favorecer os encontros comunit\u00e1rios, a aus\u00eancia de prociss\u00f5es para acompanhar Jesus em casa e descobri-lo noutros rostos [&hellip;]<\/p>\n","protected":false},"author":1,"featured_media":7705,"comment_status":"open","ping_status":"open","sticky":false,"template":"","format":"standard","meta":{"_acf_changed":false,"footnotes":""},"categories":[61,62],"tags":[],"class_list":["post-13983","post","type-post","status-publish","format-standard","has-post-thumbnail","hentry","category-noticias","category-otras"],"acf":[],"yoast_head":"<!-- This site is optimized with the Yoast SEO plugin v27.5 - https:\/\/yoast.com\/product\/yoast-seo-wordpress\/ -->\n<title>As Irm\u00e3s Teresianas de Huelva celebram a P\u00e1scoa - En Compa\u00f1\u00eda STJ<\/title>\n<meta name=\"robots\" content=\"index, follow, max-snippet:-1, max-image-preview:large, max-video-preview:-1\" \/>\n<link rel=\"canonical\" href=\"https:\/\/encompaniastj.org\/pt-pt\/as-irmas-teresianas-de-huelva-celebram-a-pascoa\/\" \/>\n<meta property=\"og:locale\" content=\"pt_PT\" \/>\n<meta property=\"og:type\" content=\"article\" \/>\n<meta property=\"og:title\" content=\"As Irm\u00e3s Teresianas de Huelva celebram a P\u00e1scoa - En Compa\u00f1\u00eda STJ\" \/>\n<meta property=\"og:description\" content=\"Depois de uma Semana Santa at\u00edpica mas profunda. Aproveitando a &#8220;pouca mobilidade&#8221; para favorecer os encontros comunit\u00e1rios, a aus\u00eancia de prociss\u00f5es para acompanhar Jesus em casa e descobri-lo noutros rostos [&hellip;]\" \/>\n<meta property=\"og:url\" content=\"https:\/\/encompaniastj.org\/pt-pt\/as-irmas-teresianas-de-huelva-celebram-a-pascoa\/\" \/>\n<meta property=\"og:site_name\" content=\"En Compa\u00f1\u00eda STJ\" \/>\n<meta property=\"article:published_time\" content=\"2021-04-07T15:35:26+00:00\" \/>\n<meta property=\"article:modified_time\" content=\"2025-10-14T07:01:11+00:00\" \/>\n<meta property=\"og:image\" content=\"https:\/\/encompaniastj.org\/wp-content\/uploads\/2025\/05\/huelva2-2.jpg\" \/>\n\t<meta property=\"og:image:width\" content=\"500\" \/>\n\t<meta property=\"og:image:height\" content=\"333\" \/>\n\t<meta property=\"og:image:type\" content=\"image\/jpeg\" \/>\n<meta name=\"author\" content=\"admin\" \/>\n<meta name=\"twitter:card\" content=\"summary_large_image\" \/>\n<meta name=\"twitter:label1\" content=\"Escrito por\" \/>\n\t<meta name=\"twitter:data1\" content=\"admin\" \/>\n\t<meta name=\"twitter:label2\" content=\"Tempo estimado de leitura\" \/>\n\t<meta name=\"twitter:data2\" content=\"1 minuto\" \/>\n<script type=\"application\/ld+json\" class=\"yoast-schema-graph\">{\"@context\":\"https:\\\/\\\/schema.org\",\"@graph\":[{\"@type\":\"Article\",\"@id\":\"https:\\\/\\\/encompaniastj.org\\\/pt-pt\\\/as-irmas-teresianas-de-huelva-celebram-a-pascoa\\\/#article\",\"isPartOf\":{\"@id\":\"https:\\\/\\\/encompaniastj.org\\\/pt-pt\\\/as-irmas-teresianas-de-huelva-celebram-a-pascoa\\\/\"},\"author\":{\"name\":\"admin\",\"@id\":\"https:\\\/\\\/encompaniastj.org\\\/pt-pt\\\/#\\\/schema\\\/person\\\/520e7ecc314793d40091993c2a02b651\"},\"headline\":\"As Irm\u00e3s Teresianas de Huelva celebram a P\u00e1scoa\",\"datePublished\":\"2021-04-07T15:35:26+00:00\",\"dateModified\":\"2025-10-14T07:01:11+00:00\",\"mainEntityOfPage\":{\"@id\":\"https:\\\/\\\/encompaniastj.org\\\/pt-pt\\\/as-irmas-teresianas-de-huelva-celebram-a-pascoa\\\/\"},\"wordCount\":204,\"commentCount\":0,\"publisher\":{\"@id\":\"https:\\\/\\\/encompaniastj.org\\\/pt-pt\\\/#organization\"},\"image\":{\"@id\":\"https:\\\/\\\/encompaniastj.org\\\/pt-pt\\\/as-irmas-teresianas-de-huelva-celebram-a-pascoa\\\/#primaryimage\"},\"thumbnailUrl\":\"https:\\\/\\\/encompaniastj.org\\\/wp-content\\\/uploads\\\/2025\\\/05\\\/huelva2-2.jpg\",\"articleSection\":[\"Noticias\",\"Otras\"],\"inLanguage\":\"pt-PT\",\"potentialAction\":[{\"@type\":\"CommentAction\",\"name\":\"Comment\",\"target\":[\"https:\\\/\\\/encompaniastj.org\\\/pt-pt\\\/as-irmas-teresianas-de-huelva-celebram-a-pascoa\\\/#respond\"]}]},{\"@type\":\"WebPage\",\"@id\":\"https:\\\/\\\/encompaniastj.org\\\/pt-pt\\\/as-irmas-teresianas-de-huelva-celebram-a-pascoa\\\/\",\"url\":\"https:\\\/\\\/encompaniastj.org\\\/pt-pt\\\/as-irmas-teresianas-de-huelva-celebram-a-pascoa\\\/\",\"name\":\"As Irm\u00e3s Teresianas de Huelva celebram a P\u00e1scoa - En Compa\u00f1\u00eda STJ\",\"isPartOf\":{\"@id\":\"https:\\\/\\\/encompaniastj.org\\\/pt-pt\\\/#website\"},\"primaryImageOfPage\":{\"@id\":\"https:\\\/\\\/encompaniastj.org\\\/pt-pt\\\/as-irmas-teresianas-de-huelva-celebram-a-pascoa\\\/#primaryimage\"},\"image\":{\"@id\":\"https:\\\/\\\/encompaniastj.org\\\/pt-pt\\\/as-irmas-teresianas-de-huelva-celebram-a-pascoa\\\/#primaryimage\"},\"thumbnailUrl\":\"https:\\\/\\\/encompaniastj.org\\\/wp-content\\\/uploads\\\/2025\\\/05\\\/huelva2-2.jpg\",\"datePublished\":\"2021-04-07T15:35:26+00:00\",\"dateModified\":\"2025-10-14T07:01:11+00:00\",\"breadcrumb\":{\"@id\":\"https:\\\/\\\/encompaniastj.org\\\/pt-pt\\\/as-irmas-teresianas-de-huelva-celebram-a-pascoa\\\/#breadcrumb\"},\"inLanguage\":\"pt-PT\",\"potentialAction\":[{\"@type\":\"ReadAction\",\"target\":[\"https:\\\/\\\/encompaniastj.org\\\/pt-pt\\\/as-irmas-teresianas-de-huelva-celebram-a-pascoa\\\/\"]}]},{\"@type\":\"ImageObject\",\"inLanguage\":\"pt-PT\",\"@id\":\"https:\\\/\\\/encompaniastj.org\\\/pt-pt\\\/as-irmas-teresianas-de-huelva-celebram-a-pascoa\\\/#primaryimage\",\"url\":\"https:\\\/\\\/encompaniastj.org\\\/wp-content\\\/uploads\\\/2025\\\/05\\\/huelva2-2.jpg\",\"contentUrl\":\"https:\\\/\\\/encompaniastj.org\\\/wp-content\\\/uploads\\\/2025\\\/05\\\/huelva2-2.jpg\",\"width\":500,\"height\":333},{\"@type\":\"BreadcrumbList\",\"@id\":\"https:\\\/\\\/encompaniastj.org\\\/pt-pt\\\/as-irmas-teresianas-de-huelva-celebram-a-pascoa\\\/#breadcrumb\",\"itemListElement\":[{\"@type\":\"ListItem\",\"position\":1,\"name\":\"Portada\",\"item\":\"https:\\\/\\\/encompaniastj.org\\\/pt-pt\\\/\"},{\"@type\":\"ListItem\",\"position\":2,\"name\":\"As Irm\u00e3s Teresianas de Huelva celebram a P\u00e1scoa\"}]},{\"@type\":\"WebSite\",\"@id\":\"https:\\\/\\\/encompaniastj.org\\\/pt-pt\\\/#website\",\"url\":\"https:\\\/\\\/encompaniastj.org\\\/pt-pt\\\/\",\"name\":\"En Compa\u00f1\u00eda STJ\",\"description\":\"Bolet\u00edn de la Compa\u00f1\u00eda de Santa Teresa de Jes\u00fas\",\"publisher\":{\"@id\":\"https:\\\/\\\/encompaniastj.org\\\/pt-pt\\\/#organization\"},\"potentialAction\":[{\"@type\":\"SearchAction\",\"target\":{\"@type\":\"EntryPoint\",\"urlTemplate\":\"https:\\\/\\\/encompaniastj.org\\\/pt-pt\\\/?s={search_term_string}\"},\"query-input\":{\"@type\":\"PropertyValueSpecification\",\"valueRequired\":true,\"valueName\":\"search_term_string\"}}],\"inLanguage\":\"pt-PT\"},{\"@type\":\"Organization\",\"@id\":\"https:\\\/\\\/encompaniastj.org\\\/pt-pt\\\/#organization\",\"name\":\"Compa\u00f1\u00eda de Santa Teresa de Jes\u00fas\",\"url\":\"https:\\\/\\\/encompaniastj.org\\\/pt-pt\\\/\",\"logo\":{\"@type\":\"ImageObject\",\"inLanguage\":\"pt-PT\",\"@id\":\"https:\\\/\\\/encompaniastj.org\\\/pt-pt\\\/#\\\/schema\\\/logo\\\/image\\\/\",\"url\":\"https:\\\/\\\/encompaniastj.org\\\/wp-content\\\/uploads\\\/2025\\\/04\\\/logo_provincias02-1-3.png\",\"contentUrl\":\"https:\\\/\\\/encompaniastj.org\\\/wp-content\\\/uploads\\\/2025\\\/04\\\/logo_provincias02-1-3.png\",\"width\":2368,\"height\":825,\"caption\":\"Compa\u00f1\u00eda de Santa Teresa de Jes\u00fas\"},\"image\":{\"@id\":\"https:\\\/\\\/encompaniastj.org\\\/pt-pt\\\/#\\\/schema\\\/logo\\\/image\\\/\"}},{\"@type\":\"Person\",\"@id\":\"https:\\\/\\\/encompaniastj.org\\\/pt-pt\\\/#\\\/schema\\\/person\\\/520e7ecc314793d40091993c2a02b651\",\"name\":\"admin\",\"image\":{\"@type\":\"ImageObject\",\"inLanguage\":\"pt-PT\",\"@id\":\"https:\\\/\\\/secure.gravatar.com\\\/avatar\\\/948b492cce32b586ac2db0eaa926ee87024f7afe218d73b397ea5ddfc5f43ea1?s=96&d=mm&r=g\",\"url\":\"https:\\\/\\\/secure.gravatar.com\\\/avatar\\\/948b492cce32b586ac2db0eaa926ee87024f7afe218d73b397ea5ddfc5f43ea1?s=96&d=mm&r=g\",\"contentUrl\":\"https:\\\/\\\/secure.gravatar.com\\\/avatar\\\/948b492cce32b586ac2db0eaa926ee87024f7afe218d73b397ea5ddfc5f43ea1?s=96&d=mm&r=g\",\"caption\":\"admin\"},\"sameAs\":[\"https:\\\/\\\/encompaniastj.org\"],\"url\":\"https:\\\/\\\/encompaniastj.org\\\/pt-pt\\\/author\\\/sjdigital\\\/\"}]}<\/script>\n<!-- \/ Yoast SEO plugin. -->","yoast_head_json":{"title":"As Irm\u00e3s Teresianas de Huelva celebram a P\u00e1scoa - En Compa\u00f1\u00eda STJ","robots":{"index":"index","follow":"follow","max-snippet":"max-snippet:-1","max-image-preview":"max-image-preview:large","max-video-preview":"max-video-preview:-1"},"canonical":"https:\/\/encompaniastj.org\/pt-pt\/as-irmas-teresianas-de-huelva-celebram-a-pascoa\/","og_locale":"pt_PT","og_type":"article","og_title":"As Irm\u00e3s Teresianas de Huelva celebram a P\u00e1scoa - En Compa\u00f1\u00eda STJ","og_description":"Depois de uma Semana Santa at\u00edpica mas profunda. Aproveitando a &#8220;pouca mobilidade&#8221; para favorecer os encontros comunit\u00e1rios, a aus\u00eancia de prociss\u00f5es para acompanhar Jesus em casa e descobri-lo noutros rostos [&hellip;]","og_url":"https:\/\/encompaniastj.org\/pt-pt\/as-irmas-teresianas-de-huelva-celebram-a-pascoa\/","og_site_name":"En Compa\u00f1\u00eda STJ","article_published_time":"2021-04-07T15:35:26+00:00","article_modified_time":"2025-10-14T07:01:11+00:00","og_image":[{"width":500,"height":333,"url":"https:\/\/encompaniastj.org\/wp-content\/uploads\/2025\/05\/huelva2-2.jpg","type":"image\/jpeg"}],"author":"admin","twitter_card":"summary_large_image","twitter_misc":{"Escrito por":"admin","Tempo estimado de leitura":"1 minuto"},"schema":{"@context":"https:\/\/schema.org","@graph":[{"@type":"Article","@id":"https:\/\/encompaniastj.org\/pt-pt\/as-irmas-teresianas-de-huelva-celebram-a-pascoa\/#article","isPartOf":{"@id":"https:\/\/encompaniastj.org\/pt-pt\/as-irmas-teresianas-de-huelva-celebram-a-pascoa\/"},"author":{"name":"admin","@id":"https:\/\/encompaniastj.org\/pt-pt\/#\/schema\/person\/520e7ecc314793d40091993c2a02b651"},"headline":"As Irm\u00e3s Teresianas de Huelva celebram a P\u00e1scoa","datePublished":"2021-04-07T15:35:26+00:00","dateModified":"2025-10-14T07:01:11+00:00","mainEntityOfPage":{"@id":"https:\/\/encompaniastj.org\/pt-pt\/as-irmas-teresianas-de-huelva-celebram-a-pascoa\/"},"wordCount":204,"commentCount":0,"publisher":{"@id":"https:\/\/encompaniastj.org\/pt-pt\/#organization"},"image":{"@id":"https:\/\/encompaniastj.org\/pt-pt\/as-irmas-teresianas-de-huelva-celebram-a-pascoa\/#primaryimage"},"thumbnailUrl":"https:\/\/encompaniastj.org\/wp-content\/uploads\/2025\/05\/huelva2-2.jpg","articleSection":["Noticias","Otras"],"inLanguage":"pt-PT","potentialAction":[{"@type":"CommentAction","name":"Comment","target":["https:\/\/encompaniastj.org\/pt-pt\/as-irmas-teresianas-de-huelva-celebram-a-pascoa\/#respond"]}]},{"@type":"WebPage","@id":"https:\/\/encompaniastj.org\/pt-pt\/as-irmas-teresianas-de-huelva-celebram-a-pascoa\/","url":"https:\/\/encompaniastj.org\/pt-pt\/as-irmas-teresianas-de-huelva-celebram-a-pascoa\/","name":"As Irm\u00e3s Teresianas de Huelva celebram a P\u00e1scoa - En Compa\u00f1\u00eda STJ","isPartOf":{"@id":"https:\/\/encompaniastj.org\/pt-pt\/#website"},"primaryImageOfPage":{"@id":"https:\/\/encompaniastj.org\/pt-pt\/as-irmas-teresianas-de-huelva-celebram-a-pascoa\/#primaryimage"},"image":{"@id":"https:\/\/encompaniastj.org\/pt-pt\/as-irmas-teresianas-de-huelva-celebram-a-pascoa\/#primaryimage"},"thumbnailUrl":"https:\/\/encompaniastj.org\/wp-content\/uploads\/2025\/05\/huelva2-2.jpg","datePublished":"2021-04-07T15:35:26+00:00","dateModified":"2025-10-14T07:01:11+00:00","breadcrumb":{"@id":"https:\/\/encompaniastj.org\/pt-pt\/as-irmas-teresianas-de-huelva-celebram-a-pascoa\/#breadcrumb"},"inLanguage":"pt-PT","potentialAction":[{"@type":"ReadAction","target":["https:\/\/encompaniastj.org\/pt-pt\/as-irmas-teresianas-de-huelva-celebram-a-pascoa\/"]}]},{"@type":"ImageObject","inLanguage":"pt-PT","@id":"https:\/\/encompaniastj.org\/pt-pt\/as-irmas-teresianas-de-huelva-celebram-a-pascoa\/#primaryimage","url":"https:\/\/encompaniastj.org\/wp-content\/uploads\/2025\/05\/huelva2-2.jpg","contentUrl":"https:\/\/encompaniastj.org\/wp-content\/uploads\/2025\/05\/huelva2-2.jpg","width":500,"height":333},{"@type":"BreadcrumbList","@id":"https:\/\/encompaniastj.org\/pt-pt\/as-irmas-teresianas-de-huelva-celebram-a-pascoa\/#breadcrumb","itemListElement":[{"@type":"ListItem","position":1,"name":"Portada","item":"https:\/\/encompaniastj.org\/pt-pt\/"},{"@type":"ListItem","position":2,"name":"As Irm\u00e3s Teresianas de Huelva celebram a P\u00e1scoa"}]},{"@type":"WebSite","@id":"https:\/\/encompaniastj.org\/pt-pt\/#website","url":"https:\/\/encompaniastj.org\/pt-pt\/","name":"En Compa\u00f1\u00eda STJ","description":"Bolet\u00edn de la Compa\u00f1\u00eda de Santa Teresa de Jes\u00fas","publisher":{"@id":"https:\/\/encompaniastj.org\/pt-pt\/#organization"},"potentialAction":[{"@type":"SearchAction","target":{"@type":"EntryPoint","urlTemplate":"https:\/\/encompaniastj.org\/pt-pt\/?s={search_term_string}"},"query-input":{"@type":"PropertyValueSpecification","valueRequired":true,"valueName":"search_term_string"}}],"inLanguage":"pt-PT"},{"@type":"Organization","@id":"https:\/\/encompaniastj.org\/pt-pt\/#organization","name":"Compa\u00f1\u00eda de Santa Teresa de Jes\u00fas","url":"https:\/\/encompaniastj.org\/pt-pt\/","logo":{"@type":"ImageObject","inLanguage":"pt-PT","@id":"https:\/\/encompaniastj.org\/pt-pt\/#\/schema\/logo\/image\/","url":"https:\/\/encompaniastj.org\/wp-content\/uploads\/2025\/04\/logo_provincias02-1-3.png","contentUrl":"https:\/\/encompaniastj.org\/wp-content\/uploads\/2025\/04\/logo_provincias02-1-3.png","width":2368,"height":825,"caption":"Compa\u00f1\u00eda de Santa Teresa de Jes\u00fas"},"image":{"@id":"https:\/\/encompaniastj.org\/pt-pt\/#\/schema\/logo\/image\/"}},{"@type":"Person","@id":"https:\/\/encompaniastj.org\/pt-pt\/#\/schema\/person\/520e7ecc314793d40091993c2a02b651","name":"admin","image":{"@type":"ImageObject","inLanguage":"pt-PT","@id":"https:\/\/secure.gravatar.com\/avatar\/948b492cce32b586ac2db0eaa926ee87024f7afe218d73b397ea5ddfc5f43ea1?s=96&d=mm&r=g","url":"https:\/\/secure.gravatar.com\/avatar\/948b492cce32b586ac2db0eaa926ee87024f7afe218d73b397ea5ddfc5f43ea1?s=96&d=mm&r=g","contentUrl":"https:\/\/secure.gravatar.com\/avatar\/948b492cce32b586ac2db0eaa926ee87024f7afe218d73b397ea5ddfc5f43ea1?s=96&d=mm&r=g","caption":"admin"},"sameAs":["https:\/\/encompaniastj.org"],"url":"https:\/\/encompaniastj.org\/pt-pt\/author\/sjdigital\/"}]}},"_links":{"self":[{"href":"https:\/\/encompaniastj.org\/pt-pt\/wp-json\/wp\/v2\/posts\/13983","targetHints":{"allow":["GET"]}}],"collection":[{"href":"https:\/\/encompaniastj.org\/pt-pt\/wp-json\/wp\/v2\/posts"}],"about":[{"href":"https:\/\/encompaniastj.org\/pt-pt\/wp-json\/wp\/v2\/types\/post"}],"author":[{"embeddable":true,"href":"https:\/\/encompaniastj.org\/pt-pt\/wp-json\/wp\/v2\/users\/1"}],"replies":[{"embeddable":true,"href":"https:\/\/encompaniastj.org\/pt-pt\/wp-json\/wp\/v2\/comments?post=13983"}],"version-history":[{"count":1,"href":"https:\/\/encompaniastj.org\/pt-pt\/wp-json\/wp\/v2\/posts\/13983\/revisions"}],"predecessor-version":[{"id":13986,"href":"https:\/\/encompaniastj.org\/pt-pt\/wp-json\/wp\/v2\/posts\/13983\/revisions\/13986"}],"wp:featuredmedia":[{"embeddable":true,"href":"https:\/\/encompaniastj.org\/pt-pt\/wp-json\/wp\/v2\/media\/7705"}],"wp:attachment":[{"href":"https:\/\/encompaniastj.org\/pt-pt\/wp-json\/wp\/v2\/media?parent=13983"}],"wp:term":[{"taxonomy":"category","embeddable":true,"href":"https:\/\/encompaniastj.org\/pt-pt\/wp-json\/wp\/v2\/categories?post=13983"},{"taxonomy":"post_tag","embeddable":true,"href":"https:\/\/encompaniastj.org\/pt-pt\/wp-json\/wp\/v2\/tags?post=13983"}],"curies":[{"name":"wp","href":"https:\/\/api.w.org\/{rel}","templated":true}]}}