{"id":13973,"date":"2022-08-22T09:06:00","date_gmt":"2022-08-22T07:06:00","guid":{"rendered":"https:\/\/encompaniastj.org\/ascension-martinez-luna-1-de-agosto-de-2022-huelva-residencia-3\/"},"modified":"2022-08-22T09:06:00","modified_gmt":"2022-08-22T07:06:00","slug":"ascension-martinez-luna-1-de-agosto-de-2022-huelva-residencia-3","status":"publish","type":"post","link":"https:\/\/encompaniastj.org\/pt-pt\/ascension-martinez-luna-1-de-agosto-de-2022-huelva-residencia-3\/","title":{"rendered":"Ascensi\u00f3n Mart\u00ednez Luna. 1 de agosto de 2022 (Huelva Residencia)"},"content":{"rendered":"<p>Ir. Ascensi\u00f3n Mart\u00ednez faleceu em Huelva - Residencia no dia 1 de agosto de 2022. Tinha 91 anos e tinha experimentado um decl\u00ednio significativo no \u00faltimo ano, mas n\u00e3o esperava um fim t\u00e3o r\u00e1pido. O Senhor deu-lhe o dom de um encontro com Ele, com uma morte tranquila, sem ter de passar pela prova\u00e7\u00e3o do sofrimento.   <\/p>\n<p>Ascensi\u00f3n nasceu em Valdepe\u00f1as, (Ja\u00e9n) e foi aluna de MadridPuebla, escola que leva no cora\u00e7\u00e3o com carinho e gratid\u00e3o. A\u00ed aprende a amar a m\u00fasica e os trabalhos manuais. Foi professora prim\u00e1ria nos col\u00e9gios de Andaluc\u00eda, Mora e Ciudad Rodrigo. Durante muitos anos trabalhou na secretaria do col\u00e9gio de Oviedo e nos \u00faltimos 10 anos na Resid\u00eancia de Huelva. Desde o tempo em que viveu em Oviedo, guardou a mem\u00f3ria da Virgem de Covadonga, a quem amava muito. Sem d\u00favida, Maria acompanhou os seus \u00faltimos momentos e apresentou-a a Jesus com os cuidados de uma m\u00e3e.     <\/p>\n<p>Estamos gratos pela sua vida na Sociedade e pela sua miss\u00e3o nas diferentes \u00e1reas em que p\u00f4s em pr\u00e1tica os dons que o Senhor lhe deu, e rezamos para que possa agora gozar a P\u00e1scoa eterna.<\/p>\n","protected":false},"excerpt":{"rendered":"<p>Ir. Ascensi\u00f3n Mart\u00ednez faleceu em Huelva - Residencia no dia 1 de agosto de 2022. Tinha 91 anos e tinha experimentado um decl\u00ednio significativo no \u00faltimo ano, mas n\u00e3o esperava [&hellip;]<\/p>\n","protected":false},"author":1,"featured_media":7962,"comment_status":"open","ping_status":"open","sticky":false,"template":"","format":"standard","meta":{"_acf_changed":false,"footnotes":""},"categories":[63],"tags":[],"class_list":["post-13973","post","type-post","status-publish","format-standard","has-post-thumbnail","hentry","category-fallecimientos"],"acf":[],"yoast_head":"<!-- This site is optimized with the Yoast SEO plugin v27.5 - https:\/\/yoast.com\/product\/yoast-seo-wordpress\/ -->\n<title>Ascensi\u00f3n Mart\u00ednez Luna. 1 de agosto de 2022 (Huelva Residencia) - En Compa\u00f1\u00eda STJ<\/title>\n<meta name=\"robots\" content=\"index, follow, max-snippet:-1, max-image-preview:large, max-video-preview:-1\" \/>\n<link rel=\"canonical\" href=\"https:\/\/encompaniastj.org\/pt-pt\/ascension-martinez-luna-1-de-agosto-de-2022-huelva-residencia-3\/\" \/>\n<meta property=\"og:locale\" content=\"pt_PT\" \/>\n<meta property=\"og:type\" content=\"article\" \/>\n<meta property=\"og:title\" content=\"Ascensi\u00f3n Mart\u00ednez Luna. 1 de agosto de 2022 (Huelva Residencia) - En Compa\u00f1\u00eda STJ\" \/>\n<meta property=\"og:description\" content=\"Ir. Ascensi\u00f3n Mart\u00ednez faleceu em Huelva - Residencia no dia 1 de agosto de 2022. Tinha 91 anos e tinha experimentado um decl\u00ednio significativo no \u00faltimo ano, mas n\u00e3o esperava [&hellip;]\" \/>\n<meta property=\"og:url\" content=\"https:\/\/encompaniastj.org\/pt-pt\/ascension-martinez-luna-1-de-agosto-de-2022-huelva-residencia-3\/\" \/>\n<meta property=\"og:site_name\" content=\"En Compa\u00f1\u00eda STJ\" \/>\n<meta property=\"article:published_time\" content=\"2022-08-22T07:06:00+00:00\" \/>\n<meta property=\"og:image\" content=\"https:\/\/encompaniastj.org\/wp-content\/uploads\/2025\/05\/hojas.jpg\" \/>\n\t<meta property=\"og:image:width\" content=\"1280\" \/>\n\t<meta property=\"og:image:height\" content=\"853\" \/>\n\t<meta property=\"og:image:type\" content=\"image\/jpeg\" \/>\n<meta name=\"author\" content=\"admin\" \/>\n<meta name=\"twitter:card\" content=\"summary_large_image\" \/>\n<meta name=\"twitter:label1\" content=\"Escrito por\" \/>\n\t<meta name=\"twitter:data1\" content=\"admin\" \/>\n\t<meta name=\"twitter:label2\" content=\"Tempo estimado de leitura\" \/>\n\t<meta name=\"twitter:data2\" content=\"1 minuto\" \/>\n<script type=\"application\/ld+json\" class=\"yoast-schema-graph\">{\"@context\":\"https:\\\/\\\/schema.org\",\"@graph\":[{\"@type\":\"Article\",\"@id\":\"https:\\\/\\\/encompaniastj.org\\\/pt-pt\\\/ascension-martinez-luna-1-de-agosto-de-2022-huelva-residencia-3\\\/#article\",\"isPartOf\":{\"@id\":\"https:\\\/\\\/encompaniastj.org\\\/pt-pt\\\/ascension-martinez-luna-1-de-agosto-de-2022-huelva-residencia-3\\\/\"},\"author\":{\"name\":\"admin\",\"@id\":\"https:\\\/\\\/encompaniastj.org\\\/pt-pt\\\/#\\\/schema\\\/person\\\/520e7ecc314793d40091993c2a02b651\"},\"headline\":\"Ascensi\u00f3n Mart\u00ednez Luna. 1 de agosto de 2022 (Huelva Residencia)\",\"datePublished\":\"2022-08-22T07:06:00+00:00\",\"mainEntityOfPage\":{\"@id\":\"https:\\\/\\\/encompaniastj.org\\\/pt-pt\\\/ascension-martinez-luna-1-de-agosto-de-2022-huelva-residencia-3\\\/\"},\"wordCount\":219,\"commentCount\":0,\"publisher\":{\"@id\":\"https:\\\/\\\/encompaniastj.org\\\/pt-pt\\\/#organization\"},\"image\":{\"@id\":\"https:\\\/\\\/encompaniastj.org\\\/pt-pt\\\/ascension-martinez-luna-1-de-agosto-de-2022-huelva-residencia-3\\\/#primaryimage\"},\"thumbnailUrl\":\"https:\\\/\\\/encompaniastj.org\\\/wp-content\\\/uploads\\\/2025\\\/05\\\/hojas.jpg\",\"articleSection\":[\"Fallecimientos\"],\"inLanguage\":\"pt-PT\",\"potentialAction\":[{\"@type\":\"CommentAction\",\"name\":\"Comment\",\"target\":[\"https:\\\/\\\/encompaniastj.org\\\/pt-pt\\\/ascension-martinez-luna-1-de-agosto-de-2022-huelva-residencia-3\\\/#respond\"]}]},{\"@type\":\"WebPage\",\"@id\":\"https:\\\/\\\/encompaniastj.org\\\/pt-pt\\\/ascension-martinez-luna-1-de-agosto-de-2022-huelva-residencia-3\\\/\",\"url\":\"https:\\\/\\\/encompaniastj.org\\\/pt-pt\\\/ascension-martinez-luna-1-de-agosto-de-2022-huelva-residencia-3\\\/\",\"name\":\"Ascensi\u00f3n Mart\u00ednez Luna. 1 de agosto de 2022 (Huelva Residencia) - En Compa\u00f1\u00eda STJ\",\"isPartOf\":{\"@id\":\"https:\\\/\\\/encompaniastj.org\\\/pt-pt\\\/#website\"},\"primaryImageOfPage\":{\"@id\":\"https:\\\/\\\/encompaniastj.org\\\/pt-pt\\\/ascension-martinez-luna-1-de-agosto-de-2022-huelva-residencia-3\\\/#primaryimage\"},\"image\":{\"@id\":\"https:\\\/\\\/encompaniastj.org\\\/pt-pt\\\/ascension-martinez-luna-1-de-agosto-de-2022-huelva-residencia-3\\\/#primaryimage\"},\"thumbnailUrl\":\"https:\\\/\\\/encompaniastj.org\\\/wp-content\\\/uploads\\\/2025\\\/05\\\/hojas.jpg\",\"datePublished\":\"2022-08-22T07:06:00+00:00\",\"breadcrumb\":{\"@id\":\"https:\\\/\\\/encompaniastj.org\\\/pt-pt\\\/ascension-martinez-luna-1-de-agosto-de-2022-huelva-residencia-3\\\/#breadcrumb\"},\"inLanguage\":\"pt-PT\",\"potentialAction\":[{\"@type\":\"ReadAction\",\"target\":[\"https:\\\/\\\/encompaniastj.org\\\/pt-pt\\\/ascension-martinez-luna-1-de-agosto-de-2022-huelva-residencia-3\\\/\"]}]},{\"@type\":\"ImageObject\",\"inLanguage\":\"pt-PT\",\"@id\":\"https:\\\/\\\/encompaniastj.org\\\/pt-pt\\\/ascension-martinez-luna-1-de-agosto-de-2022-huelva-residencia-3\\\/#primaryimage\",\"url\":\"https:\\\/\\\/encompaniastj.org\\\/wp-content\\\/uploads\\\/2025\\\/05\\\/hojas.jpg\",\"contentUrl\":\"https:\\\/\\\/encompaniastj.org\\\/wp-content\\\/uploads\\\/2025\\\/05\\\/hojas.jpg\",\"width\":1280,\"height\":853},{\"@type\":\"BreadcrumbList\",\"@id\":\"https:\\\/\\\/encompaniastj.org\\\/pt-pt\\\/ascension-martinez-luna-1-de-agosto-de-2022-huelva-residencia-3\\\/#breadcrumb\",\"itemListElement\":[{\"@type\":\"ListItem\",\"position\":1,\"name\":\"Portada\",\"item\":\"https:\\\/\\\/encompaniastj.org\\\/pt-pt\\\/\"},{\"@type\":\"ListItem\",\"position\":2,\"name\":\"Ascensi\u00f3n Mart\u00ednez Luna. 1 de agosto de 2022 (Huelva Residencia)\"}]},{\"@type\":\"WebSite\",\"@id\":\"https:\\\/\\\/encompaniastj.org\\\/pt-pt\\\/#website\",\"url\":\"https:\\\/\\\/encompaniastj.org\\\/pt-pt\\\/\",\"name\":\"En Compa\u00f1\u00eda STJ\",\"description\":\"Bolet\u00edn de la Compa\u00f1\u00eda de Santa Teresa de Jes\u00fas\",\"publisher\":{\"@id\":\"https:\\\/\\\/encompaniastj.org\\\/pt-pt\\\/#organization\"},\"potentialAction\":[{\"@type\":\"SearchAction\",\"target\":{\"@type\":\"EntryPoint\",\"urlTemplate\":\"https:\\\/\\\/encompaniastj.org\\\/pt-pt\\\/?s={search_term_string}\"},\"query-input\":{\"@type\":\"PropertyValueSpecification\",\"valueRequired\":true,\"valueName\":\"search_term_string\"}}],\"inLanguage\":\"pt-PT\"},{\"@type\":\"Organization\",\"@id\":\"https:\\\/\\\/encompaniastj.org\\\/pt-pt\\\/#organization\",\"name\":\"Compa\u00f1\u00eda de Santa Teresa de Jes\u00fas\",\"url\":\"https:\\\/\\\/encompaniastj.org\\\/pt-pt\\\/\",\"logo\":{\"@type\":\"ImageObject\",\"inLanguage\":\"pt-PT\",\"@id\":\"https:\\\/\\\/encompaniastj.org\\\/pt-pt\\\/#\\\/schema\\\/logo\\\/image\\\/\",\"url\":\"https:\\\/\\\/encompaniastj.org\\\/wp-content\\\/uploads\\\/2025\\\/04\\\/logo_provincias02-1-3.png\",\"contentUrl\":\"https:\\\/\\\/encompaniastj.org\\\/wp-content\\\/uploads\\\/2025\\\/04\\\/logo_provincias02-1-3.png\",\"width\":2368,\"height\":825,\"caption\":\"Compa\u00f1\u00eda de Santa Teresa de Jes\u00fas\"},\"image\":{\"@id\":\"https:\\\/\\\/encompaniastj.org\\\/pt-pt\\\/#\\\/schema\\\/logo\\\/image\\\/\"}},{\"@type\":\"Person\",\"@id\":\"https:\\\/\\\/encompaniastj.org\\\/pt-pt\\\/#\\\/schema\\\/person\\\/520e7ecc314793d40091993c2a02b651\",\"name\":\"admin\",\"image\":{\"@type\":\"ImageObject\",\"inLanguage\":\"pt-PT\",\"@id\":\"https:\\\/\\\/secure.gravatar.com\\\/avatar\\\/948b492cce32b586ac2db0eaa926ee87024f7afe218d73b397ea5ddfc5f43ea1?s=96&d=mm&r=g\",\"url\":\"https:\\\/\\\/secure.gravatar.com\\\/avatar\\\/948b492cce32b586ac2db0eaa926ee87024f7afe218d73b397ea5ddfc5f43ea1?s=96&d=mm&r=g\",\"contentUrl\":\"https:\\\/\\\/secure.gravatar.com\\\/avatar\\\/948b492cce32b586ac2db0eaa926ee87024f7afe218d73b397ea5ddfc5f43ea1?s=96&d=mm&r=g\",\"caption\":\"admin\"},\"sameAs\":[\"https:\\\/\\\/encompaniastj.org\"],\"url\":\"https:\\\/\\\/encompaniastj.org\\\/pt-pt\\\/author\\\/sjdigital\\\/\"}]}<\/script>\n<!-- \/ Yoast SEO plugin. -->","yoast_head_json":{"title":"Ascensi\u00f3n Mart\u00ednez Luna. 1 de agosto de 2022 (Huelva Residencia) - En Compa\u00f1\u00eda STJ","robots":{"index":"index","follow":"follow","max-snippet":"max-snippet:-1","max-image-preview":"max-image-preview:large","max-video-preview":"max-video-preview:-1"},"canonical":"https:\/\/encompaniastj.org\/pt-pt\/ascension-martinez-luna-1-de-agosto-de-2022-huelva-residencia-3\/","og_locale":"pt_PT","og_type":"article","og_title":"Ascensi\u00f3n Mart\u00ednez Luna. 1 de agosto de 2022 (Huelva Residencia) - En Compa\u00f1\u00eda STJ","og_description":"Ir. Ascensi\u00f3n Mart\u00ednez faleceu em Huelva - Residencia no dia 1 de agosto de 2022. Tinha 91 anos e tinha experimentado um decl\u00ednio significativo no \u00faltimo ano, mas n\u00e3o esperava [&hellip;]","og_url":"https:\/\/encompaniastj.org\/pt-pt\/ascension-martinez-luna-1-de-agosto-de-2022-huelva-residencia-3\/","og_site_name":"En Compa\u00f1\u00eda STJ","article_published_time":"2022-08-22T07:06:00+00:00","og_image":[{"width":1280,"height":853,"url":"https:\/\/encompaniastj.org\/wp-content\/uploads\/2025\/05\/hojas.jpg","type":"image\/jpeg"}],"author":"admin","twitter_card":"summary_large_image","twitter_misc":{"Escrito por":"admin","Tempo estimado de leitura":"1 minuto"},"schema":{"@context":"https:\/\/schema.org","@graph":[{"@type":"Article","@id":"https:\/\/encompaniastj.org\/pt-pt\/ascension-martinez-luna-1-de-agosto-de-2022-huelva-residencia-3\/#article","isPartOf":{"@id":"https:\/\/encompaniastj.org\/pt-pt\/ascension-martinez-luna-1-de-agosto-de-2022-huelva-residencia-3\/"},"author":{"name":"admin","@id":"https:\/\/encompaniastj.org\/pt-pt\/#\/schema\/person\/520e7ecc314793d40091993c2a02b651"},"headline":"Ascensi\u00f3n Mart\u00ednez Luna. 1 de agosto de 2022 (Huelva Residencia)","datePublished":"2022-08-22T07:06:00+00:00","mainEntityOfPage":{"@id":"https:\/\/encompaniastj.org\/pt-pt\/ascension-martinez-luna-1-de-agosto-de-2022-huelva-residencia-3\/"},"wordCount":219,"commentCount":0,"publisher":{"@id":"https:\/\/encompaniastj.org\/pt-pt\/#organization"},"image":{"@id":"https:\/\/encompaniastj.org\/pt-pt\/ascension-martinez-luna-1-de-agosto-de-2022-huelva-residencia-3\/#primaryimage"},"thumbnailUrl":"https:\/\/encompaniastj.org\/wp-content\/uploads\/2025\/05\/hojas.jpg","articleSection":["Fallecimientos"],"inLanguage":"pt-PT","potentialAction":[{"@type":"CommentAction","name":"Comment","target":["https:\/\/encompaniastj.org\/pt-pt\/ascension-martinez-luna-1-de-agosto-de-2022-huelva-residencia-3\/#respond"]}]},{"@type":"WebPage","@id":"https:\/\/encompaniastj.org\/pt-pt\/ascension-martinez-luna-1-de-agosto-de-2022-huelva-residencia-3\/","url":"https:\/\/encompaniastj.org\/pt-pt\/ascension-martinez-luna-1-de-agosto-de-2022-huelva-residencia-3\/","name":"Ascensi\u00f3n Mart\u00ednez Luna. 1 de agosto de 2022 (Huelva Residencia) - En Compa\u00f1\u00eda STJ","isPartOf":{"@id":"https:\/\/encompaniastj.org\/pt-pt\/#website"},"primaryImageOfPage":{"@id":"https:\/\/encompaniastj.org\/pt-pt\/ascension-martinez-luna-1-de-agosto-de-2022-huelva-residencia-3\/#primaryimage"},"image":{"@id":"https:\/\/encompaniastj.org\/pt-pt\/ascension-martinez-luna-1-de-agosto-de-2022-huelva-residencia-3\/#primaryimage"},"thumbnailUrl":"https:\/\/encompaniastj.org\/wp-content\/uploads\/2025\/05\/hojas.jpg","datePublished":"2022-08-22T07:06:00+00:00","breadcrumb":{"@id":"https:\/\/encompaniastj.org\/pt-pt\/ascension-martinez-luna-1-de-agosto-de-2022-huelva-residencia-3\/#breadcrumb"},"inLanguage":"pt-PT","potentialAction":[{"@type":"ReadAction","target":["https:\/\/encompaniastj.org\/pt-pt\/ascension-martinez-luna-1-de-agosto-de-2022-huelva-residencia-3\/"]}]},{"@type":"ImageObject","inLanguage":"pt-PT","@id":"https:\/\/encompaniastj.org\/pt-pt\/ascension-martinez-luna-1-de-agosto-de-2022-huelva-residencia-3\/#primaryimage","url":"https:\/\/encompaniastj.org\/wp-content\/uploads\/2025\/05\/hojas.jpg","contentUrl":"https:\/\/encompaniastj.org\/wp-content\/uploads\/2025\/05\/hojas.jpg","width":1280,"height":853},{"@type":"BreadcrumbList","@id":"https:\/\/encompaniastj.org\/pt-pt\/ascension-martinez-luna-1-de-agosto-de-2022-huelva-residencia-3\/#breadcrumb","itemListElement":[{"@type":"ListItem","position":1,"name":"Portada","item":"https:\/\/encompaniastj.org\/pt-pt\/"},{"@type":"ListItem","position":2,"name":"Ascensi\u00f3n Mart\u00ednez Luna. 1 de agosto de 2022 (Huelva Residencia)"}]},{"@type":"WebSite","@id":"https:\/\/encompaniastj.org\/pt-pt\/#website","url":"https:\/\/encompaniastj.org\/pt-pt\/","name":"En Compa\u00f1\u00eda STJ","description":"Bolet\u00edn de la Compa\u00f1\u00eda de Santa Teresa de Jes\u00fas","publisher":{"@id":"https:\/\/encompaniastj.org\/pt-pt\/#organization"},"potentialAction":[{"@type":"SearchAction","target":{"@type":"EntryPoint","urlTemplate":"https:\/\/encompaniastj.org\/pt-pt\/?s={search_term_string}"},"query-input":{"@type":"PropertyValueSpecification","valueRequired":true,"valueName":"search_term_string"}}],"inLanguage":"pt-PT"},{"@type":"Organization","@id":"https:\/\/encompaniastj.org\/pt-pt\/#organization","name":"Compa\u00f1\u00eda de Santa Teresa de Jes\u00fas","url":"https:\/\/encompaniastj.org\/pt-pt\/","logo":{"@type":"ImageObject","inLanguage":"pt-PT","@id":"https:\/\/encompaniastj.org\/pt-pt\/#\/schema\/logo\/image\/","url":"https:\/\/encompaniastj.org\/wp-content\/uploads\/2025\/04\/logo_provincias02-1-3.png","contentUrl":"https:\/\/encompaniastj.org\/wp-content\/uploads\/2025\/04\/logo_provincias02-1-3.png","width":2368,"height":825,"caption":"Compa\u00f1\u00eda de Santa Teresa de Jes\u00fas"},"image":{"@id":"https:\/\/encompaniastj.org\/pt-pt\/#\/schema\/logo\/image\/"}},{"@type":"Person","@id":"https:\/\/encompaniastj.org\/pt-pt\/#\/schema\/person\/520e7ecc314793d40091993c2a02b651","name":"admin","image":{"@type":"ImageObject","inLanguage":"pt-PT","@id":"https:\/\/secure.gravatar.com\/avatar\/948b492cce32b586ac2db0eaa926ee87024f7afe218d73b397ea5ddfc5f43ea1?s=96&d=mm&r=g","url":"https:\/\/secure.gravatar.com\/avatar\/948b492cce32b586ac2db0eaa926ee87024f7afe218d73b397ea5ddfc5f43ea1?s=96&d=mm&r=g","contentUrl":"https:\/\/secure.gravatar.com\/avatar\/948b492cce32b586ac2db0eaa926ee87024f7afe218d73b397ea5ddfc5f43ea1?s=96&d=mm&r=g","caption":"admin"},"sameAs":["https:\/\/encompaniastj.org"],"url":"https:\/\/encompaniastj.org\/pt-pt\/author\/sjdigital\/"}]}},"_links":{"self":[{"href":"https:\/\/encompaniastj.org\/pt-pt\/wp-json\/wp\/v2\/posts\/13973","targetHints":{"allow":["GET"]}}],"collection":[{"href":"https:\/\/encompaniastj.org\/pt-pt\/wp-json\/wp\/v2\/posts"}],"about":[{"href":"https:\/\/encompaniastj.org\/pt-pt\/wp-json\/wp\/v2\/types\/post"}],"author":[{"embeddable":true,"href":"https:\/\/encompaniastj.org\/pt-pt\/wp-json\/wp\/v2\/users\/1"}],"replies":[{"embeddable":true,"href":"https:\/\/encompaniastj.org\/pt-pt\/wp-json\/wp\/v2\/comments?post=13973"}],"version-history":[{"count":0,"href":"https:\/\/encompaniastj.org\/pt-pt\/wp-json\/wp\/v2\/posts\/13973\/revisions"}],"wp:featuredmedia":[{"embeddable":true,"href":"https:\/\/encompaniastj.org\/pt-pt\/wp-json\/wp\/v2\/media\/7962"}],"wp:attachment":[{"href":"https:\/\/encompaniastj.org\/pt-pt\/wp-json\/wp\/v2\/media?parent=13973"}],"wp:term":[{"taxonomy":"category","embeddable":true,"href":"https:\/\/encompaniastj.org\/pt-pt\/wp-json\/wp\/v2\/categories?post=13973"},{"taxonomy":"post_tag","embeddable":true,"href":"https:\/\/encompaniastj.org\/pt-pt\/wp-json\/wp\/v2\/tags?post=13973"}],"curies":[{"name":"wp","href":"https:\/\/api.w.org\/{rel}","templated":true}]}}