{"id":13972,"date":"2021-04-01T10:10:58","date_gmt":"2021-04-01T08:10:58","guid":{"rendered":"https:\/\/encompaniastj.org\/digno-de-descobrir-o-mundo\/"},"modified":"2025-10-14T09:01:18","modified_gmt":"2025-10-14T07:01:18","slug":"digno-de-descobrir-o-mundo","status":"publish","type":"post","link":"https:\/\/encompaniastj.org\/pt-pt\/digno-de-descobrir-o-mundo\/","title":{"rendered":"Digno de descobrir o mundo"},"content":{"rendered":"\n<p>Durante o confinamento\nda pandemia, M. Victoria Molins escreveu quatro livros. Dois em catal\u00e3o<x id=\"gid_1\"><\/x>- \"El<x id=\"gid_2\"><\/x>carrer dels invisibles\" e \"Des de la pres\u00f3\" - e dois em espanhol: \"Una ventana al<x id=\"gid_3\"><\/x>Raval\" e este que agora comento. Tr\u00eas j\u00e1 est\u00e3o publicados e o quarto ser\u00e1 publicado em mar\u00e7o,\n. Comentarei \"Una ventana al Raval\"<x id=\"gid_5\"><\/x>mais tarde porque \u00e9 um resumo dos 25 anos que a comunidade do Raval celebrar\u00e1 neste<x id=\"gid_6\"><\/x>2021.\nExplica um tipo de itiner\u00e2ncia que se produz\nnuma comunidade de inser\u00e7\u00e3o, adaptando-se \u00e0s mudan\u00e7as que se produzem no bairro e saindo ao encontro dos \"sinais dos tempos\"\n.      <\/p>\n\n<p>Creio que este livro de\nde que te falo agora vale a pena, de uma forma ou de outra, chegar \u00e0s nossas comunidades\nporque est\u00e1 intimamente ligado \u00e0 nossa miss\u00e3o carism\u00e1tica: a educa\u00e7\u00e3o.  <\/p>\n\n<p>Foi um conhecido educador\ne criador de numerosos livros e artigos, Gregorio Luri, que cunhou\nesta frase numa confer\u00eancia, que \u00e9 agora o t\u00edtulo do livro de Victoria. Foi<x id=\"gid_2\"><\/x>por sua vez pronunciada pelo Pr\u00e9mio Nobel da Literatura, Albert Camus. Sim,\ntodos, todos, ricos e pobres, de uma ra\u00e7a ou de outra, todos somos dignos desse\nconhecimento que a educa\u00e7\u00e3o proporciona.  <\/p>\n\n<p>Luri conheceu Vict\u00f2ria\nnuma feira do livro e leu muitos dos seus livros. Foi ele que falou com a editora para que\nela - que tem experi\u00eancia ao longo da sua vida na educa\u00e7\u00e3o das\nduas esferas - a da classe m\u00e9dia alta e a da marginalidade - pudesse falar\ndo assunto a partir daquela capacidade narrativa e experimental que caracteriza os seus\nlivros.   <\/p>\n\n<p>Vale a pena consultar\n\"Dignos de conhecer o mundo\", come\u00e7ando pelo pr\u00f3logo do pr\u00f3prio\nLuri, que elogia o estilo \"muito teresiano\" de M.V. Molins,\nfala com conhecimento de causa de Santa Teresa \ne admira a capacidade narrativa do autor deste livro. Nele, M. Victoria come\u00e7a por apresentar a<x id=\"gid_4\"><\/x>riqueza educativa do nosso carisma transmitida por S. Enrique de Oss\u00f3,<x id=\"gid_5\"><\/x>- contempor\u00e2neo e admirador de \"La Instituci\u00f3n Libre de ense\u00f1anza\" -,<x id=\"gid_6\"><\/x>os valores educativos que aprendeu na Companhia, e a sua pr\u00f3pria experi\u00eancia<x id=\"gid_7\"><\/x>. Mostra o contraste de dois ambientes e os mesmos\nprinc\u00edpios educativos numa s\u00e9rie de casos vividos por ela nos dois tipos\nde educa\u00e7\u00e3o: a educa\u00e7\u00e3o formal e o que poder\u00edamos chamar de educa\u00e7\u00e3o social ou educa\u00e7\u00e3o de ambientes pobres e marginalizados\n.  <\/p>\n\n<p>Uma c\u00f3pia\nfoi enviada \u00e0 Prefeitura Geral da Educa\u00e7\u00e3o e ser-te-\u00e1 dito como obt\u00ea-la junto das comunidades e escolas\n. Acreditamos que vale a pena conhec\u00ea-lo e d\u00e1-lo a conhecer a\n.   <\/p>\n\n<p>Pilar Rodr\u00edguez Briz, stj<\/p>\n\n<figure class=\"wp-block-image\"><img decoding=\"async\" src=\"https:\/\/encompaniastj.org\/wp-content\/uploads\/2025\/05\/portada.jpg\" alt=\"\" class=\"wp-image-7676\"\/><\/figure>\n","protected":false},"excerpt":{"rendered":"<p>Durante o confinamento da pandemia, M. Victoria Molins escreveu quatro livros. Dois em catal\u00e3o- &#8220;Elcarrer dels invisibles&#8221; e &#8220;Des de la pres\u00f3&#8221; - e dois em espanhol: &#8220;Una ventana alRaval&#8221; [&hellip;]<\/p>\n","protected":false},"author":1,"featured_media":7702,"comment_status":"open","ping_status":"open","sticky":false,"template":"","format":"standard","meta":{"_acf_changed":false,"footnotes":""},"categories":[61,62],"tags":[],"class_list":["post-13972","post","type-post","status-publish","format-standard","has-post-thumbnail","hentry","category-noticias","category-otras"],"acf":[],"yoast_head":"<!-- This site is optimized with the Yoast SEO plugin v27.5 - https:\/\/yoast.com\/product\/yoast-seo-wordpress\/ -->\n<title>Digno de descobrir o mundo - En Compa\u00f1\u00eda STJ<\/title>\n<meta name=\"robots\" content=\"index, follow, max-snippet:-1, max-image-preview:large, max-video-preview:-1\" \/>\n<link rel=\"canonical\" href=\"https:\/\/encompaniastj.org\/pt-pt\/digno-de-descobrir-o-mundo\/\" \/>\n<meta property=\"og:locale\" content=\"pt_PT\" \/>\n<meta property=\"og:type\" content=\"article\" \/>\n<meta property=\"og:title\" content=\"Digno de descobrir o mundo - En Compa\u00f1\u00eda STJ\" \/>\n<meta property=\"og:description\" content=\"Durante o confinamento da pandemia, M. Victoria Molins escreveu quatro livros. Dois em catal\u00e3o- &#8220;Elcarrer dels invisibles&#8221; e &#8220;Des de la pres\u00f3&#8221; - e dois em espanhol: &#8220;Una ventana alRaval&#8221; [&hellip;]\" \/>\n<meta property=\"og:url\" content=\"https:\/\/encompaniastj.org\/pt-pt\/digno-de-descobrir-o-mundo\/\" \/>\n<meta property=\"og:site_name\" content=\"En Compa\u00f1\u00eda STJ\" \/>\n<meta property=\"article:published_time\" content=\"2021-04-01T08:10:58+00:00\" \/>\n<meta property=\"article:modified_time\" content=\"2025-10-14T07:01:18+00:00\" \/>\n<meta property=\"og:image\" content=\"https:\/\/encompaniastj.org\/wp-content\/uploads\/2025\/05\/portada.jpg\" \/>\n\t<meta property=\"og:image:width\" content=\"500\" \/>\n\t<meta property=\"og:image:height\" content=\"850\" \/>\n\t<meta property=\"og:image:type\" content=\"image\/jpeg\" \/>\n<meta name=\"author\" content=\"admin\" \/>\n<meta name=\"twitter:card\" content=\"summary_large_image\" \/>\n<meta name=\"twitter:label1\" content=\"Escrito por\" \/>\n\t<meta name=\"twitter:data1\" content=\"admin\" \/>\n\t<meta name=\"twitter:label2\" content=\"Tempo estimado de leitura\" \/>\n\t<meta name=\"twitter:data2\" content=\"2 minutos\" \/>\n<script type=\"application\/ld+json\" class=\"yoast-schema-graph\">{\"@context\":\"https:\\\/\\\/schema.org\",\"@graph\":[{\"@type\":\"Article\",\"@id\":\"https:\\\/\\\/encompaniastj.org\\\/pt-pt\\\/digno-de-descobrir-o-mundo\\\/#article\",\"isPartOf\":{\"@id\":\"https:\\\/\\\/encompaniastj.org\\\/pt-pt\\\/digno-de-descobrir-o-mundo\\\/\"},\"author\":{\"name\":\"admin\",\"@id\":\"https:\\\/\\\/encompaniastj.org\\\/pt-pt\\\/#\\\/schema\\\/person\\\/520e7ecc314793d40091993c2a02b651\"},\"headline\":\"Digno de descobrir o mundo\",\"datePublished\":\"2021-04-01T08:10:58+00:00\",\"dateModified\":\"2025-10-14T07:01:18+00:00\",\"mainEntityOfPage\":{\"@id\":\"https:\\\/\\\/encompaniastj.org\\\/pt-pt\\\/digno-de-descobrir-o-mundo\\\/\"},\"wordCount\":455,\"commentCount\":0,\"publisher\":{\"@id\":\"https:\\\/\\\/encompaniastj.org\\\/pt-pt\\\/#organization\"},\"image\":{\"@id\":\"https:\\\/\\\/encompaniastj.org\\\/pt-pt\\\/digno-de-descobrir-o-mundo\\\/#primaryimage\"},\"thumbnailUrl\":\"https:\\\/\\\/encompaniastj.org\\\/wp-content\\\/uploads\\\/2025\\\/05\\\/portada.jpg\",\"articleSection\":[\"Noticias\",\"Otras\"],\"inLanguage\":\"pt-PT\",\"potentialAction\":[{\"@type\":\"CommentAction\",\"name\":\"Comment\",\"target\":[\"https:\\\/\\\/encompaniastj.org\\\/pt-pt\\\/digno-de-descobrir-o-mundo\\\/#respond\"]}]},{\"@type\":\"WebPage\",\"@id\":\"https:\\\/\\\/encompaniastj.org\\\/pt-pt\\\/digno-de-descobrir-o-mundo\\\/\",\"url\":\"https:\\\/\\\/encompaniastj.org\\\/pt-pt\\\/digno-de-descobrir-o-mundo\\\/\",\"name\":\"Digno de descobrir o mundo - En Compa\u00f1\u00eda STJ\",\"isPartOf\":{\"@id\":\"https:\\\/\\\/encompaniastj.org\\\/pt-pt\\\/#website\"},\"primaryImageOfPage\":{\"@id\":\"https:\\\/\\\/encompaniastj.org\\\/pt-pt\\\/digno-de-descobrir-o-mundo\\\/#primaryimage\"},\"image\":{\"@id\":\"https:\\\/\\\/encompaniastj.org\\\/pt-pt\\\/digno-de-descobrir-o-mundo\\\/#primaryimage\"},\"thumbnailUrl\":\"https:\\\/\\\/encompaniastj.org\\\/wp-content\\\/uploads\\\/2025\\\/05\\\/portada.jpg\",\"datePublished\":\"2021-04-01T08:10:58+00:00\",\"dateModified\":\"2025-10-14T07:01:18+00:00\",\"breadcrumb\":{\"@id\":\"https:\\\/\\\/encompaniastj.org\\\/pt-pt\\\/digno-de-descobrir-o-mundo\\\/#breadcrumb\"},\"inLanguage\":\"pt-PT\",\"potentialAction\":[{\"@type\":\"ReadAction\",\"target\":[\"https:\\\/\\\/encompaniastj.org\\\/pt-pt\\\/digno-de-descobrir-o-mundo\\\/\"]}]},{\"@type\":\"ImageObject\",\"inLanguage\":\"pt-PT\",\"@id\":\"https:\\\/\\\/encompaniastj.org\\\/pt-pt\\\/digno-de-descobrir-o-mundo\\\/#primaryimage\",\"url\":\"https:\\\/\\\/encompaniastj.org\\\/wp-content\\\/uploads\\\/2025\\\/05\\\/portada.jpg\",\"contentUrl\":\"https:\\\/\\\/encompaniastj.org\\\/wp-content\\\/uploads\\\/2025\\\/05\\\/portada.jpg\",\"width\":500,\"height\":850},{\"@type\":\"BreadcrumbList\",\"@id\":\"https:\\\/\\\/encompaniastj.org\\\/pt-pt\\\/digno-de-descobrir-o-mundo\\\/#breadcrumb\",\"itemListElement\":[{\"@type\":\"ListItem\",\"position\":1,\"name\":\"Portada\",\"item\":\"https:\\\/\\\/encompaniastj.org\\\/pt-pt\\\/\"},{\"@type\":\"ListItem\",\"position\":2,\"name\":\"Digno de descobrir o mundo\"}]},{\"@type\":\"WebSite\",\"@id\":\"https:\\\/\\\/encompaniastj.org\\\/pt-pt\\\/#website\",\"url\":\"https:\\\/\\\/encompaniastj.org\\\/pt-pt\\\/\",\"name\":\"En Compa\u00f1\u00eda STJ\",\"description\":\"Bolet\u00edn de la Compa\u00f1\u00eda de Santa Teresa de Jes\u00fas\",\"publisher\":{\"@id\":\"https:\\\/\\\/encompaniastj.org\\\/pt-pt\\\/#organization\"},\"potentialAction\":[{\"@type\":\"SearchAction\",\"target\":{\"@type\":\"EntryPoint\",\"urlTemplate\":\"https:\\\/\\\/encompaniastj.org\\\/pt-pt\\\/?s={search_term_string}\"},\"query-input\":{\"@type\":\"PropertyValueSpecification\",\"valueRequired\":true,\"valueName\":\"search_term_string\"}}],\"inLanguage\":\"pt-PT\"},{\"@type\":\"Organization\",\"@id\":\"https:\\\/\\\/encompaniastj.org\\\/pt-pt\\\/#organization\",\"name\":\"Compa\u00f1\u00eda de Santa Teresa de Jes\u00fas\",\"url\":\"https:\\\/\\\/encompaniastj.org\\\/pt-pt\\\/\",\"logo\":{\"@type\":\"ImageObject\",\"inLanguage\":\"pt-PT\",\"@id\":\"https:\\\/\\\/encompaniastj.org\\\/pt-pt\\\/#\\\/schema\\\/logo\\\/image\\\/\",\"url\":\"https:\\\/\\\/encompaniastj.org\\\/wp-content\\\/uploads\\\/2025\\\/04\\\/logo_provincias02-1-3.png\",\"contentUrl\":\"https:\\\/\\\/encompaniastj.org\\\/wp-content\\\/uploads\\\/2025\\\/04\\\/logo_provincias02-1-3.png\",\"width\":2368,\"height\":825,\"caption\":\"Compa\u00f1\u00eda de Santa Teresa de Jes\u00fas\"},\"image\":{\"@id\":\"https:\\\/\\\/encompaniastj.org\\\/pt-pt\\\/#\\\/schema\\\/logo\\\/image\\\/\"}},{\"@type\":\"Person\",\"@id\":\"https:\\\/\\\/encompaniastj.org\\\/pt-pt\\\/#\\\/schema\\\/person\\\/520e7ecc314793d40091993c2a02b651\",\"name\":\"admin\",\"image\":{\"@type\":\"ImageObject\",\"inLanguage\":\"pt-PT\",\"@id\":\"https:\\\/\\\/secure.gravatar.com\\\/avatar\\\/948b492cce32b586ac2db0eaa926ee87024f7afe218d73b397ea5ddfc5f43ea1?s=96&d=mm&r=g\",\"url\":\"https:\\\/\\\/secure.gravatar.com\\\/avatar\\\/948b492cce32b586ac2db0eaa926ee87024f7afe218d73b397ea5ddfc5f43ea1?s=96&d=mm&r=g\",\"contentUrl\":\"https:\\\/\\\/secure.gravatar.com\\\/avatar\\\/948b492cce32b586ac2db0eaa926ee87024f7afe218d73b397ea5ddfc5f43ea1?s=96&d=mm&r=g\",\"caption\":\"admin\"},\"sameAs\":[\"https:\\\/\\\/encompaniastj.org\"],\"url\":\"https:\\\/\\\/encompaniastj.org\\\/pt-pt\\\/author\\\/sjdigital\\\/\"}]}<\/script>\n<!-- \/ Yoast SEO plugin. -->","yoast_head_json":{"title":"Digno de descobrir o mundo - En Compa\u00f1\u00eda STJ","robots":{"index":"index","follow":"follow","max-snippet":"max-snippet:-1","max-image-preview":"max-image-preview:large","max-video-preview":"max-video-preview:-1"},"canonical":"https:\/\/encompaniastj.org\/pt-pt\/digno-de-descobrir-o-mundo\/","og_locale":"pt_PT","og_type":"article","og_title":"Digno de descobrir o mundo - En Compa\u00f1\u00eda STJ","og_description":"Durante o confinamento da pandemia, M. Victoria Molins escreveu quatro livros. Dois em catal\u00e3o- &#8220;Elcarrer dels invisibles&#8221; e &#8220;Des de la pres\u00f3&#8221; - e dois em espanhol: &#8220;Una ventana alRaval&#8221; [&hellip;]","og_url":"https:\/\/encompaniastj.org\/pt-pt\/digno-de-descobrir-o-mundo\/","og_site_name":"En Compa\u00f1\u00eda STJ","article_published_time":"2021-04-01T08:10:58+00:00","article_modified_time":"2025-10-14T07:01:18+00:00","og_image":[{"width":500,"height":850,"url":"https:\/\/encompaniastj.org\/wp-content\/uploads\/2025\/05\/portada.jpg","type":"image\/jpeg"}],"author":"admin","twitter_card":"summary_large_image","twitter_misc":{"Escrito por":"admin","Tempo estimado de leitura":"2 minutos"},"schema":{"@context":"https:\/\/schema.org","@graph":[{"@type":"Article","@id":"https:\/\/encompaniastj.org\/pt-pt\/digno-de-descobrir-o-mundo\/#article","isPartOf":{"@id":"https:\/\/encompaniastj.org\/pt-pt\/digno-de-descobrir-o-mundo\/"},"author":{"name":"admin","@id":"https:\/\/encompaniastj.org\/pt-pt\/#\/schema\/person\/520e7ecc314793d40091993c2a02b651"},"headline":"Digno de descobrir o mundo","datePublished":"2021-04-01T08:10:58+00:00","dateModified":"2025-10-14T07:01:18+00:00","mainEntityOfPage":{"@id":"https:\/\/encompaniastj.org\/pt-pt\/digno-de-descobrir-o-mundo\/"},"wordCount":455,"commentCount":0,"publisher":{"@id":"https:\/\/encompaniastj.org\/pt-pt\/#organization"},"image":{"@id":"https:\/\/encompaniastj.org\/pt-pt\/digno-de-descobrir-o-mundo\/#primaryimage"},"thumbnailUrl":"https:\/\/encompaniastj.org\/wp-content\/uploads\/2025\/05\/portada.jpg","articleSection":["Noticias","Otras"],"inLanguage":"pt-PT","potentialAction":[{"@type":"CommentAction","name":"Comment","target":["https:\/\/encompaniastj.org\/pt-pt\/digno-de-descobrir-o-mundo\/#respond"]}]},{"@type":"WebPage","@id":"https:\/\/encompaniastj.org\/pt-pt\/digno-de-descobrir-o-mundo\/","url":"https:\/\/encompaniastj.org\/pt-pt\/digno-de-descobrir-o-mundo\/","name":"Digno de descobrir o mundo - En Compa\u00f1\u00eda STJ","isPartOf":{"@id":"https:\/\/encompaniastj.org\/pt-pt\/#website"},"primaryImageOfPage":{"@id":"https:\/\/encompaniastj.org\/pt-pt\/digno-de-descobrir-o-mundo\/#primaryimage"},"image":{"@id":"https:\/\/encompaniastj.org\/pt-pt\/digno-de-descobrir-o-mundo\/#primaryimage"},"thumbnailUrl":"https:\/\/encompaniastj.org\/wp-content\/uploads\/2025\/05\/portada.jpg","datePublished":"2021-04-01T08:10:58+00:00","dateModified":"2025-10-14T07:01:18+00:00","breadcrumb":{"@id":"https:\/\/encompaniastj.org\/pt-pt\/digno-de-descobrir-o-mundo\/#breadcrumb"},"inLanguage":"pt-PT","potentialAction":[{"@type":"ReadAction","target":["https:\/\/encompaniastj.org\/pt-pt\/digno-de-descobrir-o-mundo\/"]}]},{"@type":"ImageObject","inLanguage":"pt-PT","@id":"https:\/\/encompaniastj.org\/pt-pt\/digno-de-descobrir-o-mundo\/#primaryimage","url":"https:\/\/encompaniastj.org\/wp-content\/uploads\/2025\/05\/portada.jpg","contentUrl":"https:\/\/encompaniastj.org\/wp-content\/uploads\/2025\/05\/portada.jpg","width":500,"height":850},{"@type":"BreadcrumbList","@id":"https:\/\/encompaniastj.org\/pt-pt\/digno-de-descobrir-o-mundo\/#breadcrumb","itemListElement":[{"@type":"ListItem","position":1,"name":"Portada","item":"https:\/\/encompaniastj.org\/pt-pt\/"},{"@type":"ListItem","position":2,"name":"Digno de descobrir o mundo"}]},{"@type":"WebSite","@id":"https:\/\/encompaniastj.org\/pt-pt\/#website","url":"https:\/\/encompaniastj.org\/pt-pt\/","name":"En Compa\u00f1\u00eda STJ","description":"Bolet\u00edn de la Compa\u00f1\u00eda de Santa Teresa de Jes\u00fas","publisher":{"@id":"https:\/\/encompaniastj.org\/pt-pt\/#organization"},"potentialAction":[{"@type":"SearchAction","target":{"@type":"EntryPoint","urlTemplate":"https:\/\/encompaniastj.org\/pt-pt\/?s={search_term_string}"},"query-input":{"@type":"PropertyValueSpecification","valueRequired":true,"valueName":"search_term_string"}}],"inLanguage":"pt-PT"},{"@type":"Organization","@id":"https:\/\/encompaniastj.org\/pt-pt\/#organization","name":"Compa\u00f1\u00eda de Santa Teresa de Jes\u00fas","url":"https:\/\/encompaniastj.org\/pt-pt\/","logo":{"@type":"ImageObject","inLanguage":"pt-PT","@id":"https:\/\/encompaniastj.org\/pt-pt\/#\/schema\/logo\/image\/","url":"https:\/\/encompaniastj.org\/wp-content\/uploads\/2025\/04\/logo_provincias02-1-3.png","contentUrl":"https:\/\/encompaniastj.org\/wp-content\/uploads\/2025\/04\/logo_provincias02-1-3.png","width":2368,"height":825,"caption":"Compa\u00f1\u00eda de Santa Teresa de Jes\u00fas"},"image":{"@id":"https:\/\/encompaniastj.org\/pt-pt\/#\/schema\/logo\/image\/"}},{"@type":"Person","@id":"https:\/\/encompaniastj.org\/pt-pt\/#\/schema\/person\/520e7ecc314793d40091993c2a02b651","name":"admin","image":{"@type":"ImageObject","inLanguage":"pt-PT","@id":"https:\/\/secure.gravatar.com\/avatar\/948b492cce32b586ac2db0eaa926ee87024f7afe218d73b397ea5ddfc5f43ea1?s=96&d=mm&r=g","url":"https:\/\/secure.gravatar.com\/avatar\/948b492cce32b586ac2db0eaa926ee87024f7afe218d73b397ea5ddfc5f43ea1?s=96&d=mm&r=g","contentUrl":"https:\/\/secure.gravatar.com\/avatar\/948b492cce32b586ac2db0eaa926ee87024f7afe218d73b397ea5ddfc5f43ea1?s=96&d=mm&r=g","caption":"admin"},"sameAs":["https:\/\/encompaniastj.org"],"url":"https:\/\/encompaniastj.org\/pt-pt\/author\/sjdigital\/"}]}},"_links":{"self":[{"href":"https:\/\/encompaniastj.org\/pt-pt\/wp-json\/wp\/v2\/posts\/13972","targetHints":{"allow":["GET"]}}],"collection":[{"href":"https:\/\/encompaniastj.org\/pt-pt\/wp-json\/wp\/v2\/posts"}],"about":[{"href":"https:\/\/encompaniastj.org\/pt-pt\/wp-json\/wp\/v2\/types\/post"}],"author":[{"embeddable":true,"href":"https:\/\/encompaniastj.org\/pt-pt\/wp-json\/wp\/v2\/users\/1"}],"replies":[{"embeddable":true,"href":"https:\/\/encompaniastj.org\/pt-pt\/wp-json\/wp\/v2\/comments?post=13972"}],"version-history":[{"count":1,"href":"https:\/\/encompaniastj.org\/pt-pt\/wp-json\/wp\/v2\/posts\/13972\/revisions"}],"predecessor-version":[{"id":13976,"href":"https:\/\/encompaniastj.org\/pt-pt\/wp-json\/wp\/v2\/posts\/13972\/revisions\/13976"}],"wp:featuredmedia":[{"embeddable":true,"href":"https:\/\/encompaniastj.org\/pt-pt\/wp-json\/wp\/v2\/media\/7702"}],"wp:attachment":[{"href":"https:\/\/encompaniastj.org\/pt-pt\/wp-json\/wp\/v2\/media?parent=13972"}],"wp:term":[{"taxonomy":"category","embeddable":true,"href":"https:\/\/encompaniastj.org\/pt-pt\/wp-json\/wp\/v2\/categories?post=13972"},{"taxonomy":"post_tag","embeddable":true,"href":"https:\/\/encompaniastj.org\/pt-pt\/wp-json\/wp\/v2\/tags?post=13972"}],"curies":[{"name":"wp","href":"https:\/\/api.w.org\/{rel}","templated":true}]}}