{"id":13971,"date":"2021-03-17T10:01:00","date_gmt":"2021-03-17T09:01:00","guid":{"rendered":"https:\/\/encompaniastj.org\/ma-pilar-feliu-loriente-17-de-marco-de-2021-torrent-el-vedat-residencia\/"},"modified":"2025-10-14T09:01:18","modified_gmt":"2025-10-14T07:01:18","slug":"ma-pilar-feliu-loriente-17-de-marco-de-2021-torrent-el-vedat-residencia","status":"publish","type":"post","link":"https:\/\/encompaniastj.org\/pt-pt\/ma-pilar-feliu-loriente-17-de-marco-de-2021-torrent-el-vedat-residencia\/","title":{"rendered":"M\u00aa Pilar Feli\u00fa Loriente. 17 de mar\u00e7o de 2021 (Torrent, El Vedat-Residencia)"},"content":{"rendered":"\n<p>As irm\u00e3s n\u00e3o precisam de\nmuitas palavras para saber quem foi Pilar\nFeli\u00fa. Todos conhecemos bem o seu amor \u00e0 Sociedade e a sua disponibilidade e\ndedica\u00e7\u00e3o a todos os servi\u00e7os que\nlhe foram pedidos em diferentes momentos da sua vida. <\/p>\n\n<p>Aragonesa de nascimento,\nmas tamb\u00e9m por ser filha de um militar,\nvalenciana e antiga aluna do col\u00e9gio de Val\u00eancia. A partir da\u00ed, entra no noviciado<x id=\"gid_2\"><\/x>. Torna-se ent\u00e3o uma \"cidad\u00e3 do mundo\".  <\/p>\n\n<p>  O Covid foi-lhe minando as for\u00e7as,\nenfraquecido pela doen\u00e7a dos br\u00f4nquios e, apesar dos cuidados que recebeu e do seu\ngrande esfor\u00e7o para viver, foi para o c\u00e9u.<\/p>\n\n<p>  E vai-se embora em sil\u00eancio. Deus Pai\nveio ao seu encontro num sono calmo e sereno. <\/p>\n\n<p>H\u00e1 quatro anos,\nfoi destinada a esta comunidade na\nResid\u00eancia de El Vedat. Ela, que tinha vivido com grandes responsabilidades em\na Sociedade, soube adaptar-se, sem qualquer problema, \u00e0 vida tranquila da\nResid\u00eancia, desfrutando do sol, da natureza, dos longos tempos de\nleitura e ora\u00e7\u00e3o. Nunca deixou de se interessar e de acompanhar de perto os projectos da\nFundEO e o processo de reorganiza\u00e7\u00e3o da Sociedade.  <\/p>\n\n<p>Participa na vida da comunidade com grande interesse, agradecida por todos os gestos de proximidade e carinho que\nrecebia. Encontra tempo para passar na capela e aproxima-se das irm\u00e3s mais dependentes com grande<x id=\"gid_1\"><\/x>afeto. Vivia com serena alegria, divertia-se\ncomentando as Fratelli Tutti com o desejo de que f\u00f4ssemos umas para as outras,\nboas samaritanas. \"Aqui temos muitas oportunidades\", dizia-nos.   <\/p>\n\n<p>Com certeza que a tua Virgem do\nPilar j\u00e1 est\u00e1 muito perto de Jesus. Que descanses em paz.   <\/p>\n","protected":false},"excerpt":{"rendered":"<p>As irm\u00e3s n\u00e3o precisam de muitas palavras para saber quem foi Pilar Feli\u00fa. Todos conhecemos bem o seu amor \u00e0 Sociedade e a sua disponibilidade e dedica\u00e7\u00e3o a todos os [&hellip;]<\/p>\n","protected":false},"author":1,"featured_media":7696,"comment_status":"open","ping_status":"open","sticky":false,"template":"","format":"standard","meta":{"_acf_changed":false,"footnotes":""},"categories":[63],"tags":[],"class_list":["post-13971","post","type-post","status-publish","format-standard","has-post-thumbnail","hentry","category-fallecimientos"],"acf":[],"yoast_head":"<!-- This site is optimized with the Yoast SEO plugin v27.5 - https:\/\/yoast.com\/product\/yoast-seo-wordpress\/ -->\n<title>M\u00aa Pilar Feli\u00fa Loriente. 17 de mar\u00e7o de 2021 (Torrent, El Vedat-Residencia) - En Compa\u00f1\u00eda STJ<\/title>\n<meta name=\"robots\" content=\"index, follow, max-snippet:-1, max-image-preview:large, max-video-preview:-1\" \/>\n<link rel=\"canonical\" href=\"https:\/\/encompaniastj.org\/pt-pt\/ma-pilar-feliu-loriente-17-de-marco-de-2021-torrent-el-vedat-residencia\/\" \/>\n<meta property=\"og:locale\" content=\"pt_PT\" \/>\n<meta property=\"og:type\" content=\"article\" \/>\n<meta property=\"og:title\" content=\"M\u00aa Pilar Feli\u00fa Loriente. 17 de mar\u00e7o de 2021 (Torrent, El Vedat-Residencia) - En Compa\u00f1\u00eda STJ\" \/>\n<meta property=\"og:description\" content=\"As irm\u00e3s n\u00e3o precisam de muitas palavras para saber quem foi Pilar Feli\u00fa. Todos conhecemos bem o seu amor \u00e0 Sociedade e a sua disponibilidade e dedica\u00e7\u00e3o a todos os [&hellip;]\" \/>\n<meta property=\"og:url\" content=\"https:\/\/encompaniastj.org\/pt-pt\/ma-pilar-feliu-loriente-17-de-marco-de-2021-torrent-el-vedat-residencia\/\" \/>\n<meta property=\"og:site_name\" content=\"En Compa\u00f1\u00eda STJ\" \/>\n<meta property=\"article:published_time\" content=\"2021-03-17T09:01:00+00:00\" \/>\n<meta property=\"article:modified_time\" content=\"2025-10-14T07:01:18+00:00\" \/>\n<meta property=\"og:image\" content=\"https:\/\/encompaniastj.org\/wp-content\/uploads\/2025\/05\/apple-blossom-1368187_640.jpg\" \/>\n\t<meta property=\"og:image:width\" content=\"640\" \/>\n\t<meta property=\"og:image:height\" content=\"379\" \/>\n\t<meta property=\"og:image:type\" content=\"image\/jpeg\" \/>\n<meta name=\"author\" content=\"admin\" \/>\n<meta name=\"twitter:card\" content=\"summary_large_image\" \/>\n<meta name=\"twitter:label1\" content=\"Escrito por\" \/>\n\t<meta name=\"twitter:data1\" content=\"admin\" \/>\n\t<meta name=\"twitter:label2\" content=\"Tempo estimado de leitura\" \/>\n\t<meta name=\"twitter:data2\" content=\"1 minuto\" \/>\n<script type=\"application\/ld+json\" class=\"yoast-schema-graph\">{\"@context\":\"https:\\\/\\\/schema.org\",\"@graph\":[{\"@type\":\"Article\",\"@id\":\"https:\\\/\\\/encompaniastj.org\\\/pt-pt\\\/ma-pilar-feliu-loriente-17-de-marco-de-2021-torrent-el-vedat-residencia\\\/#article\",\"isPartOf\":{\"@id\":\"https:\\\/\\\/encompaniastj.org\\\/pt-pt\\\/ma-pilar-feliu-loriente-17-de-marco-de-2021-torrent-el-vedat-residencia\\\/\"},\"author\":{\"name\":\"admin\",\"@id\":\"https:\\\/\\\/encompaniastj.org\\\/pt-pt\\\/#\\\/schema\\\/person\\\/520e7ecc314793d40091993c2a02b651\"},\"headline\":\"M\u00aa Pilar Feli\u00fa Loriente. 17 de mar\u00e7o de 2021 (Torrent, El Vedat-Residencia)\",\"datePublished\":\"2021-03-17T09:01:00+00:00\",\"dateModified\":\"2025-10-14T07:01:18+00:00\",\"mainEntityOfPage\":{\"@id\":\"https:\\\/\\\/encompaniastj.org\\\/pt-pt\\\/ma-pilar-feliu-loriente-17-de-marco-de-2021-torrent-el-vedat-residencia\\\/\"},\"wordCount\":289,\"commentCount\":0,\"publisher\":{\"@id\":\"https:\\\/\\\/encompaniastj.org\\\/pt-pt\\\/#organization\"},\"image\":{\"@id\":\"https:\\\/\\\/encompaniastj.org\\\/pt-pt\\\/ma-pilar-feliu-loriente-17-de-marco-de-2021-torrent-el-vedat-residencia\\\/#primaryimage\"},\"thumbnailUrl\":\"https:\\\/\\\/encompaniastj.org\\\/wp-content\\\/uploads\\\/2025\\\/05\\\/apple-blossom-1368187_640.jpg\",\"articleSection\":[\"Fallecimientos\"],\"inLanguage\":\"pt-PT\",\"potentialAction\":[{\"@type\":\"CommentAction\",\"name\":\"Comment\",\"target\":[\"https:\\\/\\\/encompaniastj.org\\\/pt-pt\\\/ma-pilar-feliu-loriente-17-de-marco-de-2021-torrent-el-vedat-residencia\\\/#respond\"]}]},{\"@type\":\"WebPage\",\"@id\":\"https:\\\/\\\/encompaniastj.org\\\/pt-pt\\\/ma-pilar-feliu-loriente-17-de-marco-de-2021-torrent-el-vedat-residencia\\\/\",\"url\":\"https:\\\/\\\/encompaniastj.org\\\/pt-pt\\\/ma-pilar-feliu-loriente-17-de-marco-de-2021-torrent-el-vedat-residencia\\\/\",\"name\":\"M\u00aa Pilar Feli\u00fa Loriente. 17 de mar\u00e7o de 2021 (Torrent, El Vedat-Residencia) - En Compa\u00f1\u00eda STJ\",\"isPartOf\":{\"@id\":\"https:\\\/\\\/encompaniastj.org\\\/pt-pt\\\/#website\"},\"primaryImageOfPage\":{\"@id\":\"https:\\\/\\\/encompaniastj.org\\\/pt-pt\\\/ma-pilar-feliu-loriente-17-de-marco-de-2021-torrent-el-vedat-residencia\\\/#primaryimage\"},\"image\":{\"@id\":\"https:\\\/\\\/encompaniastj.org\\\/pt-pt\\\/ma-pilar-feliu-loriente-17-de-marco-de-2021-torrent-el-vedat-residencia\\\/#primaryimage\"},\"thumbnailUrl\":\"https:\\\/\\\/encompaniastj.org\\\/wp-content\\\/uploads\\\/2025\\\/05\\\/apple-blossom-1368187_640.jpg\",\"datePublished\":\"2021-03-17T09:01:00+00:00\",\"dateModified\":\"2025-10-14T07:01:18+00:00\",\"breadcrumb\":{\"@id\":\"https:\\\/\\\/encompaniastj.org\\\/pt-pt\\\/ma-pilar-feliu-loriente-17-de-marco-de-2021-torrent-el-vedat-residencia\\\/#breadcrumb\"},\"inLanguage\":\"pt-PT\",\"potentialAction\":[{\"@type\":\"ReadAction\",\"target\":[\"https:\\\/\\\/encompaniastj.org\\\/pt-pt\\\/ma-pilar-feliu-loriente-17-de-marco-de-2021-torrent-el-vedat-residencia\\\/\"]}]},{\"@type\":\"ImageObject\",\"inLanguage\":\"pt-PT\",\"@id\":\"https:\\\/\\\/encompaniastj.org\\\/pt-pt\\\/ma-pilar-feliu-loriente-17-de-marco-de-2021-torrent-el-vedat-residencia\\\/#primaryimage\",\"url\":\"https:\\\/\\\/encompaniastj.org\\\/wp-content\\\/uploads\\\/2025\\\/05\\\/apple-blossom-1368187_640.jpg\",\"contentUrl\":\"https:\\\/\\\/encompaniastj.org\\\/wp-content\\\/uploads\\\/2025\\\/05\\\/apple-blossom-1368187_640.jpg\",\"width\":640,\"height\":379},{\"@type\":\"BreadcrumbList\",\"@id\":\"https:\\\/\\\/encompaniastj.org\\\/pt-pt\\\/ma-pilar-feliu-loriente-17-de-marco-de-2021-torrent-el-vedat-residencia\\\/#breadcrumb\",\"itemListElement\":[{\"@type\":\"ListItem\",\"position\":1,\"name\":\"Portada\",\"item\":\"https:\\\/\\\/encompaniastj.org\\\/pt-pt\\\/\"},{\"@type\":\"ListItem\",\"position\":2,\"name\":\"M\u00aa Pilar Feli\u00fa Loriente. 17 de mar\u00e7o de 2021 (Torrent, El Vedat-Residencia)\"}]},{\"@type\":\"WebSite\",\"@id\":\"https:\\\/\\\/encompaniastj.org\\\/pt-pt\\\/#website\",\"url\":\"https:\\\/\\\/encompaniastj.org\\\/pt-pt\\\/\",\"name\":\"En Compa\u00f1\u00eda STJ\",\"description\":\"Bolet\u00edn de la Compa\u00f1\u00eda de Santa Teresa de Jes\u00fas\",\"publisher\":{\"@id\":\"https:\\\/\\\/encompaniastj.org\\\/pt-pt\\\/#organization\"},\"potentialAction\":[{\"@type\":\"SearchAction\",\"target\":{\"@type\":\"EntryPoint\",\"urlTemplate\":\"https:\\\/\\\/encompaniastj.org\\\/pt-pt\\\/?s={search_term_string}\"},\"query-input\":{\"@type\":\"PropertyValueSpecification\",\"valueRequired\":true,\"valueName\":\"search_term_string\"}}],\"inLanguage\":\"pt-PT\"},{\"@type\":\"Organization\",\"@id\":\"https:\\\/\\\/encompaniastj.org\\\/pt-pt\\\/#organization\",\"name\":\"Compa\u00f1\u00eda de Santa Teresa de Jes\u00fas\",\"url\":\"https:\\\/\\\/encompaniastj.org\\\/pt-pt\\\/\",\"logo\":{\"@type\":\"ImageObject\",\"inLanguage\":\"pt-PT\",\"@id\":\"https:\\\/\\\/encompaniastj.org\\\/pt-pt\\\/#\\\/schema\\\/logo\\\/image\\\/\",\"url\":\"https:\\\/\\\/encompaniastj.org\\\/wp-content\\\/uploads\\\/2025\\\/04\\\/logo_provincias02-1-3.png\",\"contentUrl\":\"https:\\\/\\\/encompaniastj.org\\\/wp-content\\\/uploads\\\/2025\\\/04\\\/logo_provincias02-1-3.png\",\"width\":2368,\"height\":825,\"caption\":\"Compa\u00f1\u00eda de Santa Teresa de Jes\u00fas\"},\"image\":{\"@id\":\"https:\\\/\\\/encompaniastj.org\\\/pt-pt\\\/#\\\/schema\\\/logo\\\/image\\\/\"}},{\"@type\":\"Person\",\"@id\":\"https:\\\/\\\/encompaniastj.org\\\/pt-pt\\\/#\\\/schema\\\/person\\\/520e7ecc314793d40091993c2a02b651\",\"name\":\"admin\",\"image\":{\"@type\":\"ImageObject\",\"inLanguage\":\"pt-PT\",\"@id\":\"https:\\\/\\\/secure.gravatar.com\\\/avatar\\\/948b492cce32b586ac2db0eaa926ee87024f7afe218d73b397ea5ddfc5f43ea1?s=96&d=mm&r=g\",\"url\":\"https:\\\/\\\/secure.gravatar.com\\\/avatar\\\/948b492cce32b586ac2db0eaa926ee87024f7afe218d73b397ea5ddfc5f43ea1?s=96&d=mm&r=g\",\"contentUrl\":\"https:\\\/\\\/secure.gravatar.com\\\/avatar\\\/948b492cce32b586ac2db0eaa926ee87024f7afe218d73b397ea5ddfc5f43ea1?s=96&d=mm&r=g\",\"caption\":\"admin\"},\"sameAs\":[\"https:\\\/\\\/encompaniastj.org\"],\"url\":\"https:\\\/\\\/encompaniastj.org\\\/pt-pt\\\/author\\\/sjdigital\\\/\"}]}<\/script>\n<!-- \/ Yoast SEO plugin. -->","yoast_head_json":{"title":"M\u00aa Pilar Feli\u00fa Loriente. 17 de mar\u00e7o de 2021 (Torrent, El Vedat-Residencia) - En Compa\u00f1\u00eda STJ","robots":{"index":"index","follow":"follow","max-snippet":"max-snippet:-1","max-image-preview":"max-image-preview:large","max-video-preview":"max-video-preview:-1"},"canonical":"https:\/\/encompaniastj.org\/pt-pt\/ma-pilar-feliu-loriente-17-de-marco-de-2021-torrent-el-vedat-residencia\/","og_locale":"pt_PT","og_type":"article","og_title":"M\u00aa Pilar Feli\u00fa Loriente. 17 de mar\u00e7o de 2021 (Torrent, El Vedat-Residencia) - En Compa\u00f1\u00eda STJ","og_description":"As irm\u00e3s n\u00e3o precisam de muitas palavras para saber quem foi Pilar Feli\u00fa. Todos conhecemos bem o seu amor \u00e0 Sociedade e a sua disponibilidade e dedica\u00e7\u00e3o a todos os [&hellip;]","og_url":"https:\/\/encompaniastj.org\/pt-pt\/ma-pilar-feliu-loriente-17-de-marco-de-2021-torrent-el-vedat-residencia\/","og_site_name":"En Compa\u00f1\u00eda STJ","article_published_time":"2021-03-17T09:01:00+00:00","article_modified_time":"2025-10-14T07:01:18+00:00","og_image":[{"width":640,"height":379,"url":"https:\/\/encompaniastj.org\/wp-content\/uploads\/2025\/05\/apple-blossom-1368187_640.jpg","type":"image\/jpeg"}],"author":"admin","twitter_card":"summary_large_image","twitter_misc":{"Escrito por":"admin","Tempo estimado de leitura":"1 minuto"},"schema":{"@context":"https:\/\/schema.org","@graph":[{"@type":"Article","@id":"https:\/\/encompaniastj.org\/pt-pt\/ma-pilar-feliu-loriente-17-de-marco-de-2021-torrent-el-vedat-residencia\/#article","isPartOf":{"@id":"https:\/\/encompaniastj.org\/pt-pt\/ma-pilar-feliu-loriente-17-de-marco-de-2021-torrent-el-vedat-residencia\/"},"author":{"name":"admin","@id":"https:\/\/encompaniastj.org\/pt-pt\/#\/schema\/person\/520e7ecc314793d40091993c2a02b651"},"headline":"M\u00aa Pilar Feli\u00fa Loriente. 17 de mar\u00e7o de 2021 (Torrent, El Vedat-Residencia)","datePublished":"2021-03-17T09:01:00+00:00","dateModified":"2025-10-14T07:01:18+00:00","mainEntityOfPage":{"@id":"https:\/\/encompaniastj.org\/pt-pt\/ma-pilar-feliu-loriente-17-de-marco-de-2021-torrent-el-vedat-residencia\/"},"wordCount":289,"commentCount":0,"publisher":{"@id":"https:\/\/encompaniastj.org\/pt-pt\/#organization"},"image":{"@id":"https:\/\/encompaniastj.org\/pt-pt\/ma-pilar-feliu-loriente-17-de-marco-de-2021-torrent-el-vedat-residencia\/#primaryimage"},"thumbnailUrl":"https:\/\/encompaniastj.org\/wp-content\/uploads\/2025\/05\/apple-blossom-1368187_640.jpg","articleSection":["Fallecimientos"],"inLanguage":"pt-PT","potentialAction":[{"@type":"CommentAction","name":"Comment","target":["https:\/\/encompaniastj.org\/pt-pt\/ma-pilar-feliu-loriente-17-de-marco-de-2021-torrent-el-vedat-residencia\/#respond"]}]},{"@type":"WebPage","@id":"https:\/\/encompaniastj.org\/pt-pt\/ma-pilar-feliu-loriente-17-de-marco-de-2021-torrent-el-vedat-residencia\/","url":"https:\/\/encompaniastj.org\/pt-pt\/ma-pilar-feliu-loriente-17-de-marco-de-2021-torrent-el-vedat-residencia\/","name":"M\u00aa Pilar Feli\u00fa Loriente. 17 de mar\u00e7o de 2021 (Torrent, El Vedat-Residencia) - En Compa\u00f1\u00eda STJ","isPartOf":{"@id":"https:\/\/encompaniastj.org\/pt-pt\/#website"},"primaryImageOfPage":{"@id":"https:\/\/encompaniastj.org\/pt-pt\/ma-pilar-feliu-loriente-17-de-marco-de-2021-torrent-el-vedat-residencia\/#primaryimage"},"image":{"@id":"https:\/\/encompaniastj.org\/pt-pt\/ma-pilar-feliu-loriente-17-de-marco-de-2021-torrent-el-vedat-residencia\/#primaryimage"},"thumbnailUrl":"https:\/\/encompaniastj.org\/wp-content\/uploads\/2025\/05\/apple-blossom-1368187_640.jpg","datePublished":"2021-03-17T09:01:00+00:00","dateModified":"2025-10-14T07:01:18+00:00","breadcrumb":{"@id":"https:\/\/encompaniastj.org\/pt-pt\/ma-pilar-feliu-loriente-17-de-marco-de-2021-torrent-el-vedat-residencia\/#breadcrumb"},"inLanguage":"pt-PT","potentialAction":[{"@type":"ReadAction","target":["https:\/\/encompaniastj.org\/pt-pt\/ma-pilar-feliu-loriente-17-de-marco-de-2021-torrent-el-vedat-residencia\/"]}]},{"@type":"ImageObject","inLanguage":"pt-PT","@id":"https:\/\/encompaniastj.org\/pt-pt\/ma-pilar-feliu-loriente-17-de-marco-de-2021-torrent-el-vedat-residencia\/#primaryimage","url":"https:\/\/encompaniastj.org\/wp-content\/uploads\/2025\/05\/apple-blossom-1368187_640.jpg","contentUrl":"https:\/\/encompaniastj.org\/wp-content\/uploads\/2025\/05\/apple-blossom-1368187_640.jpg","width":640,"height":379},{"@type":"BreadcrumbList","@id":"https:\/\/encompaniastj.org\/pt-pt\/ma-pilar-feliu-loriente-17-de-marco-de-2021-torrent-el-vedat-residencia\/#breadcrumb","itemListElement":[{"@type":"ListItem","position":1,"name":"Portada","item":"https:\/\/encompaniastj.org\/pt-pt\/"},{"@type":"ListItem","position":2,"name":"M\u00aa Pilar Feli\u00fa Loriente. 17 de mar\u00e7o de 2021 (Torrent, El Vedat-Residencia)"}]},{"@type":"WebSite","@id":"https:\/\/encompaniastj.org\/pt-pt\/#website","url":"https:\/\/encompaniastj.org\/pt-pt\/","name":"En Compa\u00f1\u00eda STJ","description":"Bolet\u00edn de la Compa\u00f1\u00eda de Santa Teresa de Jes\u00fas","publisher":{"@id":"https:\/\/encompaniastj.org\/pt-pt\/#organization"},"potentialAction":[{"@type":"SearchAction","target":{"@type":"EntryPoint","urlTemplate":"https:\/\/encompaniastj.org\/pt-pt\/?s={search_term_string}"},"query-input":{"@type":"PropertyValueSpecification","valueRequired":true,"valueName":"search_term_string"}}],"inLanguage":"pt-PT"},{"@type":"Organization","@id":"https:\/\/encompaniastj.org\/pt-pt\/#organization","name":"Compa\u00f1\u00eda de Santa Teresa de Jes\u00fas","url":"https:\/\/encompaniastj.org\/pt-pt\/","logo":{"@type":"ImageObject","inLanguage":"pt-PT","@id":"https:\/\/encompaniastj.org\/pt-pt\/#\/schema\/logo\/image\/","url":"https:\/\/encompaniastj.org\/wp-content\/uploads\/2025\/04\/logo_provincias02-1-3.png","contentUrl":"https:\/\/encompaniastj.org\/wp-content\/uploads\/2025\/04\/logo_provincias02-1-3.png","width":2368,"height":825,"caption":"Compa\u00f1\u00eda de Santa Teresa de Jes\u00fas"},"image":{"@id":"https:\/\/encompaniastj.org\/pt-pt\/#\/schema\/logo\/image\/"}},{"@type":"Person","@id":"https:\/\/encompaniastj.org\/pt-pt\/#\/schema\/person\/520e7ecc314793d40091993c2a02b651","name":"admin","image":{"@type":"ImageObject","inLanguage":"pt-PT","@id":"https:\/\/secure.gravatar.com\/avatar\/948b492cce32b586ac2db0eaa926ee87024f7afe218d73b397ea5ddfc5f43ea1?s=96&d=mm&r=g","url":"https:\/\/secure.gravatar.com\/avatar\/948b492cce32b586ac2db0eaa926ee87024f7afe218d73b397ea5ddfc5f43ea1?s=96&d=mm&r=g","contentUrl":"https:\/\/secure.gravatar.com\/avatar\/948b492cce32b586ac2db0eaa926ee87024f7afe218d73b397ea5ddfc5f43ea1?s=96&d=mm&r=g","caption":"admin"},"sameAs":["https:\/\/encompaniastj.org"],"url":"https:\/\/encompaniastj.org\/pt-pt\/author\/sjdigital\/"}]}},"_links":{"self":[{"href":"https:\/\/encompaniastj.org\/pt-pt\/wp-json\/wp\/v2\/posts\/13971","targetHints":{"allow":["GET"]}}],"collection":[{"href":"https:\/\/encompaniastj.org\/pt-pt\/wp-json\/wp\/v2\/posts"}],"about":[{"href":"https:\/\/encompaniastj.org\/pt-pt\/wp-json\/wp\/v2\/types\/post"}],"author":[{"embeddable":true,"href":"https:\/\/encompaniastj.org\/pt-pt\/wp-json\/wp\/v2\/users\/1"}],"replies":[{"embeddable":true,"href":"https:\/\/encompaniastj.org\/pt-pt\/wp-json\/wp\/v2\/comments?post=13971"}],"version-history":[{"count":1,"href":"https:\/\/encompaniastj.org\/pt-pt\/wp-json\/wp\/v2\/posts\/13971\/revisions"}],"predecessor-version":[{"id":13975,"href":"https:\/\/encompaniastj.org\/pt-pt\/wp-json\/wp\/v2\/posts\/13971\/revisions\/13975"}],"wp:featuredmedia":[{"embeddable":true,"href":"https:\/\/encompaniastj.org\/pt-pt\/wp-json\/wp\/v2\/media\/7696"}],"wp:attachment":[{"href":"https:\/\/encompaniastj.org\/pt-pt\/wp-json\/wp\/v2\/media?parent=13971"}],"wp:term":[{"taxonomy":"category","embeddable":true,"href":"https:\/\/encompaniastj.org\/pt-pt\/wp-json\/wp\/v2\/categories?post=13971"},{"taxonomy":"post_tag","embeddable":true,"href":"https:\/\/encompaniastj.org\/pt-pt\/wp-json\/wp\/v2\/tags?post=13971"}],"curies":[{"name":"wp","href":"https:\/\/api.w.org\/{rel}","templated":true}]}}