{"id":13970,"date":"2022-08-22T09:07:36","date_gmt":"2022-08-22T07:07:36","guid":{"rendered":"https:\/\/encompaniastj.org\/ana-ma-rivero-rieckers-11-de-agosto-de-2022-residencia-em-oviedo\/"},"modified":"2022-08-22T09:07:36","modified_gmt":"2022-08-22T07:07:36","slug":"ana-ma-rivero-rieckers-11-de-agosto-de-2022-residencia-em-oviedo","status":"publish","type":"post","link":"https:\/\/encompaniastj.org\/pt-pt\/ana-ma-rivero-rieckers-11-de-agosto-de-2022-residencia-em-oviedo\/","title":{"rendered":"Ana M\u00aa Rivero Rieckers. 11 de agosto de 2022 (Resid\u00eancia em Oviedo)"},"content":{"rendered":"<p>Ana M\u00aa faleceu em Oviedo no dia 11 de agosto de 2022 depois de um longo per\u00edodo, mais de um ano, de viver com um cancro em estado muito avan\u00e7ado quando foi diagnosticado. Ap\u00f3s o processo de ciclos de quimioterapia, como n\u00e3o havia outra possibilidade, as not\u00edcias n\u00e3o foram boas, pois n\u00e3o tiveram o efeito esperado e desejado. Ana aceitou as diferentes not\u00edcias negativas sobre o seu estado de sa\u00fade e preparou-se para o fim com for\u00e7a e coragem, confiando na bondade de Deus.  <\/p>\n<p>Nasceu em Las Palmas de Gran Canaria a 15 de agosto de 1946. Era a mais velha de seis irm\u00e3os, dos quais guarda sempre boas recorda\u00e7\u00f5es, bem como da sua rela\u00e7\u00e3o com os pais e com os seus numerosos primos. <\/p>\n<p>Na Companhia teve v\u00e1rias miss\u00f5es, n\u00e3o s\u00f3 em Espanha: Madrid, Jes\u00fas Maestro, Barcelona, Ganduxer, Las Palmas, Chile (Santiago, casa provincial e resid\u00eancia universit\u00e1ria, por duas vezes, Illapel, Nacimiento, comunidade do Sul), Bol\u00edvia (Santa Cruz de la Sierra, El Trompillo, El Plato-El Carmen) e ainda em Espanha: Due\u00f1as, Puente del R\u00edo (Almer\u00eda), Las Palmas, novamente, Toledo, Sevilha-Pino Montano e, finalmente, Oviedo.<\/p>\n<p>Em Barcelona, trabalha na editora STJ. Era uma mulher culta, que lia muito e escrevia com facilidade e simplicidade. Isto significa que conseguia transmitir muito bem o que queria dizer e torn\u00e1-lo acess\u00edvel aos leitores. Durante os anos em que viveu no Chile, foi professora e as aulas que dava estavam relacionadas com os seus estudos, uma licenciatura em filosofia. Noutros lugares, ensinou religi\u00e3o ou outras disciplinas de humanidades.    <\/p>\n<p>A sua forma\u00e7\u00e3o e a sua maneira de ser fizeram dela, por um lado, uma pessoa capaz de analisar criticamente a realidade e, ao mesmo tempo, uma pessoa cativante e acess\u00edvel, grata \u00e0 vida.<\/p>\n<p>Por onde quer que passasse, deixava boas recorda\u00e7\u00f5es e bons amigos. Em Oviedo, o seu \u00faltimo destino, deixou muitas pessoas com boas recorda\u00e7\u00f5es e ela pr\u00f3pria disse que lhe parecia imposs\u00edvel, quando cresceu, ter feito um tal c\u00edrculo de amigos e conhecidos. Era assim que ela era.  <\/p>\n<p>Sorria, fazia coment\u00e1rios carinhosos e tinha sempre uma palavra am\u00e1vel para toda a gente.<\/p>\n<p>Era uma grande amante dos animais e, nos seus \u00faltimos anos, gostava da proximidade de um c\u00e3o e de todos os gatinhos vadios perto de casa.<\/p>\n<p>Regist\u00e1mos algumas recorda\u00e7\u00f5es, e h\u00e1 muitas que s\u00e3o semelhantes:<\/p>\n<p>&#8220;Porque sempre conseguiste ser necess\u00e1rio para n\u00f3s, sem fazer quase nenhum barulho. E, \u00e0s vezes, basta interesse e vontade para te tornares uma pessoa essencial numa conviv\u00eancia&#8230;&#8221;.<\/p>\n<p>&#8220;Quando comecei esta aventura, h\u00e1 cinco anos, nunca imaginei que chegaria at\u00e9 aqui, e devo admitir que, em grande parte, foi gra\u00e7as \u00e0 tua catequese e \u00e0s tuas palestras. Deixaste uma grande marca no meu cora\u00e7\u00e3o&#8230;&#8221;.<\/p>\n<p>Deixa-nos o seu testemunho, escrito cerca de um ano antes da sua morte, quando enfrentava o seu processo com todo o encorajamento que conseguia reunir:<\/p>\n<p><em>&#8230; E j\u00e1 que tenho cancro, aproveitemos a parte que me agrada: o carinho das irm\u00e3s da minha comunidade; os mimos, as ora\u00e7\u00f5es, os gestos de proximidade; todo o amor que recebo de ti, fam\u00edlia, primos e primas, amigos, amigas, irm\u00e3s e pessoas que n\u00e3o conhecia h\u00e1 tr\u00eas anos quando cheguei \u00e0s Ast\u00farias e que agora s\u00e3o amigos e eu fa\u00e7o parte da tua vida, e eles da minha&#8230;<\/em><\/p>\n<p><em>  &#8230; Isto \u00e9 cancro. E estou contente por me ter tocado, o que quer que a medicina possa fazer por mim para sempre, s\u00ea bem-vindo. E se a medicina fizer por mim e n\u00e3o funcionar, d\u00e1 as boas-vindas \u00e0 Irm\u00e3 Morte, que \u00e9 a nossa companheira de viagem desde o in\u00edcio e nos leva para o outro lado, onde nos esperam tantos entes queridos e um outro caminho a percorrer. O maravilhoso desconhecido do encontro com Deus, a contempla\u00e7\u00e3o do Universo, &#8220;nem o olho viu, nem a nossa mente \u00e9 capaz de compreender o que Deus preparou para n\u00f3s&#8221; e s\u00e3o muitas e diferentes as moradas, gra\u00e7as a Deus, MUITAS, E GRA\u00c7AS A DEUS, DIFERENTES, QUE EU AMO. E UM NOVO C\u00c9U, E UMA NOVA TERRA E O LE\u00c3O MORAR\u00c1 COM A CABRA E A CRIAN\u00c7A MERGULHAR\u00c1 A M\u00c3O NO NINHO DA SERPENTE&#8230; QUEM DISSE QUE NO C\u00c9U N\u00c3O HAVER\u00c1 ANIMAIS? E eu, o que faria num c\u00e9u silencioso de latidos, miados, trinados? Por muito bem que os anjos cantem, sou feito de lama e gosto dos sons da lama, da \u00e1gua, dos macacos e dos papagaios, dos elefantes, das tartarugas, das girafas, dos c\u00e3es, dos gatos e dos ouri\u00e7os. Um NOVO C\u00c9U E UMA NOVA TERRA, onde n\u00e3o sou uma aberra\u00e7\u00e3o, porque perten\u00e7o a esta p\u00e1tria e reconhe\u00e7o-a e todas as criaturas criadas me reconhecem como sua&#8230;        <\/em><\/p>\n<p><em>  &#8230;Numa \u00e9poca de tanto sofrimento devido \u00e0 pandemia e \u00e0s suas consequ\u00eancias de todo o tipo, sou uma mulher privilegiada, cuidada, amada, feliz, vivendo o momento presente e com f\u00e9 no futuro de cada dia, pelo que quero dizer OBRIGADA \u00c0 VIDA. AMO-TE MUITO. OBRIGADA.  <\/em><\/p>\n<p>Obrigado, Ana, pela tua vida entusiasta e obrigado ao Deus da Vida por nos permitir percorrer parte do caminho com ela.<\/p>\n","protected":false},"excerpt":{"rendered":"<p>Ana M\u00aa faleceu em Oviedo no dia 11 de agosto de 2022 depois de um longo per\u00edodo, mais de um ano, de viver com um cancro em estado muito avan\u00e7ado [&hellip;]<\/p>\n","protected":false},"author":1,"featured_media":7963,"comment_status":"open","ping_status":"open","sticky":false,"template":"","format":"standard","meta":{"_acf_changed":false,"footnotes":""},"categories":[63],"tags":[],"class_list":["post-13970","post","type-post","status-publish","format-standard","has-post-thumbnail","hentry","category-fallecimientos"],"acf":[],"yoast_head":"<!-- This site is optimized with the Yoast SEO plugin v27.5 - https:\/\/yoast.com\/product\/yoast-seo-wordpress\/ -->\n<title>Ana M\u00aa Rivero Rieckers. 11 de agosto de 2022 (Resid\u00eancia em Oviedo) - En Compa\u00f1\u00eda STJ<\/title>\n<meta name=\"robots\" content=\"index, follow, max-snippet:-1, max-image-preview:large, max-video-preview:-1\" \/>\n<link rel=\"canonical\" href=\"https:\/\/encompaniastj.org\/pt-pt\/ana-ma-rivero-rieckers-11-de-agosto-de-2022-residencia-em-oviedo\/\" \/>\n<meta property=\"og:locale\" content=\"pt_PT\" \/>\n<meta property=\"og:type\" content=\"article\" \/>\n<meta property=\"og:title\" content=\"Ana M\u00aa Rivero Rieckers. 11 de agosto de 2022 (Resid\u00eancia em Oviedo) - En Compa\u00f1\u00eda STJ\" \/>\n<meta property=\"og:description\" content=\"Ana M\u00aa faleceu em Oviedo no dia 11 de agosto de 2022 depois de um longo per\u00edodo, mais de um ano, de viver com um cancro em estado muito avan\u00e7ado [&hellip;]\" \/>\n<meta property=\"og:url\" content=\"https:\/\/encompaniastj.org\/pt-pt\/ana-ma-rivero-rieckers-11-de-agosto-de-2022-residencia-em-oviedo\/\" \/>\n<meta property=\"og:site_name\" content=\"En Compa\u00f1\u00eda STJ\" \/>\n<meta property=\"article:published_time\" content=\"2022-08-22T07:07:36+00:00\" \/>\n<meta property=\"og:image\" content=\"https:\/\/encompaniastj.org\/wp-content\/uploads\/2025\/05\/wave-213809__480.jpg\" \/>\n\t<meta property=\"og:image:width\" content=\"640\" \/>\n\t<meta property=\"og:image:height\" content=\"480\" \/>\n\t<meta property=\"og:image:type\" content=\"image\/jpeg\" \/>\n<meta name=\"author\" content=\"admin\" \/>\n<meta name=\"twitter:card\" content=\"summary_large_image\" \/>\n<meta name=\"twitter:label1\" content=\"Escrito por\" \/>\n\t<meta name=\"twitter:data1\" content=\"admin\" \/>\n\t<meta name=\"twitter:label2\" content=\"Tempo estimado de leitura\" \/>\n\t<meta name=\"twitter:data2\" content=\"4 minutos\" \/>\n<script type=\"application\/ld+json\" class=\"yoast-schema-graph\">{\"@context\":\"https:\\\/\\\/schema.org\",\"@graph\":[{\"@type\":\"Article\",\"@id\":\"https:\\\/\\\/encompaniastj.org\\\/pt-pt\\\/ana-ma-rivero-rieckers-11-de-agosto-de-2022-residencia-em-oviedo\\\/#article\",\"isPartOf\":{\"@id\":\"https:\\\/\\\/encompaniastj.org\\\/pt-pt\\\/ana-ma-rivero-rieckers-11-de-agosto-de-2022-residencia-em-oviedo\\\/\"},\"author\":{\"name\":\"admin\",\"@id\":\"https:\\\/\\\/encompaniastj.org\\\/pt-pt\\\/#\\\/schema\\\/person\\\/520e7ecc314793d40091993c2a02b651\"},\"headline\":\"Ana M\u00aa Rivero Rieckers. 11 de agosto de 2022 (Resid\u00eancia em Oviedo)\",\"datePublished\":\"2022-08-22T07:07:36+00:00\",\"mainEntityOfPage\":{\"@id\":\"https:\\\/\\\/encompaniastj.org\\\/pt-pt\\\/ana-ma-rivero-rieckers-11-de-agosto-de-2022-residencia-em-oviedo\\\/\"},\"wordCount\":907,\"commentCount\":0,\"publisher\":{\"@id\":\"https:\\\/\\\/encompaniastj.org\\\/pt-pt\\\/#organization\"},\"image\":{\"@id\":\"https:\\\/\\\/encompaniastj.org\\\/pt-pt\\\/ana-ma-rivero-rieckers-11-de-agosto-de-2022-residencia-em-oviedo\\\/#primaryimage\"},\"thumbnailUrl\":\"https:\\\/\\\/encompaniastj.org\\\/wp-content\\\/uploads\\\/2025\\\/05\\\/wave-213809__480.jpg\",\"articleSection\":[\"Fallecimientos\"],\"inLanguage\":\"pt-PT\",\"potentialAction\":[{\"@type\":\"CommentAction\",\"name\":\"Comment\",\"target\":[\"https:\\\/\\\/encompaniastj.org\\\/pt-pt\\\/ana-ma-rivero-rieckers-11-de-agosto-de-2022-residencia-em-oviedo\\\/#respond\"]}]},{\"@type\":\"WebPage\",\"@id\":\"https:\\\/\\\/encompaniastj.org\\\/pt-pt\\\/ana-ma-rivero-rieckers-11-de-agosto-de-2022-residencia-em-oviedo\\\/\",\"url\":\"https:\\\/\\\/encompaniastj.org\\\/pt-pt\\\/ana-ma-rivero-rieckers-11-de-agosto-de-2022-residencia-em-oviedo\\\/\",\"name\":\"Ana M\u00aa Rivero Rieckers. 11 de agosto de 2022 (Resid\u00eancia em Oviedo) - En Compa\u00f1\u00eda STJ\",\"isPartOf\":{\"@id\":\"https:\\\/\\\/encompaniastj.org\\\/pt-pt\\\/#website\"},\"primaryImageOfPage\":{\"@id\":\"https:\\\/\\\/encompaniastj.org\\\/pt-pt\\\/ana-ma-rivero-rieckers-11-de-agosto-de-2022-residencia-em-oviedo\\\/#primaryimage\"},\"image\":{\"@id\":\"https:\\\/\\\/encompaniastj.org\\\/pt-pt\\\/ana-ma-rivero-rieckers-11-de-agosto-de-2022-residencia-em-oviedo\\\/#primaryimage\"},\"thumbnailUrl\":\"https:\\\/\\\/encompaniastj.org\\\/wp-content\\\/uploads\\\/2025\\\/05\\\/wave-213809__480.jpg\",\"datePublished\":\"2022-08-22T07:07:36+00:00\",\"breadcrumb\":{\"@id\":\"https:\\\/\\\/encompaniastj.org\\\/pt-pt\\\/ana-ma-rivero-rieckers-11-de-agosto-de-2022-residencia-em-oviedo\\\/#breadcrumb\"},\"inLanguage\":\"pt-PT\",\"potentialAction\":[{\"@type\":\"ReadAction\",\"target\":[\"https:\\\/\\\/encompaniastj.org\\\/pt-pt\\\/ana-ma-rivero-rieckers-11-de-agosto-de-2022-residencia-em-oviedo\\\/\"]}]},{\"@type\":\"ImageObject\",\"inLanguage\":\"pt-PT\",\"@id\":\"https:\\\/\\\/encompaniastj.org\\\/pt-pt\\\/ana-ma-rivero-rieckers-11-de-agosto-de-2022-residencia-em-oviedo\\\/#primaryimage\",\"url\":\"https:\\\/\\\/encompaniastj.org\\\/wp-content\\\/uploads\\\/2025\\\/05\\\/wave-213809__480.jpg\",\"contentUrl\":\"https:\\\/\\\/encompaniastj.org\\\/wp-content\\\/uploads\\\/2025\\\/05\\\/wave-213809__480.jpg\",\"width\":640,\"height\":480},{\"@type\":\"BreadcrumbList\",\"@id\":\"https:\\\/\\\/encompaniastj.org\\\/pt-pt\\\/ana-ma-rivero-rieckers-11-de-agosto-de-2022-residencia-em-oviedo\\\/#breadcrumb\",\"itemListElement\":[{\"@type\":\"ListItem\",\"position\":1,\"name\":\"Portada\",\"item\":\"https:\\\/\\\/encompaniastj.org\\\/pt-pt\\\/\"},{\"@type\":\"ListItem\",\"position\":2,\"name\":\"Ana M\u00aa Rivero Rieckers. 11 de agosto de 2022 (Resid\u00eancia em Oviedo)\"}]},{\"@type\":\"WebSite\",\"@id\":\"https:\\\/\\\/encompaniastj.org\\\/pt-pt\\\/#website\",\"url\":\"https:\\\/\\\/encompaniastj.org\\\/pt-pt\\\/\",\"name\":\"En Compa\u00f1\u00eda STJ\",\"description\":\"Bolet\u00edn de la Compa\u00f1\u00eda de Santa Teresa de Jes\u00fas\",\"publisher\":{\"@id\":\"https:\\\/\\\/encompaniastj.org\\\/pt-pt\\\/#organization\"},\"potentialAction\":[{\"@type\":\"SearchAction\",\"target\":{\"@type\":\"EntryPoint\",\"urlTemplate\":\"https:\\\/\\\/encompaniastj.org\\\/pt-pt\\\/?s={search_term_string}\"},\"query-input\":{\"@type\":\"PropertyValueSpecification\",\"valueRequired\":true,\"valueName\":\"search_term_string\"}}],\"inLanguage\":\"pt-PT\"},{\"@type\":\"Organization\",\"@id\":\"https:\\\/\\\/encompaniastj.org\\\/pt-pt\\\/#organization\",\"name\":\"Compa\u00f1\u00eda de Santa Teresa de Jes\u00fas\",\"url\":\"https:\\\/\\\/encompaniastj.org\\\/pt-pt\\\/\",\"logo\":{\"@type\":\"ImageObject\",\"inLanguage\":\"pt-PT\",\"@id\":\"https:\\\/\\\/encompaniastj.org\\\/pt-pt\\\/#\\\/schema\\\/logo\\\/image\\\/\",\"url\":\"https:\\\/\\\/encompaniastj.org\\\/wp-content\\\/uploads\\\/2025\\\/04\\\/logo_provincias02-1-3.png\",\"contentUrl\":\"https:\\\/\\\/encompaniastj.org\\\/wp-content\\\/uploads\\\/2025\\\/04\\\/logo_provincias02-1-3.png\",\"width\":2368,\"height\":825,\"caption\":\"Compa\u00f1\u00eda de Santa Teresa de Jes\u00fas\"},\"image\":{\"@id\":\"https:\\\/\\\/encompaniastj.org\\\/pt-pt\\\/#\\\/schema\\\/logo\\\/image\\\/\"}},{\"@type\":\"Person\",\"@id\":\"https:\\\/\\\/encompaniastj.org\\\/pt-pt\\\/#\\\/schema\\\/person\\\/520e7ecc314793d40091993c2a02b651\",\"name\":\"admin\",\"image\":{\"@type\":\"ImageObject\",\"inLanguage\":\"pt-PT\",\"@id\":\"https:\\\/\\\/secure.gravatar.com\\\/avatar\\\/948b492cce32b586ac2db0eaa926ee87024f7afe218d73b397ea5ddfc5f43ea1?s=96&d=mm&r=g\",\"url\":\"https:\\\/\\\/secure.gravatar.com\\\/avatar\\\/948b492cce32b586ac2db0eaa926ee87024f7afe218d73b397ea5ddfc5f43ea1?s=96&d=mm&r=g\",\"contentUrl\":\"https:\\\/\\\/secure.gravatar.com\\\/avatar\\\/948b492cce32b586ac2db0eaa926ee87024f7afe218d73b397ea5ddfc5f43ea1?s=96&d=mm&r=g\",\"caption\":\"admin\"},\"sameAs\":[\"https:\\\/\\\/encompaniastj.org\"],\"url\":\"https:\\\/\\\/encompaniastj.org\\\/pt-pt\\\/author\\\/sjdigital\\\/\"}]}<\/script>\n<!-- \/ Yoast SEO plugin. -->","yoast_head_json":{"title":"Ana M\u00aa Rivero Rieckers. 11 de agosto de 2022 (Resid\u00eancia em Oviedo) - En Compa\u00f1\u00eda STJ","robots":{"index":"index","follow":"follow","max-snippet":"max-snippet:-1","max-image-preview":"max-image-preview:large","max-video-preview":"max-video-preview:-1"},"canonical":"https:\/\/encompaniastj.org\/pt-pt\/ana-ma-rivero-rieckers-11-de-agosto-de-2022-residencia-em-oviedo\/","og_locale":"pt_PT","og_type":"article","og_title":"Ana M\u00aa Rivero Rieckers. 11 de agosto de 2022 (Resid\u00eancia em Oviedo) - En Compa\u00f1\u00eda STJ","og_description":"Ana M\u00aa faleceu em Oviedo no dia 11 de agosto de 2022 depois de um longo per\u00edodo, mais de um ano, de viver com um cancro em estado muito avan\u00e7ado [&hellip;]","og_url":"https:\/\/encompaniastj.org\/pt-pt\/ana-ma-rivero-rieckers-11-de-agosto-de-2022-residencia-em-oviedo\/","og_site_name":"En Compa\u00f1\u00eda STJ","article_published_time":"2022-08-22T07:07:36+00:00","og_image":[{"width":640,"height":480,"url":"https:\/\/encompaniastj.org\/wp-content\/uploads\/2025\/05\/wave-213809__480.jpg","type":"image\/jpeg"}],"author":"admin","twitter_card":"summary_large_image","twitter_misc":{"Escrito por":"admin","Tempo estimado de leitura":"4 minutos"},"schema":{"@context":"https:\/\/schema.org","@graph":[{"@type":"Article","@id":"https:\/\/encompaniastj.org\/pt-pt\/ana-ma-rivero-rieckers-11-de-agosto-de-2022-residencia-em-oviedo\/#article","isPartOf":{"@id":"https:\/\/encompaniastj.org\/pt-pt\/ana-ma-rivero-rieckers-11-de-agosto-de-2022-residencia-em-oviedo\/"},"author":{"name":"admin","@id":"https:\/\/encompaniastj.org\/pt-pt\/#\/schema\/person\/520e7ecc314793d40091993c2a02b651"},"headline":"Ana M\u00aa Rivero Rieckers. 11 de agosto de 2022 (Resid\u00eancia em Oviedo)","datePublished":"2022-08-22T07:07:36+00:00","mainEntityOfPage":{"@id":"https:\/\/encompaniastj.org\/pt-pt\/ana-ma-rivero-rieckers-11-de-agosto-de-2022-residencia-em-oviedo\/"},"wordCount":907,"commentCount":0,"publisher":{"@id":"https:\/\/encompaniastj.org\/pt-pt\/#organization"},"image":{"@id":"https:\/\/encompaniastj.org\/pt-pt\/ana-ma-rivero-rieckers-11-de-agosto-de-2022-residencia-em-oviedo\/#primaryimage"},"thumbnailUrl":"https:\/\/encompaniastj.org\/wp-content\/uploads\/2025\/05\/wave-213809__480.jpg","articleSection":["Fallecimientos"],"inLanguage":"pt-PT","potentialAction":[{"@type":"CommentAction","name":"Comment","target":["https:\/\/encompaniastj.org\/pt-pt\/ana-ma-rivero-rieckers-11-de-agosto-de-2022-residencia-em-oviedo\/#respond"]}]},{"@type":"WebPage","@id":"https:\/\/encompaniastj.org\/pt-pt\/ana-ma-rivero-rieckers-11-de-agosto-de-2022-residencia-em-oviedo\/","url":"https:\/\/encompaniastj.org\/pt-pt\/ana-ma-rivero-rieckers-11-de-agosto-de-2022-residencia-em-oviedo\/","name":"Ana M\u00aa Rivero Rieckers. 11 de agosto de 2022 (Resid\u00eancia em Oviedo) - En Compa\u00f1\u00eda STJ","isPartOf":{"@id":"https:\/\/encompaniastj.org\/pt-pt\/#website"},"primaryImageOfPage":{"@id":"https:\/\/encompaniastj.org\/pt-pt\/ana-ma-rivero-rieckers-11-de-agosto-de-2022-residencia-em-oviedo\/#primaryimage"},"image":{"@id":"https:\/\/encompaniastj.org\/pt-pt\/ana-ma-rivero-rieckers-11-de-agosto-de-2022-residencia-em-oviedo\/#primaryimage"},"thumbnailUrl":"https:\/\/encompaniastj.org\/wp-content\/uploads\/2025\/05\/wave-213809__480.jpg","datePublished":"2022-08-22T07:07:36+00:00","breadcrumb":{"@id":"https:\/\/encompaniastj.org\/pt-pt\/ana-ma-rivero-rieckers-11-de-agosto-de-2022-residencia-em-oviedo\/#breadcrumb"},"inLanguage":"pt-PT","potentialAction":[{"@type":"ReadAction","target":["https:\/\/encompaniastj.org\/pt-pt\/ana-ma-rivero-rieckers-11-de-agosto-de-2022-residencia-em-oviedo\/"]}]},{"@type":"ImageObject","inLanguage":"pt-PT","@id":"https:\/\/encompaniastj.org\/pt-pt\/ana-ma-rivero-rieckers-11-de-agosto-de-2022-residencia-em-oviedo\/#primaryimage","url":"https:\/\/encompaniastj.org\/wp-content\/uploads\/2025\/05\/wave-213809__480.jpg","contentUrl":"https:\/\/encompaniastj.org\/wp-content\/uploads\/2025\/05\/wave-213809__480.jpg","width":640,"height":480},{"@type":"BreadcrumbList","@id":"https:\/\/encompaniastj.org\/pt-pt\/ana-ma-rivero-rieckers-11-de-agosto-de-2022-residencia-em-oviedo\/#breadcrumb","itemListElement":[{"@type":"ListItem","position":1,"name":"Portada","item":"https:\/\/encompaniastj.org\/pt-pt\/"},{"@type":"ListItem","position":2,"name":"Ana M\u00aa Rivero Rieckers. 11 de agosto de 2022 (Resid\u00eancia em Oviedo)"}]},{"@type":"WebSite","@id":"https:\/\/encompaniastj.org\/pt-pt\/#website","url":"https:\/\/encompaniastj.org\/pt-pt\/","name":"En Compa\u00f1\u00eda STJ","description":"Bolet\u00edn de la Compa\u00f1\u00eda de Santa Teresa de Jes\u00fas","publisher":{"@id":"https:\/\/encompaniastj.org\/pt-pt\/#organization"},"potentialAction":[{"@type":"SearchAction","target":{"@type":"EntryPoint","urlTemplate":"https:\/\/encompaniastj.org\/pt-pt\/?s={search_term_string}"},"query-input":{"@type":"PropertyValueSpecification","valueRequired":true,"valueName":"search_term_string"}}],"inLanguage":"pt-PT"},{"@type":"Organization","@id":"https:\/\/encompaniastj.org\/pt-pt\/#organization","name":"Compa\u00f1\u00eda de Santa Teresa de Jes\u00fas","url":"https:\/\/encompaniastj.org\/pt-pt\/","logo":{"@type":"ImageObject","inLanguage":"pt-PT","@id":"https:\/\/encompaniastj.org\/pt-pt\/#\/schema\/logo\/image\/","url":"https:\/\/encompaniastj.org\/wp-content\/uploads\/2025\/04\/logo_provincias02-1-3.png","contentUrl":"https:\/\/encompaniastj.org\/wp-content\/uploads\/2025\/04\/logo_provincias02-1-3.png","width":2368,"height":825,"caption":"Compa\u00f1\u00eda de Santa Teresa de Jes\u00fas"},"image":{"@id":"https:\/\/encompaniastj.org\/pt-pt\/#\/schema\/logo\/image\/"}},{"@type":"Person","@id":"https:\/\/encompaniastj.org\/pt-pt\/#\/schema\/person\/520e7ecc314793d40091993c2a02b651","name":"admin","image":{"@type":"ImageObject","inLanguage":"pt-PT","@id":"https:\/\/secure.gravatar.com\/avatar\/948b492cce32b586ac2db0eaa926ee87024f7afe218d73b397ea5ddfc5f43ea1?s=96&d=mm&r=g","url":"https:\/\/secure.gravatar.com\/avatar\/948b492cce32b586ac2db0eaa926ee87024f7afe218d73b397ea5ddfc5f43ea1?s=96&d=mm&r=g","contentUrl":"https:\/\/secure.gravatar.com\/avatar\/948b492cce32b586ac2db0eaa926ee87024f7afe218d73b397ea5ddfc5f43ea1?s=96&d=mm&r=g","caption":"admin"},"sameAs":["https:\/\/encompaniastj.org"],"url":"https:\/\/encompaniastj.org\/pt-pt\/author\/sjdigital\/"}]}},"_links":{"self":[{"href":"https:\/\/encompaniastj.org\/pt-pt\/wp-json\/wp\/v2\/posts\/13970","targetHints":{"allow":["GET"]}}],"collection":[{"href":"https:\/\/encompaniastj.org\/pt-pt\/wp-json\/wp\/v2\/posts"}],"about":[{"href":"https:\/\/encompaniastj.org\/pt-pt\/wp-json\/wp\/v2\/types\/post"}],"author":[{"embeddable":true,"href":"https:\/\/encompaniastj.org\/pt-pt\/wp-json\/wp\/v2\/users\/1"}],"replies":[{"embeddable":true,"href":"https:\/\/encompaniastj.org\/pt-pt\/wp-json\/wp\/v2\/comments?post=13970"}],"version-history":[{"count":0,"href":"https:\/\/encompaniastj.org\/pt-pt\/wp-json\/wp\/v2\/posts\/13970\/revisions"}],"wp:featuredmedia":[{"embeddable":true,"href":"https:\/\/encompaniastj.org\/pt-pt\/wp-json\/wp\/v2\/media\/7963"}],"wp:attachment":[{"href":"https:\/\/encompaniastj.org\/pt-pt\/wp-json\/wp\/v2\/media?parent=13970"}],"wp:term":[{"taxonomy":"category","embeddable":true,"href":"https:\/\/encompaniastj.org\/pt-pt\/wp-json\/wp\/v2\/categories?post=13970"},{"taxonomy":"post_tag","embeddable":true,"href":"https:\/\/encompaniastj.org\/pt-pt\/wp-json\/wp\/v2\/tags?post=13970"}],"curies":[{"name":"wp","href":"https:\/\/api.w.org\/{rel}","templated":true}]}}