{"id":13968,"date":"2022-08-22T09:10:06","date_gmt":"2022-08-22T07:10:06","guid":{"rendered":"https:\/\/encompaniastj.org\/pilar-de-felipe-castillon-20-de-agosto-de-2022-residencia-em-avila\/"},"modified":"2022-08-22T09:10:06","modified_gmt":"2022-08-22T07:10:06","slug":"pilar-de-felipe-castillon-20-de-agosto-de-2022-residencia-em-avila","status":"publish","type":"post","link":"https:\/\/encompaniastj.org\/pt-pt\/pilar-de-felipe-castillon-20-de-agosto-de-2022-residencia-em-avila\/","title":{"rendered":"Pilar de Felipe Castill\u00f3n. 20 de agosto de 2022 (Resid\u00eancia em \u00c1vila)"},"content":{"rendered":"<p>&#8220;Que nada te perturbe&#8230; tudo passa, nada falta \u00e0quele que tem Deus. S\u00f3 Deus te basta&#8221;.<\/p>\n<p>Temos a certeza de que a nossa irm\u00e3, Pilar de Felipe, ouviu muitas vezes estas palavras do santo, sobretudo nos dias da sua doen\u00e7a. Quando recebeu o diagn\u00f3stico m\u00e9dico, sete meses antes da sua morte, disse-nos que tinha paz, que se sentia fortalecida e sustentada por Ele. Isto faz-nos viver este momento doloroso com f\u00e9 e gratid\u00e3o.  <\/p>\n<p>A Pilar faleceu em \u00c1vila, \u00e0s 19 horas do dia 20 de agosto de 2022. Dizemos muitas vezes e sabemos que o tempo e a hora do encontro com Deus \u00e9 um mist\u00e9rio, mas h\u00e1 momentos em que esta realidade \u00e9 mais evidente. A vitalidade, a for\u00e7a e a sa\u00fade da nossa irm\u00e3 Pilar sempre foram not\u00e1veis, pelo que acredit\u00e1mos que a medicina poderia fazer milagres perante a doen\u00e7a. N\u00e3o foi o que aconteceu. A evolu\u00e7\u00e3o nos primeiros meses de tratamento foi positiva, mas o Senhor tinha outros planos e parece que tinha pressa em lev\u00e1-la a gozar a sua pr\u00f3pria vida.     <\/p>\n<p>Nasceu em Calahorra em 1941 e entrou na Companhia em Tortosa em outubro de 1960. Come\u00e7ou o seu trabalho apost\u00f3lico em Madrid, no col\u00e9gio de Puebla, quando ainda era juniorista, e foi tamb\u00e9m destinada \u00e0s comunidades de Madrid (Jes\u00fas Maestro e Estrecho), Las Palmas, Valladolid, Toledo e, mais recentemente, \u00e0 resid\u00eancia de \u00c1vila. De 1987 a 1999 esteve em Roma, primeiro como Delegada para a Educa\u00e7\u00e3o e depois como Conselheira Geral.  <\/p>\n<p>Fica-nos a lembran\u00e7a da sua generosa dedica\u00e7\u00e3o nas v\u00e1rias tarefas que lhe foram confiadas pela Sociedade, nomeadamente no servi\u00e7o da educa\u00e7\u00e3o a todos os n\u00edveis: local, provincial e geral. Desempenhou tamb\u00e9m tarefas de governo como coordenadora local e conselheira geral, e n\u00e3o podemos esquecer a sua ajuda e acompanhamento das irm\u00e3s doentes na comunidade de \u00c1vila durante os \u00faltimos tr\u00eas anos. O seu trato com elas foi sempre respeitoso, delicado, atento, mostrando compreens\u00e3o pela fragilidade das irm\u00e3s e acompanhando a sua doen\u00e7a.  <\/p>\n<p>A sua invoca\u00e7\u00e3o a Maria nos seus \u00faltimos momentos ajudou-o a colocar a sua vida nas m\u00e3os de Deus e abriu-lhe a porta para entrar na alegria do seu Senhor.<\/p>\n<p>Pilar, pede ao Senhor que nos d\u00ea a todos os educadores teresianos uma grande cabe\u00e7a e um grande cora\u00e7\u00e3o. E a partir dessa verdadeira VIDA, reza tamb\u00e9m pela Sociedade para que continue a dar muita gl\u00f3ria a Deus. <\/p>\n","protected":false},"excerpt":{"rendered":"<p>&#8220;Que nada te perturbe&#8230; tudo passa, nada falta \u00e0quele que tem Deus. S\u00f3 Deus te basta&#8221;. Temos a certeza de que a nossa irm\u00e3, Pilar de Felipe, ouviu muitas vezes [&hellip;]<\/p>\n","protected":false},"author":1,"featured_media":7964,"comment_status":"open","ping_status":"open","sticky":false,"template":"","format":"standard","meta":{"_acf_changed":false,"footnotes":""},"categories":[63],"tags":[],"class_list":["post-13968","post","type-post","status-publish","format-standard","has-post-thumbnail","hentry","category-fallecimientos"],"acf":[],"yoast_head":"<!-- This site is optimized with the Yoast SEO plugin v27.5 - https:\/\/yoast.com\/product\/yoast-seo-wordpress\/ -->\n<title>Pilar de Felipe Castill\u00f3n. 20 de agosto de 2022 (Resid\u00eancia em \u00c1vila) - En Compa\u00f1\u00eda STJ<\/title>\n<meta name=\"robots\" content=\"index, follow, max-snippet:-1, max-image-preview:large, max-video-preview:-1\" \/>\n<link rel=\"canonical\" href=\"https:\/\/encompaniastj.org\/pt-pt\/pilar-de-felipe-castillon-20-de-agosto-de-2022-residencia-em-avila\/\" \/>\n<meta property=\"og:locale\" content=\"pt_PT\" \/>\n<meta property=\"og:type\" content=\"article\" \/>\n<meta property=\"og:title\" content=\"Pilar de Felipe Castill\u00f3n. 20 de agosto de 2022 (Resid\u00eancia em \u00c1vila) - En Compa\u00f1\u00eda STJ\" \/>\n<meta property=\"og:description\" content=\"&#8220;Que nada te perturbe&#8230; tudo passa, nada falta \u00e0quele que tem Deus. S\u00f3 Deus te basta&#8221;. Temos a certeza de que a nossa irm\u00e3, Pilar de Felipe, ouviu muitas vezes [&hellip;]\" \/>\n<meta property=\"og:url\" content=\"https:\/\/encompaniastj.org\/pt-pt\/pilar-de-felipe-castillon-20-de-agosto-de-2022-residencia-em-avila\/\" \/>\n<meta property=\"og:site_name\" content=\"En Compa\u00f1\u00eda STJ\" \/>\n<meta property=\"article:published_time\" content=\"2022-08-22T07:10:06+00:00\" \/>\n<meta property=\"og:image\" content=\"https:\/\/encompaniastj.org\/wp-content\/uploads\/2025\/05\/Pilar.jpg\" \/>\n\t<meta property=\"og:image:width\" content=\"1280\" \/>\n\t<meta property=\"og:image:height\" content=\"853\" \/>\n\t<meta property=\"og:image:type\" content=\"image\/jpeg\" \/>\n<meta name=\"author\" content=\"admin\" \/>\n<meta name=\"twitter:card\" content=\"summary_large_image\" \/>\n<meta name=\"twitter:label1\" content=\"Escrito por\" \/>\n\t<meta name=\"twitter:data1\" content=\"admin\" \/>\n\t<meta name=\"twitter:label2\" content=\"Tempo estimado de leitura\" \/>\n\t<meta name=\"twitter:data2\" content=\"2 minutos\" \/>\n<script type=\"application\/ld+json\" class=\"yoast-schema-graph\">{\"@context\":\"https:\\\/\\\/schema.org\",\"@graph\":[{\"@type\":\"Article\",\"@id\":\"https:\\\/\\\/encompaniastj.org\\\/pt-pt\\\/pilar-de-felipe-castillon-20-de-agosto-de-2022-residencia-em-avila\\\/#article\",\"isPartOf\":{\"@id\":\"https:\\\/\\\/encompaniastj.org\\\/pt-pt\\\/pilar-de-felipe-castillon-20-de-agosto-de-2022-residencia-em-avila\\\/\"},\"author\":{\"name\":\"admin\",\"@id\":\"https:\\\/\\\/encompaniastj.org\\\/pt-pt\\\/#\\\/schema\\\/person\\\/520e7ecc314793d40091993c2a02b651\"},\"headline\":\"Pilar de Felipe Castill\u00f3n. 20 de agosto de 2022 (Resid\u00eancia em \u00c1vila)\",\"datePublished\":\"2022-08-22T07:10:06+00:00\",\"mainEntityOfPage\":{\"@id\":\"https:\\\/\\\/encompaniastj.org\\\/pt-pt\\\/pilar-de-felipe-castillon-20-de-agosto-de-2022-residencia-em-avila\\\/\"},\"wordCount\":438,\"commentCount\":0,\"publisher\":{\"@id\":\"https:\\\/\\\/encompaniastj.org\\\/pt-pt\\\/#organization\"},\"image\":{\"@id\":\"https:\\\/\\\/encompaniastj.org\\\/pt-pt\\\/pilar-de-felipe-castillon-20-de-agosto-de-2022-residencia-em-avila\\\/#primaryimage\"},\"thumbnailUrl\":\"https:\\\/\\\/encompaniastj.org\\\/wp-content\\\/uploads\\\/2025\\\/05\\\/Pilar.jpg\",\"articleSection\":[\"Fallecimientos\"],\"inLanguage\":\"pt-PT\",\"potentialAction\":[{\"@type\":\"CommentAction\",\"name\":\"Comment\",\"target\":[\"https:\\\/\\\/encompaniastj.org\\\/pt-pt\\\/pilar-de-felipe-castillon-20-de-agosto-de-2022-residencia-em-avila\\\/#respond\"]}]},{\"@type\":\"WebPage\",\"@id\":\"https:\\\/\\\/encompaniastj.org\\\/pt-pt\\\/pilar-de-felipe-castillon-20-de-agosto-de-2022-residencia-em-avila\\\/\",\"url\":\"https:\\\/\\\/encompaniastj.org\\\/pt-pt\\\/pilar-de-felipe-castillon-20-de-agosto-de-2022-residencia-em-avila\\\/\",\"name\":\"Pilar de Felipe Castill\u00f3n. 20 de agosto de 2022 (Resid\u00eancia em \u00c1vila) - En Compa\u00f1\u00eda STJ\",\"isPartOf\":{\"@id\":\"https:\\\/\\\/encompaniastj.org\\\/pt-pt\\\/#website\"},\"primaryImageOfPage\":{\"@id\":\"https:\\\/\\\/encompaniastj.org\\\/pt-pt\\\/pilar-de-felipe-castillon-20-de-agosto-de-2022-residencia-em-avila\\\/#primaryimage\"},\"image\":{\"@id\":\"https:\\\/\\\/encompaniastj.org\\\/pt-pt\\\/pilar-de-felipe-castillon-20-de-agosto-de-2022-residencia-em-avila\\\/#primaryimage\"},\"thumbnailUrl\":\"https:\\\/\\\/encompaniastj.org\\\/wp-content\\\/uploads\\\/2025\\\/05\\\/Pilar.jpg\",\"datePublished\":\"2022-08-22T07:10:06+00:00\",\"breadcrumb\":{\"@id\":\"https:\\\/\\\/encompaniastj.org\\\/pt-pt\\\/pilar-de-felipe-castillon-20-de-agosto-de-2022-residencia-em-avila\\\/#breadcrumb\"},\"inLanguage\":\"pt-PT\",\"potentialAction\":[{\"@type\":\"ReadAction\",\"target\":[\"https:\\\/\\\/encompaniastj.org\\\/pt-pt\\\/pilar-de-felipe-castillon-20-de-agosto-de-2022-residencia-em-avila\\\/\"]}]},{\"@type\":\"ImageObject\",\"inLanguage\":\"pt-PT\",\"@id\":\"https:\\\/\\\/encompaniastj.org\\\/pt-pt\\\/pilar-de-felipe-castillon-20-de-agosto-de-2022-residencia-em-avila\\\/#primaryimage\",\"url\":\"https:\\\/\\\/encompaniastj.org\\\/wp-content\\\/uploads\\\/2025\\\/05\\\/Pilar.jpg\",\"contentUrl\":\"https:\\\/\\\/encompaniastj.org\\\/wp-content\\\/uploads\\\/2025\\\/05\\\/Pilar.jpg\",\"width\":1280,\"height\":853},{\"@type\":\"BreadcrumbList\",\"@id\":\"https:\\\/\\\/encompaniastj.org\\\/pt-pt\\\/pilar-de-felipe-castillon-20-de-agosto-de-2022-residencia-em-avila\\\/#breadcrumb\",\"itemListElement\":[{\"@type\":\"ListItem\",\"position\":1,\"name\":\"Portada\",\"item\":\"https:\\\/\\\/encompaniastj.org\\\/pt-pt\\\/\"},{\"@type\":\"ListItem\",\"position\":2,\"name\":\"Pilar de Felipe Castill\u00f3n. 20 de agosto de 2022 (Resid\u00eancia em \u00c1vila)\"}]},{\"@type\":\"WebSite\",\"@id\":\"https:\\\/\\\/encompaniastj.org\\\/pt-pt\\\/#website\",\"url\":\"https:\\\/\\\/encompaniastj.org\\\/pt-pt\\\/\",\"name\":\"En Compa\u00f1\u00eda STJ\",\"description\":\"Bolet\u00edn de la Compa\u00f1\u00eda de Santa Teresa de Jes\u00fas\",\"publisher\":{\"@id\":\"https:\\\/\\\/encompaniastj.org\\\/pt-pt\\\/#organization\"},\"potentialAction\":[{\"@type\":\"SearchAction\",\"target\":{\"@type\":\"EntryPoint\",\"urlTemplate\":\"https:\\\/\\\/encompaniastj.org\\\/pt-pt\\\/?s={search_term_string}\"},\"query-input\":{\"@type\":\"PropertyValueSpecification\",\"valueRequired\":true,\"valueName\":\"search_term_string\"}}],\"inLanguage\":\"pt-PT\"},{\"@type\":\"Organization\",\"@id\":\"https:\\\/\\\/encompaniastj.org\\\/pt-pt\\\/#organization\",\"name\":\"Compa\u00f1\u00eda de Santa Teresa de Jes\u00fas\",\"url\":\"https:\\\/\\\/encompaniastj.org\\\/pt-pt\\\/\",\"logo\":{\"@type\":\"ImageObject\",\"inLanguage\":\"pt-PT\",\"@id\":\"https:\\\/\\\/encompaniastj.org\\\/pt-pt\\\/#\\\/schema\\\/logo\\\/image\\\/\",\"url\":\"https:\\\/\\\/encompaniastj.org\\\/wp-content\\\/uploads\\\/2025\\\/04\\\/logo_provincias02-1-3.png\",\"contentUrl\":\"https:\\\/\\\/encompaniastj.org\\\/wp-content\\\/uploads\\\/2025\\\/04\\\/logo_provincias02-1-3.png\",\"width\":2368,\"height\":825,\"caption\":\"Compa\u00f1\u00eda de Santa Teresa de Jes\u00fas\"},\"image\":{\"@id\":\"https:\\\/\\\/encompaniastj.org\\\/pt-pt\\\/#\\\/schema\\\/logo\\\/image\\\/\"}},{\"@type\":\"Person\",\"@id\":\"https:\\\/\\\/encompaniastj.org\\\/pt-pt\\\/#\\\/schema\\\/person\\\/520e7ecc314793d40091993c2a02b651\",\"name\":\"admin\",\"image\":{\"@type\":\"ImageObject\",\"inLanguage\":\"pt-PT\",\"@id\":\"https:\\\/\\\/secure.gravatar.com\\\/avatar\\\/948b492cce32b586ac2db0eaa926ee87024f7afe218d73b397ea5ddfc5f43ea1?s=96&d=mm&r=g\",\"url\":\"https:\\\/\\\/secure.gravatar.com\\\/avatar\\\/948b492cce32b586ac2db0eaa926ee87024f7afe218d73b397ea5ddfc5f43ea1?s=96&d=mm&r=g\",\"contentUrl\":\"https:\\\/\\\/secure.gravatar.com\\\/avatar\\\/948b492cce32b586ac2db0eaa926ee87024f7afe218d73b397ea5ddfc5f43ea1?s=96&d=mm&r=g\",\"caption\":\"admin\"},\"sameAs\":[\"https:\\\/\\\/encompaniastj.org\"],\"url\":\"https:\\\/\\\/encompaniastj.org\\\/pt-pt\\\/author\\\/sjdigital\\\/\"}]}<\/script>\n<!-- \/ Yoast SEO plugin. -->","yoast_head_json":{"title":"Pilar de Felipe Castill\u00f3n. 20 de agosto de 2022 (Resid\u00eancia em \u00c1vila) - En Compa\u00f1\u00eda STJ","robots":{"index":"index","follow":"follow","max-snippet":"max-snippet:-1","max-image-preview":"max-image-preview:large","max-video-preview":"max-video-preview:-1"},"canonical":"https:\/\/encompaniastj.org\/pt-pt\/pilar-de-felipe-castillon-20-de-agosto-de-2022-residencia-em-avila\/","og_locale":"pt_PT","og_type":"article","og_title":"Pilar de Felipe Castill\u00f3n. 20 de agosto de 2022 (Resid\u00eancia em \u00c1vila) - En Compa\u00f1\u00eda STJ","og_description":"&#8220;Que nada te perturbe&#8230; tudo passa, nada falta \u00e0quele que tem Deus. S\u00f3 Deus te basta&#8221;. Temos a certeza de que a nossa irm\u00e3, Pilar de Felipe, ouviu muitas vezes [&hellip;]","og_url":"https:\/\/encompaniastj.org\/pt-pt\/pilar-de-felipe-castillon-20-de-agosto-de-2022-residencia-em-avila\/","og_site_name":"En Compa\u00f1\u00eda STJ","article_published_time":"2022-08-22T07:10:06+00:00","og_image":[{"width":1280,"height":853,"url":"https:\/\/encompaniastj.org\/wp-content\/uploads\/2025\/05\/Pilar.jpg","type":"image\/jpeg"}],"author":"admin","twitter_card":"summary_large_image","twitter_misc":{"Escrito por":"admin","Tempo estimado de leitura":"2 minutos"},"schema":{"@context":"https:\/\/schema.org","@graph":[{"@type":"Article","@id":"https:\/\/encompaniastj.org\/pt-pt\/pilar-de-felipe-castillon-20-de-agosto-de-2022-residencia-em-avila\/#article","isPartOf":{"@id":"https:\/\/encompaniastj.org\/pt-pt\/pilar-de-felipe-castillon-20-de-agosto-de-2022-residencia-em-avila\/"},"author":{"name":"admin","@id":"https:\/\/encompaniastj.org\/pt-pt\/#\/schema\/person\/520e7ecc314793d40091993c2a02b651"},"headline":"Pilar de Felipe Castill\u00f3n. 20 de agosto de 2022 (Resid\u00eancia em \u00c1vila)","datePublished":"2022-08-22T07:10:06+00:00","mainEntityOfPage":{"@id":"https:\/\/encompaniastj.org\/pt-pt\/pilar-de-felipe-castillon-20-de-agosto-de-2022-residencia-em-avila\/"},"wordCount":438,"commentCount":0,"publisher":{"@id":"https:\/\/encompaniastj.org\/pt-pt\/#organization"},"image":{"@id":"https:\/\/encompaniastj.org\/pt-pt\/pilar-de-felipe-castillon-20-de-agosto-de-2022-residencia-em-avila\/#primaryimage"},"thumbnailUrl":"https:\/\/encompaniastj.org\/wp-content\/uploads\/2025\/05\/Pilar.jpg","articleSection":["Fallecimientos"],"inLanguage":"pt-PT","potentialAction":[{"@type":"CommentAction","name":"Comment","target":["https:\/\/encompaniastj.org\/pt-pt\/pilar-de-felipe-castillon-20-de-agosto-de-2022-residencia-em-avila\/#respond"]}]},{"@type":"WebPage","@id":"https:\/\/encompaniastj.org\/pt-pt\/pilar-de-felipe-castillon-20-de-agosto-de-2022-residencia-em-avila\/","url":"https:\/\/encompaniastj.org\/pt-pt\/pilar-de-felipe-castillon-20-de-agosto-de-2022-residencia-em-avila\/","name":"Pilar de Felipe Castill\u00f3n. 20 de agosto de 2022 (Resid\u00eancia em \u00c1vila) - En Compa\u00f1\u00eda STJ","isPartOf":{"@id":"https:\/\/encompaniastj.org\/pt-pt\/#website"},"primaryImageOfPage":{"@id":"https:\/\/encompaniastj.org\/pt-pt\/pilar-de-felipe-castillon-20-de-agosto-de-2022-residencia-em-avila\/#primaryimage"},"image":{"@id":"https:\/\/encompaniastj.org\/pt-pt\/pilar-de-felipe-castillon-20-de-agosto-de-2022-residencia-em-avila\/#primaryimage"},"thumbnailUrl":"https:\/\/encompaniastj.org\/wp-content\/uploads\/2025\/05\/Pilar.jpg","datePublished":"2022-08-22T07:10:06+00:00","breadcrumb":{"@id":"https:\/\/encompaniastj.org\/pt-pt\/pilar-de-felipe-castillon-20-de-agosto-de-2022-residencia-em-avila\/#breadcrumb"},"inLanguage":"pt-PT","potentialAction":[{"@type":"ReadAction","target":["https:\/\/encompaniastj.org\/pt-pt\/pilar-de-felipe-castillon-20-de-agosto-de-2022-residencia-em-avila\/"]}]},{"@type":"ImageObject","inLanguage":"pt-PT","@id":"https:\/\/encompaniastj.org\/pt-pt\/pilar-de-felipe-castillon-20-de-agosto-de-2022-residencia-em-avila\/#primaryimage","url":"https:\/\/encompaniastj.org\/wp-content\/uploads\/2025\/05\/Pilar.jpg","contentUrl":"https:\/\/encompaniastj.org\/wp-content\/uploads\/2025\/05\/Pilar.jpg","width":1280,"height":853},{"@type":"BreadcrumbList","@id":"https:\/\/encompaniastj.org\/pt-pt\/pilar-de-felipe-castillon-20-de-agosto-de-2022-residencia-em-avila\/#breadcrumb","itemListElement":[{"@type":"ListItem","position":1,"name":"Portada","item":"https:\/\/encompaniastj.org\/pt-pt\/"},{"@type":"ListItem","position":2,"name":"Pilar de Felipe Castill\u00f3n. 20 de agosto de 2022 (Resid\u00eancia em \u00c1vila)"}]},{"@type":"WebSite","@id":"https:\/\/encompaniastj.org\/pt-pt\/#website","url":"https:\/\/encompaniastj.org\/pt-pt\/","name":"En Compa\u00f1\u00eda STJ","description":"Bolet\u00edn de la Compa\u00f1\u00eda de Santa Teresa de Jes\u00fas","publisher":{"@id":"https:\/\/encompaniastj.org\/pt-pt\/#organization"},"potentialAction":[{"@type":"SearchAction","target":{"@type":"EntryPoint","urlTemplate":"https:\/\/encompaniastj.org\/pt-pt\/?s={search_term_string}"},"query-input":{"@type":"PropertyValueSpecification","valueRequired":true,"valueName":"search_term_string"}}],"inLanguage":"pt-PT"},{"@type":"Organization","@id":"https:\/\/encompaniastj.org\/pt-pt\/#organization","name":"Compa\u00f1\u00eda de Santa Teresa de Jes\u00fas","url":"https:\/\/encompaniastj.org\/pt-pt\/","logo":{"@type":"ImageObject","inLanguage":"pt-PT","@id":"https:\/\/encompaniastj.org\/pt-pt\/#\/schema\/logo\/image\/","url":"https:\/\/encompaniastj.org\/wp-content\/uploads\/2025\/04\/logo_provincias02-1-3.png","contentUrl":"https:\/\/encompaniastj.org\/wp-content\/uploads\/2025\/04\/logo_provincias02-1-3.png","width":2368,"height":825,"caption":"Compa\u00f1\u00eda de Santa Teresa de Jes\u00fas"},"image":{"@id":"https:\/\/encompaniastj.org\/pt-pt\/#\/schema\/logo\/image\/"}},{"@type":"Person","@id":"https:\/\/encompaniastj.org\/pt-pt\/#\/schema\/person\/520e7ecc314793d40091993c2a02b651","name":"admin","image":{"@type":"ImageObject","inLanguage":"pt-PT","@id":"https:\/\/secure.gravatar.com\/avatar\/948b492cce32b586ac2db0eaa926ee87024f7afe218d73b397ea5ddfc5f43ea1?s=96&d=mm&r=g","url":"https:\/\/secure.gravatar.com\/avatar\/948b492cce32b586ac2db0eaa926ee87024f7afe218d73b397ea5ddfc5f43ea1?s=96&d=mm&r=g","contentUrl":"https:\/\/secure.gravatar.com\/avatar\/948b492cce32b586ac2db0eaa926ee87024f7afe218d73b397ea5ddfc5f43ea1?s=96&d=mm&r=g","caption":"admin"},"sameAs":["https:\/\/encompaniastj.org"],"url":"https:\/\/encompaniastj.org\/pt-pt\/author\/sjdigital\/"}]}},"_links":{"self":[{"href":"https:\/\/encompaniastj.org\/pt-pt\/wp-json\/wp\/v2\/posts\/13968","targetHints":{"allow":["GET"]}}],"collection":[{"href":"https:\/\/encompaniastj.org\/pt-pt\/wp-json\/wp\/v2\/posts"}],"about":[{"href":"https:\/\/encompaniastj.org\/pt-pt\/wp-json\/wp\/v2\/types\/post"}],"author":[{"embeddable":true,"href":"https:\/\/encompaniastj.org\/pt-pt\/wp-json\/wp\/v2\/users\/1"}],"replies":[{"embeddable":true,"href":"https:\/\/encompaniastj.org\/pt-pt\/wp-json\/wp\/v2\/comments?post=13968"}],"version-history":[{"count":0,"href":"https:\/\/encompaniastj.org\/pt-pt\/wp-json\/wp\/v2\/posts\/13968\/revisions"}],"wp:featuredmedia":[{"embeddable":true,"href":"https:\/\/encompaniastj.org\/pt-pt\/wp-json\/wp\/v2\/media\/7964"}],"wp:attachment":[{"href":"https:\/\/encompaniastj.org\/pt-pt\/wp-json\/wp\/v2\/media?parent=13968"}],"wp:term":[{"taxonomy":"category","embeddable":true,"href":"https:\/\/encompaniastj.org\/pt-pt\/wp-json\/wp\/v2\/categories?post=13968"},{"taxonomy":"post_tag","embeddable":true,"href":"https:\/\/encompaniastj.org\/pt-pt\/wp-json\/wp\/v2\/tags?post=13968"}],"curies":[{"name":"wp","href":"https:\/\/api.w.org\/{rel}","templated":true}]}}