{"id":13957,"date":"2022-09-28T07:05:13","date_gmt":"2022-09-28T05:05:13","guid":{"rendered":"https:\/\/encompaniastj.org\/o-que-parecia-interminavel-chega-ao-fim\/"},"modified":"2022-09-28T07:05:13","modified_gmt":"2022-09-28T05:05:13","slug":"o-que-parecia-interminavel-chega-ao-fim","status":"publish","type":"post","link":"https:\/\/encompaniastj.org\/pt-pt\/o-que-parecia-interminavel-chega-ao-fim\/","title":{"rendered":"O QUE PARECIA INTERMIN\u00c1VEL CHEGA AO FIM"},"content":{"rendered":"<p>O ARQUIVO HIST\u00d3RICO PROVINCIAL foi realizado de forma a que os documentos nele contidos sejam facilmente acess\u00edveis quando necess\u00e1rio.<\/p>\n<p>Porque queremos tanto papel do que j\u00e1 \u00e9 passado? Acontece que, quando entras naquela pequena sala, destinada ao Arquivo da Resid\u00eancia de Jes\u00fas-Tortosa, \u00e9s invadido por uma enorme sensa\u00e7\u00e3o de uma vida entregue: relat\u00f3rios, licen\u00e7as, pedidos, compromissos&#8230; onde se baralham nomes conhecidos e desconhecidos, cr\u00f3nicas e acontecimentos que talvez tenhamos vivido, casas e comunidades que poderiam ter sido nossas durante alguns anos.  <\/p>\n<p>E porque cont\u00e9m vida, gera vida. Alegria e gratid\u00e3o pelo que foi feito, o desejo de continuar a ser um elo desta corrente que \u00e9 a Sociedade. A quantidade de casas que se abriram na \u00e9poca em busca de diferentes campos de miss\u00e3o, e as que se foram fechando nos \u00faltimos anos, recordam-nos as palavras do Padre Kentenich: somos nuvens que fecundam uma zona e partem para outra, e somos tamb\u00e9m pessoas conscientes da nossa situa\u00e7\u00e3o, da nossa idade, da falta de substitutos, que medem as nossas for\u00e7as e selecionam o nosso campo de miss\u00e3o.  <\/p>\n<p>Qual foi o trabalho de organiza\u00e7\u00e3o? Quando as seis Prov\u00edncias europeias se uniram, puseram em comum os seus arquivos hist\u00f3ricos. Chegaram a Tortosa caixas provenientes de todo o mundo e, com a ajuda de v\u00e1rias irm\u00e3s, foram abertas e o seu conte\u00fado classificado provisoriamente nas novas caixas preparadas para o efeito, seguindo a organiza\u00e7\u00e3o de arquivos comum a toda a Sociedade e a que chamamos &#8220;o titul\u00e1rio&#8221;. O conte\u00fado de cada caixa foi depois organizado em pastas e subpastas e, finalmente, foi preparado e informatizado o assunto de cada um dos documentos.   <\/p>\n<p>Era importante que n\u00e3o houvesse repeti\u00e7\u00e3o de documentos, pois alguns documentos gerais, como Cap\u00edtulos, celebra\u00e7\u00f5es, circulares, etc., poderiam aparecer seis vezes. Que o que j\u00e1 estava na Prov\u00edncia n\u00e3o fosse guardado nas casas, etc. <\/p>\n<p>Como a uni\u00e3o faz a for\u00e7a, temos de reconhecer o trabalho de v\u00e1rias irm\u00e3s, o apoio, em momentos diferentes, das duas Secret\u00e1rias Provinciais que tiraram tempo do seu tempo para visitar e colaborar nos arquivos. A pandemia interrompeu o trabalho, mas finalmente conseguimos termin\u00e1-lo. <\/p>\n<p>Quando vieres a Tortosa, n\u00e3o deixes de a ver, com certeza que a admirar\u00e1s e agradecer\u00e1s, sentir-te-\u00e1s parte de uma grande fam\u00edlia e crescer\u00e1 em ti o desejo de contribuir com &#8220;esse pedacinho&#8221; de que fala o Santo e que est\u00e1 ao alcance de cada um de v\u00f3s. M\u00aa Jos\u00e9 Maestro e Carmen Franch <\/p>\n<p><img loading=\"lazy\" decoding=\"async\" class=\"aligncenter wp-image-9447 size-full\" src=\"https:\/\/encompaniastj.org\/wp-content\/uploads\/2025\/05\/foto-2.png\" alt=\"\" width=\"848\" height=\"636\"><\/p>\n<p><img loading=\"lazy\" decoding=\"async\" class=\"aligncenter wp-image-9449 size-full\" src=\"https:\/\/encompaniastj.org\/wp-content\/uploads\/2025\/05\/foto-3.png\" alt=\"\" width=\"358\" height=\"477\"><\/p>\n<p>&nbsp;<\/p>\n","protected":false},"excerpt":{"rendered":"<p>O ARQUIVO HIST\u00d3RICO PROVINCIAL foi realizado de forma a que os documentos nele contidos sejam facilmente acess\u00edveis quando necess\u00e1rio. Porque queremos tanto papel do que j\u00e1 \u00e9 passado? Acontece que, [&hellip;]<\/p>\n","protected":false},"author":1,"featured_media":8014,"comment_status":"open","ping_status":"open","sticky":false,"template":"","format":"standard","meta":{"_acf_changed":false,"footnotes":""},"categories":[61,62],"tags":[],"class_list":["post-13957","post","type-post","status-publish","format-standard","has-post-thumbnail","hentry","category-noticias","category-otras"],"acf":[],"yoast_head":"<!-- This site is optimized with the Yoast SEO plugin v27.5 - https:\/\/yoast.com\/product\/yoast-seo-wordpress\/ -->\n<title>O QUE PARECIA INTERMIN\u00c1VEL CHEGA AO FIM - En Compa\u00f1\u00eda STJ<\/title>\n<meta name=\"robots\" content=\"index, follow, max-snippet:-1, max-image-preview:large, max-video-preview:-1\" \/>\n<link rel=\"canonical\" href=\"https:\/\/encompaniastj.org\/pt-pt\/o-que-parecia-interminavel-chega-ao-fim\/\" \/>\n<meta property=\"og:locale\" content=\"pt_PT\" \/>\n<meta property=\"og:type\" content=\"article\" \/>\n<meta property=\"og:title\" content=\"O QUE PARECIA INTERMIN\u00c1VEL CHEGA AO FIM - En Compa\u00f1\u00eda STJ\" \/>\n<meta property=\"og:description\" content=\"O ARQUIVO HIST\u00d3RICO PROVINCIAL foi realizado de forma a que os documentos nele contidos sejam facilmente acess\u00edveis quando necess\u00e1rio. Porque queremos tanto papel do que j\u00e1 \u00e9 passado? Acontece que, [&hellip;]\" \/>\n<meta property=\"og:url\" content=\"https:\/\/encompaniastj.org\/pt-pt\/o-que-parecia-interminavel-chega-ao-fim\/\" \/>\n<meta property=\"og:site_name\" content=\"En Compa\u00f1\u00eda STJ\" \/>\n<meta property=\"article:published_time\" content=\"2022-09-28T05:05:13+00:00\" \/>\n<meta property=\"og:image\" content=\"https:\/\/encompaniastj.org\/wp-content\/uploads\/2025\/05\/foto-4.png\" \/>\n\t<meta property=\"og:image:width\" content=\"498\" \/>\n\t<meta property=\"og:image:height\" content=\"374\" \/>\n\t<meta property=\"og:image:type\" content=\"image\/png\" \/>\n<meta name=\"author\" content=\"admin\" \/>\n<meta name=\"twitter:card\" content=\"summary_large_image\" \/>\n<meta name=\"twitter:label1\" content=\"Escrito por\" \/>\n\t<meta name=\"twitter:data1\" content=\"admin\" \/>\n\t<meta name=\"twitter:label2\" content=\"Tempo estimado de leitura\" \/>\n\t<meta name=\"twitter:data2\" content=\"2 minutos\" \/>\n<script type=\"application\/ld+json\" class=\"yoast-schema-graph\">{\"@context\":\"https:\\\/\\\/schema.org\",\"@graph\":[{\"@type\":\"Article\",\"@id\":\"https:\\\/\\\/encompaniastj.org\\\/pt-pt\\\/o-que-parecia-interminavel-chega-ao-fim\\\/#article\",\"isPartOf\":{\"@id\":\"https:\\\/\\\/encompaniastj.org\\\/pt-pt\\\/o-que-parecia-interminavel-chega-ao-fim\\\/\"},\"author\":{\"name\":\"admin\",\"@id\":\"https:\\\/\\\/encompaniastj.org\\\/pt-pt\\\/#\\\/schema\\\/person\\\/520e7ecc314793d40091993c2a02b651\"},\"headline\":\"O QUE PARECIA INTERMIN\u00c1VEL CHEGA AO FIM\",\"datePublished\":\"2022-09-28T05:05:13+00:00\",\"mainEntityOfPage\":{\"@id\":\"https:\\\/\\\/encompaniastj.org\\\/pt-pt\\\/o-que-parecia-interminavel-chega-ao-fim\\\/\"},\"wordCount\":450,\"commentCount\":0,\"publisher\":{\"@id\":\"https:\\\/\\\/encompaniastj.org\\\/pt-pt\\\/#organization\"},\"image\":{\"@id\":\"https:\\\/\\\/encompaniastj.org\\\/pt-pt\\\/o-que-parecia-interminavel-chega-ao-fim\\\/#primaryimage\"},\"thumbnailUrl\":\"https:\\\/\\\/encompaniastj.org\\\/wp-content\\\/uploads\\\/2025\\\/05\\\/foto-4.png\",\"articleSection\":[\"Noticias\",\"Otras\"],\"inLanguage\":\"pt-PT\",\"potentialAction\":[{\"@type\":\"CommentAction\",\"name\":\"Comment\",\"target\":[\"https:\\\/\\\/encompaniastj.org\\\/pt-pt\\\/o-que-parecia-interminavel-chega-ao-fim\\\/#respond\"]}]},{\"@type\":\"WebPage\",\"@id\":\"https:\\\/\\\/encompaniastj.org\\\/pt-pt\\\/o-que-parecia-interminavel-chega-ao-fim\\\/\",\"url\":\"https:\\\/\\\/encompaniastj.org\\\/pt-pt\\\/o-que-parecia-interminavel-chega-ao-fim\\\/\",\"name\":\"O QUE PARECIA INTERMIN\u00c1VEL CHEGA AO FIM - En Compa\u00f1\u00eda STJ\",\"isPartOf\":{\"@id\":\"https:\\\/\\\/encompaniastj.org\\\/pt-pt\\\/#website\"},\"primaryImageOfPage\":{\"@id\":\"https:\\\/\\\/encompaniastj.org\\\/pt-pt\\\/o-que-parecia-interminavel-chega-ao-fim\\\/#primaryimage\"},\"image\":{\"@id\":\"https:\\\/\\\/encompaniastj.org\\\/pt-pt\\\/o-que-parecia-interminavel-chega-ao-fim\\\/#primaryimage\"},\"thumbnailUrl\":\"https:\\\/\\\/encompaniastj.org\\\/wp-content\\\/uploads\\\/2025\\\/05\\\/foto-4.png\",\"datePublished\":\"2022-09-28T05:05:13+00:00\",\"breadcrumb\":{\"@id\":\"https:\\\/\\\/encompaniastj.org\\\/pt-pt\\\/o-que-parecia-interminavel-chega-ao-fim\\\/#breadcrumb\"},\"inLanguage\":\"pt-PT\",\"potentialAction\":[{\"@type\":\"ReadAction\",\"target\":[\"https:\\\/\\\/encompaniastj.org\\\/pt-pt\\\/o-que-parecia-interminavel-chega-ao-fim\\\/\"]}]},{\"@type\":\"ImageObject\",\"inLanguage\":\"pt-PT\",\"@id\":\"https:\\\/\\\/encompaniastj.org\\\/pt-pt\\\/o-que-parecia-interminavel-chega-ao-fim\\\/#primaryimage\",\"url\":\"https:\\\/\\\/encompaniastj.org\\\/wp-content\\\/uploads\\\/2025\\\/05\\\/foto-4.png\",\"contentUrl\":\"https:\\\/\\\/encompaniastj.org\\\/wp-content\\\/uploads\\\/2025\\\/05\\\/foto-4.png\",\"width\":498,\"height\":374},{\"@type\":\"BreadcrumbList\",\"@id\":\"https:\\\/\\\/encompaniastj.org\\\/pt-pt\\\/o-que-parecia-interminavel-chega-ao-fim\\\/#breadcrumb\",\"itemListElement\":[{\"@type\":\"ListItem\",\"position\":1,\"name\":\"Portada\",\"item\":\"https:\\\/\\\/encompaniastj.org\\\/pt-pt\\\/\"},{\"@type\":\"ListItem\",\"position\":2,\"name\":\"O QUE PARECIA INTERMIN\u00c1VEL CHEGA AO FIM\"}]},{\"@type\":\"WebSite\",\"@id\":\"https:\\\/\\\/encompaniastj.org\\\/pt-pt\\\/#website\",\"url\":\"https:\\\/\\\/encompaniastj.org\\\/pt-pt\\\/\",\"name\":\"En Compa\u00f1\u00eda STJ\",\"description\":\"Bolet\u00edn de la Compa\u00f1\u00eda de Santa Teresa de Jes\u00fas\",\"publisher\":{\"@id\":\"https:\\\/\\\/encompaniastj.org\\\/pt-pt\\\/#organization\"},\"potentialAction\":[{\"@type\":\"SearchAction\",\"target\":{\"@type\":\"EntryPoint\",\"urlTemplate\":\"https:\\\/\\\/encompaniastj.org\\\/pt-pt\\\/?s={search_term_string}\"},\"query-input\":{\"@type\":\"PropertyValueSpecification\",\"valueRequired\":true,\"valueName\":\"search_term_string\"}}],\"inLanguage\":\"pt-PT\"},{\"@type\":\"Organization\",\"@id\":\"https:\\\/\\\/encompaniastj.org\\\/pt-pt\\\/#organization\",\"name\":\"Compa\u00f1\u00eda de Santa Teresa de Jes\u00fas\",\"url\":\"https:\\\/\\\/encompaniastj.org\\\/pt-pt\\\/\",\"logo\":{\"@type\":\"ImageObject\",\"inLanguage\":\"pt-PT\",\"@id\":\"https:\\\/\\\/encompaniastj.org\\\/pt-pt\\\/#\\\/schema\\\/logo\\\/image\\\/\",\"url\":\"https:\\\/\\\/encompaniastj.org\\\/wp-content\\\/uploads\\\/2025\\\/04\\\/logo_provincias02-1-3.png\",\"contentUrl\":\"https:\\\/\\\/encompaniastj.org\\\/wp-content\\\/uploads\\\/2025\\\/04\\\/logo_provincias02-1-3.png\",\"width\":2368,\"height\":825,\"caption\":\"Compa\u00f1\u00eda de Santa Teresa de Jes\u00fas\"},\"image\":{\"@id\":\"https:\\\/\\\/encompaniastj.org\\\/pt-pt\\\/#\\\/schema\\\/logo\\\/image\\\/\"}},{\"@type\":\"Person\",\"@id\":\"https:\\\/\\\/encompaniastj.org\\\/pt-pt\\\/#\\\/schema\\\/person\\\/520e7ecc314793d40091993c2a02b651\",\"name\":\"admin\",\"image\":{\"@type\":\"ImageObject\",\"inLanguage\":\"pt-PT\",\"@id\":\"https:\\\/\\\/secure.gravatar.com\\\/avatar\\\/948b492cce32b586ac2db0eaa926ee87024f7afe218d73b397ea5ddfc5f43ea1?s=96&d=mm&r=g\",\"url\":\"https:\\\/\\\/secure.gravatar.com\\\/avatar\\\/948b492cce32b586ac2db0eaa926ee87024f7afe218d73b397ea5ddfc5f43ea1?s=96&d=mm&r=g\",\"contentUrl\":\"https:\\\/\\\/secure.gravatar.com\\\/avatar\\\/948b492cce32b586ac2db0eaa926ee87024f7afe218d73b397ea5ddfc5f43ea1?s=96&d=mm&r=g\",\"caption\":\"admin\"},\"sameAs\":[\"https:\\\/\\\/encompaniastj.org\"],\"url\":\"https:\\\/\\\/encompaniastj.org\\\/pt-pt\\\/author\\\/sjdigital\\\/\"}]}<\/script>\n<!-- \/ Yoast SEO plugin. -->","yoast_head_json":{"title":"O QUE PARECIA INTERMIN\u00c1VEL CHEGA AO FIM - En Compa\u00f1\u00eda STJ","robots":{"index":"index","follow":"follow","max-snippet":"max-snippet:-1","max-image-preview":"max-image-preview:large","max-video-preview":"max-video-preview:-1"},"canonical":"https:\/\/encompaniastj.org\/pt-pt\/o-que-parecia-interminavel-chega-ao-fim\/","og_locale":"pt_PT","og_type":"article","og_title":"O QUE PARECIA INTERMIN\u00c1VEL CHEGA AO FIM - En Compa\u00f1\u00eda STJ","og_description":"O ARQUIVO HIST\u00d3RICO PROVINCIAL foi realizado de forma a que os documentos nele contidos sejam facilmente acess\u00edveis quando necess\u00e1rio. Porque queremos tanto papel do que j\u00e1 \u00e9 passado? Acontece que, [&hellip;]","og_url":"https:\/\/encompaniastj.org\/pt-pt\/o-que-parecia-interminavel-chega-ao-fim\/","og_site_name":"En Compa\u00f1\u00eda STJ","article_published_time":"2022-09-28T05:05:13+00:00","og_image":[{"width":498,"height":374,"url":"https:\/\/encompaniastj.org\/wp-content\/uploads\/2025\/05\/foto-4.png","type":"image\/png"}],"author":"admin","twitter_card":"summary_large_image","twitter_misc":{"Escrito por":"admin","Tempo estimado de leitura":"2 minutos"},"schema":{"@context":"https:\/\/schema.org","@graph":[{"@type":"Article","@id":"https:\/\/encompaniastj.org\/pt-pt\/o-que-parecia-interminavel-chega-ao-fim\/#article","isPartOf":{"@id":"https:\/\/encompaniastj.org\/pt-pt\/o-que-parecia-interminavel-chega-ao-fim\/"},"author":{"name":"admin","@id":"https:\/\/encompaniastj.org\/pt-pt\/#\/schema\/person\/520e7ecc314793d40091993c2a02b651"},"headline":"O QUE PARECIA INTERMIN\u00c1VEL CHEGA AO FIM","datePublished":"2022-09-28T05:05:13+00:00","mainEntityOfPage":{"@id":"https:\/\/encompaniastj.org\/pt-pt\/o-que-parecia-interminavel-chega-ao-fim\/"},"wordCount":450,"commentCount":0,"publisher":{"@id":"https:\/\/encompaniastj.org\/pt-pt\/#organization"},"image":{"@id":"https:\/\/encompaniastj.org\/pt-pt\/o-que-parecia-interminavel-chega-ao-fim\/#primaryimage"},"thumbnailUrl":"https:\/\/encompaniastj.org\/wp-content\/uploads\/2025\/05\/foto-4.png","articleSection":["Noticias","Otras"],"inLanguage":"pt-PT","potentialAction":[{"@type":"CommentAction","name":"Comment","target":["https:\/\/encompaniastj.org\/pt-pt\/o-que-parecia-interminavel-chega-ao-fim\/#respond"]}]},{"@type":"WebPage","@id":"https:\/\/encompaniastj.org\/pt-pt\/o-que-parecia-interminavel-chega-ao-fim\/","url":"https:\/\/encompaniastj.org\/pt-pt\/o-que-parecia-interminavel-chega-ao-fim\/","name":"O QUE PARECIA INTERMIN\u00c1VEL CHEGA AO FIM - En Compa\u00f1\u00eda STJ","isPartOf":{"@id":"https:\/\/encompaniastj.org\/pt-pt\/#website"},"primaryImageOfPage":{"@id":"https:\/\/encompaniastj.org\/pt-pt\/o-que-parecia-interminavel-chega-ao-fim\/#primaryimage"},"image":{"@id":"https:\/\/encompaniastj.org\/pt-pt\/o-que-parecia-interminavel-chega-ao-fim\/#primaryimage"},"thumbnailUrl":"https:\/\/encompaniastj.org\/wp-content\/uploads\/2025\/05\/foto-4.png","datePublished":"2022-09-28T05:05:13+00:00","breadcrumb":{"@id":"https:\/\/encompaniastj.org\/pt-pt\/o-que-parecia-interminavel-chega-ao-fim\/#breadcrumb"},"inLanguage":"pt-PT","potentialAction":[{"@type":"ReadAction","target":["https:\/\/encompaniastj.org\/pt-pt\/o-que-parecia-interminavel-chega-ao-fim\/"]}]},{"@type":"ImageObject","inLanguage":"pt-PT","@id":"https:\/\/encompaniastj.org\/pt-pt\/o-que-parecia-interminavel-chega-ao-fim\/#primaryimage","url":"https:\/\/encompaniastj.org\/wp-content\/uploads\/2025\/05\/foto-4.png","contentUrl":"https:\/\/encompaniastj.org\/wp-content\/uploads\/2025\/05\/foto-4.png","width":498,"height":374},{"@type":"BreadcrumbList","@id":"https:\/\/encompaniastj.org\/pt-pt\/o-que-parecia-interminavel-chega-ao-fim\/#breadcrumb","itemListElement":[{"@type":"ListItem","position":1,"name":"Portada","item":"https:\/\/encompaniastj.org\/pt-pt\/"},{"@type":"ListItem","position":2,"name":"O QUE PARECIA INTERMIN\u00c1VEL CHEGA AO FIM"}]},{"@type":"WebSite","@id":"https:\/\/encompaniastj.org\/pt-pt\/#website","url":"https:\/\/encompaniastj.org\/pt-pt\/","name":"En Compa\u00f1\u00eda STJ","description":"Bolet\u00edn de la Compa\u00f1\u00eda de Santa Teresa de Jes\u00fas","publisher":{"@id":"https:\/\/encompaniastj.org\/pt-pt\/#organization"},"potentialAction":[{"@type":"SearchAction","target":{"@type":"EntryPoint","urlTemplate":"https:\/\/encompaniastj.org\/pt-pt\/?s={search_term_string}"},"query-input":{"@type":"PropertyValueSpecification","valueRequired":true,"valueName":"search_term_string"}}],"inLanguage":"pt-PT"},{"@type":"Organization","@id":"https:\/\/encompaniastj.org\/pt-pt\/#organization","name":"Compa\u00f1\u00eda de Santa Teresa de Jes\u00fas","url":"https:\/\/encompaniastj.org\/pt-pt\/","logo":{"@type":"ImageObject","inLanguage":"pt-PT","@id":"https:\/\/encompaniastj.org\/pt-pt\/#\/schema\/logo\/image\/","url":"https:\/\/encompaniastj.org\/wp-content\/uploads\/2025\/04\/logo_provincias02-1-3.png","contentUrl":"https:\/\/encompaniastj.org\/wp-content\/uploads\/2025\/04\/logo_provincias02-1-3.png","width":2368,"height":825,"caption":"Compa\u00f1\u00eda de Santa Teresa de Jes\u00fas"},"image":{"@id":"https:\/\/encompaniastj.org\/pt-pt\/#\/schema\/logo\/image\/"}},{"@type":"Person","@id":"https:\/\/encompaniastj.org\/pt-pt\/#\/schema\/person\/520e7ecc314793d40091993c2a02b651","name":"admin","image":{"@type":"ImageObject","inLanguage":"pt-PT","@id":"https:\/\/secure.gravatar.com\/avatar\/948b492cce32b586ac2db0eaa926ee87024f7afe218d73b397ea5ddfc5f43ea1?s=96&d=mm&r=g","url":"https:\/\/secure.gravatar.com\/avatar\/948b492cce32b586ac2db0eaa926ee87024f7afe218d73b397ea5ddfc5f43ea1?s=96&d=mm&r=g","contentUrl":"https:\/\/secure.gravatar.com\/avatar\/948b492cce32b586ac2db0eaa926ee87024f7afe218d73b397ea5ddfc5f43ea1?s=96&d=mm&r=g","caption":"admin"},"sameAs":["https:\/\/encompaniastj.org"],"url":"https:\/\/encompaniastj.org\/pt-pt\/author\/sjdigital\/"}]}},"_links":{"self":[{"href":"https:\/\/encompaniastj.org\/pt-pt\/wp-json\/wp\/v2\/posts\/13957","targetHints":{"allow":["GET"]}}],"collection":[{"href":"https:\/\/encompaniastj.org\/pt-pt\/wp-json\/wp\/v2\/posts"}],"about":[{"href":"https:\/\/encompaniastj.org\/pt-pt\/wp-json\/wp\/v2\/types\/post"}],"author":[{"embeddable":true,"href":"https:\/\/encompaniastj.org\/pt-pt\/wp-json\/wp\/v2\/users\/1"}],"replies":[{"embeddable":true,"href":"https:\/\/encompaniastj.org\/pt-pt\/wp-json\/wp\/v2\/comments?post=13957"}],"version-history":[{"count":0,"href":"https:\/\/encompaniastj.org\/pt-pt\/wp-json\/wp\/v2\/posts\/13957\/revisions"}],"wp:featuredmedia":[{"embeddable":true,"href":"https:\/\/encompaniastj.org\/pt-pt\/wp-json\/wp\/v2\/media\/8014"}],"wp:attachment":[{"href":"https:\/\/encompaniastj.org\/pt-pt\/wp-json\/wp\/v2\/media?parent=13957"}],"wp:term":[{"taxonomy":"category","embeddable":true,"href":"https:\/\/encompaniastj.org\/pt-pt\/wp-json\/wp\/v2\/categories?post=13957"},{"taxonomy":"post_tag","embeddable":true,"href":"https:\/\/encompaniastj.org\/pt-pt\/wp-json\/wp\/v2\/tags?post=13957"}],"curies":[{"name":"wp","href":"https:\/\/api.w.org\/{rel}","templated":true}]}}