{"id":13877,"date":"2023-06-13T06:29:34","date_gmt":"2023-06-13T04:29:34","guid":{"rendered":"https:\/\/encompaniastj.org\/a-caminho-da-jornada-mundial-da-juventude\/"},"modified":"2023-06-13T06:29:34","modified_gmt":"2023-06-13T04:29:34","slug":"a-caminho-da-jornada-mundial-da-juventude","status":"publish","type":"post","link":"https:\/\/encompaniastj.org\/pt-pt\/a-caminho-da-jornada-mundial-da-juventude\/","title":{"rendered":"A caminho da Jornada Mundial da Juventude"},"content":{"rendered":"<p>Agora que a data est\u00e1 cada vez mais pr\u00f3xima, estamos muito contentes por poder continuar a partilhar as boas not\u00edcias do processo de prepara\u00e7\u00e3o da JMJ, que, como sempre, est\u00e1 repleto de esperan\u00e7a.<\/p>\n<p>Finalmente, o grupo de peregrinos teresianos era composto por 131 pessoas.<\/p>\n<p>Estamos entusiasmados por saber que vir\u00e3o jovens de muitos pa\u00edses onde a Sociedade est\u00e1 presente. Vir\u00e3o de: <\/p>\n<ul>\n<li>Nicar\u00e1gua<\/li>\n<li>Venezuela<\/li>\n<li>Brasil<\/li>\n<li>Chile<\/li>\n<li>Paraguai<\/li>\n<li>M\u00e9xico<\/li>\n<li>Col\u00f4mbia<\/li>\n<li>Angola<\/li>\n<li>Burquina Faso<\/li>\n<li>Al\u00e9m disso, estar\u00e3o presentes cerca de 80 pessoas da nossa Prov\u00edncia, de diferentes lugares: Val\u00eancia, Mora, Barcelona, Salamanca, Telde, Las Palmas, San Sebasti\u00e1n, Huelva, Madrid, Pamplona, Elvas e Portalegre. Entre eles, um grupo de irm\u00e3s e leigos teresianos. <\/li>\n<\/ul>\n<p>Como te recordas, nos primeiros dias, de 27 a 31 de julho, estaremos na nossa Casa de Espiritualidade de \u00c1vila. Com a colabora\u00e7\u00e3o de muitos, continuamos a dar passos na prepara\u00e7\u00e3o destes dias de encontro teresiano. <\/p>\n<p>Come\u00e7ando com o lema oficial, vamos concentrar-nos todos os dias em Henrique, Teresa e Jesus:<\/p>\n<ul>\n<li>Com o Enrique, levanta-te e olha!<\/li>\n<li>Com a Teresa, levanta-te e sente!<\/li>\n<li>Com Jesus, levanta-te e dan\u00e7a!<\/li>\n<\/ul>\n<p>Quisemos fazer dos pr\u00f3prios jovens <strong>os protagonistas<\/strong>, partindo das suas preocupa\u00e7\u00f5es, dos seus interesses e deixando-os ser os principais actores deste encontro. Por esta raz\u00e3o, eles fizeram parte do processo desde o in\u00edcio. Queremos viver estes dias como um <g id=\"gid_1\">encontro profundo<\/g> e criativo, com especial aten\u00e7\u00e3o \u00e0 experi\u00eancia da ora\u00e7\u00e3o teresiana, aquela que toca o cora\u00e7\u00e3o e a vida e gera movimento. Viveremos como uma <g id=\"gid_2\">fam\u00edlia<\/g>: os la\u00e7os, as redes e os v\u00ednculos tamb\u00e9m fazem parte da nossa marca teresiana. Procuramos tamb\u00e9m criar as condi\u00e7\u00f5es para gerar um <g id=\"gid_3\">processo. <\/g>Por isso, estamos a cuidar deste tempo pr\u00e9vio, atrav\u00e9s da catequese teresiana e continuaremos ligados no final do encontro, nesta fase a que cham\u00e1mos &#8220;Sem fronteiras&#8221;. E esperamos que tudo seja <strong>para a transforma\u00e7\u00e3o da realidade: <\/strong>porque sabemos que <strong><br \/>\n  <em>&#8220;O amor faz sair o amor<\/em><br \/>\n<\/strong> e que <strong><br \/>\n  <em>e que &#8220;este n\u00e3o \u00e9 o momento de tratar com Deus as coisas pequenas&#8221;.<\/em><br \/>\n<\/strong>.     <\/p>\n<p>No dia 31 de julho, viajaremos para Lisboa para participar na Jornada Mundial da Juventude em Portugal, uma express\u00e3o da Igreja universal e uma celebra\u00e7\u00e3o que reunir\u00e1 mais de tr\u00eas milh\u00f5es e meio de jovens.<\/p>\n<p>\u00c9 este o desejo que o Papa Francisco partilha connosco:<\/p>\n<p><strong>&#8220;Queridos jovens, sonho que na JMJ experimentareis de novo a alegria do encontro com Deus e com os vossos irm\u00e3os e irm\u00e3s. Depois de longos per\u00edodos de dist\u00e2ncia e de isolamento, em Lisboa - com a ajuda de Deus - redescobriremos juntos a alegria do abra\u00e7o fraterno entre os povos e entre as gera\u00e7\u00f5es, o abra\u00e7o da reconcilia\u00e7\u00e3o e da paz, o abra\u00e7o de uma nova fraternidade mission\u00e1ria! Que o Esp\u00edrito Santo acenda nos vossos cora\u00e7\u00f5es o desejo de se levantar e a alegria de caminhar juntos, em estilo sinodal, abandonando as falsas fronteiras. O tempo de nos levantarmos \u00e9 agora! Levantemo-nos sem demora! E, como Maria, levemos Jesus dentro de n\u00f3s para o comunicar a todos. Neste belo momento das vossas vidas, avancem, n\u00e3o adiem o que o Esp\u00edrito pode fazer em voc\u00eas.<\/strong><\/p>\n<p>Partilhamos contigo a ora\u00e7\u00e3o da JMJ e pedimos-te, mais uma vez, que nos coloques nas m\u00e3os de Deus.<\/p>\n<p>Um abra\u00e7o, Mauge Aranda stj<\/p>\n<p><img loading=\"lazy\" decoding=\"async\" class=\"aligncenter wp-image-11464 size-large\" src=\"https:\/\/encompaniastj.org\/wp-content\/uploads\/2025\/05\/Oracion-JMJ.png\" alt=\"\" width=\"724\" height=\"1024\"><\/p>\n","protected":false},"excerpt":{"rendered":"<p>Agora que a data est\u00e1 cada vez mais pr\u00f3xima, estamos muito contentes por poder continuar a partilhar as boas not\u00edcias do processo de prepara\u00e7\u00e3o da JMJ, que, como sempre, est\u00e1 [&hellip;]<\/p>\n","protected":false},"author":1,"featured_media":8387,"comment_status":"open","ping_status":"open","sticky":false,"template":"","format":"standard","meta":{"_acf_changed":false,"footnotes":""},"categories":[61,62],"tags":[],"class_list":["post-13877","post","type-post","status-publish","format-standard","has-post-thumbnail","hentry","category-noticias","category-otras"],"acf":[],"yoast_head":"<!-- This site is optimized with the Yoast SEO plugin v27.5 - https:\/\/yoast.com\/product\/yoast-seo-wordpress\/ -->\n<title>A caminho da Jornada Mundial da Juventude - En Compa\u00f1\u00eda STJ<\/title>\n<meta name=\"robots\" content=\"index, follow, max-snippet:-1, max-image-preview:large, max-video-preview:-1\" \/>\n<link rel=\"canonical\" href=\"https:\/\/encompaniastj.org\/pt-pt\/a-caminho-da-jornada-mundial-da-juventude\/\" \/>\n<meta property=\"og:locale\" content=\"pt_PT\" \/>\n<meta property=\"og:type\" content=\"article\" \/>\n<meta property=\"og:title\" content=\"A caminho da Jornada Mundial da Juventude - En Compa\u00f1\u00eda STJ\" \/>\n<meta property=\"og:description\" content=\"Agora que a data est\u00e1 cada vez mais pr\u00f3xima, estamos muito contentes por poder continuar a partilhar as boas not\u00edcias do processo de prepara\u00e7\u00e3o da JMJ, que, como sempre, est\u00e1 [&hellip;]\" \/>\n<meta property=\"og:url\" content=\"https:\/\/encompaniastj.org\/pt-pt\/a-caminho-da-jornada-mundial-da-juventude\/\" \/>\n<meta property=\"og:site_name\" content=\"En Compa\u00f1\u00eda STJ\" \/>\n<meta property=\"article:published_time\" content=\"2023-06-13T04:29:34+00:00\" \/>\n<meta property=\"og:image\" content=\"https:\/\/encompaniastj.org\/wp-content\/uploads\/2025\/05\/JMJ.png\" \/>\n\t<meta property=\"og:image:width\" content=\"224\" \/>\n\t<meta property=\"og:image:height\" content=\"224\" \/>\n\t<meta property=\"og:image:type\" content=\"image\/png\" \/>\n<meta name=\"author\" content=\"admin\" \/>\n<meta name=\"twitter:card\" content=\"summary_large_image\" \/>\n<meta name=\"twitter:label1\" content=\"Escrito por\" \/>\n\t<meta name=\"twitter:data1\" content=\"admin\" \/>\n\t<meta name=\"twitter:label2\" content=\"Tempo estimado de leitura\" \/>\n\t<meta name=\"twitter:data2\" content=\"3 minutos\" \/>\n<script type=\"application\/ld+json\" class=\"yoast-schema-graph\">{\"@context\":\"https:\\\/\\\/schema.org\",\"@graph\":[{\"@type\":\"Article\",\"@id\":\"https:\\\/\\\/encompaniastj.org\\\/pt-pt\\\/a-caminho-da-jornada-mundial-da-juventude\\\/#article\",\"isPartOf\":{\"@id\":\"https:\\\/\\\/encompaniastj.org\\\/pt-pt\\\/a-caminho-da-jornada-mundial-da-juventude\\\/\"},\"author\":{\"name\":\"admin\",\"@id\":\"https:\\\/\\\/encompaniastj.org\\\/pt-pt\\\/#\\\/schema\\\/person\\\/520e7ecc314793d40091993c2a02b651\"},\"headline\":\"A caminho da Jornada Mundial da Juventude\",\"datePublished\":\"2023-06-13T04:29:34+00:00\",\"mainEntityOfPage\":{\"@id\":\"https:\\\/\\\/encompaniastj.org\\\/pt-pt\\\/a-caminho-da-jornada-mundial-da-juventude\\\/\"},\"wordCount\":589,\"commentCount\":0,\"publisher\":{\"@id\":\"https:\\\/\\\/encompaniastj.org\\\/pt-pt\\\/#organization\"},\"image\":{\"@id\":\"https:\\\/\\\/encompaniastj.org\\\/pt-pt\\\/a-caminho-da-jornada-mundial-da-juventude\\\/#primaryimage\"},\"thumbnailUrl\":\"https:\\\/\\\/encompaniastj.org\\\/wp-content\\\/uploads\\\/2025\\\/05\\\/JMJ.png\",\"articleSection\":[\"Noticias\",\"Otras\"],\"inLanguage\":\"pt-PT\",\"potentialAction\":[{\"@type\":\"CommentAction\",\"name\":\"Comment\",\"target\":[\"https:\\\/\\\/encompaniastj.org\\\/pt-pt\\\/a-caminho-da-jornada-mundial-da-juventude\\\/#respond\"]}]},{\"@type\":\"WebPage\",\"@id\":\"https:\\\/\\\/encompaniastj.org\\\/pt-pt\\\/a-caminho-da-jornada-mundial-da-juventude\\\/\",\"url\":\"https:\\\/\\\/encompaniastj.org\\\/pt-pt\\\/a-caminho-da-jornada-mundial-da-juventude\\\/\",\"name\":\"A caminho da Jornada Mundial da Juventude - En Compa\u00f1\u00eda STJ\",\"isPartOf\":{\"@id\":\"https:\\\/\\\/encompaniastj.org\\\/pt-pt\\\/#website\"},\"primaryImageOfPage\":{\"@id\":\"https:\\\/\\\/encompaniastj.org\\\/pt-pt\\\/a-caminho-da-jornada-mundial-da-juventude\\\/#primaryimage\"},\"image\":{\"@id\":\"https:\\\/\\\/encompaniastj.org\\\/pt-pt\\\/a-caminho-da-jornada-mundial-da-juventude\\\/#primaryimage\"},\"thumbnailUrl\":\"https:\\\/\\\/encompaniastj.org\\\/wp-content\\\/uploads\\\/2025\\\/05\\\/JMJ.png\",\"datePublished\":\"2023-06-13T04:29:34+00:00\",\"breadcrumb\":{\"@id\":\"https:\\\/\\\/encompaniastj.org\\\/pt-pt\\\/a-caminho-da-jornada-mundial-da-juventude\\\/#breadcrumb\"},\"inLanguage\":\"pt-PT\",\"potentialAction\":[{\"@type\":\"ReadAction\",\"target\":[\"https:\\\/\\\/encompaniastj.org\\\/pt-pt\\\/a-caminho-da-jornada-mundial-da-juventude\\\/\"]}]},{\"@type\":\"ImageObject\",\"inLanguage\":\"pt-PT\",\"@id\":\"https:\\\/\\\/encompaniastj.org\\\/pt-pt\\\/a-caminho-da-jornada-mundial-da-juventude\\\/#primaryimage\",\"url\":\"https:\\\/\\\/encompaniastj.org\\\/wp-content\\\/uploads\\\/2025\\\/05\\\/JMJ.png\",\"contentUrl\":\"https:\\\/\\\/encompaniastj.org\\\/wp-content\\\/uploads\\\/2025\\\/05\\\/JMJ.png\",\"width\":224,\"height\":224},{\"@type\":\"BreadcrumbList\",\"@id\":\"https:\\\/\\\/encompaniastj.org\\\/pt-pt\\\/a-caminho-da-jornada-mundial-da-juventude\\\/#breadcrumb\",\"itemListElement\":[{\"@type\":\"ListItem\",\"position\":1,\"name\":\"Portada\",\"item\":\"https:\\\/\\\/encompaniastj.org\\\/pt-pt\\\/\"},{\"@type\":\"ListItem\",\"position\":2,\"name\":\"A caminho da Jornada Mundial da Juventude\"}]},{\"@type\":\"WebSite\",\"@id\":\"https:\\\/\\\/encompaniastj.org\\\/pt-pt\\\/#website\",\"url\":\"https:\\\/\\\/encompaniastj.org\\\/pt-pt\\\/\",\"name\":\"En Compa\u00f1\u00eda STJ\",\"description\":\"Bolet\u00edn de la Compa\u00f1\u00eda de Santa Teresa de Jes\u00fas\",\"publisher\":{\"@id\":\"https:\\\/\\\/encompaniastj.org\\\/pt-pt\\\/#organization\"},\"potentialAction\":[{\"@type\":\"SearchAction\",\"target\":{\"@type\":\"EntryPoint\",\"urlTemplate\":\"https:\\\/\\\/encompaniastj.org\\\/pt-pt\\\/?s={search_term_string}\"},\"query-input\":{\"@type\":\"PropertyValueSpecification\",\"valueRequired\":true,\"valueName\":\"search_term_string\"}}],\"inLanguage\":\"pt-PT\"},{\"@type\":\"Organization\",\"@id\":\"https:\\\/\\\/encompaniastj.org\\\/pt-pt\\\/#organization\",\"name\":\"Compa\u00f1\u00eda de Santa Teresa de Jes\u00fas\",\"url\":\"https:\\\/\\\/encompaniastj.org\\\/pt-pt\\\/\",\"logo\":{\"@type\":\"ImageObject\",\"inLanguage\":\"pt-PT\",\"@id\":\"https:\\\/\\\/encompaniastj.org\\\/pt-pt\\\/#\\\/schema\\\/logo\\\/image\\\/\",\"url\":\"https:\\\/\\\/encompaniastj.org\\\/wp-content\\\/uploads\\\/2025\\\/04\\\/logo_provincias02-1-3.png\",\"contentUrl\":\"https:\\\/\\\/encompaniastj.org\\\/wp-content\\\/uploads\\\/2025\\\/04\\\/logo_provincias02-1-3.png\",\"width\":2368,\"height\":825,\"caption\":\"Compa\u00f1\u00eda de Santa Teresa de Jes\u00fas\"},\"image\":{\"@id\":\"https:\\\/\\\/encompaniastj.org\\\/pt-pt\\\/#\\\/schema\\\/logo\\\/image\\\/\"}},{\"@type\":\"Person\",\"@id\":\"https:\\\/\\\/encompaniastj.org\\\/pt-pt\\\/#\\\/schema\\\/person\\\/520e7ecc314793d40091993c2a02b651\",\"name\":\"admin\",\"image\":{\"@type\":\"ImageObject\",\"inLanguage\":\"pt-PT\",\"@id\":\"https:\\\/\\\/secure.gravatar.com\\\/avatar\\\/948b492cce32b586ac2db0eaa926ee87024f7afe218d73b397ea5ddfc5f43ea1?s=96&d=mm&r=g\",\"url\":\"https:\\\/\\\/secure.gravatar.com\\\/avatar\\\/948b492cce32b586ac2db0eaa926ee87024f7afe218d73b397ea5ddfc5f43ea1?s=96&d=mm&r=g\",\"contentUrl\":\"https:\\\/\\\/secure.gravatar.com\\\/avatar\\\/948b492cce32b586ac2db0eaa926ee87024f7afe218d73b397ea5ddfc5f43ea1?s=96&d=mm&r=g\",\"caption\":\"admin\"},\"sameAs\":[\"https:\\\/\\\/encompaniastj.org\"],\"url\":\"https:\\\/\\\/encompaniastj.org\\\/pt-pt\\\/author\\\/sjdigital\\\/\"}]}<\/script>\n<!-- \/ Yoast SEO plugin. -->","yoast_head_json":{"title":"A caminho da Jornada Mundial da Juventude - En Compa\u00f1\u00eda STJ","robots":{"index":"index","follow":"follow","max-snippet":"max-snippet:-1","max-image-preview":"max-image-preview:large","max-video-preview":"max-video-preview:-1"},"canonical":"https:\/\/encompaniastj.org\/pt-pt\/a-caminho-da-jornada-mundial-da-juventude\/","og_locale":"pt_PT","og_type":"article","og_title":"A caminho da Jornada Mundial da Juventude - En Compa\u00f1\u00eda STJ","og_description":"Agora que a data est\u00e1 cada vez mais pr\u00f3xima, estamos muito contentes por poder continuar a partilhar as boas not\u00edcias do processo de prepara\u00e7\u00e3o da JMJ, que, como sempre, est\u00e1 [&hellip;]","og_url":"https:\/\/encompaniastj.org\/pt-pt\/a-caminho-da-jornada-mundial-da-juventude\/","og_site_name":"En Compa\u00f1\u00eda STJ","article_published_time":"2023-06-13T04:29:34+00:00","og_image":[{"width":224,"height":224,"url":"https:\/\/encompaniastj.org\/wp-content\/uploads\/2025\/05\/JMJ.png","type":"image\/png"}],"author":"admin","twitter_card":"summary_large_image","twitter_misc":{"Escrito por":"admin","Tempo estimado de leitura":"3 minutos"},"schema":{"@context":"https:\/\/schema.org","@graph":[{"@type":"Article","@id":"https:\/\/encompaniastj.org\/pt-pt\/a-caminho-da-jornada-mundial-da-juventude\/#article","isPartOf":{"@id":"https:\/\/encompaniastj.org\/pt-pt\/a-caminho-da-jornada-mundial-da-juventude\/"},"author":{"name":"admin","@id":"https:\/\/encompaniastj.org\/pt-pt\/#\/schema\/person\/520e7ecc314793d40091993c2a02b651"},"headline":"A caminho da Jornada Mundial da Juventude","datePublished":"2023-06-13T04:29:34+00:00","mainEntityOfPage":{"@id":"https:\/\/encompaniastj.org\/pt-pt\/a-caminho-da-jornada-mundial-da-juventude\/"},"wordCount":589,"commentCount":0,"publisher":{"@id":"https:\/\/encompaniastj.org\/pt-pt\/#organization"},"image":{"@id":"https:\/\/encompaniastj.org\/pt-pt\/a-caminho-da-jornada-mundial-da-juventude\/#primaryimage"},"thumbnailUrl":"https:\/\/encompaniastj.org\/wp-content\/uploads\/2025\/05\/JMJ.png","articleSection":["Noticias","Otras"],"inLanguage":"pt-PT","potentialAction":[{"@type":"CommentAction","name":"Comment","target":["https:\/\/encompaniastj.org\/pt-pt\/a-caminho-da-jornada-mundial-da-juventude\/#respond"]}]},{"@type":"WebPage","@id":"https:\/\/encompaniastj.org\/pt-pt\/a-caminho-da-jornada-mundial-da-juventude\/","url":"https:\/\/encompaniastj.org\/pt-pt\/a-caminho-da-jornada-mundial-da-juventude\/","name":"A caminho da Jornada Mundial da Juventude - En Compa\u00f1\u00eda STJ","isPartOf":{"@id":"https:\/\/encompaniastj.org\/pt-pt\/#website"},"primaryImageOfPage":{"@id":"https:\/\/encompaniastj.org\/pt-pt\/a-caminho-da-jornada-mundial-da-juventude\/#primaryimage"},"image":{"@id":"https:\/\/encompaniastj.org\/pt-pt\/a-caminho-da-jornada-mundial-da-juventude\/#primaryimage"},"thumbnailUrl":"https:\/\/encompaniastj.org\/wp-content\/uploads\/2025\/05\/JMJ.png","datePublished":"2023-06-13T04:29:34+00:00","breadcrumb":{"@id":"https:\/\/encompaniastj.org\/pt-pt\/a-caminho-da-jornada-mundial-da-juventude\/#breadcrumb"},"inLanguage":"pt-PT","potentialAction":[{"@type":"ReadAction","target":["https:\/\/encompaniastj.org\/pt-pt\/a-caminho-da-jornada-mundial-da-juventude\/"]}]},{"@type":"ImageObject","inLanguage":"pt-PT","@id":"https:\/\/encompaniastj.org\/pt-pt\/a-caminho-da-jornada-mundial-da-juventude\/#primaryimage","url":"https:\/\/encompaniastj.org\/wp-content\/uploads\/2025\/05\/JMJ.png","contentUrl":"https:\/\/encompaniastj.org\/wp-content\/uploads\/2025\/05\/JMJ.png","width":224,"height":224},{"@type":"BreadcrumbList","@id":"https:\/\/encompaniastj.org\/pt-pt\/a-caminho-da-jornada-mundial-da-juventude\/#breadcrumb","itemListElement":[{"@type":"ListItem","position":1,"name":"Portada","item":"https:\/\/encompaniastj.org\/pt-pt\/"},{"@type":"ListItem","position":2,"name":"A caminho da Jornada Mundial da Juventude"}]},{"@type":"WebSite","@id":"https:\/\/encompaniastj.org\/pt-pt\/#website","url":"https:\/\/encompaniastj.org\/pt-pt\/","name":"En Compa\u00f1\u00eda STJ","description":"Bolet\u00edn de la Compa\u00f1\u00eda de Santa Teresa de Jes\u00fas","publisher":{"@id":"https:\/\/encompaniastj.org\/pt-pt\/#organization"},"potentialAction":[{"@type":"SearchAction","target":{"@type":"EntryPoint","urlTemplate":"https:\/\/encompaniastj.org\/pt-pt\/?s={search_term_string}"},"query-input":{"@type":"PropertyValueSpecification","valueRequired":true,"valueName":"search_term_string"}}],"inLanguage":"pt-PT"},{"@type":"Organization","@id":"https:\/\/encompaniastj.org\/pt-pt\/#organization","name":"Compa\u00f1\u00eda de Santa Teresa de Jes\u00fas","url":"https:\/\/encompaniastj.org\/pt-pt\/","logo":{"@type":"ImageObject","inLanguage":"pt-PT","@id":"https:\/\/encompaniastj.org\/pt-pt\/#\/schema\/logo\/image\/","url":"https:\/\/encompaniastj.org\/wp-content\/uploads\/2025\/04\/logo_provincias02-1-3.png","contentUrl":"https:\/\/encompaniastj.org\/wp-content\/uploads\/2025\/04\/logo_provincias02-1-3.png","width":2368,"height":825,"caption":"Compa\u00f1\u00eda de Santa Teresa de Jes\u00fas"},"image":{"@id":"https:\/\/encompaniastj.org\/pt-pt\/#\/schema\/logo\/image\/"}},{"@type":"Person","@id":"https:\/\/encompaniastj.org\/pt-pt\/#\/schema\/person\/520e7ecc314793d40091993c2a02b651","name":"admin","image":{"@type":"ImageObject","inLanguage":"pt-PT","@id":"https:\/\/secure.gravatar.com\/avatar\/948b492cce32b586ac2db0eaa926ee87024f7afe218d73b397ea5ddfc5f43ea1?s=96&d=mm&r=g","url":"https:\/\/secure.gravatar.com\/avatar\/948b492cce32b586ac2db0eaa926ee87024f7afe218d73b397ea5ddfc5f43ea1?s=96&d=mm&r=g","contentUrl":"https:\/\/secure.gravatar.com\/avatar\/948b492cce32b586ac2db0eaa926ee87024f7afe218d73b397ea5ddfc5f43ea1?s=96&d=mm&r=g","caption":"admin"},"sameAs":["https:\/\/encompaniastj.org"],"url":"https:\/\/encompaniastj.org\/pt-pt\/author\/sjdigital\/"}]}},"_links":{"self":[{"href":"https:\/\/encompaniastj.org\/pt-pt\/wp-json\/wp\/v2\/posts\/13877","targetHints":{"allow":["GET"]}}],"collection":[{"href":"https:\/\/encompaniastj.org\/pt-pt\/wp-json\/wp\/v2\/posts"}],"about":[{"href":"https:\/\/encompaniastj.org\/pt-pt\/wp-json\/wp\/v2\/types\/post"}],"author":[{"embeddable":true,"href":"https:\/\/encompaniastj.org\/pt-pt\/wp-json\/wp\/v2\/users\/1"}],"replies":[{"embeddable":true,"href":"https:\/\/encompaniastj.org\/pt-pt\/wp-json\/wp\/v2\/comments?post=13877"}],"version-history":[{"count":0,"href":"https:\/\/encompaniastj.org\/pt-pt\/wp-json\/wp\/v2\/posts\/13877\/revisions"}],"wp:featuredmedia":[{"embeddable":true,"href":"https:\/\/encompaniastj.org\/pt-pt\/wp-json\/wp\/v2\/media\/8387"}],"wp:attachment":[{"href":"https:\/\/encompaniastj.org\/pt-pt\/wp-json\/wp\/v2\/media?parent=13877"}],"wp:term":[{"taxonomy":"category","embeddable":true,"href":"https:\/\/encompaniastj.org\/pt-pt\/wp-json\/wp\/v2\/categories?post=13877"},{"taxonomy":"post_tag","embeddable":true,"href":"https:\/\/encompaniastj.org\/pt-pt\/wp-json\/wp\/v2\/tags?post=13877"}],"curies":[{"name":"wp","href":"https:\/\/api.w.org\/{rel}","templated":true}]}}