{"id":13824,"date":"2021-09-19T09:17:49","date_gmt":"2021-09-19T07:17:49","guid":{"rendered":"https:\/\/encompaniastj.org\/como-bons-jardineiros\/"},"modified":"2021-09-19T09:17:49","modified_gmt":"2021-09-19T07:17:49","slug":"como-bons-jardineiros","status":"publish","type":"post","link":"https:\/\/encompaniastj.org\/pt-pt\/como-bons-jardineiros\/","title":{"rendered":"COMO BONS JARDINEIROS"},"content":{"rendered":"<p>&nbsp;<\/p>\n<p>Um regresso \u00e0 &#8220;sementeira&#8221; no in\u00edcio do novo ano letivo, onde cada um de n\u00f3s vive&#8230; Os planos s\u00e3o elaborados olhando o horizonte e pisando a realidade, tendo em conta os contextos e, sobretudo, as pessoas. Aparecem os programas que tentam escutar e procurar os meios para viver o que se v\u00ea ou intui. E ent\u00e3o entramos, como diz a can\u00e7\u00e3o, no <em>tempo das tentativas<\/em>, onde <em>s\u00f3 o amor ilumina o que perdura e faz do barro um milagre<\/em>&#8230; e onde <em>tens de amar o barro que vai nas tuas m\u00e3os.<\/em>  <\/p>\n<p>Neste <g id=\"gid_0\">tempo de tentativas<\/g> que estamos a iniciar e para esta vida quotidiana, Teresa de Jesus diz que <g id=\"gid_1\">quem come\u00e7a, quem come\u00e7a a fazer um jardim numa terra muito infrut\u00edfera, com ervas daninhas, deve lembrar-se<\/g> que \u00e9 Deus que as <em> arranca e tem de plantar as boas,<\/em> e que <em>devemos cuidar, como bons jardineiros, que estas plantas cres\u00e7am e ter o cuidado de as regar para que n\u00e3o pere\u00e7am, mas que venham a dar flores que exalem um grande cheiro<\/em><a href=\"#_ftn1\" name=\"_ftnref1\">[1].<\/a> Expressa-o para explicar o caminho da ora\u00e7\u00e3o, e acrescenta que, \u00e0 medida que se avan\u00e7a,      <em>O Senhor quer aqui ajudar o jardineiro de tal modo que Ele seja quase o jardineiro e aquele que faz tudo.<a href=\"#_ftn2\" name=\"_ftnref2\"><br \/>\n  <strong>[2]<\/strong><br \/>\n<\/a>.<\/em><\/p>\n<p>O Papa Francisco dirige este olhar para  <em>O verdadeiro protagonista, a semente, que produz mais ou menos frutos segundo o terreno onde cai&#8230; N\u00f3s somos o terreno onde o Senhor lan\u00e7a incansavelmente a semente da sua Palavra e do seu amor. Podemos interrogar-nos: como \u00e9 o nosso cora\u00e7\u00e3o, a que tipo de solo se assemelha: uma estrada, um campo pedregoso, um arbusto? Cabe-nos a n\u00f3s transform\u00e1-lo em terra boa, sem espinhos e pedras, mas cuidadosamente trabalhada e cultivada, para que possa dar bons frutos para n\u00f3s e para os nossos irm\u00e3os.   <\/em>.<\/p>\n<p>Olhar para o campo ou para a semente, para o semeador ou para o jardineiro, \u00e9 colocarmo-nos de novo no caminho da vida juntamente com as pessoas e os companheiros com quem humildemente escrevemos esta parte da hist\u00f3ria, podendo escolher, mais do que os acontecimentos, a forma como os queremos viver.<\/p>\n<p>No nosso mundo globalizado, ao vislumbrarmos este nosso contexto, o Afeganist\u00e3o e o sofrimento de tantas pessoas, a \u00faltima vaga de Covid-19 e as vacinas que est\u00e3o a ajudar a reduzir a gravidade dos seus efeitos, aproximam-se de n\u00f3s, os beb\u00e9s que nascem e trazem alegria a tantas fam\u00edlias e os que morrem ou s\u00e3o maltratados por pais inconscientes, a preocupa\u00e7\u00e3o com o cuidado dos nossos idosos e a solid\u00e3o ou a doen\u00e7a daqueles que ningu\u00e9m cuida, o sofrimento da terra devido a inc\u00eandios devastadores ou o desastre ecol\u00f3gico do Mar Menor e o pequeno gesto que salva o planeta, a viol\u00eancia que mata as mulheres todos os dias, a agressividade crescente de alguns jovens na rua e daqueles que colaboram como volunt\u00e1rios em tantas institui\u00e7\u00f5es, a obsess\u00e3o pelo pr\u00f3prio bem-estar e a <em>aprecia\u00e7\u00e3o da riqueza e da beleza das sementes da vida em comum que devem ser procuradas e cultivadas em conjunto<a href=\"#_ftn3\" name=\"_ftnref3\"><strong>[3]<\/strong><\/a>,<\/em> a chegada sempre nova de imigrantes - cada vez mais mulheres e crian\u00e7as - \u00e0s nossas costas e aqueles que morrem a atravessar as fronteiras como pre\u00e7o de um sonho? poder\u00edamos continuar. <\/p>\n<p>A Santa, a partir da sua experi\u00eancia, como mulher t\u00e3o pr\u00e1tica para a vida concreta, diz depois desta explica\u00e7\u00e3o sobre o cuidado do jardim e o trabalho dos <em>bons jardineiros<\/em>: <em>&#8220;Vejamos agora como se rega, para percebermos o que temos de fazer<a href=\"#_ftn4\" name=\"_ftnref4\"><strong>&#8220;[4].<\/strong><\/a><\/em><\/p>\n<p><em>Ent\u00e3o, vejamos agora<\/em> na nossa realidade, com quem vivemos, nos relacionamos e caminhamos, <em>como se pode regar <\/em>este campo que nos foi dado, para que cres\u00e7am aquelas sementes que n\u00e3o escolhemos, com os companheiros que fazem parte da nossa hist\u00f3ria e miss\u00e3o de vida&#8230; Ser\u00e1 mais do que um plano ou um programa neste novo rumo! <em>A palavra fundamental \u00e9 a vida que nos \u00e9 dada&#8230;<\/em><a href=\"#_ftn5\" name=\"_ftnref5\">[5]<\/a> Bon voyage!<\/p>\n<p><em>Isabel del Valle<\/em><\/p>\n<p><a href=\"#_ftnref1\" name=\"_ftn1\">[1]<\/a> Livro da Vida 11,6<\/p>\n<p><a href=\"#_ftnref2\" name=\"_ftn2\">[2]<\/a> Vida 16,1<\/p>\n<p>[<a href=\"#_ftnref3\" name=\"_ftn3\">3]<\/a> Papa Francisco. Fratelli Tutti, 31 <\/p>\n<p><a href=\"#_ftnref4\" name=\"_ftn4\">[4]<\/a> Vida 11.7<\/p>\n<p>[<a href=\"#_ftnref5\" name=\"_ftn5\">5]<\/a> Miguel M\u00e1rquez, OCD. Pliego n\u00ba 3.238, setembro de 2021, Vida Nueva. <\/p>\n","protected":false},"excerpt":{"rendered":"<p>&nbsp; Um regresso \u00e0 &#8220;sementeira&#8221; no in\u00edcio do novo ano letivo, onde cada um de n\u00f3s vive&#8230; Os planos s\u00e3o elaborados olhando o horizonte e pisando a realidade, tendo em [&hellip;]<\/p>\n","protected":false},"author":1,"featured_media":7791,"comment_status":"open","ping_status":"open","sticky":false,"template":"","format":"standard","meta":{"_acf_changed":false,"footnotes":""},"categories":[77],"tags":[],"class_list":["post-13824","post","type-post","status-publish","format-standard","has-post-thumbnail","hentry","category-palabras"],"acf":[],"yoast_head":"<!-- This site is optimized with the Yoast SEO plugin v27.5 - https:\/\/yoast.com\/product\/yoast-seo-wordpress\/ -->\n<title>COMO BONS JARDINEIROS - En Compa\u00f1\u00eda STJ<\/title>\n<meta name=\"robots\" content=\"index, follow, max-snippet:-1, max-image-preview:large, max-video-preview:-1\" \/>\n<link rel=\"canonical\" href=\"https:\/\/encompaniastj.org\/pt-pt\/como-bons-jardineiros\/\" \/>\n<meta property=\"og:locale\" content=\"pt_PT\" \/>\n<meta property=\"og:type\" content=\"article\" \/>\n<meta property=\"og:title\" content=\"COMO BONS JARDINEIROS - En Compa\u00f1\u00eda STJ\" \/>\n<meta property=\"og:description\" content=\"&nbsp; Um regresso \u00e0 &#8220;sementeira&#8221; no in\u00edcio do novo ano letivo, onde cada um de n\u00f3s vive&#8230; Os planos s\u00e3o elaborados olhando o horizonte e pisando a realidade, tendo em [&hellip;]\" \/>\n<meta property=\"og:url\" content=\"https:\/\/encompaniastj.org\/pt-pt\/como-bons-jardineiros\/\" \/>\n<meta property=\"og:site_name\" content=\"En Compa\u00f1\u00eda STJ\" \/>\n<meta property=\"article:published_time\" content=\"2021-09-19T07:17:49+00:00\" \/>\n<meta property=\"og:image\" content=\"https:\/\/encompaniastj.org\/wp-content\/uploads\/2025\/05\/COMO-BUENOS-HORTELANOS-2.jpg\" \/>\n\t<meta property=\"og:image:width\" content=\"600\" \/>\n\t<meta property=\"og:image:height\" content=\"631\" \/>\n\t<meta property=\"og:image:type\" content=\"image\/jpeg\" \/>\n<meta name=\"author\" content=\"admin\" \/>\n<meta name=\"twitter:card\" content=\"summary_large_image\" \/>\n<meta name=\"twitter:label1\" content=\"Escrito por\" \/>\n\t<meta name=\"twitter:data1\" content=\"admin\" \/>\n\t<meta name=\"twitter:label2\" content=\"Tempo estimado de leitura\" \/>\n\t<meta name=\"twitter:data2\" content=\"4 minutos\" \/>\n<script type=\"application\/ld+json\" class=\"yoast-schema-graph\">{\"@context\":\"https:\\\/\\\/schema.org\",\"@graph\":[{\"@type\":\"Article\",\"@id\":\"https:\\\/\\\/encompaniastj.org\\\/pt-pt\\\/como-bons-jardineiros\\\/#article\",\"isPartOf\":{\"@id\":\"https:\\\/\\\/encompaniastj.org\\\/pt-pt\\\/como-bons-jardineiros\\\/\"},\"author\":{\"name\":\"admin\",\"@id\":\"https:\\\/\\\/encompaniastj.org\\\/pt-pt\\\/#\\\/schema\\\/person\\\/520e7ecc314793d40091993c2a02b651\"},\"headline\":\"COMO BONS JARDINEIROS\",\"datePublished\":\"2021-09-19T07:17:49+00:00\",\"mainEntityOfPage\":{\"@id\":\"https:\\\/\\\/encompaniastj.org\\\/pt-pt\\\/como-bons-jardineiros\\\/\"},\"wordCount\":715,\"commentCount\":0,\"publisher\":{\"@id\":\"https:\\\/\\\/encompaniastj.org\\\/pt-pt\\\/#organization\"},\"image\":{\"@id\":\"https:\\\/\\\/encompaniastj.org\\\/pt-pt\\\/como-bons-jardineiros\\\/#primaryimage\"},\"thumbnailUrl\":\"https:\\\/\\\/encompaniastj.org\\\/wp-content\\\/uploads\\\/2025\\\/05\\\/COMO-BUENOS-HORTELANOS-2.jpg\",\"articleSection\":[\"Palabras\"],\"inLanguage\":\"pt-PT\",\"potentialAction\":[{\"@type\":\"CommentAction\",\"name\":\"Comment\",\"target\":[\"https:\\\/\\\/encompaniastj.org\\\/pt-pt\\\/como-bons-jardineiros\\\/#respond\"]}]},{\"@type\":\"WebPage\",\"@id\":\"https:\\\/\\\/encompaniastj.org\\\/pt-pt\\\/como-bons-jardineiros\\\/\",\"url\":\"https:\\\/\\\/encompaniastj.org\\\/pt-pt\\\/como-bons-jardineiros\\\/\",\"name\":\"COMO BONS JARDINEIROS - En Compa\u00f1\u00eda STJ\",\"isPartOf\":{\"@id\":\"https:\\\/\\\/encompaniastj.org\\\/pt-pt\\\/#website\"},\"primaryImageOfPage\":{\"@id\":\"https:\\\/\\\/encompaniastj.org\\\/pt-pt\\\/como-bons-jardineiros\\\/#primaryimage\"},\"image\":{\"@id\":\"https:\\\/\\\/encompaniastj.org\\\/pt-pt\\\/como-bons-jardineiros\\\/#primaryimage\"},\"thumbnailUrl\":\"https:\\\/\\\/encompaniastj.org\\\/wp-content\\\/uploads\\\/2025\\\/05\\\/COMO-BUENOS-HORTELANOS-2.jpg\",\"datePublished\":\"2021-09-19T07:17:49+00:00\",\"breadcrumb\":{\"@id\":\"https:\\\/\\\/encompaniastj.org\\\/pt-pt\\\/como-bons-jardineiros\\\/#breadcrumb\"},\"inLanguage\":\"pt-PT\",\"potentialAction\":[{\"@type\":\"ReadAction\",\"target\":[\"https:\\\/\\\/encompaniastj.org\\\/pt-pt\\\/como-bons-jardineiros\\\/\"]}]},{\"@type\":\"ImageObject\",\"inLanguage\":\"pt-PT\",\"@id\":\"https:\\\/\\\/encompaniastj.org\\\/pt-pt\\\/como-bons-jardineiros\\\/#primaryimage\",\"url\":\"https:\\\/\\\/encompaniastj.org\\\/wp-content\\\/uploads\\\/2025\\\/05\\\/COMO-BUENOS-HORTELANOS-2.jpg\",\"contentUrl\":\"https:\\\/\\\/encompaniastj.org\\\/wp-content\\\/uploads\\\/2025\\\/05\\\/COMO-BUENOS-HORTELANOS-2.jpg\",\"width\":600,\"height\":631},{\"@type\":\"BreadcrumbList\",\"@id\":\"https:\\\/\\\/encompaniastj.org\\\/pt-pt\\\/como-bons-jardineiros\\\/#breadcrumb\",\"itemListElement\":[{\"@type\":\"ListItem\",\"position\":1,\"name\":\"Portada\",\"item\":\"https:\\\/\\\/encompaniastj.org\\\/pt-pt\\\/\"},{\"@type\":\"ListItem\",\"position\":2,\"name\":\"COMO BONS JARDINEIROS\"}]},{\"@type\":\"WebSite\",\"@id\":\"https:\\\/\\\/encompaniastj.org\\\/pt-pt\\\/#website\",\"url\":\"https:\\\/\\\/encompaniastj.org\\\/pt-pt\\\/\",\"name\":\"En Compa\u00f1\u00eda STJ\",\"description\":\"Bolet\u00edn de la Compa\u00f1\u00eda de Santa Teresa de Jes\u00fas\",\"publisher\":{\"@id\":\"https:\\\/\\\/encompaniastj.org\\\/pt-pt\\\/#organization\"},\"potentialAction\":[{\"@type\":\"SearchAction\",\"target\":{\"@type\":\"EntryPoint\",\"urlTemplate\":\"https:\\\/\\\/encompaniastj.org\\\/pt-pt\\\/?s={search_term_string}\"},\"query-input\":{\"@type\":\"PropertyValueSpecification\",\"valueRequired\":true,\"valueName\":\"search_term_string\"}}],\"inLanguage\":\"pt-PT\"},{\"@type\":\"Organization\",\"@id\":\"https:\\\/\\\/encompaniastj.org\\\/pt-pt\\\/#organization\",\"name\":\"Compa\u00f1\u00eda de Santa Teresa de Jes\u00fas\",\"url\":\"https:\\\/\\\/encompaniastj.org\\\/pt-pt\\\/\",\"logo\":{\"@type\":\"ImageObject\",\"inLanguage\":\"pt-PT\",\"@id\":\"https:\\\/\\\/encompaniastj.org\\\/pt-pt\\\/#\\\/schema\\\/logo\\\/image\\\/\",\"url\":\"https:\\\/\\\/encompaniastj.org\\\/wp-content\\\/uploads\\\/2025\\\/04\\\/logo_provincias02-1-3.png\",\"contentUrl\":\"https:\\\/\\\/encompaniastj.org\\\/wp-content\\\/uploads\\\/2025\\\/04\\\/logo_provincias02-1-3.png\",\"width\":2368,\"height\":825,\"caption\":\"Compa\u00f1\u00eda de Santa Teresa de Jes\u00fas\"},\"image\":{\"@id\":\"https:\\\/\\\/encompaniastj.org\\\/pt-pt\\\/#\\\/schema\\\/logo\\\/image\\\/\"}},{\"@type\":\"Person\",\"@id\":\"https:\\\/\\\/encompaniastj.org\\\/pt-pt\\\/#\\\/schema\\\/person\\\/520e7ecc314793d40091993c2a02b651\",\"name\":\"admin\",\"image\":{\"@type\":\"ImageObject\",\"inLanguage\":\"pt-PT\",\"@id\":\"https:\\\/\\\/secure.gravatar.com\\\/avatar\\\/948b492cce32b586ac2db0eaa926ee87024f7afe218d73b397ea5ddfc5f43ea1?s=96&d=mm&r=g\",\"url\":\"https:\\\/\\\/secure.gravatar.com\\\/avatar\\\/948b492cce32b586ac2db0eaa926ee87024f7afe218d73b397ea5ddfc5f43ea1?s=96&d=mm&r=g\",\"contentUrl\":\"https:\\\/\\\/secure.gravatar.com\\\/avatar\\\/948b492cce32b586ac2db0eaa926ee87024f7afe218d73b397ea5ddfc5f43ea1?s=96&d=mm&r=g\",\"caption\":\"admin\"},\"sameAs\":[\"https:\\\/\\\/encompaniastj.org\"],\"url\":\"https:\\\/\\\/encompaniastj.org\\\/pt-pt\\\/author\\\/sjdigital\\\/\"}]}<\/script>\n<!-- \/ Yoast SEO plugin. -->","yoast_head_json":{"title":"COMO BONS JARDINEIROS - En Compa\u00f1\u00eda STJ","robots":{"index":"index","follow":"follow","max-snippet":"max-snippet:-1","max-image-preview":"max-image-preview:large","max-video-preview":"max-video-preview:-1"},"canonical":"https:\/\/encompaniastj.org\/pt-pt\/como-bons-jardineiros\/","og_locale":"pt_PT","og_type":"article","og_title":"COMO BONS JARDINEIROS - En Compa\u00f1\u00eda STJ","og_description":"&nbsp; Um regresso \u00e0 &#8220;sementeira&#8221; no in\u00edcio do novo ano letivo, onde cada um de n\u00f3s vive&#8230; Os planos s\u00e3o elaborados olhando o horizonte e pisando a realidade, tendo em [&hellip;]","og_url":"https:\/\/encompaniastj.org\/pt-pt\/como-bons-jardineiros\/","og_site_name":"En Compa\u00f1\u00eda STJ","article_published_time":"2021-09-19T07:17:49+00:00","og_image":[{"width":600,"height":631,"url":"https:\/\/encompaniastj.org\/wp-content\/uploads\/2025\/05\/COMO-BUENOS-HORTELANOS-2.jpg","type":"image\/jpeg"}],"author":"admin","twitter_card":"summary_large_image","twitter_misc":{"Escrito por":"admin","Tempo estimado de leitura":"4 minutos"},"schema":{"@context":"https:\/\/schema.org","@graph":[{"@type":"Article","@id":"https:\/\/encompaniastj.org\/pt-pt\/como-bons-jardineiros\/#article","isPartOf":{"@id":"https:\/\/encompaniastj.org\/pt-pt\/como-bons-jardineiros\/"},"author":{"name":"admin","@id":"https:\/\/encompaniastj.org\/pt-pt\/#\/schema\/person\/520e7ecc314793d40091993c2a02b651"},"headline":"COMO BONS JARDINEIROS","datePublished":"2021-09-19T07:17:49+00:00","mainEntityOfPage":{"@id":"https:\/\/encompaniastj.org\/pt-pt\/como-bons-jardineiros\/"},"wordCount":715,"commentCount":0,"publisher":{"@id":"https:\/\/encompaniastj.org\/pt-pt\/#organization"},"image":{"@id":"https:\/\/encompaniastj.org\/pt-pt\/como-bons-jardineiros\/#primaryimage"},"thumbnailUrl":"https:\/\/encompaniastj.org\/wp-content\/uploads\/2025\/05\/COMO-BUENOS-HORTELANOS-2.jpg","articleSection":["Palabras"],"inLanguage":"pt-PT","potentialAction":[{"@type":"CommentAction","name":"Comment","target":["https:\/\/encompaniastj.org\/pt-pt\/como-bons-jardineiros\/#respond"]}]},{"@type":"WebPage","@id":"https:\/\/encompaniastj.org\/pt-pt\/como-bons-jardineiros\/","url":"https:\/\/encompaniastj.org\/pt-pt\/como-bons-jardineiros\/","name":"COMO BONS JARDINEIROS - En Compa\u00f1\u00eda STJ","isPartOf":{"@id":"https:\/\/encompaniastj.org\/pt-pt\/#website"},"primaryImageOfPage":{"@id":"https:\/\/encompaniastj.org\/pt-pt\/como-bons-jardineiros\/#primaryimage"},"image":{"@id":"https:\/\/encompaniastj.org\/pt-pt\/como-bons-jardineiros\/#primaryimage"},"thumbnailUrl":"https:\/\/encompaniastj.org\/wp-content\/uploads\/2025\/05\/COMO-BUENOS-HORTELANOS-2.jpg","datePublished":"2021-09-19T07:17:49+00:00","breadcrumb":{"@id":"https:\/\/encompaniastj.org\/pt-pt\/como-bons-jardineiros\/#breadcrumb"},"inLanguage":"pt-PT","potentialAction":[{"@type":"ReadAction","target":["https:\/\/encompaniastj.org\/pt-pt\/como-bons-jardineiros\/"]}]},{"@type":"ImageObject","inLanguage":"pt-PT","@id":"https:\/\/encompaniastj.org\/pt-pt\/como-bons-jardineiros\/#primaryimage","url":"https:\/\/encompaniastj.org\/wp-content\/uploads\/2025\/05\/COMO-BUENOS-HORTELANOS-2.jpg","contentUrl":"https:\/\/encompaniastj.org\/wp-content\/uploads\/2025\/05\/COMO-BUENOS-HORTELANOS-2.jpg","width":600,"height":631},{"@type":"BreadcrumbList","@id":"https:\/\/encompaniastj.org\/pt-pt\/como-bons-jardineiros\/#breadcrumb","itemListElement":[{"@type":"ListItem","position":1,"name":"Portada","item":"https:\/\/encompaniastj.org\/pt-pt\/"},{"@type":"ListItem","position":2,"name":"COMO BONS JARDINEIROS"}]},{"@type":"WebSite","@id":"https:\/\/encompaniastj.org\/pt-pt\/#website","url":"https:\/\/encompaniastj.org\/pt-pt\/","name":"En Compa\u00f1\u00eda STJ","description":"Bolet\u00edn de la Compa\u00f1\u00eda de Santa Teresa de Jes\u00fas","publisher":{"@id":"https:\/\/encompaniastj.org\/pt-pt\/#organization"},"potentialAction":[{"@type":"SearchAction","target":{"@type":"EntryPoint","urlTemplate":"https:\/\/encompaniastj.org\/pt-pt\/?s={search_term_string}"},"query-input":{"@type":"PropertyValueSpecification","valueRequired":true,"valueName":"search_term_string"}}],"inLanguage":"pt-PT"},{"@type":"Organization","@id":"https:\/\/encompaniastj.org\/pt-pt\/#organization","name":"Compa\u00f1\u00eda de Santa Teresa de Jes\u00fas","url":"https:\/\/encompaniastj.org\/pt-pt\/","logo":{"@type":"ImageObject","inLanguage":"pt-PT","@id":"https:\/\/encompaniastj.org\/pt-pt\/#\/schema\/logo\/image\/","url":"https:\/\/encompaniastj.org\/wp-content\/uploads\/2025\/04\/logo_provincias02-1-3.png","contentUrl":"https:\/\/encompaniastj.org\/wp-content\/uploads\/2025\/04\/logo_provincias02-1-3.png","width":2368,"height":825,"caption":"Compa\u00f1\u00eda de Santa Teresa de Jes\u00fas"},"image":{"@id":"https:\/\/encompaniastj.org\/pt-pt\/#\/schema\/logo\/image\/"}},{"@type":"Person","@id":"https:\/\/encompaniastj.org\/pt-pt\/#\/schema\/person\/520e7ecc314793d40091993c2a02b651","name":"admin","image":{"@type":"ImageObject","inLanguage":"pt-PT","@id":"https:\/\/secure.gravatar.com\/avatar\/948b492cce32b586ac2db0eaa926ee87024f7afe218d73b397ea5ddfc5f43ea1?s=96&d=mm&r=g","url":"https:\/\/secure.gravatar.com\/avatar\/948b492cce32b586ac2db0eaa926ee87024f7afe218d73b397ea5ddfc5f43ea1?s=96&d=mm&r=g","contentUrl":"https:\/\/secure.gravatar.com\/avatar\/948b492cce32b586ac2db0eaa926ee87024f7afe218d73b397ea5ddfc5f43ea1?s=96&d=mm&r=g","caption":"admin"},"sameAs":["https:\/\/encompaniastj.org"],"url":"https:\/\/encompaniastj.org\/pt-pt\/author\/sjdigital\/"}]}},"_links":{"self":[{"href":"https:\/\/encompaniastj.org\/pt-pt\/wp-json\/wp\/v2\/posts\/13824","targetHints":{"allow":["GET"]}}],"collection":[{"href":"https:\/\/encompaniastj.org\/pt-pt\/wp-json\/wp\/v2\/posts"}],"about":[{"href":"https:\/\/encompaniastj.org\/pt-pt\/wp-json\/wp\/v2\/types\/post"}],"author":[{"embeddable":true,"href":"https:\/\/encompaniastj.org\/pt-pt\/wp-json\/wp\/v2\/users\/1"}],"replies":[{"embeddable":true,"href":"https:\/\/encompaniastj.org\/pt-pt\/wp-json\/wp\/v2\/comments?post=13824"}],"version-history":[{"count":0,"href":"https:\/\/encompaniastj.org\/pt-pt\/wp-json\/wp\/v2\/posts\/13824\/revisions"}],"wp:featuredmedia":[{"embeddable":true,"href":"https:\/\/encompaniastj.org\/pt-pt\/wp-json\/wp\/v2\/media\/7791"}],"wp:attachment":[{"href":"https:\/\/encompaniastj.org\/pt-pt\/wp-json\/wp\/v2\/media?parent=13824"}],"wp:term":[{"taxonomy":"category","embeddable":true,"href":"https:\/\/encompaniastj.org\/pt-pt\/wp-json\/wp\/v2\/categories?post=13824"},{"taxonomy":"post_tag","embeddable":true,"href":"https:\/\/encompaniastj.org\/pt-pt\/wp-json\/wp\/v2\/tags?post=13824"}],"curies":[{"name":"wp","href":"https:\/\/api.w.org\/{rel}","templated":true}]}}