{"id":13823,"date":"2022-10-03T10:26:38","date_gmt":"2022-10-03T08:26:38","guid":{"rendered":"https:\/\/encompaniastj.org\/festa-da-amora\/"},"modified":"2022-10-03T10:26:38","modified_gmt":"2022-10-03T08:26:38","slug":"festa-da-amora","status":"publish","type":"post","link":"https:\/\/encompaniastj.org\/pt-pt\/festa-da-amora\/","title":{"rendered":"FESTA DA AMORA"},"content":{"rendered":"<p>Mora, situada num enclave privilegiado, no cora\u00e7\u00e3o de La Mancha, \u00e9 um <strong>&#8220;mar de oliveiras&#8221;,<\/strong> como gostam de chamar as vistas desde a colina da Ermita de La Virgen ou desde o Castelo de Pe\u00f1as Negras, que se avista no horizonte, e protege os seus habitantes. N\u00e3o \u00e9 em v\u00e3o que o seu Azeite Virgem Extra \u00e9 o seu produto mais representativo. <\/p>\n<p>A aldeia est\u00e1 rodeada pelas suas ricas vinhas, que fazem as del\u00edcias das festas, e pelas suas amendoeiras, que ado\u00e7am a melhor sele\u00e7\u00e3o de amarguillos, past\u00e9is de am\u00eandoa, ma\u00e7ap\u00e3o, guirlaches&#8230;<\/p>\n<p>O religioso e o popular andam intimamente juntos nesta terra de homens lutadores e acolhedores, onde h\u00e1 vida que transmitem e colorem com tudo o que possuem.<\/p>\n<p>Antes do in\u00edcio oficial do ano escolar, no princ\u00edpio de setembro, a peregrina\u00e7\u00e3o de &#8220;Nuestra Se\u00f1ora de la Antigua&#8221; \u00e9 uma explos\u00e3o de presen\u00e7a junto das crian\u00e7as de Mora. Precedida pela novena solene na igreja paroquial, culmina no \u00faltimo dia na colina elevada da sua ermida dedicada \u00e0 Virgem. <\/p>\n<p>N\u00e3o s\u00e3o apenas os bailes de todas as idades que se sucedem. Os &#8220;morachos&#8221;, vestidos para dan\u00e7ar e cantar, das diferentes irmandades e grupos, prestam homenagem \u00e0 sua Virgem. No final do encontro, juntamente com as irmandades, grupos de a\u00e7\u00e3o social&#8230; as Irm\u00e3s Teresianas, em nome do Col\u00e9gio e da Comunidade, levaram a nossa oferta floral aos p\u00e9s de Maria.  <\/p>\n<p>O poeta de Mora, Rafael Fern\u00e1ndez Pombo, canta assim \u00e0 sua terra natal<\/p>\n<blockquote><p><em>Estou enjalbiego de luz com essa ermida<\/em><\/p>\n<p><em>que se ergue numa pequena colina<\/em><\/p>\n<p><em>a minha voz estala na garganta<\/em><\/p>\n<p><em>e a flor do meu orgulho murcha.<\/em><\/p>\n<p><em>H\u00e1 algo dentro das suas paredes que grita para n\u00f3s<\/em><\/p>\n<p><em>e um toque \u00edntimo que canta para n\u00f3s.  <\/em><\/p>\n<p><em>Mora reza no eremit\u00e9rio, onde toma a sua decis\u00e3o.<\/em><\/p>\n<p><em>O vinho da tua f\u00e9. Ele precisa de ti.   <\/em><\/p>\n<p><em>Precisa de ti como o sol que se abre<\/em><\/p>\n<p><em>o milagre di\u00e1rio do amanhecer,<\/em><\/p>\n<p><em>precisa de ti como farol e guia&#8230;<\/em><\/p>\n<p><em>Deixa-me trabalhar \u00e0 for\u00e7a de suspiros<\/em><\/p>\n<p><em>a colina do teu amor. Deixa a Mora <\/em><\/p>\n<p><em>fica perto de ti, Virgem Maria.<\/em><\/p>\n<p>&nbsp;<\/p><\/blockquote>\n<p>Depois de alguns dias de descanso, na noite do dia 14, a &#8220;p\u00f3lvora&#8221;, como se chama aqui o fogo de artif\u00edcio, anuncia o in\u00edcio de uma semana de festas em grande estilo. Prociss\u00e3o do Cristo, dan\u00e7as regionais com grupos de Alicante, das Ast\u00farias e, claro, manchegos. Teatro di\u00e1rio de diferentes companhias, visitas dramatizadas pela aldeia, uma alvorada que percorre as ruas da aldeia de manh\u00e3 com a Banda Municipal, novilhadas, um espet\u00e1culo equestre, dan\u00e7as com cavalos trazidos da Andaluzia, um concerto&#8230; e iguarias para saborear e recriar nas muitas bancas e barraquinhas \u00e0 volta da C\u00e2mara Municipal.  <\/p>\n<p>As Irm\u00e3s, em diferentes grupos, est\u00e3o presentes em quase todas as actividades programadas, dan\u00e7as regionais com grupos de Alicante, Ast\u00farias e, claro, os famosos grupos de dan\u00e7arinos mouros locais.<\/p>\n<p>No dia 25, em peregrina\u00e7\u00e3o, desde a ermida, levam a Virgem at\u00e9 \u00e0 entrada da aldeia, onde o Cristo da Vera Cruz sai para a receber; juntamente com Santa Ana, acompanham Maria, com as suas grandes orquestras, at\u00e9 \u00e0 igreja onde permanecer\u00e1 durante todo o m\u00eas.<\/p>\n<p>N\u00e3o podemos deixar de lado a arte mais significativa, presente no cora\u00e7\u00e3o da vila: o Col\u00e9gio das &#8220;freiras&#8221;, das &#8220;freiras teresianas&#8221; como carinhosamente nos identificam, a C\u00e2mara Municipal de estilo neo-mud\u00e9jar, o museu do \u00f3leo &#8220;Felipe Vegue&#8221;&#8230; e tantos outros que fazem as del\u00edcias de quem vem visitar a sua riqueza cultural.<\/p>\n<p>E, finalmente, a <strong>&#8220;Fiesta del Olivo&#8221;, <\/strong>declarada de interesse tur\u00edstico regional, no \u00faltimo domingo de abril, uma homenagem aos agricultores com os seus carros aleg\u00f3ricos e desfiles.<\/p>\n<p>At\u00e9 agora, uma degusta\u00e7\u00e3o em palavras, de uma festa que come\u00e7a e continua. Se quiseres descobrir as suas riquezas, vem ver com os teus pr\u00f3prios olhos. A porta est\u00e1 sempre aberta. Juana Rodr\u00edguez, Comunidade de Mora.   <\/p>\n<p><img loading=\"lazy\" decoding=\"async\" class=\"aligncenter wp-image-9529 size-full\" src=\"https:\/\/encompaniastj.org\/wp-content\/uploads\/2025\/05\/foto3-scaled-1.jpg\" alt=\"\" width=\"2560\" height=\"2560\"><\/p>\n<p><img loading=\"lazy\" decoding=\"async\" class=\"aligncenter wp-image-9527 size-full\" src=\"https:\/\/encompaniastj.org\/wp-content\/uploads\/2025\/05\/foto2-1-4.jpg\" alt=\"\" width=\"1990\" height=\"2359\"><\/p>\n<p>&nbsp;<\/p>\n","protected":false},"excerpt":{"rendered":"<p>Mora, situada num enclave privilegiado, no cora\u00e7\u00e3o de La Mancha, \u00e9 um &#8220;mar de oliveiras&#8221;, como gostam de chamar as vistas desde a colina da Ermita de La Virgen ou [&hellip;]<\/p>\n","protected":false},"author":1,"featured_media":8018,"comment_status":"open","ping_status":"open","sticky":false,"template":"","format":"standard","meta":{"_acf_changed":false,"footnotes":""},"categories":[61,62],"tags":[],"class_list":["post-13823","post","type-post","status-publish","format-standard","has-post-thumbnail","hentry","category-noticias","category-otras"],"acf":[],"yoast_head":"<!-- This site is optimized with the Yoast SEO plugin v27.5 - https:\/\/yoast.com\/product\/yoast-seo-wordpress\/ -->\n<title>FESTA DA AMORA - En Compa\u00f1\u00eda STJ<\/title>\n<meta name=\"robots\" content=\"index, follow, max-snippet:-1, max-image-preview:large, max-video-preview:-1\" \/>\n<link rel=\"canonical\" href=\"https:\/\/encompaniastj.org\/pt-pt\/festa-da-amora\/\" \/>\n<meta property=\"og:locale\" content=\"pt_PT\" \/>\n<meta property=\"og:type\" content=\"article\" \/>\n<meta property=\"og:title\" content=\"FESTA DA AMORA - En Compa\u00f1\u00eda STJ\" \/>\n<meta property=\"og:description\" content=\"Mora, situada num enclave privilegiado, no cora\u00e7\u00e3o de La Mancha, \u00e9 um &#8220;mar de oliveiras&#8221;, como gostam de chamar as vistas desde a colina da Ermita de La Virgen ou [&hellip;]\" \/>\n<meta property=\"og:url\" content=\"https:\/\/encompaniastj.org\/pt-pt\/festa-da-amora\/\" \/>\n<meta property=\"og:site_name\" content=\"En Compa\u00f1\u00eda STJ\" \/>\n<meta property=\"article:published_time\" content=\"2022-10-03T08:26:38+00:00\" \/>\n<meta property=\"og:image\" content=\"https:\/\/encompaniastj.org\/wp-content\/uploads\/2025\/05\/foto4-1.jpg\" \/>\n\t<meta property=\"og:image:width\" content=\"1600\" \/>\n\t<meta property=\"og:image:height\" content=\"1200\" \/>\n\t<meta property=\"og:image:type\" content=\"image\/jpeg\" \/>\n<meta name=\"author\" content=\"admin\" \/>\n<meta name=\"twitter:card\" content=\"summary_large_image\" \/>\n<meta name=\"twitter:label1\" content=\"Escrito por\" \/>\n\t<meta name=\"twitter:data1\" content=\"admin\" \/>\n\t<meta name=\"twitter:label2\" content=\"Tempo estimado de leitura\" \/>\n\t<meta name=\"twitter:data2\" content=\"3 minutos\" \/>\n<script type=\"application\/ld+json\" class=\"yoast-schema-graph\">{\"@context\":\"https:\\\/\\\/schema.org\",\"@graph\":[{\"@type\":\"Article\",\"@id\":\"https:\\\/\\\/encompaniastj.org\\\/pt-pt\\\/festa-da-amora\\\/#article\",\"isPartOf\":{\"@id\":\"https:\\\/\\\/encompaniastj.org\\\/pt-pt\\\/festa-da-amora\\\/\"},\"author\":{\"name\":\"admin\",\"@id\":\"https:\\\/\\\/encompaniastj.org\\\/pt-pt\\\/#\\\/schema\\\/person\\\/520e7ecc314793d40091993c2a02b651\"},\"headline\":\"FESTA DA AMORA\",\"datePublished\":\"2022-10-03T08:26:38+00:00\",\"mainEntityOfPage\":{\"@id\":\"https:\\\/\\\/encompaniastj.org\\\/pt-pt\\\/festa-da-amora\\\/\"},\"wordCount\":684,\"commentCount\":0,\"publisher\":{\"@id\":\"https:\\\/\\\/encompaniastj.org\\\/pt-pt\\\/#organization\"},\"image\":{\"@id\":\"https:\\\/\\\/encompaniastj.org\\\/pt-pt\\\/festa-da-amora\\\/#primaryimage\"},\"thumbnailUrl\":\"https:\\\/\\\/encompaniastj.org\\\/wp-content\\\/uploads\\\/2025\\\/05\\\/foto4-1.jpg\",\"articleSection\":[\"Noticias\",\"Otras\"],\"inLanguage\":\"pt-PT\",\"potentialAction\":[{\"@type\":\"CommentAction\",\"name\":\"Comment\",\"target\":[\"https:\\\/\\\/encompaniastj.org\\\/pt-pt\\\/festa-da-amora\\\/#respond\"]}]},{\"@type\":\"WebPage\",\"@id\":\"https:\\\/\\\/encompaniastj.org\\\/pt-pt\\\/festa-da-amora\\\/\",\"url\":\"https:\\\/\\\/encompaniastj.org\\\/pt-pt\\\/festa-da-amora\\\/\",\"name\":\"FESTA DA AMORA - En Compa\u00f1\u00eda STJ\",\"isPartOf\":{\"@id\":\"https:\\\/\\\/encompaniastj.org\\\/pt-pt\\\/#website\"},\"primaryImageOfPage\":{\"@id\":\"https:\\\/\\\/encompaniastj.org\\\/pt-pt\\\/festa-da-amora\\\/#primaryimage\"},\"image\":{\"@id\":\"https:\\\/\\\/encompaniastj.org\\\/pt-pt\\\/festa-da-amora\\\/#primaryimage\"},\"thumbnailUrl\":\"https:\\\/\\\/encompaniastj.org\\\/wp-content\\\/uploads\\\/2025\\\/05\\\/foto4-1.jpg\",\"datePublished\":\"2022-10-03T08:26:38+00:00\",\"breadcrumb\":{\"@id\":\"https:\\\/\\\/encompaniastj.org\\\/pt-pt\\\/festa-da-amora\\\/#breadcrumb\"},\"inLanguage\":\"pt-PT\",\"potentialAction\":[{\"@type\":\"ReadAction\",\"target\":[\"https:\\\/\\\/encompaniastj.org\\\/pt-pt\\\/festa-da-amora\\\/\"]}]},{\"@type\":\"ImageObject\",\"inLanguage\":\"pt-PT\",\"@id\":\"https:\\\/\\\/encompaniastj.org\\\/pt-pt\\\/festa-da-amora\\\/#primaryimage\",\"url\":\"https:\\\/\\\/encompaniastj.org\\\/wp-content\\\/uploads\\\/2025\\\/05\\\/foto4-1.jpg\",\"contentUrl\":\"https:\\\/\\\/encompaniastj.org\\\/wp-content\\\/uploads\\\/2025\\\/05\\\/foto4-1.jpg\",\"width\":1600,\"height\":1200},{\"@type\":\"BreadcrumbList\",\"@id\":\"https:\\\/\\\/encompaniastj.org\\\/pt-pt\\\/festa-da-amora\\\/#breadcrumb\",\"itemListElement\":[{\"@type\":\"ListItem\",\"position\":1,\"name\":\"Portada\",\"item\":\"https:\\\/\\\/encompaniastj.org\\\/pt-pt\\\/\"},{\"@type\":\"ListItem\",\"position\":2,\"name\":\"FESTA DA AMORA\"}]},{\"@type\":\"WebSite\",\"@id\":\"https:\\\/\\\/encompaniastj.org\\\/pt-pt\\\/#website\",\"url\":\"https:\\\/\\\/encompaniastj.org\\\/pt-pt\\\/\",\"name\":\"En Compa\u00f1\u00eda STJ\",\"description\":\"Bolet\u00edn de la Compa\u00f1\u00eda de Santa Teresa de Jes\u00fas\",\"publisher\":{\"@id\":\"https:\\\/\\\/encompaniastj.org\\\/pt-pt\\\/#organization\"},\"potentialAction\":[{\"@type\":\"SearchAction\",\"target\":{\"@type\":\"EntryPoint\",\"urlTemplate\":\"https:\\\/\\\/encompaniastj.org\\\/pt-pt\\\/?s={search_term_string}\"},\"query-input\":{\"@type\":\"PropertyValueSpecification\",\"valueRequired\":true,\"valueName\":\"search_term_string\"}}],\"inLanguage\":\"pt-PT\"},{\"@type\":\"Organization\",\"@id\":\"https:\\\/\\\/encompaniastj.org\\\/pt-pt\\\/#organization\",\"name\":\"Compa\u00f1\u00eda de Santa Teresa de Jes\u00fas\",\"url\":\"https:\\\/\\\/encompaniastj.org\\\/pt-pt\\\/\",\"logo\":{\"@type\":\"ImageObject\",\"inLanguage\":\"pt-PT\",\"@id\":\"https:\\\/\\\/encompaniastj.org\\\/pt-pt\\\/#\\\/schema\\\/logo\\\/image\\\/\",\"url\":\"https:\\\/\\\/encompaniastj.org\\\/wp-content\\\/uploads\\\/2025\\\/04\\\/logo_provincias02-1-3.png\",\"contentUrl\":\"https:\\\/\\\/encompaniastj.org\\\/wp-content\\\/uploads\\\/2025\\\/04\\\/logo_provincias02-1-3.png\",\"width\":2368,\"height\":825,\"caption\":\"Compa\u00f1\u00eda de Santa Teresa de Jes\u00fas\"},\"image\":{\"@id\":\"https:\\\/\\\/encompaniastj.org\\\/pt-pt\\\/#\\\/schema\\\/logo\\\/image\\\/\"}},{\"@type\":\"Person\",\"@id\":\"https:\\\/\\\/encompaniastj.org\\\/pt-pt\\\/#\\\/schema\\\/person\\\/520e7ecc314793d40091993c2a02b651\",\"name\":\"admin\",\"image\":{\"@type\":\"ImageObject\",\"inLanguage\":\"pt-PT\",\"@id\":\"https:\\\/\\\/secure.gravatar.com\\\/avatar\\\/948b492cce32b586ac2db0eaa926ee87024f7afe218d73b397ea5ddfc5f43ea1?s=96&d=mm&r=g\",\"url\":\"https:\\\/\\\/secure.gravatar.com\\\/avatar\\\/948b492cce32b586ac2db0eaa926ee87024f7afe218d73b397ea5ddfc5f43ea1?s=96&d=mm&r=g\",\"contentUrl\":\"https:\\\/\\\/secure.gravatar.com\\\/avatar\\\/948b492cce32b586ac2db0eaa926ee87024f7afe218d73b397ea5ddfc5f43ea1?s=96&d=mm&r=g\",\"caption\":\"admin\"},\"sameAs\":[\"https:\\\/\\\/encompaniastj.org\"],\"url\":\"https:\\\/\\\/encompaniastj.org\\\/pt-pt\\\/author\\\/sjdigital\\\/\"}]}<\/script>\n<!-- \/ Yoast SEO plugin. -->","yoast_head_json":{"title":"FESTA DA AMORA - En Compa\u00f1\u00eda STJ","robots":{"index":"index","follow":"follow","max-snippet":"max-snippet:-1","max-image-preview":"max-image-preview:large","max-video-preview":"max-video-preview:-1"},"canonical":"https:\/\/encompaniastj.org\/pt-pt\/festa-da-amora\/","og_locale":"pt_PT","og_type":"article","og_title":"FESTA DA AMORA - En Compa\u00f1\u00eda STJ","og_description":"Mora, situada num enclave privilegiado, no cora\u00e7\u00e3o de La Mancha, \u00e9 um &#8220;mar de oliveiras&#8221;, como gostam de chamar as vistas desde a colina da Ermita de La Virgen ou [&hellip;]","og_url":"https:\/\/encompaniastj.org\/pt-pt\/festa-da-amora\/","og_site_name":"En Compa\u00f1\u00eda STJ","article_published_time":"2022-10-03T08:26:38+00:00","og_image":[{"width":1600,"height":1200,"url":"https:\/\/encompaniastj.org\/wp-content\/uploads\/2025\/05\/foto4-1.jpg","type":"image\/jpeg"}],"author":"admin","twitter_card":"summary_large_image","twitter_misc":{"Escrito por":"admin","Tempo estimado de leitura":"3 minutos"},"schema":{"@context":"https:\/\/schema.org","@graph":[{"@type":"Article","@id":"https:\/\/encompaniastj.org\/pt-pt\/festa-da-amora\/#article","isPartOf":{"@id":"https:\/\/encompaniastj.org\/pt-pt\/festa-da-amora\/"},"author":{"name":"admin","@id":"https:\/\/encompaniastj.org\/pt-pt\/#\/schema\/person\/520e7ecc314793d40091993c2a02b651"},"headline":"FESTA DA AMORA","datePublished":"2022-10-03T08:26:38+00:00","mainEntityOfPage":{"@id":"https:\/\/encompaniastj.org\/pt-pt\/festa-da-amora\/"},"wordCount":684,"commentCount":0,"publisher":{"@id":"https:\/\/encompaniastj.org\/pt-pt\/#organization"},"image":{"@id":"https:\/\/encompaniastj.org\/pt-pt\/festa-da-amora\/#primaryimage"},"thumbnailUrl":"https:\/\/encompaniastj.org\/wp-content\/uploads\/2025\/05\/foto4-1.jpg","articleSection":["Noticias","Otras"],"inLanguage":"pt-PT","potentialAction":[{"@type":"CommentAction","name":"Comment","target":["https:\/\/encompaniastj.org\/pt-pt\/festa-da-amora\/#respond"]}]},{"@type":"WebPage","@id":"https:\/\/encompaniastj.org\/pt-pt\/festa-da-amora\/","url":"https:\/\/encompaniastj.org\/pt-pt\/festa-da-amora\/","name":"FESTA DA AMORA - En Compa\u00f1\u00eda STJ","isPartOf":{"@id":"https:\/\/encompaniastj.org\/pt-pt\/#website"},"primaryImageOfPage":{"@id":"https:\/\/encompaniastj.org\/pt-pt\/festa-da-amora\/#primaryimage"},"image":{"@id":"https:\/\/encompaniastj.org\/pt-pt\/festa-da-amora\/#primaryimage"},"thumbnailUrl":"https:\/\/encompaniastj.org\/wp-content\/uploads\/2025\/05\/foto4-1.jpg","datePublished":"2022-10-03T08:26:38+00:00","breadcrumb":{"@id":"https:\/\/encompaniastj.org\/pt-pt\/festa-da-amora\/#breadcrumb"},"inLanguage":"pt-PT","potentialAction":[{"@type":"ReadAction","target":["https:\/\/encompaniastj.org\/pt-pt\/festa-da-amora\/"]}]},{"@type":"ImageObject","inLanguage":"pt-PT","@id":"https:\/\/encompaniastj.org\/pt-pt\/festa-da-amora\/#primaryimage","url":"https:\/\/encompaniastj.org\/wp-content\/uploads\/2025\/05\/foto4-1.jpg","contentUrl":"https:\/\/encompaniastj.org\/wp-content\/uploads\/2025\/05\/foto4-1.jpg","width":1600,"height":1200},{"@type":"BreadcrumbList","@id":"https:\/\/encompaniastj.org\/pt-pt\/festa-da-amora\/#breadcrumb","itemListElement":[{"@type":"ListItem","position":1,"name":"Portada","item":"https:\/\/encompaniastj.org\/pt-pt\/"},{"@type":"ListItem","position":2,"name":"FESTA DA AMORA"}]},{"@type":"WebSite","@id":"https:\/\/encompaniastj.org\/pt-pt\/#website","url":"https:\/\/encompaniastj.org\/pt-pt\/","name":"En Compa\u00f1\u00eda STJ","description":"Bolet\u00edn de la Compa\u00f1\u00eda de Santa Teresa de Jes\u00fas","publisher":{"@id":"https:\/\/encompaniastj.org\/pt-pt\/#organization"},"potentialAction":[{"@type":"SearchAction","target":{"@type":"EntryPoint","urlTemplate":"https:\/\/encompaniastj.org\/pt-pt\/?s={search_term_string}"},"query-input":{"@type":"PropertyValueSpecification","valueRequired":true,"valueName":"search_term_string"}}],"inLanguage":"pt-PT"},{"@type":"Organization","@id":"https:\/\/encompaniastj.org\/pt-pt\/#organization","name":"Compa\u00f1\u00eda de Santa Teresa de Jes\u00fas","url":"https:\/\/encompaniastj.org\/pt-pt\/","logo":{"@type":"ImageObject","inLanguage":"pt-PT","@id":"https:\/\/encompaniastj.org\/pt-pt\/#\/schema\/logo\/image\/","url":"https:\/\/encompaniastj.org\/wp-content\/uploads\/2025\/04\/logo_provincias02-1-3.png","contentUrl":"https:\/\/encompaniastj.org\/wp-content\/uploads\/2025\/04\/logo_provincias02-1-3.png","width":2368,"height":825,"caption":"Compa\u00f1\u00eda de Santa Teresa de Jes\u00fas"},"image":{"@id":"https:\/\/encompaniastj.org\/pt-pt\/#\/schema\/logo\/image\/"}},{"@type":"Person","@id":"https:\/\/encompaniastj.org\/pt-pt\/#\/schema\/person\/520e7ecc314793d40091993c2a02b651","name":"admin","image":{"@type":"ImageObject","inLanguage":"pt-PT","@id":"https:\/\/secure.gravatar.com\/avatar\/948b492cce32b586ac2db0eaa926ee87024f7afe218d73b397ea5ddfc5f43ea1?s=96&d=mm&r=g","url":"https:\/\/secure.gravatar.com\/avatar\/948b492cce32b586ac2db0eaa926ee87024f7afe218d73b397ea5ddfc5f43ea1?s=96&d=mm&r=g","contentUrl":"https:\/\/secure.gravatar.com\/avatar\/948b492cce32b586ac2db0eaa926ee87024f7afe218d73b397ea5ddfc5f43ea1?s=96&d=mm&r=g","caption":"admin"},"sameAs":["https:\/\/encompaniastj.org"],"url":"https:\/\/encompaniastj.org\/pt-pt\/author\/sjdigital\/"}]}},"_links":{"self":[{"href":"https:\/\/encompaniastj.org\/pt-pt\/wp-json\/wp\/v2\/posts\/13823","targetHints":{"allow":["GET"]}}],"collection":[{"href":"https:\/\/encompaniastj.org\/pt-pt\/wp-json\/wp\/v2\/posts"}],"about":[{"href":"https:\/\/encompaniastj.org\/pt-pt\/wp-json\/wp\/v2\/types\/post"}],"author":[{"embeddable":true,"href":"https:\/\/encompaniastj.org\/pt-pt\/wp-json\/wp\/v2\/users\/1"}],"replies":[{"embeddable":true,"href":"https:\/\/encompaniastj.org\/pt-pt\/wp-json\/wp\/v2\/comments?post=13823"}],"version-history":[{"count":0,"href":"https:\/\/encompaniastj.org\/pt-pt\/wp-json\/wp\/v2\/posts\/13823\/revisions"}],"wp:featuredmedia":[{"embeddable":true,"href":"https:\/\/encompaniastj.org\/pt-pt\/wp-json\/wp\/v2\/media\/8018"}],"wp:attachment":[{"href":"https:\/\/encompaniastj.org\/pt-pt\/wp-json\/wp\/v2\/media?parent=13823"}],"wp:term":[{"taxonomy":"category","embeddable":true,"href":"https:\/\/encompaniastj.org\/pt-pt\/wp-json\/wp\/v2\/categories?post=13823"},{"taxonomy":"post_tag","embeddable":true,"href":"https:\/\/encompaniastj.org\/pt-pt\/wp-json\/wp\/v2\/tags?post=13823"}],"curies":[{"name":"wp","href":"https:\/\/api.w.org\/{rel}","templated":true}]}}