{"id":13804,"date":"2023-01-17T09:48:07","date_gmt":"2023-01-17T08:48:07","guid":{"rendered":"https:\/\/encompaniastj.org\/clotilde-antunes-de-sousa-16-de-janeiro-de-2023-residencia-em-braga\/"},"modified":"2023-01-17T09:48:07","modified_gmt":"2023-01-17T08:48:07","slug":"clotilde-antunes-de-sousa-16-de-janeiro-de-2023-residencia-em-braga","status":"publish","type":"post","link":"https:\/\/encompaniastj.org\/pt-pt\/clotilde-antunes-de-sousa-16-de-janeiro-de-2023-residencia-em-braga\/","title":{"rendered":"Clotilde Antunes de Sousa. 16 de janeiro de 2023 (Resid\u00eancia em Braga)"},"content":{"rendered":"<p>Clotilde Antunes de Sousa nasceu em Barreiros - Amares, distrito de Braga, a 29 de agosto de 1933. Aos 19 anos entrou na Companhia de Santa Teresa de Jesus, no Noviciado de Braga, a 14 de outubro de 1952. Faleceu a 16 de janeiro de 2023, com 89 anos de idade.   <\/p>\n<p>Ao longo da sua vida de consagrada, a sua mestra foi Santa Teresa de Jesus, que a ensinou a servir o Senhor na cozinha &#8220;entre os tachos e as panelas&#8221;. Clotilde ainda teve tempo para se dedicar \u00e0 catequese das crian\u00e7as, miss\u00e3o que assumiu com muito amor e dedica\u00e7\u00e3o.  <\/p>\n<p>Na sua vida de Teresiana passou por v\u00e1rias casas onde se entregou de corpo e alma \u00e0 miss\u00e3o evangelizadora, distinguindo-se pela sua extrema caridade para com todos. De 1963 a 1974 exerceu a sua miss\u00e3o em Espanha: Ciudad Rodrigo e Valladolid. De regresso a Portugal, trabalhou nas comunidades de Coimbra e Lar Teresiano de Braga na Rua do Raio e na comunidade do Col\u00e9gio Teresiano de Braga. Em 2006, j\u00e1 com a sa\u00fade debilitada, transfere-se para a comunidade da Resid\u00eancia Teresiana de Braga. Os \u00faltimos 15 anos da sua vida foram marcados por um longo calv\u00e1rio, viveu-os sem mobilidade e sem comunica\u00e7\u00e3o verbal, anos que deram continuidade \u00e0 miss\u00e3o e ao projeto de vida que Deus tinha para ela.    <\/p>\n<p>Agradecemos ao Senhor pela sua longa vida e pelo seu generoso empenho na miss\u00e3o que o Senhor lhe confiou na Companhia de Santa Teresa de Jesus.<\/p>\n<p>\u00c9 com grande afeto e gratid\u00e3o que nos despedimos da Ir. Clotilde e lhe agradecemos todo o bem que fez e o seu testemunho de sacrif\u00edcio e dedica\u00e7\u00e3o \u00e0 miss\u00e3o. <\/p>\n","protected":false},"excerpt":{"rendered":"<p>Clotilde Antunes de Sousa nasceu em Barreiros - Amares, distrito de Braga, a 29 de agosto de 1933. Aos 19 anos entrou na Companhia de Santa Teresa de Jesus, no [&hellip;]<\/p>\n","protected":false},"author":1,"featured_media":8206,"comment_status":"open","ping_status":"open","sticky":false,"template":"","format":"standard","meta":{"_acf_changed":false,"footnotes":""},"categories":[63],"tags":[],"class_list":["post-13804","post","type-post","status-publish","format-standard","has-post-thumbnail","hentry","category-fallecimientos"],"acf":[],"yoast_head":"<!-- This site is optimized with the Yoast SEO plugin v27.5 - https:\/\/yoast.com\/product\/yoast-seo-wordpress\/ -->\n<title>Clotilde Antunes de Sousa. 16 de janeiro de 2023 (Resid\u00eancia em Braga) - En Compa\u00f1\u00eda STJ<\/title>\n<meta name=\"robots\" content=\"index, follow, max-snippet:-1, max-image-preview:large, max-video-preview:-1\" \/>\n<link rel=\"canonical\" href=\"https:\/\/encompaniastj.org\/pt-pt\/clotilde-antunes-de-sousa-16-de-janeiro-de-2023-residencia-em-braga\/\" \/>\n<meta property=\"og:locale\" content=\"pt_PT\" \/>\n<meta property=\"og:type\" content=\"article\" \/>\n<meta property=\"og:title\" content=\"Clotilde Antunes de Sousa. 16 de janeiro de 2023 (Resid\u00eancia em Braga) - En Compa\u00f1\u00eda STJ\" \/>\n<meta property=\"og:description\" content=\"Clotilde Antunes de Sousa nasceu em Barreiros - Amares, distrito de Braga, a 29 de agosto de 1933. Aos 19 anos entrou na Companhia de Santa Teresa de Jesus, no [&hellip;]\" \/>\n<meta property=\"og:url\" content=\"https:\/\/encompaniastj.org\/pt-pt\/clotilde-antunes-de-sousa-16-de-janeiro-de-2023-residencia-em-braga\/\" \/>\n<meta property=\"og:site_name\" content=\"En Compa\u00f1\u00eda STJ\" \/>\n<meta property=\"article:published_time\" content=\"2023-01-17T08:48:07+00:00\" \/>\n<meta property=\"og:image\" content=\"https:\/\/encompaniastj.org\/wp-content\/uploads\/2025\/05\/Manos1.jpg\" \/>\n\t<meta property=\"og:image:width\" content=\"1280\" \/>\n\t<meta property=\"og:image:height\" content=\"853\" \/>\n\t<meta property=\"og:image:type\" content=\"image\/jpeg\" \/>\n<meta name=\"author\" content=\"admin\" \/>\n<meta name=\"twitter:card\" content=\"summary_large_image\" \/>\n<meta name=\"twitter:label1\" content=\"Escrito por\" \/>\n\t<meta name=\"twitter:data1\" content=\"admin\" \/>\n\t<meta name=\"twitter:label2\" content=\"Tempo estimado de leitura\" \/>\n\t<meta name=\"twitter:data2\" content=\"1 minuto\" \/>\n<script type=\"application\/ld+json\" class=\"yoast-schema-graph\">{\"@context\":\"https:\\\/\\\/schema.org\",\"@graph\":[{\"@type\":\"Article\",\"@id\":\"https:\\\/\\\/encompaniastj.org\\\/pt-pt\\\/clotilde-antunes-de-sousa-16-de-janeiro-de-2023-residencia-em-braga\\\/#article\",\"isPartOf\":{\"@id\":\"https:\\\/\\\/encompaniastj.org\\\/pt-pt\\\/clotilde-antunes-de-sousa-16-de-janeiro-de-2023-residencia-em-braga\\\/\"},\"author\":{\"name\":\"admin\",\"@id\":\"https:\\\/\\\/encompaniastj.org\\\/pt-pt\\\/#\\\/schema\\\/person\\\/520e7ecc314793d40091993c2a02b651\"},\"headline\":\"Clotilde Antunes de Sousa. 16 de janeiro de 2023 (Resid\u00eancia em Braga)\",\"datePublished\":\"2023-01-17T08:48:07+00:00\",\"mainEntityOfPage\":{\"@id\":\"https:\\\/\\\/encompaniastj.org\\\/pt-pt\\\/clotilde-antunes-de-sousa-16-de-janeiro-de-2023-residencia-em-braga\\\/\"},\"wordCount\":286,\"commentCount\":0,\"publisher\":{\"@id\":\"https:\\\/\\\/encompaniastj.org\\\/pt-pt\\\/#organization\"},\"image\":{\"@id\":\"https:\\\/\\\/encompaniastj.org\\\/pt-pt\\\/clotilde-antunes-de-sousa-16-de-janeiro-de-2023-residencia-em-braga\\\/#primaryimage\"},\"thumbnailUrl\":\"https:\\\/\\\/encompaniastj.org\\\/wp-content\\\/uploads\\\/2025\\\/05\\\/Manos1.jpg\",\"articleSection\":[\"Fallecimientos\"],\"inLanguage\":\"pt-PT\",\"potentialAction\":[{\"@type\":\"CommentAction\",\"name\":\"Comment\",\"target\":[\"https:\\\/\\\/encompaniastj.org\\\/pt-pt\\\/clotilde-antunes-de-sousa-16-de-janeiro-de-2023-residencia-em-braga\\\/#respond\"]}]},{\"@type\":\"WebPage\",\"@id\":\"https:\\\/\\\/encompaniastj.org\\\/pt-pt\\\/clotilde-antunes-de-sousa-16-de-janeiro-de-2023-residencia-em-braga\\\/\",\"url\":\"https:\\\/\\\/encompaniastj.org\\\/pt-pt\\\/clotilde-antunes-de-sousa-16-de-janeiro-de-2023-residencia-em-braga\\\/\",\"name\":\"Clotilde Antunes de Sousa. 16 de janeiro de 2023 (Resid\u00eancia em Braga) - En Compa\u00f1\u00eda STJ\",\"isPartOf\":{\"@id\":\"https:\\\/\\\/encompaniastj.org\\\/pt-pt\\\/#website\"},\"primaryImageOfPage\":{\"@id\":\"https:\\\/\\\/encompaniastj.org\\\/pt-pt\\\/clotilde-antunes-de-sousa-16-de-janeiro-de-2023-residencia-em-braga\\\/#primaryimage\"},\"image\":{\"@id\":\"https:\\\/\\\/encompaniastj.org\\\/pt-pt\\\/clotilde-antunes-de-sousa-16-de-janeiro-de-2023-residencia-em-braga\\\/#primaryimage\"},\"thumbnailUrl\":\"https:\\\/\\\/encompaniastj.org\\\/wp-content\\\/uploads\\\/2025\\\/05\\\/Manos1.jpg\",\"datePublished\":\"2023-01-17T08:48:07+00:00\",\"breadcrumb\":{\"@id\":\"https:\\\/\\\/encompaniastj.org\\\/pt-pt\\\/clotilde-antunes-de-sousa-16-de-janeiro-de-2023-residencia-em-braga\\\/#breadcrumb\"},\"inLanguage\":\"pt-PT\",\"potentialAction\":[{\"@type\":\"ReadAction\",\"target\":[\"https:\\\/\\\/encompaniastj.org\\\/pt-pt\\\/clotilde-antunes-de-sousa-16-de-janeiro-de-2023-residencia-em-braga\\\/\"]}]},{\"@type\":\"ImageObject\",\"inLanguage\":\"pt-PT\",\"@id\":\"https:\\\/\\\/encompaniastj.org\\\/pt-pt\\\/clotilde-antunes-de-sousa-16-de-janeiro-de-2023-residencia-em-braga\\\/#primaryimage\",\"url\":\"https:\\\/\\\/encompaniastj.org\\\/wp-content\\\/uploads\\\/2025\\\/05\\\/Manos1.jpg\",\"contentUrl\":\"https:\\\/\\\/encompaniastj.org\\\/wp-content\\\/uploads\\\/2025\\\/05\\\/Manos1.jpg\",\"width\":1280,\"height\":853},{\"@type\":\"BreadcrumbList\",\"@id\":\"https:\\\/\\\/encompaniastj.org\\\/pt-pt\\\/clotilde-antunes-de-sousa-16-de-janeiro-de-2023-residencia-em-braga\\\/#breadcrumb\",\"itemListElement\":[{\"@type\":\"ListItem\",\"position\":1,\"name\":\"Portada\",\"item\":\"https:\\\/\\\/encompaniastj.org\\\/pt-pt\\\/\"},{\"@type\":\"ListItem\",\"position\":2,\"name\":\"Clotilde Antunes de Sousa. 16 de janeiro de 2023 (Resid\u00eancia em Braga)\"}]},{\"@type\":\"WebSite\",\"@id\":\"https:\\\/\\\/encompaniastj.org\\\/pt-pt\\\/#website\",\"url\":\"https:\\\/\\\/encompaniastj.org\\\/pt-pt\\\/\",\"name\":\"En Compa\u00f1\u00eda STJ\",\"description\":\"Bolet\u00edn de la Compa\u00f1\u00eda de Santa Teresa de Jes\u00fas\",\"publisher\":{\"@id\":\"https:\\\/\\\/encompaniastj.org\\\/pt-pt\\\/#organization\"},\"potentialAction\":[{\"@type\":\"SearchAction\",\"target\":{\"@type\":\"EntryPoint\",\"urlTemplate\":\"https:\\\/\\\/encompaniastj.org\\\/pt-pt\\\/?s={search_term_string}\"},\"query-input\":{\"@type\":\"PropertyValueSpecification\",\"valueRequired\":true,\"valueName\":\"search_term_string\"}}],\"inLanguage\":\"pt-PT\"},{\"@type\":\"Organization\",\"@id\":\"https:\\\/\\\/encompaniastj.org\\\/pt-pt\\\/#organization\",\"name\":\"Compa\u00f1\u00eda de Santa Teresa de Jes\u00fas\",\"url\":\"https:\\\/\\\/encompaniastj.org\\\/pt-pt\\\/\",\"logo\":{\"@type\":\"ImageObject\",\"inLanguage\":\"pt-PT\",\"@id\":\"https:\\\/\\\/encompaniastj.org\\\/pt-pt\\\/#\\\/schema\\\/logo\\\/image\\\/\",\"url\":\"https:\\\/\\\/encompaniastj.org\\\/wp-content\\\/uploads\\\/2025\\\/04\\\/logo_provincias02-1-3.png\",\"contentUrl\":\"https:\\\/\\\/encompaniastj.org\\\/wp-content\\\/uploads\\\/2025\\\/04\\\/logo_provincias02-1-3.png\",\"width\":2368,\"height\":825,\"caption\":\"Compa\u00f1\u00eda de Santa Teresa de Jes\u00fas\"},\"image\":{\"@id\":\"https:\\\/\\\/encompaniastj.org\\\/pt-pt\\\/#\\\/schema\\\/logo\\\/image\\\/\"}},{\"@type\":\"Person\",\"@id\":\"https:\\\/\\\/encompaniastj.org\\\/pt-pt\\\/#\\\/schema\\\/person\\\/520e7ecc314793d40091993c2a02b651\",\"name\":\"admin\",\"image\":{\"@type\":\"ImageObject\",\"inLanguage\":\"pt-PT\",\"@id\":\"https:\\\/\\\/secure.gravatar.com\\\/avatar\\\/948b492cce32b586ac2db0eaa926ee87024f7afe218d73b397ea5ddfc5f43ea1?s=96&d=mm&r=g\",\"url\":\"https:\\\/\\\/secure.gravatar.com\\\/avatar\\\/948b492cce32b586ac2db0eaa926ee87024f7afe218d73b397ea5ddfc5f43ea1?s=96&d=mm&r=g\",\"contentUrl\":\"https:\\\/\\\/secure.gravatar.com\\\/avatar\\\/948b492cce32b586ac2db0eaa926ee87024f7afe218d73b397ea5ddfc5f43ea1?s=96&d=mm&r=g\",\"caption\":\"admin\"},\"sameAs\":[\"https:\\\/\\\/encompaniastj.org\"],\"url\":\"https:\\\/\\\/encompaniastj.org\\\/pt-pt\\\/author\\\/sjdigital\\\/\"}]}<\/script>\n<!-- \/ Yoast SEO plugin. -->","yoast_head_json":{"title":"Clotilde Antunes de Sousa. 16 de janeiro de 2023 (Resid\u00eancia em Braga) - En Compa\u00f1\u00eda STJ","robots":{"index":"index","follow":"follow","max-snippet":"max-snippet:-1","max-image-preview":"max-image-preview:large","max-video-preview":"max-video-preview:-1"},"canonical":"https:\/\/encompaniastj.org\/pt-pt\/clotilde-antunes-de-sousa-16-de-janeiro-de-2023-residencia-em-braga\/","og_locale":"pt_PT","og_type":"article","og_title":"Clotilde Antunes de Sousa. 16 de janeiro de 2023 (Resid\u00eancia em Braga) - En Compa\u00f1\u00eda STJ","og_description":"Clotilde Antunes de Sousa nasceu em Barreiros - Amares, distrito de Braga, a 29 de agosto de 1933. Aos 19 anos entrou na Companhia de Santa Teresa de Jesus, no [&hellip;]","og_url":"https:\/\/encompaniastj.org\/pt-pt\/clotilde-antunes-de-sousa-16-de-janeiro-de-2023-residencia-em-braga\/","og_site_name":"En Compa\u00f1\u00eda STJ","article_published_time":"2023-01-17T08:48:07+00:00","og_image":[{"width":1280,"height":853,"url":"https:\/\/encompaniastj.org\/wp-content\/uploads\/2025\/05\/Manos1.jpg","type":"image\/jpeg"}],"author":"admin","twitter_card":"summary_large_image","twitter_misc":{"Escrito por":"admin","Tempo estimado de leitura":"1 minuto"},"schema":{"@context":"https:\/\/schema.org","@graph":[{"@type":"Article","@id":"https:\/\/encompaniastj.org\/pt-pt\/clotilde-antunes-de-sousa-16-de-janeiro-de-2023-residencia-em-braga\/#article","isPartOf":{"@id":"https:\/\/encompaniastj.org\/pt-pt\/clotilde-antunes-de-sousa-16-de-janeiro-de-2023-residencia-em-braga\/"},"author":{"name":"admin","@id":"https:\/\/encompaniastj.org\/pt-pt\/#\/schema\/person\/520e7ecc314793d40091993c2a02b651"},"headline":"Clotilde Antunes de Sousa. 16 de janeiro de 2023 (Resid\u00eancia em Braga)","datePublished":"2023-01-17T08:48:07+00:00","mainEntityOfPage":{"@id":"https:\/\/encompaniastj.org\/pt-pt\/clotilde-antunes-de-sousa-16-de-janeiro-de-2023-residencia-em-braga\/"},"wordCount":286,"commentCount":0,"publisher":{"@id":"https:\/\/encompaniastj.org\/pt-pt\/#organization"},"image":{"@id":"https:\/\/encompaniastj.org\/pt-pt\/clotilde-antunes-de-sousa-16-de-janeiro-de-2023-residencia-em-braga\/#primaryimage"},"thumbnailUrl":"https:\/\/encompaniastj.org\/wp-content\/uploads\/2025\/05\/Manos1.jpg","articleSection":["Fallecimientos"],"inLanguage":"pt-PT","potentialAction":[{"@type":"CommentAction","name":"Comment","target":["https:\/\/encompaniastj.org\/pt-pt\/clotilde-antunes-de-sousa-16-de-janeiro-de-2023-residencia-em-braga\/#respond"]}]},{"@type":"WebPage","@id":"https:\/\/encompaniastj.org\/pt-pt\/clotilde-antunes-de-sousa-16-de-janeiro-de-2023-residencia-em-braga\/","url":"https:\/\/encompaniastj.org\/pt-pt\/clotilde-antunes-de-sousa-16-de-janeiro-de-2023-residencia-em-braga\/","name":"Clotilde Antunes de Sousa. 16 de janeiro de 2023 (Resid\u00eancia em Braga) - En Compa\u00f1\u00eda STJ","isPartOf":{"@id":"https:\/\/encompaniastj.org\/pt-pt\/#website"},"primaryImageOfPage":{"@id":"https:\/\/encompaniastj.org\/pt-pt\/clotilde-antunes-de-sousa-16-de-janeiro-de-2023-residencia-em-braga\/#primaryimage"},"image":{"@id":"https:\/\/encompaniastj.org\/pt-pt\/clotilde-antunes-de-sousa-16-de-janeiro-de-2023-residencia-em-braga\/#primaryimage"},"thumbnailUrl":"https:\/\/encompaniastj.org\/wp-content\/uploads\/2025\/05\/Manos1.jpg","datePublished":"2023-01-17T08:48:07+00:00","breadcrumb":{"@id":"https:\/\/encompaniastj.org\/pt-pt\/clotilde-antunes-de-sousa-16-de-janeiro-de-2023-residencia-em-braga\/#breadcrumb"},"inLanguage":"pt-PT","potentialAction":[{"@type":"ReadAction","target":["https:\/\/encompaniastj.org\/pt-pt\/clotilde-antunes-de-sousa-16-de-janeiro-de-2023-residencia-em-braga\/"]}]},{"@type":"ImageObject","inLanguage":"pt-PT","@id":"https:\/\/encompaniastj.org\/pt-pt\/clotilde-antunes-de-sousa-16-de-janeiro-de-2023-residencia-em-braga\/#primaryimage","url":"https:\/\/encompaniastj.org\/wp-content\/uploads\/2025\/05\/Manos1.jpg","contentUrl":"https:\/\/encompaniastj.org\/wp-content\/uploads\/2025\/05\/Manos1.jpg","width":1280,"height":853},{"@type":"BreadcrumbList","@id":"https:\/\/encompaniastj.org\/pt-pt\/clotilde-antunes-de-sousa-16-de-janeiro-de-2023-residencia-em-braga\/#breadcrumb","itemListElement":[{"@type":"ListItem","position":1,"name":"Portada","item":"https:\/\/encompaniastj.org\/pt-pt\/"},{"@type":"ListItem","position":2,"name":"Clotilde Antunes de Sousa. 16 de janeiro de 2023 (Resid\u00eancia em Braga)"}]},{"@type":"WebSite","@id":"https:\/\/encompaniastj.org\/pt-pt\/#website","url":"https:\/\/encompaniastj.org\/pt-pt\/","name":"En Compa\u00f1\u00eda STJ","description":"Bolet\u00edn de la Compa\u00f1\u00eda de Santa Teresa de Jes\u00fas","publisher":{"@id":"https:\/\/encompaniastj.org\/pt-pt\/#organization"},"potentialAction":[{"@type":"SearchAction","target":{"@type":"EntryPoint","urlTemplate":"https:\/\/encompaniastj.org\/pt-pt\/?s={search_term_string}"},"query-input":{"@type":"PropertyValueSpecification","valueRequired":true,"valueName":"search_term_string"}}],"inLanguage":"pt-PT"},{"@type":"Organization","@id":"https:\/\/encompaniastj.org\/pt-pt\/#organization","name":"Compa\u00f1\u00eda de Santa Teresa de Jes\u00fas","url":"https:\/\/encompaniastj.org\/pt-pt\/","logo":{"@type":"ImageObject","inLanguage":"pt-PT","@id":"https:\/\/encompaniastj.org\/pt-pt\/#\/schema\/logo\/image\/","url":"https:\/\/encompaniastj.org\/wp-content\/uploads\/2025\/04\/logo_provincias02-1-3.png","contentUrl":"https:\/\/encompaniastj.org\/wp-content\/uploads\/2025\/04\/logo_provincias02-1-3.png","width":2368,"height":825,"caption":"Compa\u00f1\u00eda de Santa Teresa de Jes\u00fas"},"image":{"@id":"https:\/\/encompaniastj.org\/pt-pt\/#\/schema\/logo\/image\/"}},{"@type":"Person","@id":"https:\/\/encompaniastj.org\/pt-pt\/#\/schema\/person\/520e7ecc314793d40091993c2a02b651","name":"admin","image":{"@type":"ImageObject","inLanguage":"pt-PT","@id":"https:\/\/secure.gravatar.com\/avatar\/948b492cce32b586ac2db0eaa926ee87024f7afe218d73b397ea5ddfc5f43ea1?s=96&d=mm&r=g","url":"https:\/\/secure.gravatar.com\/avatar\/948b492cce32b586ac2db0eaa926ee87024f7afe218d73b397ea5ddfc5f43ea1?s=96&d=mm&r=g","contentUrl":"https:\/\/secure.gravatar.com\/avatar\/948b492cce32b586ac2db0eaa926ee87024f7afe218d73b397ea5ddfc5f43ea1?s=96&d=mm&r=g","caption":"admin"},"sameAs":["https:\/\/encompaniastj.org"],"url":"https:\/\/encompaniastj.org\/pt-pt\/author\/sjdigital\/"}]}},"_links":{"self":[{"href":"https:\/\/encompaniastj.org\/pt-pt\/wp-json\/wp\/v2\/posts\/13804","targetHints":{"allow":["GET"]}}],"collection":[{"href":"https:\/\/encompaniastj.org\/pt-pt\/wp-json\/wp\/v2\/posts"}],"about":[{"href":"https:\/\/encompaniastj.org\/pt-pt\/wp-json\/wp\/v2\/types\/post"}],"author":[{"embeddable":true,"href":"https:\/\/encompaniastj.org\/pt-pt\/wp-json\/wp\/v2\/users\/1"}],"replies":[{"embeddable":true,"href":"https:\/\/encompaniastj.org\/pt-pt\/wp-json\/wp\/v2\/comments?post=13804"}],"version-history":[{"count":0,"href":"https:\/\/encompaniastj.org\/pt-pt\/wp-json\/wp\/v2\/posts\/13804\/revisions"}],"wp:featuredmedia":[{"embeddable":true,"href":"https:\/\/encompaniastj.org\/pt-pt\/wp-json\/wp\/v2\/media\/8206"}],"wp:attachment":[{"href":"https:\/\/encompaniastj.org\/pt-pt\/wp-json\/wp\/v2\/media?parent=13804"}],"wp:term":[{"taxonomy":"category","embeddable":true,"href":"https:\/\/encompaniastj.org\/pt-pt\/wp-json\/wp\/v2\/categories?post=13804"},{"taxonomy":"post_tag","embeddable":true,"href":"https:\/\/encompaniastj.org\/pt-pt\/wp-json\/wp\/v2\/tags?post=13804"}],"curies":[{"name":"wp","href":"https:\/\/api.w.org\/{rel}","templated":true}]}}