{"id":13796,"date":"2021-04-22T09:14:57","date_gmt":"2021-04-22T07:14:57","guid":{"rendered":"https:\/\/encompaniastj.org\/nao-passes-ao-lado\/"},"modified":"2025-10-14T08:57:45","modified_gmt":"2025-10-14T06:57:45","slug":"nao-passes-ao-lado","status":"publish","type":"post","link":"https:\/\/encompaniastj.org\/pt-pt\/nao-passes-ao-lado\/","title":{"rendered":"N\u00e3o passes ao lado&#8230;"},"content":{"rendered":"\n<p>Ontem, no nosso encontro comunit\u00e1rio, come\u00e7\u00e1mos a aprofundar\no que significa o \"caminho samaritano de Jesus\" a que o Papa\nFrancisco nos convida nas Fratelli Tutti.<\/p>\n\n<p>Juntos\nlemos: <em>\"<\/em><em>Francisco desempenhou o papel do Bom Samaritano no mundo de hoje\nferidos. N\u00e3o podemos ser agressores assassinos ou passar ao lado.\nCabe-nos colaborar com o Bom Samaritano, como fez o estalajadeiro dono da\nhospedaria da par\u00e1bola. <strong>O homem ferido na estrada\nespera-nos \"*.<\/strong> <\/em><strong> <\/strong><\/p>\n\n<p>A situa\u00e7\u00e3o nas Ilhas Can\u00e1rias \u00e9 muito complicada. Ontem recebemos um relat\u00f3rio da C\u00e1ritas que nos diz que 400.000 pessoas j\u00e1 vivem em extrema pobreza na ilha. A pandemia causou estragos nesta terra que vive do turismo e que est\u00e1 paralisada h\u00e1 um ano... Por outro lado, a chegada de pequenas embarca\u00e7\u00f5es \u00e9 constante e a situa\u00e7\u00e3o dos migrantes \u00e9, em muitos casos, desumana.   <\/p>\n\n<p>A Boa Not\u00edcia que hoje partilhamos contigo \u00e9 que esta situa\u00e7\u00e3o est\u00e1 a despertar algumas consci\u00eancias, a p\u00f4r em jogo pessoas que, de uma forma muito simples, se lan\u00e7am a fazer \"aquele bocadinho\" que podem, sem rodeios, saindo da sua zona de conforto.  <\/p>\n\n<p>A nossa comunidade n\u00e3o quer ficar indiferente. Descobrimos com tristeza que, por vezes, n\u00e3o somos nem o sacerdote nem o levita da par\u00e1bola que v\u00eaem o ferido mas fazem um desvio... n\u00f3s, por vezes, passamos \u00e0 frente do ferido e nem sequer fazemos um desvio porque n\u00e3o nos apercebemos disso....   <\/p>\n\n<p>Gostar\u00edamos de traduzir para a vida o esp\u00edrito samaritano a que Jesus nos convida no seu Evangelho e, a partir da\u00ed, junt\u00e1mo-nos \"em rede\" a um grupo de boas pessoas - entre as quais o grupo teresiano de a\u00e7\u00e3o social - que simplesmente tentam n\u00e3o deixar \"na sarjeta\" os feridos na estrada. O nosso trabalho: fazer e entregar sandes... nada de especial! Mas talvez para n\u00f3s seja algo mais: dar um rosto concreto ao ferido na estrada para que o seu olhar (que, ali\u00e1s, reflecte uma dor profunda mas cheia de gratid\u00e3o) n\u00e3o nos deixe \"passar ao lado\".    <\/p>\n\n<p>Ana Elguero<\/p>\n\n<p><em>Las\nPalmas-Tarahales, 21 de abril de 2021<\/em><\/p>\n","protected":false},"excerpt":{"rendered":"<p>Ontem, no nosso encontro comunit\u00e1rio, come\u00e7\u00e1mos a aprofundar o que significa o &#8220;caminho samaritano de Jesus&#8221; a que o Papa Francisco nos convida nas Fratelli Tutti. Juntos lemos: &#8220;Francisco desempenhou [&hellip;]<\/p>\n","protected":false},"author":1,"featured_media":7720,"comment_status":"open","ping_status":"open","sticky":false,"template":"","format":"standard","meta":{"_acf_changed":false,"footnotes":""},"categories":[61,62],"tags":[],"class_list":["post-13796","post","type-post","status-publish","format-standard","has-post-thumbnail","hentry","category-noticias","category-otras"],"acf":[],"yoast_head":"<!-- This site is optimized with the Yoast SEO plugin v27.5 - https:\/\/yoast.com\/product\/yoast-seo-wordpress\/ -->\n<title>N\u00e3o passes ao lado... - En Compa\u00f1\u00eda STJ<\/title>\n<meta name=\"robots\" content=\"index, follow, max-snippet:-1, max-image-preview:large, max-video-preview:-1\" \/>\n<link rel=\"canonical\" href=\"https:\/\/encompaniastj.org\/pt-pt\/nao-passes-ao-lado\/\" \/>\n<meta property=\"og:locale\" content=\"pt_PT\" \/>\n<meta property=\"og:type\" content=\"article\" \/>\n<meta property=\"og:title\" content=\"N\u00e3o passes ao lado... - En Compa\u00f1\u00eda STJ\" \/>\n<meta property=\"og:description\" content=\"Ontem, no nosso encontro comunit\u00e1rio, come\u00e7\u00e1mos a aprofundar o que significa o &#8220;caminho samaritano de Jesus&#8221; a que o Papa Francisco nos convida nas Fratelli Tutti. Juntos lemos: &#8220;Francisco desempenhou [&hellip;]\" \/>\n<meta property=\"og:url\" content=\"https:\/\/encompaniastj.org\/pt-pt\/nao-passes-ao-lado\/\" \/>\n<meta property=\"og:site_name\" content=\"En Compa\u00f1\u00eda STJ\" \/>\n<meta property=\"article:published_time\" content=\"2021-04-22T07:14:57+00:00\" \/>\n<meta property=\"article:modified_time\" content=\"2025-10-14T06:57:45+00:00\" \/>\n<meta property=\"og:image\" content=\"https:\/\/encompaniastj.org\/wp-content\/uploads\/2025\/05\/good-samaritan-1037334_640.jpg\" \/>\n\t<meta property=\"og:image:width\" content=\"640\" \/>\n\t<meta property=\"og:image:height\" content=\"480\" \/>\n\t<meta property=\"og:image:type\" content=\"image\/jpeg\" \/>\n<meta name=\"author\" content=\"admin\" \/>\n<meta name=\"twitter:card\" content=\"summary_large_image\" \/>\n<meta name=\"twitter:label1\" content=\"Escrito por\" \/>\n\t<meta name=\"twitter:data1\" content=\"admin\" \/>\n\t<meta name=\"twitter:label2\" content=\"Tempo estimado de leitura\" \/>\n\t<meta name=\"twitter:data2\" content=\"2 minutos\" \/>\n<script type=\"application\/ld+json\" class=\"yoast-schema-graph\">{\"@context\":\"https:\\\/\\\/schema.org\",\"@graph\":[{\"@type\":\"Article\",\"@id\":\"https:\\\/\\\/encompaniastj.org\\\/pt-pt\\\/nao-passes-ao-lado\\\/#article\",\"isPartOf\":{\"@id\":\"https:\\\/\\\/encompaniastj.org\\\/pt-pt\\\/nao-passes-ao-lado\\\/\"},\"author\":{\"name\":\"admin\",\"@id\":\"https:\\\/\\\/encompaniastj.org\\\/pt-pt\\\/#\\\/schema\\\/person\\\/520e7ecc314793d40091993c2a02b651\"},\"headline\":\"N\u00e3o passes ao lado&#8230;\",\"datePublished\":\"2021-04-22T07:14:57+00:00\",\"dateModified\":\"2025-10-14T06:57:45+00:00\",\"mainEntityOfPage\":{\"@id\":\"https:\\\/\\\/encompaniastj.org\\\/pt-pt\\\/nao-passes-ao-lado\\\/\"},\"wordCount\":361,\"commentCount\":0,\"publisher\":{\"@id\":\"https:\\\/\\\/encompaniastj.org\\\/pt-pt\\\/#organization\"},\"image\":{\"@id\":\"https:\\\/\\\/encompaniastj.org\\\/pt-pt\\\/nao-passes-ao-lado\\\/#primaryimage\"},\"thumbnailUrl\":\"https:\\\/\\\/encompaniastj.org\\\/wp-content\\\/uploads\\\/2025\\\/05\\\/good-samaritan-1037334_640.jpg\",\"articleSection\":[\"Noticias\",\"Otras\"],\"inLanguage\":\"pt-PT\",\"potentialAction\":[{\"@type\":\"CommentAction\",\"name\":\"Comment\",\"target\":[\"https:\\\/\\\/encompaniastj.org\\\/pt-pt\\\/nao-passes-ao-lado\\\/#respond\"]}]},{\"@type\":\"WebPage\",\"@id\":\"https:\\\/\\\/encompaniastj.org\\\/pt-pt\\\/nao-passes-ao-lado\\\/\",\"url\":\"https:\\\/\\\/encompaniastj.org\\\/pt-pt\\\/nao-passes-ao-lado\\\/\",\"name\":\"N\u00e3o passes ao lado... - En Compa\u00f1\u00eda STJ\",\"isPartOf\":{\"@id\":\"https:\\\/\\\/encompaniastj.org\\\/pt-pt\\\/#website\"},\"primaryImageOfPage\":{\"@id\":\"https:\\\/\\\/encompaniastj.org\\\/pt-pt\\\/nao-passes-ao-lado\\\/#primaryimage\"},\"image\":{\"@id\":\"https:\\\/\\\/encompaniastj.org\\\/pt-pt\\\/nao-passes-ao-lado\\\/#primaryimage\"},\"thumbnailUrl\":\"https:\\\/\\\/encompaniastj.org\\\/wp-content\\\/uploads\\\/2025\\\/05\\\/good-samaritan-1037334_640.jpg\",\"datePublished\":\"2021-04-22T07:14:57+00:00\",\"dateModified\":\"2025-10-14T06:57:45+00:00\",\"breadcrumb\":{\"@id\":\"https:\\\/\\\/encompaniastj.org\\\/pt-pt\\\/nao-passes-ao-lado\\\/#breadcrumb\"},\"inLanguage\":\"pt-PT\",\"potentialAction\":[{\"@type\":\"ReadAction\",\"target\":[\"https:\\\/\\\/encompaniastj.org\\\/pt-pt\\\/nao-passes-ao-lado\\\/\"]}]},{\"@type\":\"ImageObject\",\"inLanguage\":\"pt-PT\",\"@id\":\"https:\\\/\\\/encompaniastj.org\\\/pt-pt\\\/nao-passes-ao-lado\\\/#primaryimage\",\"url\":\"https:\\\/\\\/encompaniastj.org\\\/wp-content\\\/uploads\\\/2025\\\/05\\\/good-samaritan-1037334_640.jpg\",\"contentUrl\":\"https:\\\/\\\/encompaniastj.org\\\/wp-content\\\/uploads\\\/2025\\\/05\\\/good-samaritan-1037334_640.jpg\",\"width\":640,\"height\":480},{\"@type\":\"BreadcrumbList\",\"@id\":\"https:\\\/\\\/encompaniastj.org\\\/pt-pt\\\/nao-passes-ao-lado\\\/#breadcrumb\",\"itemListElement\":[{\"@type\":\"ListItem\",\"position\":1,\"name\":\"Portada\",\"item\":\"https:\\\/\\\/encompaniastj.org\\\/pt-pt\\\/\"},{\"@type\":\"ListItem\",\"position\":2,\"name\":\"N\u00e3o passes ao lado&#8230;\"}]},{\"@type\":\"WebSite\",\"@id\":\"https:\\\/\\\/encompaniastj.org\\\/pt-pt\\\/#website\",\"url\":\"https:\\\/\\\/encompaniastj.org\\\/pt-pt\\\/\",\"name\":\"En Compa\u00f1\u00eda STJ\",\"description\":\"Bolet\u00edn de la Compa\u00f1\u00eda de Santa Teresa de Jes\u00fas\",\"publisher\":{\"@id\":\"https:\\\/\\\/encompaniastj.org\\\/pt-pt\\\/#organization\"},\"potentialAction\":[{\"@type\":\"SearchAction\",\"target\":{\"@type\":\"EntryPoint\",\"urlTemplate\":\"https:\\\/\\\/encompaniastj.org\\\/pt-pt\\\/?s={search_term_string}\"},\"query-input\":{\"@type\":\"PropertyValueSpecification\",\"valueRequired\":true,\"valueName\":\"search_term_string\"}}],\"inLanguage\":\"pt-PT\"},{\"@type\":\"Organization\",\"@id\":\"https:\\\/\\\/encompaniastj.org\\\/pt-pt\\\/#organization\",\"name\":\"Compa\u00f1\u00eda de Santa Teresa de Jes\u00fas\",\"url\":\"https:\\\/\\\/encompaniastj.org\\\/pt-pt\\\/\",\"logo\":{\"@type\":\"ImageObject\",\"inLanguage\":\"pt-PT\",\"@id\":\"https:\\\/\\\/encompaniastj.org\\\/pt-pt\\\/#\\\/schema\\\/logo\\\/image\\\/\",\"url\":\"https:\\\/\\\/encompaniastj.org\\\/wp-content\\\/uploads\\\/2025\\\/04\\\/logo_provincias02-1-3.png\",\"contentUrl\":\"https:\\\/\\\/encompaniastj.org\\\/wp-content\\\/uploads\\\/2025\\\/04\\\/logo_provincias02-1-3.png\",\"width\":2368,\"height\":825,\"caption\":\"Compa\u00f1\u00eda de Santa Teresa de Jes\u00fas\"},\"image\":{\"@id\":\"https:\\\/\\\/encompaniastj.org\\\/pt-pt\\\/#\\\/schema\\\/logo\\\/image\\\/\"}},{\"@type\":\"Person\",\"@id\":\"https:\\\/\\\/encompaniastj.org\\\/pt-pt\\\/#\\\/schema\\\/person\\\/520e7ecc314793d40091993c2a02b651\",\"name\":\"admin\",\"image\":{\"@type\":\"ImageObject\",\"inLanguage\":\"pt-PT\",\"@id\":\"https:\\\/\\\/secure.gravatar.com\\\/avatar\\\/948b492cce32b586ac2db0eaa926ee87024f7afe218d73b397ea5ddfc5f43ea1?s=96&d=mm&r=g\",\"url\":\"https:\\\/\\\/secure.gravatar.com\\\/avatar\\\/948b492cce32b586ac2db0eaa926ee87024f7afe218d73b397ea5ddfc5f43ea1?s=96&d=mm&r=g\",\"contentUrl\":\"https:\\\/\\\/secure.gravatar.com\\\/avatar\\\/948b492cce32b586ac2db0eaa926ee87024f7afe218d73b397ea5ddfc5f43ea1?s=96&d=mm&r=g\",\"caption\":\"admin\"},\"sameAs\":[\"https:\\\/\\\/encompaniastj.org\"],\"url\":\"https:\\\/\\\/encompaniastj.org\\\/pt-pt\\\/author\\\/sjdigital\\\/\"}]}<\/script>\n<!-- \/ Yoast SEO plugin. -->","yoast_head_json":{"title":"N\u00e3o passes ao lado... - En Compa\u00f1\u00eda STJ","robots":{"index":"index","follow":"follow","max-snippet":"max-snippet:-1","max-image-preview":"max-image-preview:large","max-video-preview":"max-video-preview:-1"},"canonical":"https:\/\/encompaniastj.org\/pt-pt\/nao-passes-ao-lado\/","og_locale":"pt_PT","og_type":"article","og_title":"N\u00e3o passes ao lado... - En Compa\u00f1\u00eda STJ","og_description":"Ontem, no nosso encontro comunit\u00e1rio, come\u00e7\u00e1mos a aprofundar o que significa o &#8220;caminho samaritano de Jesus&#8221; a que o Papa Francisco nos convida nas Fratelli Tutti. Juntos lemos: &#8220;Francisco desempenhou [&hellip;]","og_url":"https:\/\/encompaniastj.org\/pt-pt\/nao-passes-ao-lado\/","og_site_name":"En Compa\u00f1\u00eda STJ","article_published_time":"2021-04-22T07:14:57+00:00","article_modified_time":"2025-10-14T06:57:45+00:00","og_image":[{"width":640,"height":480,"url":"https:\/\/encompaniastj.org\/wp-content\/uploads\/2025\/05\/good-samaritan-1037334_640.jpg","type":"image\/jpeg"}],"author":"admin","twitter_card":"summary_large_image","twitter_misc":{"Escrito por":"admin","Tempo estimado de leitura":"2 minutos"},"schema":{"@context":"https:\/\/schema.org","@graph":[{"@type":"Article","@id":"https:\/\/encompaniastj.org\/pt-pt\/nao-passes-ao-lado\/#article","isPartOf":{"@id":"https:\/\/encompaniastj.org\/pt-pt\/nao-passes-ao-lado\/"},"author":{"name":"admin","@id":"https:\/\/encompaniastj.org\/pt-pt\/#\/schema\/person\/520e7ecc314793d40091993c2a02b651"},"headline":"N\u00e3o passes ao lado&#8230;","datePublished":"2021-04-22T07:14:57+00:00","dateModified":"2025-10-14T06:57:45+00:00","mainEntityOfPage":{"@id":"https:\/\/encompaniastj.org\/pt-pt\/nao-passes-ao-lado\/"},"wordCount":361,"commentCount":0,"publisher":{"@id":"https:\/\/encompaniastj.org\/pt-pt\/#organization"},"image":{"@id":"https:\/\/encompaniastj.org\/pt-pt\/nao-passes-ao-lado\/#primaryimage"},"thumbnailUrl":"https:\/\/encompaniastj.org\/wp-content\/uploads\/2025\/05\/good-samaritan-1037334_640.jpg","articleSection":["Noticias","Otras"],"inLanguage":"pt-PT","potentialAction":[{"@type":"CommentAction","name":"Comment","target":["https:\/\/encompaniastj.org\/pt-pt\/nao-passes-ao-lado\/#respond"]}]},{"@type":"WebPage","@id":"https:\/\/encompaniastj.org\/pt-pt\/nao-passes-ao-lado\/","url":"https:\/\/encompaniastj.org\/pt-pt\/nao-passes-ao-lado\/","name":"N\u00e3o passes ao lado... - En Compa\u00f1\u00eda STJ","isPartOf":{"@id":"https:\/\/encompaniastj.org\/pt-pt\/#website"},"primaryImageOfPage":{"@id":"https:\/\/encompaniastj.org\/pt-pt\/nao-passes-ao-lado\/#primaryimage"},"image":{"@id":"https:\/\/encompaniastj.org\/pt-pt\/nao-passes-ao-lado\/#primaryimage"},"thumbnailUrl":"https:\/\/encompaniastj.org\/wp-content\/uploads\/2025\/05\/good-samaritan-1037334_640.jpg","datePublished":"2021-04-22T07:14:57+00:00","dateModified":"2025-10-14T06:57:45+00:00","breadcrumb":{"@id":"https:\/\/encompaniastj.org\/pt-pt\/nao-passes-ao-lado\/#breadcrumb"},"inLanguage":"pt-PT","potentialAction":[{"@type":"ReadAction","target":["https:\/\/encompaniastj.org\/pt-pt\/nao-passes-ao-lado\/"]}]},{"@type":"ImageObject","inLanguage":"pt-PT","@id":"https:\/\/encompaniastj.org\/pt-pt\/nao-passes-ao-lado\/#primaryimage","url":"https:\/\/encompaniastj.org\/wp-content\/uploads\/2025\/05\/good-samaritan-1037334_640.jpg","contentUrl":"https:\/\/encompaniastj.org\/wp-content\/uploads\/2025\/05\/good-samaritan-1037334_640.jpg","width":640,"height":480},{"@type":"BreadcrumbList","@id":"https:\/\/encompaniastj.org\/pt-pt\/nao-passes-ao-lado\/#breadcrumb","itemListElement":[{"@type":"ListItem","position":1,"name":"Portada","item":"https:\/\/encompaniastj.org\/pt-pt\/"},{"@type":"ListItem","position":2,"name":"N\u00e3o passes ao lado&#8230;"}]},{"@type":"WebSite","@id":"https:\/\/encompaniastj.org\/pt-pt\/#website","url":"https:\/\/encompaniastj.org\/pt-pt\/","name":"En Compa\u00f1\u00eda STJ","description":"Bolet\u00edn de la Compa\u00f1\u00eda de Santa Teresa de Jes\u00fas","publisher":{"@id":"https:\/\/encompaniastj.org\/pt-pt\/#organization"},"potentialAction":[{"@type":"SearchAction","target":{"@type":"EntryPoint","urlTemplate":"https:\/\/encompaniastj.org\/pt-pt\/?s={search_term_string}"},"query-input":{"@type":"PropertyValueSpecification","valueRequired":true,"valueName":"search_term_string"}}],"inLanguage":"pt-PT"},{"@type":"Organization","@id":"https:\/\/encompaniastj.org\/pt-pt\/#organization","name":"Compa\u00f1\u00eda de Santa Teresa de Jes\u00fas","url":"https:\/\/encompaniastj.org\/pt-pt\/","logo":{"@type":"ImageObject","inLanguage":"pt-PT","@id":"https:\/\/encompaniastj.org\/pt-pt\/#\/schema\/logo\/image\/","url":"https:\/\/encompaniastj.org\/wp-content\/uploads\/2025\/04\/logo_provincias02-1-3.png","contentUrl":"https:\/\/encompaniastj.org\/wp-content\/uploads\/2025\/04\/logo_provincias02-1-3.png","width":2368,"height":825,"caption":"Compa\u00f1\u00eda de Santa Teresa de Jes\u00fas"},"image":{"@id":"https:\/\/encompaniastj.org\/pt-pt\/#\/schema\/logo\/image\/"}},{"@type":"Person","@id":"https:\/\/encompaniastj.org\/pt-pt\/#\/schema\/person\/520e7ecc314793d40091993c2a02b651","name":"admin","image":{"@type":"ImageObject","inLanguage":"pt-PT","@id":"https:\/\/secure.gravatar.com\/avatar\/948b492cce32b586ac2db0eaa926ee87024f7afe218d73b397ea5ddfc5f43ea1?s=96&d=mm&r=g","url":"https:\/\/secure.gravatar.com\/avatar\/948b492cce32b586ac2db0eaa926ee87024f7afe218d73b397ea5ddfc5f43ea1?s=96&d=mm&r=g","contentUrl":"https:\/\/secure.gravatar.com\/avatar\/948b492cce32b586ac2db0eaa926ee87024f7afe218d73b397ea5ddfc5f43ea1?s=96&d=mm&r=g","caption":"admin"},"sameAs":["https:\/\/encompaniastj.org"],"url":"https:\/\/encompaniastj.org\/pt-pt\/author\/sjdigital\/"}]}},"_links":{"self":[{"href":"https:\/\/encompaniastj.org\/pt-pt\/wp-json\/wp\/v2\/posts\/13796","targetHints":{"allow":["GET"]}}],"collection":[{"href":"https:\/\/encompaniastj.org\/pt-pt\/wp-json\/wp\/v2\/posts"}],"about":[{"href":"https:\/\/encompaniastj.org\/pt-pt\/wp-json\/wp\/v2\/types\/post"}],"author":[{"embeddable":true,"href":"https:\/\/encompaniastj.org\/pt-pt\/wp-json\/wp\/v2\/users\/1"}],"replies":[{"embeddable":true,"href":"https:\/\/encompaniastj.org\/pt-pt\/wp-json\/wp\/v2\/comments?post=13796"}],"version-history":[{"count":1,"href":"https:\/\/encompaniastj.org\/pt-pt\/wp-json\/wp\/v2\/posts\/13796\/revisions"}],"predecessor-version":[{"id":13797,"href":"https:\/\/encompaniastj.org\/pt-pt\/wp-json\/wp\/v2\/posts\/13796\/revisions\/13797"}],"wp:featuredmedia":[{"embeddable":true,"href":"https:\/\/encompaniastj.org\/pt-pt\/wp-json\/wp\/v2\/media\/7720"}],"wp:attachment":[{"href":"https:\/\/encompaniastj.org\/pt-pt\/wp-json\/wp\/v2\/media?parent=13796"}],"wp:term":[{"taxonomy":"category","embeddable":true,"href":"https:\/\/encompaniastj.org\/pt-pt\/wp-json\/wp\/v2\/categories?post=13796"},{"taxonomy":"post_tag","embeddable":true,"href":"https:\/\/encompaniastj.org\/pt-pt\/wp-json\/wp\/v2\/tags?post=13796"}],"curies":[{"name":"wp","href":"https:\/\/api.w.org\/{rel}","templated":true}]}}