{"id":13793,"date":"2021-06-09T06:49:14","date_gmt":"2021-06-09T04:49:14","guid":{"rendered":"https:\/\/encompaniastj.org\/comunidade-residencia-de-avila-lar-de-idosos\/"},"modified":"2021-06-09T06:49:14","modified_gmt":"2021-06-09T04:49:14","slug":"comunidade-residencia-de-avila-lar-de-idosos","status":"publish","type":"post","link":"https:\/\/encompaniastj.org\/pt-pt\/comunidade-residencia-de-avila-lar-de-idosos\/","title":{"rendered":"Comunidade Resid\u00eancia de \u00c1vila - Lar de idosos"},"content":{"rendered":"<p>A comunidade responde ao Projeto Interprovincial das Prov\u00edncias Sagrado Cora\u00e7\u00e3o e Nossa Senhora da Esperan\u00e7a de 2013 que dizia: <em>&#8220;\u00c9 necess\u00e1rio oferecer \u00e0s irm\u00e3s idosas e doentes a aten\u00e7\u00e3o necess\u00e1ria para o cuidado de sua sa\u00fade, mas, sobretudo, garantir que sua vida tenha maior qualidade, e um est\u00edmulo para a miss\u00e3o que s\u00e3o chamadas a viver at\u00e9 o fim da vida&#8221;. <\/em>Formamos uma comunidade de 33 irm\u00e3s, todas idosas, uma delas com 65 anos e as outras entre os 73 e os 100 anos de idade. Como todas as comunidades teresianas, a nossa miss\u00e3o \u00e9 &#8220;conhecer e amar Jesus e torn\u00e1-lo conhecido e amado&#8221;, e vivemos esta miss\u00e3o fundamentalmente no cuidado dos doentes, fomentando um ambiente fraterno que torna o Reino presente entre n\u00f3s. <\/p>\n<p>Para o cuidado e assist\u00eancia a estas irm\u00e3s temos pessoal da Funda\u00e7\u00e3o S\u00e3o Camilo que cuida delas com carinho e bondade. O resto de n\u00f3s, na medida do poss\u00edvel, colabora com disponibilidade, dedica\u00e7\u00e3o e generosidade, acompanhando os doentes e apoiando as tarefas de aten\u00e7\u00e3o e cuidado, e como forma de dar gra\u00e7as por toda uma vida entregue ao Senhor na Sociedade. <\/p>\n<p>Somos uma comunidade acolhedora em que vivemos &#8220;cuidando e sendo cuidadas&#8221;. Acolhemos com carinho as irm\u00e3s que chegam at\u00e9 n\u00f3s, e aceitamos com paz as despedidas frequentes. Cada despedida d\u00e1-nos a oportunidade de agradecer a vida das nossas irm\u00e3s, o seu tempo entre n\u00f3s, o bem que fizeram&#8230; Estes acontecimentos, embora dolorosos, s\u00e3o experi\u00eancias intensas de comunh\u00e3o e fraternidade com as fam\u00edlias que valorizam o cuidado e o carinho que oferecemos \u00e0s mais velhas.  <\/p>\n<p>Abrimos os limites do edif\u00edcio para que a vida possa entrar na comunidade e em cada irm\u00e3. Acompanhamos com interesse a vida da Sociedade e especialmente a da Prov\u00edncia atrav\u00e9s das informa\u00e7\u00f5es que nos chegam. O facto de estarmos em \u00c1vila facilita \u00e0 comunidade receber as visitas das irm\u00e3s que participam em v\u00e1rios cursos e encontros na Casa de Espiritualidade. Isto, al\u00e9m de ser uma fonte de alegria, fomenta os la\u00e7os provinciais e mant\u00e9m vivo em n\u00f3s o compromisso e a ora\u00e7\u00e3o pela miss\u00e3o das irm\u00e3s e dos leigos teresianos.   <\/p>\n<p>Cuidamos e encorajamos as festas e as celebra\u00e7\u00f5es; s\u00e3o momentos de alegria e de expans\u00e3o que quebram a monotonia quotidiana. As festas da empresa, da Igreja, as festas populares e locais, e sobretudo os anivers\u00e1rios e os dias dos santos s\u00e3o uma ocasi\u00e3o para organizar um tempo de conv\u00edvio fraterno que as irm\u00e3s apreciam muito. <\/p>\n<p>Dentro do terreno temos muito espa\u00e7o para caminhar, ar e sol, e neste tempo de pandemia tem sido um privil\u00e9gio poder usufruir destas condi\u00e7\u00f5es. Partilhamos o edif\u00edcio com a Casa de Espiritualidade e a comunidade respons\u00e1vel pela mesma. <\/p>\n<p>Agradecemos o apoio e a ajuda das irm\u00e3s volunt\u00e1rias que ao longo do ano, sempre que poss\u00edvel, aos fins-de-semana e feriados, vieram refor\u00e7ar os cuidados e a aten\u00e7\u00e3o aos doentes e acompanharam alguns doentes hospitalizados.<\/p>\n<p>Viver em \u00c1vila, nesta cidade onde se sente a presen\u00e7a de Teresa, \u00e9 um dom pelo que significa para n\u00f3s e pela riqueza espiritual e cultural que cont\u00e9m.<\/p>\n<p><img loading=\"lazy\" decoding=\"async\" class=\"aligncenter wp-image-7915 size-full\" src=\"https:\/\/encompaniastj.org\/wp-content\/uploads\/2025\/05\/avila1-3.jpg\" alt=\"\" width=\"500\" height=\"787\"><\/p>\n","protected":false},"excerpt":{"rendered":"<p>A comunidade responde ao Projeto Interprovincial das Prov\u00edncias Sagrado Cora\u00e7\u00e3o e Nossa Senhora da Esperan\u00e7a de 2013 que dizia: &#8220;\u00c9 necess\u00e1rio oferecer \u00e0s irm\u00e3s idosas e doentes a aten\u00e7\u00e3o necess\u00e1ria [&hellip;]<\/p>\n","protected":false},"author":1,"featured_media":7742,"comment_status":"open","ping_status":"open","sticky":false,"template":"","format":"standard","meta":{"_acf_changed":false,"footnotes":""},"categories":[65,59],"tags":[],"class_list":["post-13793","post","type-post","status-publish","format-standard","has-post-thumbnail","hentry","category-comunidades","category-nos-conocemos"],"acf":[],"yoast_head":"<!-- This site is optimized with the Yoast SEO plugin v27.5 - https:\/\/yoast.com\/product\/yoast-seo-wordpress\/ -->\n<title>Comunidade Resid\u00eancia de \u00c1vila - Lar de idosos - En Compa\u00f1\u00eda STJ<\/title>\n<meta name=\"robots\" content=\"index, follow, max-snippet:-1, max-image-preview:large, max-video-preview:-1\" \/>\n<link rel=\"canonical\" href=\"https:\/\/encompaniastj.org\/pt-pt\/comunidade-residencia-de-avila-lar-de-idosos\/\" \/>\n<meta property=\"og:locale\" content=\"pt_PT\" \/>\n<meta property=\"og:type\" content=\"article\" \/>\n<meta property=\"og:title\" content=\"Comunidade Resid\u00eancia de \u00c1vila - Lar de idosos - En Compa\u00f1\u00eda STJ\" \/>\n<meta property=\"og:description\" content=\"A comunidade responde ao Projeto Interprovincial das Prov\u00edncias Sagrado Cora\u00e7\u00e3o e Nossa Senhora da Esperan\u00e7a de 2013 que dizia: &#8220;\u00c9 necess\u00e1rio oferecer \u00e0s irm\u00e3s idosas e doentes a aten\u00e7\u00e3o necess\u00e1ria [&hellip;]\" \/>\n<meta property=\"og:url\" content=\"https:\/\/encompaniastj.org\/pt-pt\/comunidade-residencia-de-avila-lar-de-idosos\/\" \/>\n<meta property=\"og:site_name\" content=\"En Compa\u00f1\u00eda STJ\" \/>\n<meta property=\"article:published_time\" content=\"2021-06-09T04:49:14+00:00\" \/>\n<meta property=\"og:image\" content=\"https:\/\/encompaniastj.org\/wp-content\/uploads\/2025\/05\/avila1.jpg\" \/>\n\t<meta property=\"og:image:width\" content=\"500\" \/>\n\t<meta property=\"og:image:height\" content=\"787\" \/>\n\t<meta property=\"og:image:type\" content=\"image\/jpeg\" \/>\n<meta name=\"author\" content=\"admin\" \/>\n<meta name=\"twitter:card\" content=\"summary_large_image\" \/>\n<meta name=\"twitter:label1\" content=\"Escrito por\" \/>\n\t<meta name=\"twitter:data1\" content=\"admin\" \/>\n\t<meta name=\"twitter:label2\" content=\"Tempo estimado de leitura\" \/>\n\t<meta name=\"twitter:data2\" content=\"3 minutos\" \/>\n<script type=\"application\/ld+json\" class=\"yoast-schema-graph\">{\"@context\":\"https:\\\/\\\/schema.org\",\"@graph\":[{\"@type\":\"Article\",\"@id\":\"https:\\\/\\\/encompaniastj.org\\\/pt-pt\\\/comunidade-residencia-de-avila-lar-de-idosos\\\/#article\",\"isPartOf\":{\"@id\":\"https:\\\/\\\/encompaniastj.org\\\/pt-pt\\\/comunidade-residencia-de-avila-lar-de-idosos\\\/\"},\"author\":{\"name\":\"admin\",\"@id\":\"https:\\\/\\\/encompaniastj.org\\\/pt-pt\\\/#\\\/schema\\\/person\\\/520e7ecc314793d40091993c2a02b651\"},\"headline\":\"Comunidade Resid\u00eancia de \u00c1vila - Lar de idosos\",\"datePublished\":\"2021-06-09T04:49:14+00:00\",\"mainEntityOfPage\":{\"@id\":\"https:\\\/\\\/encompaniastj.org\\\/pt-pt\\\/comunidade-residencia-de-avila-lar-de-idosos\\\/\"},\"wordCount\":573,\"commentCount\":0,\"publisher\":{\"@id\":\"https:\\\/\\\/encompaniastj.org\\\/pt-pt\\\/#organization\"},\"image\":{\"@id\":\"https:\\\/\\\/encompaniastj.org\\\/pt-pt\\\/comunidade-residencia-de-avila-lar-de-idosos\\\/#primaryimage\"},\"thumbnailUrl\":\"https:\\\/\\\/encompaniastj.org\\\/wp-content\\\/uploads\\\/2025\\\/05\\\/avila1.jpg\",\"articleSection\":[\"Comunidades\",\"Nos conocemos\"],\"inLanguage\":\"pt-PT\",\"potentialAction\":[{\"@type\":\"CommentAction\",\"name\":\"Comment\",\"target\":[\"https:\\\/\\\/encompaniastj.org\\\/pt-pt\\\/comunidade-residencia-de-avila-lar-de-idosos\\\/#respond\"]}]},{\"@type\":\"WebPage\",\"@id\":\"https:\\\/\\\/encompaniastj.org\\\/pt-pt\\\/comunidade-residencia-de-avila-lar-de-idosos\\\/\",\"url\":\"https:\\\/\\\/encompaniastj.org\\\/pt-pt\\\/comunidade-residencia-de-avila-lar-de-idosos\\\/\",\"name\":\"Comunidade Resid\u00eancia de \u00c1vila - Lar de idosos - En Compa\u00f1\u00eda STJ\",\"isPartOf\":{\"@id\":\"https:\\\/\\\/encompaniastj.org\\\/pt-pt\\\/#website\"},\"primaryImageOfPage\":{\"@id\":\"https:\\\/\\\/encompaniastj.org\\\/pt-pt\\\/comunidade-residencia-de-avila-lar-de-idosos\\\/#primaryimage\"},\"image\":{\"@id\":\"https:\\\/\\\/encompaniastj.org\\\/pt-pt\\\/comunidade-residencia-de-avila-lar-de-idosos\\\/#primaryimage\"},\"thumbnailUrl\":\"https:\\\/\\\/encompaniastj.org\\\/wp-content\\\/uploads\\\/2025\\\/05\\\/avila1.jpg\",\"datePublished\":\"2021-06-09T04:49:14+00:00\",\"breadcrumb\":{\"@id\":\"https:\\\/\\\/encompaniastj.org\\\/pt-pt\\\/comunidade-residencia-de-avila-lar-de-idosos\\\/#breadcrumb\"},\"inLanguage\":\"pt-PT\",\"potentialAction\":[{\"@type\":\"ReadAction\",\"target\":[\"https:\\\/\\\/encompaniastj.org\\\/pt-pt\\\/comunidade-residencia-de-avila-lar-de-idosos\\\/\"]}]},{\"@type\":\"ImageObject\",\"inLanguage\":\"pt-PT\",\"@id\":\"https:\\\/\\\/encompaniastj.org\\\/pt-pt\\\/comunidade-residencia-de-avila-lar-de-idosos\\\/#primaryimage\",\"url\":\"https:\\\/\\\/encompaniastj.org\\\/wp-content\\\/uploads\\\/2025\\\/05\\\/avila1.jpg\",\"contentUrl\":\"https:\\\/\\\/encompaniastj.org\\\/wp-content\\\/uploads\\\/2025\\\/05\\\/avila1.jpg\",\"width\":500,\"height\":787},{\"@type\":\"BreadcrumbList\",\"@id\":\"https:\\\/\\\/encompaniastj.org\\\/pt-pt\\\/comunidade-residencia-de-avila-lar-de-idosos\\\/#breadcrumb\",\"itemListElement\":[{\"@type\":\"ListItem\",\"position\":1,\"name\":\"Portada\",\"item\":\"https:\\\/\\\/encompaniastj.org\\\/pt-pt\\\/\"},{\"@type\":\"ListItem\",\"position\":2,\"name\":\"Comunidade Resid\u00eancia de \u00c1vila - Lar de idosos\"}]},{\"@type\":\"WebSite\",\"@id\":\"https:\\\/\\\/encompaniastj.org\\\/pt-pt\\\/#website\",\"url\":\"https:\\\/\\\/encompaniastj.org\\\/pt-pt\\\/\",\"name\":\"En Compa\u00f1\u00eda STJ\",\"description\":\"Bolet\u00edn de la Compa\u00f1\u00eda de Santa Teresa de Jes\u00fas\",\"publisher\":{\"@id\":\"https:\\\/\\\/encompaniastj.org\\\/pt-pt\\\/#organization\"},\"potentialAction\":[{\"@type\":\"SearchAction\",\"target\":{\"@type\":\"EntryPoint\",\"urlTemplate\":\"https:\\\/\\\/encompaniastj.org\\\/pt-pt\\\/?s={search_term_string}\"},\"query-input\":{\"@type\":\"PropertyValueSpecification\",\"valueRequired\":true,\"valueName\":\"search_term_string\"}}],\"inLanguage\":\"pt-PT\"},{\"@type\":\"Organization\",\"@id\":\"https:\\\/\\\/encompaniastj.org\\\/pt-pt\\\/#organization\",\"name\":\"Compa\u00f1\u00eda de Santa Teresa de Jes\u00fas\",\"url\":\"https:\\\/\\\/encompaniastj.org\\\/pt-pt\\\/\",\"logo\":{\"@type\":\"ImageObject\",\"inLanguage\":\"pt-PT\",\"@id\":\"https:\\\/\\\/encompaniastj.org\\\/pt-pt\\\/#\\\/schema\\\/logo\\\/image\\\/\",\"url\":\"https:\\\/\\\/encompaniastj.org\\\/wp-content\\\/uploads\\\/2025\\\/04\\\/logo_provincias02-1-3.png\",\"contentUrl\":\"https:\\\/\\\/encompaniastj.org\\\/wp-content\\\/uploads\\\/2025\\\/04\\\/logo_provincias02-1-3.png\",\"width\":2368,\"height\":825,\"caption\":\"Compa\u00f1\u00eda de Santa Teresa de Jes\u00fas\"},\"image\":{\"@id\":\"https:\\\/\\\/encompaniastj.org\\\/pt-pt\\\/#\\\/schema\\\/logo\\\/image\\\/\"}},{\"@type\":\"Person\",\"@id\":\"https:\\\/\\\/encompaniastj.org\\\/pt-pt\\\/#\\\/schema\\\/person\\\/520e7ecc314793d40091993c2a02b651\",\"name\":\"admin\",\"image\":{\"@type\":\"ImageObject\",\"inLanguage\":\"pt-PT\",\"@id\":\"https:\\\/\\\/secure.gravatar.com\\\/avatar\\\/948b492cce32b586ac2db0eaa926ee87024f7afe218d73b397ea5ddfc5f43ea1?s=96&d=mm&r=g\",\"url\":\"https:\\\/\\\/secure.gravatar.com\\\/avatar\\\/948b492cce32b586ac2db0eaa926ee87024f7afe218d73b397ea5ddfc5f43ea1?s=96&d=mm&r=g\",\"contentUrl\":\"https:\\\/\\\/secure.gravatar.com\\\/avatar\\\/948b492cce32b586ac2db0eaa926ee87024f7afe218d73b397ea5ddfc5f43ea1?s=96&d=mm&r=g\",\"caption\":\"admin\"},\"sameAs\":[\"https:\\\/\\\/encompaniastj.org\"],\"url\":\"https:\\\/\\\/encompaniastj.org\\\/pt-pt\\\/author\\\/sjdigital\\\/\"}]}<\/script>\n<!-- \/ Yoast SEO plugin. -->","yoast_head_json":{"title":"Comunidade Resid\u00eancia de \u00c1vila - Lar de idosos - En Compa\u00f1\u00eda STJ","robots":{"index":"index","follow":"follow","max-snippet":"max-snippet:-1","max-image-preview":"max-image-preview:large","max-video-preview":"max-video-preview:-1"},"canonical":"https:\/\/encompaniastj.org\/pt-pt\/comunidade-residencia-de-avila-lar-de-idosos\/","og_locale":"pt_PT","og_type":"article","og_title":"Comunidade Resid\u00eancia de \u00c1vila - Lar de idosos - En Compa\u00f1\u00eda STJ","og_description":"A comunidade responde ao Projeto Interprovincial das Prov\u00edncias Sagrado Cora\u00e7\u00e3o e Nossa Senhora da Esperan\u00e7a de 2013 que dizia: &#8220;\u00c9 necess\u00e1rio oferecer \u00e0s irm\u00e3s idosas e doentes a aten\u00e7\u00e3o necess\u00e1ria [&hellip;]","og_url":"https:\/\/encompaniastj.org\/pt-pt\/comunidade-residencia-de-avila-lar-de-idosos\/","og_site_name":"En Compa\u00f1\u00eda STJ","article_published_time":"2021-06-09T04:49:14+00:00","og_image":[{"width":500,"height":787,"url":"https:\/\/encompaniastj.org\/wp-content\/uploads\/2025\/05\/avila1.jpg","type":"image\/jpeg"}],"author":"admin","twitter_card":"summary_large_image","twitter_misc":{"Escrito por":"admin","Tempo estimado de leitura":"3 minutos"},"schema":{"@context":"https:\/\/schema.org","@graph":[{"@type":"Article","@id":"https:\/\/encompaniastj.org\/pt-pt\/comunidade-residencia-de-avila-lar-de-idosos\/#article","isPartOf":{"@id":"https:\/\/encompaniastj.org\/pt-pt\/comunidade-residencia-de-avila-lar-de-idosos\/"},"author":{"name":"admin","@id":"https:\/\/encompaniastj.org\/pt-pt\/#\/schema\/person\/520e7ecc314793d40091993c2a02b651"},"headline":"Comunidade Resid\u00eancia de \u00c1vila - Lar de idosos","datePublished":"2021-06-09T04:49:14+00:00","mainEntityOfPage":{"@id":"https:\/\/encompaniastj.org\/pt-pt\/comunidade-residencia-de-avila-lar-de-idosos\/"},"wordCount":573,"commentCount":0,"publisher":{"@id":"https:\/\/encompaniastj.org\/pt-pt\/#organization"},"image":{"@id":"https:\/\/encompaniastj.org\/pt-pt\/comunidade-residencia-de-avila-lar-de-idosos\/#primaryimage"},"thumbnailUrl":"https:\/\/encompaniastj.org\/wp-content\/uploads\/2025\/05\/avila1.jpg","articleSection":["Comunidades","Nos conocemos"],"inLanguage":"pt-PT","potentialAction":[{"@type":"CommentAction","name":"Comment","target":["https:\/\/encompaniastj.org\/pt-pt\/comunidade-residencia-de-avila-lar-de-idosos\/#respond"]}]},{"@type":"WebPage","@id":"https:\/\/encompaniastj.org\/pt-pt\/comunidade-residencia-de-avila-lar-de-idosos\/","url":"https:\/\/encompaniastj.org\/pt-pt\/comunidade-residencia-de-avila-lar-de-idosos\/","name":"Comunidade Resid\u00eancia de \u00c1vila - Lar de idosos - En Compa\u00f1\u00eda STJ","isPartOf":{"@id":"https:\/\/encompaniastj.org\/pt-pt\/#website"},"primaryImageOfPage":{"@id":"https:\/\/encompaniastj.org\/pt-pt\/comunidade-residencia-de-avila-lar-de-idosos\/#primaryimage"},"image":{"@id":"https:\/\/encompaniastj.org\/pt-pt\/comunidade-residencia-de-avila-lar-de-idosos\/#primaryimage"},"thumbnailUrl":"https:\/\/encompaniastj.org\/wp-content\/uploads\/2025\/05\/avila1.jpg","datePublished":"2021-06-09T04:49:14+00:00","breadcrumb":{"@id":"https:\/\/encompaniastj.org\/pt-pt\/comunidade-residencia-de-avila-lar-de-idosos\/#breadcrumb"},"inLanguage":"pt-PT","potentialAction":[{"@type":"ReadAction","target":["https:\/\/encompaniastj.org\/pt-pt\/comunidade-residencia-de-avila-lar-de-idosos\/"]}]},{"@type":"ImageObject","inLanguage":"pt-PT","@id":"https:\/\/encompaniastj.org\/pt-pt\/comunidade-residencia-de-avila-lar-de-idosos\/#primaryimage","url":"https:\/\/encompaniastj.org\/wp-content\/uploads\/2025\/05\/avila1.jpg","contentUrl":"https:\/\/encompaniastj.org\/wp-content\/uploads\/2025\/05\/avila1.jpg","width":500,"height":787},{"@type":"BreadcrumbList","@id":"https:\/\/encompaniastj.org\/pt-pt\/comunidade-residencia-de-avila-lar-de-idosos\/#breadcrumb","itemListElement":[{"@type":"ListItem","position":1,"name":"Portada","item":"https:\/\/encompaniastj.org\/pt-pt\/"},{"@type":"ListItem","position":2,"name":"Comunidade Resid\u00eancia de \u00c1vila - Lar de idosos"}]},{"@type":"WebSite","@id":"https:\/\/encompaniastj.org\/pt-pt\/#website","url":"https:\/\/encompaniastj.org\/pt-pt\/","name":"En Compa\u00f1\u00eda STJ","description":"Bolet\u00edn de la Compa\u00f1\u00eda de Santa Teresa de Jes\u00fas","publisher":{"@id":"https:\/\/encompaniastj.org\/pt-pt\/#organization"},"potentialAction":[{"@type":"SearchAction","target":{"@type":"EntryPoint","urlTemplate":"https:\/\/encompaniastj.org\/pt-pt\/?s={search_term_string}"},"query-input":{"@type":"PropertyValueSpecification","valueRequired":true,"valueName":"search_term_string"}}],"inLanguage":"pt-PT"},{"@type":"Organization","@id":"https:\/\/encompaniastj.org\/pt-pt\/#organization","name":"Compa\u00f1\u00eda de Santa Teresa de Jes\u00fas","url":"https:\/\/encompaniastj.org\/pt-pt\/","logo":{"@type":"ImageObject","inLanguage":"pt-PT","@id":"https:\/\/encompaniastj.org\/pt-pt\/#\/schema\/logo\/image\/","url":"https:\/\/encompaniastj.org\/wp-content\/uploads\/2025\/04\/logo_provincias02-1-3.png","contentUrl":"https:\/\/encompaniastj.org\/wp-content\/uploads\/2025\/04\/logo_provincias02-1-3.png","width":2368,"height":825,"caption":"Compa\u00f1\u00eda de Santa Teresa de Jes\u00fas"},"image":{"@id":"https:\/\/encompaniastj.org\/pt-pt\/#\/schema\/logo\/image\/"}},{"@type":"Person","@id":"https:\/\/encompaniastj.org\/pt-pt\/#\/schema\/person\/520e7ecc314793d40091993c2a02b651","name":"admin","image":{"@type":"ImageObject","inLanguage":"pt-PT","@id":"https:\/\/secure.gravatar.com\/avatar\/948b492cce32b586ac2db0eaa926ee87024f7afe218d73b397ea5ddfc5f43ea1?s=96&d=mm&r=g","url":"https:\/\/secure.gravatar.com\/avatar\/948b492cce32b586ac2db0eaa926ee87024f7afe218d73b397ea5ddfc5f43ea1?s=96&d=mm&r=g","contentUrl":"https:\/\/secure.gravatar.com\/avatar\/948b492cce32b586ac2db0eaa926ee87024f7afe218d73b397ea5ddfc5f43ea1?s=96&d=mm&r=g","caption":"admin"},"sameAs":["https:\/\/encompaniastj.org"],"url":"https:\/\/encompaniastj.org\/pt-pt\/author\/sjdigital\/"}]}},"_links":{"self":[{"href":"https:\/\/encompaniastj.org\/pt-pt\/wp-json\/wp\/v2\/posts\/13793","targetHints":{"allow":["GET"]}}],"collection":[{"href":"https:\/\/encompaniastj.org\/pt-pt\/wp-json\/wp\/v2\/posts"}],"about":[{"href":"https:\/\/encompaniastj.org\/pt-pt\/wp-json\/wp\/v2\/types\/post"}],"author":[{"embeddable":true,"href":"https:\/\/encompaniastj.org\/pt-pt\/wp-json\/wp\/v2\/users\/1"}],"replies":[{"embeddable":true,"href":"https:\/\/encompaniastj.org\/pt-pt\/wp-json\/wp\/v2\/comments?post=13793"}],"version-history":[{"count":0,"href":"https:\/\/encompaniastj.org\/pt-pt\/wp-json\/wp\/v2\/posts\/13793\/revisions"}],"wp:featuredmedia":[{"embeddable":true,"href":"https:\/\/encompaniastj.org\/pt-pt\/wp-json\/wp\/v2\/media\/7742"}],"wp:attachment":[{"href":"https:\/\/encompaniastj.org\/pt-pt\/wp-json\/wp\/v2\/media?parent=13793"}],"wp:term":[{"taxonomy":"category","embeddable":true,"href":"https:\/\/encompaniastj.org\/pt-pt\/wp-json\/wp\/v2\/categories?post=13793"},{"taxonomy":"post_tag","embeddable":true,"href":"https:\/\/encompaniastj.org\/pt-pt\/wp-json\/wp\/v2\/tags?post=13793"}],"curies":[{"name":"wp","href":"https:\/\/api.w.org\/{rel}","templated":true}]}}