{"id":13791,"date":"2021-06-28T09:13:35","date_gmt":"2021-06-28T07:13:35","guid":{"rendered":"https:\/\/encompaniastj.org\/despedida-da-igreja-paroquial-de-sant-enric-dosso\/"},"modified":"2021-06-28T09:13:35","modified_gmt":"2021-06-28T07:13:35","slug":"despedida-da-igreja-paroquial-de-sant-enric-dosso","status":"publish","type":"post","link":"https:\/\/encompaniastj.org\/pt-pt\/despedida-da-igreja-paroquial-de-sant-enric-dosso\/","title":{"rendered":"Despedida da igreja paroquial de Sant Enric d&#8217;Oss\u00f3"},"content":{"rendered":"<p>Domingo, 20 de junho. Igreja paroquial de Sant Enric d&#8217;Oss\u00f3, em L&#8217;Hospitalet de Llobregat (Barcelona). <\/p>\n<p>Uma manh\u00e3 de despedidas, de a\u00e7\u00e3o de gra\u00e7as, de emo\u00e7\u00f5es profundas&#8230; A comunidade teresiana deixa de estar presente na par\u00f3quia e no bairro. No dia 8 de maio de 2002 tinha sido inaugurada a comunidade e tinham come\u00e7ado a viver nela quatro irm\u00e3s: Carmen Puig, Nuria Bonrepaux, Concha Monfort e Trini Rosell, que estariam ao servi\u00e7o da par\u00f3quia. <\/p>\n<p>Desde ent\u00e3o passaram-se 19 anos, vividos intensamente por todos n\u00f3s que pass\u00e1mos pela par\u00f3quia e pelo bairro de Can Vidalet. Quantas horas na igreja a escutar ora o Senhor ora os vizinhos que vinham contar as suas alegrias e os seus contentamentos, n\u00e3o s\u00f3 a Jesus, mas tamb\u00e9m \u00e0s irm\u00e3s. Eucaristias, catequese para crian\u00e7as e pais, celebra\u00e7\u00f5es, visitas ao lar de idosos, grupos com a Gent Gran, prepara\u00e7\u00e3o de ora\u00e7\u00f5es, decora\u00e7\u00e3o da igreja nos tempos lit\u00fargicos&#8230; Que vida entregue \u00e0 miss\u00e3o! Que grande alegria dar a conhecer Enrique de Oss\u00f3 e celebrar a sua festa com o bairro e ouvi-los cantar a plenos pulm\u00f5es o TUDO POR JESUS!   <\/p>\n<p>Agora, est\u00e1vamos a despedir-nos. A igreja estava completamente cheia. A Eucaristia foi muito comovente, a come\u00e7ar pelos dois sacerdotes que a celebravam, o p\u00e1roco e o coadjutor, que com todas as suas palavras agradeceram \u00e0s irm\u00e3s o seu trabalho e a sua presen\u00e7a na par\u00f3quia. Fomos acompanhados pela rel\u00edquia do nosso Padre colocada sobre o altar. No final da Eucaristia, antes da b\u00ean\u00e7\u00e3o, as irm\u00e3s da comunidade quiseram dirigir algumas palavras a todos os que ali estavam reunidos para se despedirem delas. Dalmacia Rodr\u00edguez, Pilar Caballero e Laura R\u00edus, cada uma \u00e0 sua maneira, exprimiram a sua gratid\u00e3o por tudo o que tinham vivido. As tr\u00eas tiveram uma experi\u00eancia comum: deram tudo o que podiam, mas receberam muito mais.      <\/p>\n<p>Estavam acompanhados por um n\u00famero significativo de irm\u00e3s jesu\u00edtas, muitas das quais tinham vivido na comunidade em algum momento durante esses 19 anos. Outras tinham vindo todos os anos para celebrar a festa de S. Henrique. Est\u00e1vamos todos muito, muito entusiasmados, especialmente quando as irm\u00e3s falaram. Tamb\u00e9m porque era a primeira vez que nos encontr\u00e1vamos cara a cara depois da pandemia. Havia muitos len\u00e7os.    <\/p>\n<p>Depois dos cumprimentos intermin\u00e1veis, dos &#8220;toques de cotovelo&#8221;, do reconhecimento m\u00fatuo por parte dos amigos da par\u00f3quia, subimos ao apartamento das irm\u00e3s, que nos tinham preparado um aperitivo. A\u00ed vivemos um momento de encontro muito fraterno. E como gostamos destes encontros, combin\u00e1mos voltar a encontrar-nos no dia 24, S. Jo\u00e3o Evangelista, para rezar e comer juntos, como j\u00e1 fizemos noutras ocasi\u00f5es, na comunidade &#8220;muito generosa&#8221; de Bellvitge. E assim faremos.   <\/p>\n<p>Pilar Rodr\u00edguez Briz<\/p>\n\n","protected":false},"excerpt":{"rendered":"<p>Domingo, 20 de junho. Igreja paroquial de Sant Enric d&#8217;Oss\u00f3, em L&#8217;Hospitalet de Llobregat (Barcelona). Uma manh\u00e3 de despedidas, de a\u00e7\u00e3o de gra\u00e7as, de emo\u00e7\u00f5es profundas&#8230; A comunidade teresiana deixa [&hellip;]<\/p>\n","protected":false},"author":1,"featured_media":7755,"comment_status":"open","ping_status":"open","sticky":false,"template":"","format":"standard","meta":{"_acf_changed":false,"footnotes":""},"categories":[61,62],"tags":[],"class_list":["post-13791","post","type-post","status-publish","format-standard","has-post-thumbnail","hentry","category-noticias","category-otras"],"acf":[],"yoast_head":"<!-- This site is optimized with the Yoast SEO plugin v27.5 - https:\/\/yoast.com\/product\/yoast-seo-wordpress\/ -->\n<title>Despedida da igreja paroquial de Sant Enric d&#039;Oss\u00f3 - En Compa\u00f1\u00eda STJ<\/title>\n<meta name=\"robots\" content=\"index, follow, max-snippet:-1, max-image-preview:large, max-video-preview:-1\" \/>\n<link rel=\"canonical\" href=\"https:\/\/encompaniastj.org\/pt-pt\/despedida-da-igreja-paroquial-de-sant-enric-dosso\/\" \/>\n<meta property=\"og:locale\" content=\"pt_PT\" \/>\n<meta property=\"og:type\" content=\"article\" \/>\n<meta property=\"og:title\" content=\"Despedida da igreja paroquial de Sant Enric d&#039;Oss\u00f3 - En Compa\u00f1\u00eda STJ\" \/>\n<meta property=\"og:description\" content=\"Domingo, 20 de junho. Igreja paroquial de Sant Enric d&#8217;Oss\u00f3, em L&#8217;Hospitalet de Llobregat (Barcelona). Uma manh\u00e3 de despedidas, de a\u00e7\u00e3o de gra\u00e7as, de emo\u00e7\u00f5es profundas&#8230; A comunidade teresiana deixa [&hellip;]\" \/>\n<meta property=\"og:url\" content=\"https:\/\/encompaniastj.org\/pt-pt\/despedida-da-igreja-paroquial-de-sant-enric-dosso\/\" \/>\n<meta property=\"og:site_name\" content=\"En Compa\u00f1\u00eda STJ\" \/>\n<meta property=\"article:published_time\" content=\"2021-06-28T07:13:35+00:00\" \/>\n<meta property=\"og:image\" content=\"https:\/\/encompaniastj.org\/wp-content\/uploads\/2025\/05\/can1.jpg\" \/>\n\t<meta property=\"og:image:width\" content=\"500\" \/>\n\t<meta property=\"og:image:height\" content=\"375\" \/>\n\t<meta property=\"og:image:type\" content=\"image\/jpeg\" \/>\n<meta name=\"author\" content=\"admin\" \/>\n<meta name=\"twitter:card\" content=\"summary_large_image\" \/>\n<meta name=\"twitter:label1\" content=\"Escrito por\" \/>\n\t<meta name=\"twitter:data1\" content=\"admin\" \/>\n\t<meta name=\"twitter:label2\" content=\"Tempo estimado de leitura\" \/>\n\t<meta name=\"twitter:data2\" content=\"3 minutos\" \/>\n<script type=\"application\/ld+json\" class=\"yoast-schema-graph\">{\"@context\":\"https:\\\/\\\/schema.org\",\"@graph\":[{\"@type\":\"Article\",\"@id\":\"https:\\\/\\\/encompaniastj.org\\\/pt-pt\\\/despedida-da-igreja-paroquial-de-sant-enric-dosso\\\/#article\",\"isPartOf\":{\"@id\":\"https:\\\/\\\/encompaniastj.org\\\/pt-pt\\\/despedida-da-igreja-paroquial-de-sant-enric-dosso\\\/\"},\"author\":{\"name\":\"admin\",\"@id\":\"https:\\\/\\\/encompaniastj.org\\\/pt-pt\\\/#\\\/schema\\\/person\\\/520e7ecc314793d40091993c2a02b651\"},\"headline\":\"Despedida da igreja paroquial de Sant Enric d&#8217;Oss\u00f3\",\"datePublished\":\"2021-06-28T07:13:35+00:00\",\"mainEntityOfPage\":{\"@id\":\"https:\\\/\\\/encompaniastj.org\\\/pt-pt\\\/despedida-da-igreja-paroquial-de-sant-enric-dosso\\\/\"},\"wordCount\":550,\"commentCount\":0,\"publisher\":{\"@id\":\"https:\\\/\\\/encompaniastj.org\\\/pt-pt\\\/#organization\"},\"image\":{\"@id\":\"https:\\\/\\\/encompaniastj.org\\\/pt-pt\\\/despedida-da-igreja-paroquial-de-sant-enric-dosso\\\/#primaryimage\"},\"thumbnailUrl\":\"https:\\\/\\\/encompaniastj.org\\\/wp-content\\\/uploads\\\/2025\\\/05\\\/can1.jpg\",\"articleSection\":[\"Noticias\",\"Otras\"],\"inLanguage\":\"pt-PT\",\"potentialAction\":[{\"@type\":\"CommentAction\",\"name\":\"Comment\",\"target\":[\"https:\\\/\\\/encompaniastj.org\\\/pt-pt\\\/despedida-da-igreja-paroquial-de-sant-enric-dosso\\\/#respond\"]}]},{\"@type\":\"WebPage\",\"@id\":\"https:\\\/\\\/encompaniastj.org\\\/pt-pt\\\/despedida-da-igreja-paroquial-de-sant-enric-dosso\\\/\",\"url\":\"https:\\\/\\\/encompaniastj.org\\\/pt-pt\\\/despedida-da-igreja-paroquial-de-sant-enric-dosso\\\/\",\"name\":\"Despedida da igreja paroquial de Sant Enric d'Oss\u00f3 - En Compa\u00f1\u00eda STJ\",\"isPartOf\":{\"@id\":\"https:\\\/\\\/encompaniastj.org\\\/pt-pt\\\/#website\"},\"primaryImageOfPage\":{\"@id\":\"https:\\\/\\\/encompaniastj.org\\\/pt-pt\\\/despedida-da-igreja-paroquial-de-sant-enric-dosso\\\/#primaryimage\"},\"image\":{\"@id\":\"https:\\\/\\\/encompaniastj.org\\\/pt-pt\\\/despedida-da-igreja-paroquial-de-sant-enric-dosso\\\/#primaryimage\"},\"thumbnailUrl\":\"https:\\\/\\\/encompaniastj.org\\\/wp-content\\\/uploads\\\/2025\\\/05\\\/can1.jpg\",\"datePublished\":\"2021-06-28T07:13:35+00:00\",\"breadcrumb\":{\"@id\":\"https:\\\/\\\/encompaniastj.org\\\/pt-pt\\\/despedida-da-igreja-paroquial-de-sant-enric-dosso\\\/#breadcrumb\"},\"inLanguage\":\"pt-PT\",\"potentialAction\":[{\"@type\":\"ReadAction\",\"target\":[\"https:\\\/\\\/encompaniastj.org\\\/pt-pt\\\/despedida-da-igreja-paroquial-de-sant-enric-dosso\\\/\"]}]},{\"@type\":\"ImageObject\",\"inLanguage\":\"pt-PT\",\"@id\":\"https:\\\/\\\/encompaniastj.org\\\/pt-pt\\\/despedida-da-igreja-paroquial-de-sant-enric-dosso\\\/#primaryimage\",\"url\":\"https:\\\/\\\/encompaniastj.org\\\/wp-content\\\/uploads\\\/2025\\\/05\\\/can1.jpg\",\"contentUrl\":\"https:\\\/\\\/encompaniastj.org\\\/wp-content\\\/uploads\\\/2025\\\/05\\\/can1.jpg\",\"width\":500,\"height\":375},{\"@type\":\"BreadcrumbList\",\"@id\":\"https:\\\/\\\/encompaniastj.org\\\/pt-pt\\\/despedida-da-igreja-paroquial-de-sant-enric-dosso\\\/#breadcrumb\",\"itemListElement\":[{\"@type\":\"ListItem\",\"position\":1,\"name\":\"Portada\",\"item\":\"https:\\\/\\\/encompaniastj.org\\\/pt-pt\\\/\"},{\"@type\":\"ListItem\",\"position\":2,\"name\":\"Despedida da igreja paroquial de Sant Enric d&#8217;Oss\u00f3\"}]},{\"@type\":\"WebSite\",\"@id\":\"https:\\\/\\\/encompaniastj.org\\\/pt-pt\\\/#website\",\"url\":\"https:\\\/\\\/encompaniastj.org\\\/pt-pt\\\/\",\"name\":\"En Compa\u00f1\u00eda STJ\",\"description\":\"Bolet\u00edn de la Compa\u00f1\u00eda de Santa Teresa de Jes\u00fas\",\"publisher\":{\"@id\":\"https:\\\/\\\/encompaniastj.org\\\/pt-pt\\\/#organization\"},\"potentialAction\":[{\"@type\":\"SearchAction\",\"target\":{\"@type\":\"EntryPoint\",\"urlTemplate\":\"https:\\\/\\\/encompaniastj.org\\\/pt-pt\\\/?s={search_term_string}\"},\"query-input\":{\"@type\":\"PropertyValueSpecification\",\"valueRequired\":true,\"valueName\":\"search_term_string\"}}],\"inLanguage\":\"pt-PT\"},{\"@type\":\"Organization\",\"@id\":\"https:\\\/\\\/encompaniastj.org\\\/pt-pt\\\/#organization\",\"name\":\"Compa\u00f1\u00eda de Santa Teresa de Jes\u00fas\",\"url\":\"https:\\\/\\\/encompaniastj.org\\\/pt-pt\\\/\",\"logo\":{\"@type\":\"ImageObject\",\"inLanguage\":\"pt-PT\",\"@id\":\"https:\\\/\\\/encompaniastj.org\\\/pt-pt\\\/#\\\/schema\\\/logo\\\/image\\\/\",\"url\":\"https:\\\/\\\/encompaniastj.org\\\/wp-content\\\/uploads\\\/2025\\\/04\\\/logo_provincias02-1-3.png\",\"contentUrl\":\"https:\\\/\\\/encompaniastj.org\\\/wp-content\\\/uploads\\\/2025\\\/04\\\/logo_provincias02-1-3.png\",\"width\":2368,\"height\":825,\"caption\":\"Compa\u00f1\u00eda de Santa Teresa de Jes\u00fas\"},\"image\":{\"@id\":\"https:\\\/\\\/encompaniastj.org\\\/pt-pt\\\/#\\\/schema\\\/logo\\\/image\\\/\"}},{\"@type\":\"Person\",\"@id\":\"https:\\\/\\\/encompaniastj.org\\\/pt-pt\\\/#\\\/schema\\\/person\\\/520e7ecc314793d40091993c2a02b651\",\"name\":\"admin\",\"image\":{\"@type\":\"ImageObject\",\"inLanguage\":\"pt-PT\",\"@id\":\"https:\\\/\\\/secure.gravatar.com\\\/avatar\\\/948b492cce32b586ac2db0eaa926ee87024f7afe218d73b397ea5ddfc5f43ea1?s=96&d=mm&r=g\",\"url\":\"https:\\\/\\\/secure.gravatar.com\\\/avatar\\\/948b492cce32b586ac2db0eaa926ee87024f7afe218d73b397ea5ddfc5f43ea1?s=96&d=mm&r=g\",\"contentUrl\":\"https:\\\/\\\/secure.gravatar.com\\\/avatar\\\/948b492cce32b586ac2db0eaa926ee87024f7afe218d73b397ea5ddfc5f43ea1?s=96&d=mm&r=g\",\"caption\":\"admin\"},\"sameAs\":[\"https:\\\/\\\/encompaniastj.org\"],\"url\":\"https:\\\/\\\/encompaniastj.org\\\/pt-pt\\\/author\\\/sjdigital\\\/\"}]}<\/script>\n<!-- \/ Yoast SEO plugin. -->","yoast_head_json":{"title":"Despedida da igreja paroquial de Sant Enric d'Oss\u00f3 - En Compa\u00f1\u00eda STJ","robots":{"index":"index","follow":"follow","max-snippet":"max-snippet:-1","max-image-preview":"max-image-preview:large","max-video-preview":"max-video-preview:-1"},"canonical":"https:\/\/encompaniastj.org\/pt-pt\/despedida-da-igreja-paroquial-de-sant-enric-dosso\/","og_locale":"pt_PT","og_type":"article","og_title":"Despedida da igreja paroquial de Sant Enric d'Oss\u00f3 - En Compa\u00f1\u00eda STJ","og_description":"Domingo, 20 de junho. Igreja paroquial de Sant Enric d&#8217;Oss\u00f3, em L&#8217;Hospitalet de Llobregat (Barcelona). Uma manh\u00e3 de despedidas, de a\u00e7\u00e3o de gra\u00e7as, de emo\u00e7\u00f5es profundas&#8230; A comunidade teresiana deixa [&hellip;]","og_url":"https:\/\/encompaniastj.org\/pt-pt\/despedida-da-igreja-paroquial-de-sant-enric-dosso\/","og_site_name":"En Compa\u00f1\u00eda STJ","article_published_time":"2021-06-28T07:13:35+00:00","og_image":[{"width":500,"height":375,"url":"https:\/\/encompaniastj.org\/wp-content\/uploads\/2025\/05\/can1.jpg","type":"image\/jpeg"}],"author":"admin","twitter_card":"summary_large_image","twitter_misc":{"Escrito por":"admin","Tempo estimado de leitura":"3 minutos"},"schema":{"@context":"https:\/\/schema.org","@graph":[{"@type":"Article","@id":"https:\/\/encompaniastj.org\/pt-pt\/despedida-da-igreja-paroquial-de-sant-enric-dosso\/#article","isPartOf":{"@id":"https:\/\/encompaniastj.org\/pt-pt\/despedida-da-igreja-paroquial-de-sant-enric-dosso\/"},"author":{"name":"admin","@id":"https:\/\/encompaniastj.org\/pt-pt\/#\/schema\/person\/520e7ecc314793d40091993c2a02b651"},"headline":"Despedida da igreja paroquial de Sant Enric d&#8217;Oss\u00f3","datePublished":"2021-06-28T07:13:35+00:00","mainEntityOfPage":{"@id":"https:\/\/encompaniastj.org\/pt-pt\/despedida-da-igreja-paroquial-de-sant-enric-dosso\/"},"wordCount":550,"commentCount":0,"publisher":{"@id":"https:\/\/encompaniastj.org\/pt-pt\/#organization"},"image":{"@id":"https:\/\/encompaniastj.org\/pt-pt\/despedida-da-igreja-paroquial-de-sant-enric-dosso\/#primaryimage"},"thumbnailUrl":"https:\/\/encompaniastj.org\/wp-content\/uploads\/2025\/05\/can1.jpg","articleSection":["Noticias","Otras"],"inLanguage":"pt-PT","potentialAction":[{"@type":"CommentAction","name":"Comment","target":["https:\/\/encompaniastj.org\/pt-pt\/despedida-da-igreja-paroquial-de-sant-enric-dosso\/#respond"]}]},{"@type":"WebPage","@id":"https:\/\/encompaniastj.org\/pt-pt\/despedida-da-igreja-paroquial-de-sant-enric-dosso\/","url":"https:\/\/encompaniastj.org\/pt-pt\/despedida-da-igreja-paroquial-de-sant-enric-dosso\/","name":"Despedida da igreja paroquial de Sant Enric d'Oss\u00f3 - En Compa\u00f1\u00eda STJ","isPartOf":{"@id":"https:\/\/encompaniastj.org\/pt-pt\/#website"},"primaryImageOfPage":{"@id":"https:\/\/encompaniastj.org\/pt-pt\/despedida-da-igreja-paroquial-de-sant-enric-dosso\/#primaryimage"},"image":{"@id":"https:\/\/encompaniastj.org\/pt-pt\/despedida-da-igreja-paroquial-de-sant-enric-dosso\/#primaryimage"},"thumbnailUrl":"https:\/\/encompaniastj.org\/wp-content\/uploads\/2025\/05\/can1.jpg","datePublished":"2021-06-28T07:13:35+00:00","breadcrumb":{"@id":"https:\/\/encompaniastj.org\/pt-pt\/despedida-da-igreja-paroquial-de-sant-enric-dosso\/#breadcrumb"},"inLanguage":"pt-PT","potentialAction":[{"@type":"ReadAction","target":["https:\/\/encompaniastj.org\/pt-pt\/despedida-da-igreja-paroquial-de-sant-enric-dosso\/"]}]},{"@type":"ImageObject","inLanguage":"pt-PT","@id":"https:\/\/encompaniastj.org\/pt-pt\/despedida-da-igreja-paroquial-de-sant-enric-dosso\/#primaryimage","url":"https:\/\/encompaniastj.org\/wp-content\/uploads\/2025\/05\/can1.jpg","contentUrl":"https:\/\/encompaniastj.org\/wp-content\/uploads\/2025\/05\/can1.jpg","width":500,"height":375},{"@type":"BreadcrumbList","@id":"https:\/\/encompaniastj.org\/pt-pt\/despedida-da-igreja-paroquial-de-sant-enric-dosso\/#breadcrumb","itemListElement":[{"@type":"ListItem","position":1,"name":"Portada","item":"https:\/\/encompaniastj.org\/pt-pt\/"},{"@type":"ListItem","position":2,"name":"Despedida da igreja paroquial de Sant Enric d&#8217;Oss\u00f3"}]},{"@type":"WebSite","@id":"https:\/\/encompaniastj.org\/pt-pt\/#website","url":"https:\/\/encompaniastj.org\/pt-pt\/","name":"En Compa\u00f1\u00eda STJ","description":"Bolet\u00edn de la Compa\u00f1\u00eda de Santa Teresa de Jes\u00fas","publisher":{"@id":"https:\/\/encompaniastj.org\/pt-pt\/#organization"},"potentialAction":[{"@type":"SearchAction","target":{"@type":"EntryPoint","urlTemplate":"https:\/\/encompaniastj.org\/pt-pt\/?s={search_term_string}"},"query-input":{"@type":"PropertyValueSpecification","valueRequired":true,"valueName":"search_term_string"}}],"inLanguage":"pt-PT"},{"@type":"Organization","@id":"https:\/\/encompaniastj.org\/pt-pt\/#organization","name":"Compa\u00f1\u00eda de Santa Teresa de Jes\u00fas","url":"https:\/\/encompaniastj.org\/pt-pt\/","logo":{"@type":"ImageObject","inLanguage":"pt-PT","@id":"https:\/\/encompaniastj.org\/pt-pt\/#\/schema\/logo\/image\/","url":"https:\/\/encompaniastj.org\/wp-content\/uploads\/2025\/04\/logo_provincias02-1-3.png","contentUrl":"https:\/\/encompaniastj.org\/wp-content\/uploads\/2025\/04\/logo_provincias02-1-3.png","width":2368,"height":825,"caption":"Compa\u00f1\u00eda de Santa Teresa de Jes\u00fas"},"image":{"@id":"https:\/\/encompaniastj.org\/pt-pt\/#\/schema\/logo\/image\/"}},{"@type":"Person","@id":"https:\/\/encompaniastj.org\/pt-pt\/#\/schema\/person\/520e7ecc314793d40091993c2a02b651","name":"admin","image":{"@type":"ImageObject","inLanguage":"pt-PT","@id":"https:\/\/secure.gravatar.com\/avatar\/948b492cce32b586ac2db0eaa926ee87024f7afe218d73b397ea5ddfc5f43ea1?s=96&d=mm&r=g","url":"https:\/\/secure.gravatar.com\/avatar\/948b492cce32b586ac2db0eaa926ee87024f7afe218d73b397ea5ddfc5f43ea1?s=96&d=mm&r=g","contentUrl":"https:\/\/secure.gravatar.com\/avatar\/948b492cce32b586ac2db0eaa926ee87024f7afe218d73b397ea5ddfc5f43ea1?s=96&d=mm&r=g","caption":"admin"},"sameAs":["https:\/\/encompaniastj.org"],"url":"https:\/\/encompaniastj.org\/pt-pt\/author\/sjdigital\/"}]}},"_links":{"self":[{"href":"https:\/\/encompaniastj.org\/pt-pt\/wp-json\/wp\/v2\/posts\/13791","targetHints":{"allow":["GET"]}}],"collection":[{"href":"https:\/\/encompaniastj.org\/pt-pt\/wp-json\/wp\/v2\/posts"}],"about":[{"href":"https:\/\/encompaniastj.org\/pt-pt\/wp-json\/wp\/v2\/types\/post"}],"author":[{"embeddable":true,"href":"https:\/\/encompaniastj.org\/pt-pt\/wp-json\/wp\/v2\/users\/1"}],"replies":[{"embeddable":true,"href":"https:\/\/encompaniastj.org\/pt-pt\/wp-json\/wp\/v2\/comments?post=13791"}],"version-history":[{"count":0,"href":"https:\/\/encompaniastj.org\/pt-pt\/wp-json\/wp\/v2\/posts\/13791\/revisions"}],"wp:featuredmedia":[{"embeddable":true,"href":"https:\/\/encompaniastj.org\/pt-pt\/wp-json\/wp\/v2\/media\/7755"}],"wp:attachment":[{"href":"https:\/\/encompaniastj.org\/pt-pt\/wp-json\/wp\/v2\/media?parent=13791"}],"wp:term":[{"taxonomy":"category","embeddable":true,"href":"https:\/\/encompaniastj.org\/pt-pt\/wp-json\/wp\/v2\/categories?post=13791"},{"taxonomy":"post_tag","embeddable":true,"href":"https:\/\/encompaniastj.org\/pt-pt\/wp-json\/wp\/v2\/tags?post=13791"}],"curies":[{"name":"wp","href":"https:\/\/api.w.org\/{rel}","templated":true}]}}