{"id":13790,"date":"2021-10-01T10:14:50","date_gmt":"2021-10-01T08:14:50","guid":{"rendered":"https:\/\/encompaniastj.org\/agradece-de-montpellier\/"},"modified":"2021-10-01T10:14:50","modified_gmt":"2021-10-01T08:14:50","slug":"agradece-de-montpellier","status":"publish","type":"post","link":"https:\/\/encompaniastj.org\/pt-pt\/agradece-de-montpellier\/","title":{"rendered":"Agradece! De Montpellier"},"content":{"rendered":"<p>Parecia que o fim desta espera nunca chegaria&#8230; Durante mais de dez anos, soube-se que esta casa, o <em>Foyer Th\u00e9r\u00e9sianum<\/em>, ia ser vendida. E as comunidades que se sucederam durante este tempo viveram esta espera, esta incerteza, mas sempre sabendo no fundo que Deus \u00e9 fiel, rocha firme que sustenta a esperan\u00e7a. <\/p>\n<p>Agora estamos na \u00faltima p\u00e1gina, na reta final e no dia 14 de setembro de 2021 vivemos um dia que podemos chamar &#8220;hist\u00f3rico&#8221; nos 58 anos de presen\u00e7a teresiana em Montpellier. O Arcebispo, D. Pierre-Marie Carr\u00e9, com o Vig\u00e1rio da diocese, Padre G\u00e9rard Blayac e outros sacerdotes amigos, presidiu \u00e0 celebra\u00e7\u00e3o da \u00faltima Eucaristia na nossa capela. Convid\u00e1mos amigos, membros da Associa\u00e7\u00e3o Tutelar de B\u00e9thanie, antigos residentes e suas fam\u00edlias, pessoal que aqui ajudou, irm\u00e3s e colaboradores e o ambiente era de sincera gratid\u00e3o, recordando a experi\u00eancia positiva dos anos passados no Foyer.  <\/p>\n<p>As palavras iniciais da Eucaristia captam o esp\u00edrito do dia:<\/p>\n<p>&#8221; <strong>Tudo passa&#8230; tudo fica. <\/strong> <\/p>\n<p><strong>Quantas<\/strong>irm\u00e3s viveram aqui nas comunidades que se sucederam nestes 58 anos!&#8230;. Recordamos de modo especial aqueles que deram a sua vida at\u00e9 ao fim, uma fecundidade misteriosa: &#8220;Se o gr\u00e3o de trigo n\u00e3o morrer&#8230;&#8221;.<\/p>\n<p>Sim, esta casa est\u00e1 cheia de vida, e n\u00e3o dizemos <strong>era, <\/strong>o verbo no pret\u00e9rito, mas <strong>\u00e9, <\/strong>porque esta vida permanece, <strong>tudo permanece&#8230;<\/strong><\/p>\n<p>Gera\u00e7\u00f5es e gera\u00e7\u00f5es de estudantes, desde 1963, vivem aqui durante os seus estudos, jovens de muitas nacionalidades diferentes: Am\u00e9rica, \u00c1frica, \u00c1sia, Europa&#8230; e \u00e9 emocionante ouvir as palavras que costumam dizer quando nos v\u00eam visitar:<\/p>\n<ul>\n<li>&#8220;Senti-me em casa;<\/li>\n<li>Senti-me em casa aqui;<\/li>\n<li>Mantive a minha amizade com os meus colegas do Foyer, mantivemos a nossa rela\u00e7\u00e3o desde esses anos&#8230;.;<\/li>\n<li>esta capela foi para mim um lugar de serenidade, aqui encontrei a paz&#8230;&#8221;.<\/li>\n<\/ul>\n<p>E as fam\u00edlias das alunas repetiram e repetem as mesmas express\u00f5es de gratid\u00e3o. Ficam tranquilas porque sabem que as suas filhas est\u00e3o num ambiente familiar, em boas m\u00e3os. <\/p>\n<p>Tantos la\u00e7os pessoais, rela\u00e7\u00f5es cordiais, fraternas e de amizade tecidas nesta casa! Estudantes, cursos de ver\u00e3o, trabalho na Diocese, catequese, retiros, grupos de forma\u00e7\u00e3o para jovens, adultos, c\u00f4njuges, rela\u00e7\u00f5es com a comunidade emigrante espanhola e a comunidade emigrante portuguesa&#8230;&#8221;. <\/p>\n<p>Sim, o dia 14 de setembro de 2021 \u00e9 uma data hist\u00f3rica para a presen\u00e7a teresiana em Montpellier, e embora fechar uma casa, deixar um lugar tenha um toque de nostalgia e o cora\u00e7\u00e3o pare\u00e7a encolher-se um pouco, ao mesmo tempo a gratid\u00e3o por tanta boa semente lan\u00e7ada que produziu bons frutos \u00e9 consola\u00e7\u00e3o e paz.<\/p>\n<p>As palavras que concluem a moni\u00e7\u00e3o de abertura da Eucaristia reflectem o sentimento geral: &#8220;&#8230;juntos louvamos a Deus, dizemos <strong>OBRIGADO <\/strong>porque <strong><br \/>\n  <em>tudo passa, s\u00f3 Deus basta <\/em><br \/>\n<\/strong>e \u00e9 por esta verdade que o nosso cora\u00e7\u00e3o se dilata no Cora\u00e7\u00e3o de Deus que \u00e9 grande e cheio de amor e de ternura, e nele <strong>tudo permanece&#8221;.<\/strong><\/p>\n\n","protected":false},"excerpt":{"rendered":"<p>Parecia que o fim desta espera nunca chegaria&#8230; Durante mais de dez anos, soube-se que esta casa, o Foyer Th\u00e9r\u00e9sianum, ia ser vendida. E as comunidades que se sucederam durante [&hellip;]<\/p>\n","protected":false},"author":1,"featured_media":7795,"comment_status":"open","ping_status":"open","sticky":false,"template":"","format":"standard","meta":{"_acf_changed":false,"_et_pb_use_builder":"","_et_pb_old_content":"","_et_gb_content_width":"","footnotes":""},"categories":[61,62],"tags":[],"class_list":["post-13790","post","type-post","status-publish","format-standard","has-post-thumbnail","hentry","category-noticias","category-otras"],"acf":[],"yoast_head":"<!-- This site is optimized with the Yoast SEO plugin v27.5 - https:\/\/yoast.com\/product\/yoast-seo-wordpress\/ -->\n<title>Agradece! De Montpellier - En Compa\u00f1\u00eda STJ<\/title>\n<meta name=\"robots\" content=\"index, follow, max-snippet:-1, max-image-preview:large, max-video-preview:-1\" \/>\n<link rel=\"canonical\" href=\"https:\/\/encompaniastj.org\/pt-pt\/agradece-de-montpellier\/\" \/>\n<meta property=\"og:locale\" content=\"pt_PT\" \/>\n<meta property=\"og:type\" content=\"article\" \/>\n<meta property=\"og:title\" content=\"Agradece! De Montpellier - En Compa\u00f1\u00eda STJ\" \/>\n<meta property=\"og:description\" content=\"Parecia que o fim desta espera nunca chegaria&#8230; Durante mais de dez anos, soube-se que esta casa, o Foyer Th\u00e9r\u00e9sianum, ia ser vendida. E as comunidades que se sucederam durante [&hellip;]\" \/>\n<meta property=\"og:url\" content=\"https:\/\/encompaniastj.org\/pt-pt\/agradece-de-montpellier\/\" \/>\n<meta property=\"og:site_name\" content=\"En Compa\u00f1\u00eda STJ\" \/>\n<meta property=\"article:published_time\" content=\"2021-10-01T08:14:50+00:00\" \/>\n<meta property=\"og:image\" content=\"https:\/\/encompaniastj.org\/wp-content\/uploads\/2025\/05\/Y-otra.jpeg\" \/>\n\t<meta property=\"og:image:width\" content=\"480\" \/>\n\t<meta property=\"og:image:height\" content=\"640\" \/>\n\t<meta property=\"og:image:type\" content=\"image\/jpeg\" \/>\n<meta name=\"author\" content=\"admin\" \/>\n<meta name=\"twitter:card\" content=\"summary_large_image\" \/>\n<meta name=\"twitter:label1\" content=\"Escrito por\" \/>\n\t<meta name=\"twitter:data1\" content=\"admin\" \/>\n\t<meta name=\"twitter:label2\" content=\"Tempo estimado de leitura\" \/>\n\t<meta name=\"twitter:data2\" content=\"3 minutos\" \/>\n<script type=\"application\/ld+json\" class=\"yoast-schema-graph\">{\"@context\":\"https:\\\/\\\/schema.org\",\"@graph\":[{\"@type\":\"Article\",\"@id\":\"https:\\\/\\\/encompaniastj.org\\\/pt-pt\\\/agradece-de-montpellier\\\/#article\",\"isPartOf\":{\"@id\":\"https:\\\/\\\/encompaniastj.org\\\/pt-pt\\\/agradece-de-montpellier\\\/\"},\"author\":{\"name\":\"admin\",\"@id\":\"https:\\\/\\\/encompaniastj.org\\\/pt-pt\\\/#\\\/schema\\\/person\\\/520e7ecc314793d40091993c2a02b651\"},\"headline\":\"Agradece! De Montpellier\",\"datePublished\":\"2021-10-01T08:14:50+00:00\",\"mainEntityOfPage\":{\"@id\":\"https:\\\/\\\/encompaniastj.org\\\/pt-pt\\\/agradece-de-montpellier\\\/\"},\"wordCount\":568,\"commentCount\":0,\"publisher\":{\"@id\":\"https:\\\/\\\/encompaniastj.org\\\/pt-pt\\\/#organization\"},\"image\":{\"@id\":\"https:\\\/\\\/encompaniastj.org\\\/pt-pt\\\/agradece-de-montpellier\\\/#primaryimage\"},\"thumbnailUrl\":\"https:\\\/\\\/encompaniastj.org\\\/wp-content\\\/uploads\\\/2025\\\/05\\\/Y-otra.jpeg\",\"articleSection\":[\"Noticias\",\"Otras\"],\"inLanguage\":\"pt-PT\",\"potentialAction\":[{\"@type\":\"CommentAction\",\"name\":\"Comment\",\"target\":[\"https:\\\/\\\/encompaniastj.org\\\/pt-pt\\\/agradece-de-montpellier\\\/#respond\"]}]},{\"@type\":\"WebPage\",\"@id\":\"https:\\\/\\\/encompaniastj.org\\\/pt-pt\\\/agradece-de-montpellier\\\/\",\"url\":\"https:\\\/\\\/encompaniastj.org\\\/pt-pt\\\/agradece-de-montpellier\\\/\",\"name\":\"Agradece! De Montpellier - En Compa\u00f1\u00eda STJ\",\"isPartOf\":{\"@id\":\"https:\\\/\\\/encompaniastj.org\\\/pt-pt\\\/#website\"},\"primaryImageOfPage\":{\"@id\":\"https:\\\/\\\/encompaniastj.org\\\/pt-pt\\\/agradece-de-montpellier\\\/#primaryimage\"},\"image\":{\"@id\":\"https:\\\/\\\/encompaniastj.org\\\/pt-pt\\\/agradece-de-montpellier\\\/#primaryimage\"},\"thumbnailUrl\":\"https:\\\/\\\/encompaniastj.org\\\/wp-content\\\/uploads\\\/2025\\\/05\\\/Y-otra.jpeg\",\"datePublished\":\"2021-10-01T08:14:50+00:00\",\"breadcrumb\":{\"@id\":\"https:\\\/\\\/encompaniastj.org\\\/pt-pt\\\/agradece-de-montpellier\\\/#breadcrumb\"},\"inLanguage\":\"pt-PT\",\"potentialAction\":[{\"@type\":\"ReadAction\",\"target\":[\"https:\\\/\\\/encompaniastj.org\\\/pt-pt\\\/agradece-de-montpellier\\\/\"]}]},{\"@type\":\"ImageObject\",\"inLanguage\":\"pt-PT\",\"@id\":\"https:\\\/\\\/encompaniastj.org\\\/pt-pt\\\/agradece-de-montpellier\\\/#primaryimage\",\"url\":\"https:\\\/\\\/encompaniastj.org\\\/wp-content\\\/uploads\\\/2025\\\/05\\\/Y-otra.jpeg\",\"contentUrl\":\"https:\\\/\\\/encompaniastj.org\\\/wp-content\\\/uploads\\\/2025\\\/05\\\/Y-otra.jpeg\",\"width\":480,\"height\":640},{\"@type\":\"BreadcrumbList\",\"@id\":\"https:\\\/\\\/encompaniastj.org\\\/pt-pt\\\/agradece-de-montpellier\\\/#breadcrumb\",\"itemListElement\":[{\"@type\":\"ListItem\",\"position\":1,\"name\":\"Portada\",\"item\":\"https:\\\/\\\/encompaniastj.org\\\/pt-pt\\\/\"},{\"@type\":\"ListItem\",\"position\":2,\"name\":\"Agradece! De Montpellier\"}]},{\"@type\":\"WebSite\",\"@id\":\"https:\\\/\\\/encompaniastj.org\\\/pt-pt\\\/#website\",\"url\":\"https:\\\/\\\/encompaniastj.org\\\/pt-pt\\\/\",\"name\":\"En Compa\u00f1\u00eda STJ\",\"description\":\"Bolet\u00edn de la Compa\u00f1\u00eda de Santa Teresa de Jes\u00fas\",\"publisher\":{\"@id\":\"https:\\\/\\\/encompaniastj.org\\\/pt-pt\\\/#organization\"},\"potentialAction\":[{\"@type\":\"SearchAction\",\"target\":{\"@type\":\"EntryPoint\",\"urlTemplate\":\"https:\\\/\\\/encompaniastj.org\\\/pt-pt\\\/?s={search_term_string}\"},\"query-input\":{\"@type\":\"PropertyValueSpecification\",\"valueRequired\":true,\"valueName\":\"search_term_string\"}}],\"inLanguage\":\"pt-PT\"},{\"@type\":\"Organization\",\"@id\":\"https:\\\/\\\/encompaniastj.org\\\/pt-pt\\\/#organization\",\"name\":\"Compa\u00f1\u00eda de Santa Teresa de Jes\u00fas\",\"url\":\"https:\\\/\\\/encompaniastj.org\\\/pt-pt\\\/\",\"logo\":{\"@type\":\"ImageObject\",\"inLanguage\":\"pt-PT\",\"@id\":\"https:\\\/\\\/encompaniastj.org\\\/pt-pt\\\/#\\\/schema\\\/logo\\\/image\\\/\",\"url\":\"https:\\\/\\\/encompaniastj.org\\\/wp-content\\\/uploads\\\/2025\\\/04\\\/logo_provincias02-1-3.png\",\"contentUrl\":\"https:\\\/\\\/encompaniastj.org\\\/wp-content\\\/uploads\\\/2025\\\/04\\\/logo_provincias02-1-3.png\",\"width\":2368,\"height\":825,\"caption\":\"Compa\u00f1\u00eda de Santa Teresa de Jes\u00fas\"},\"image\":{\"@id\":\"https:\\\/\\\/encompaniastj.org\\\/pt-pt\\\/#\\\/schema\\\/logo\\\/image\\\/\"}},{\"@type\":\"Person\",\"@id\":\"https:\\\/\\\/encompaniastj.org\\\/pt-pt\\\/#\\\/schema\\\/person\\\/520e7ecc314793d40091993c2a02b651\",\"name\":\"admin\",\"image\":{\"@type\":\"ImageObject\",\"inLanguage\":\"pt-PT\",\"@id\":\"https:\\\/\\\/secure.gravatar.com\\\/avatar\\\/948b492cce32b586ac2db0eaa926ee87024f7afe218d73b397ea5ddfc5f43ea1?s=96&d=mm&r=g\",\"url\":\"https:\\\/\\\/secure.gravatar.com\\\/avatar\\\/948b492cce32b586ac2db0eaa926ee87024f7afe218d73b397ea5ddfc5f43ea1?s=96&d=mm&r=g\",\"contentUrl\":\"https:\\\/\\\/secure.gravatar.com\\\/avatar\\\/948b492cce32b586ac2db0eaa926ee87024f7afe218d73b397ea5ddfc5f43ea1?s=96&d=mm&r=g\",\"caption\":\"admin\"},\"sameAs\":[\"https:\\\/\\\/encompaniastj.org\"],\"url\":\"https:\\\/\\\/encompaniastj.org\\\/pt-pt\\\/author\\\/sjdigital\\\/\"}]}<\/script>\n<!-- \/ Yoast SEO plugin. -->","yoast_head_json":{"title":"Agradece! De Montpellier - En Compa\u00f1\u00eda STJ","robots":{"index":"index","follow":"follow","max-snippet":"max-snippet:-1","max-image-preview":"max-image-preview:large","max-video-preview":"max-video-preview:-1"},"canonical":"https:\/\/encompaniastj.org\/pt-pt\/agradece-de-montpellier\/","og_locale":"pt_PT","og_type":"article","og_title":"Agradece! De Montpellier - En Compa\u00f1\u00eda STJ","og_description":"Parecia que o fim desta espera nunca chegaria&#8230; Durante mais de dez anos, soube-se que esta casa, o Foyer Th\u00e9r\u00e9sianum, ia ser vendida. E as comunidades que se sucederam durante [&hellip;]","og_url":"https:\/\/encompaniastj.org\/pt-pt\/agradece-de-montpellier\/","og_site_name":"En Compa\u00f1\u00eda STJ","article_published_time":"2021-10-01T08:14:50+00:00","og_image":[{"width":480,"height":640,"url":"https:\/\/encompaniastj.org\/wp-content\/uploads\/2025\/05\/Y-otra.jpeg","type":"image\/jpeg"}],"author":"admin","twitter_card":"summary_large_image","twitter_misc":{"Escrito por":"admin","Tempo estimado de leitura":"3 minutos"},"schema":{"@context":"https:\/\/schema.org","@graph":[{"@type":"Article","@id":"https:\/\/encompaniastj.org\/pt-pt\/agradece-de-montpellier\/#article","isPartOf":{"@id":"https:\/\/encompaniastj.org\/pt-pt\/agradece-de-montpellier\/"},"author":{"name":"admin","@id":"https:\/\/encompaniastj.org\/pt-pt\/#\/schema\/person\/520e7ecc314793d40091993c2a02b651"},"headline":"Agradece! De Montpellier","datePublished":"2021-10-01T08:14:50+00:00","mainEntityOfPage":{"@id":"https:\/\/encompaniastj.org\/pt-pt\/agradece-de-montpellier\/"},"wordCount":568,"commentCount":0,"publisher":{"@id":"https:\/\/encompaniastj.org\/pt-pt\/#organization"},"image":{"@id":"https:\/\/encompaniastj.org\/pt-pt\/agradece-de-montpellier\/#primaryimage"},"thumbnailUrl":"https:\/\/encompaniastj.org\/wp-content\/uploads\/2025\/05\/Y-otra.jpeg","articleSection":["Noticias","Otras"],"inLanguage":"pt-PT","potentialAction":[{"@type":"CommentAction","name":"Comment","target":["https:\/\/encompaniastj.org\/pt-pt\/agradece-de-montpellier\/#respond"]}]},{"@type":"WebPage","@id":"https:\/\/encompaniastj.org\/pt-pt\/agradece-de-montpellier\/","url":"https:\/\/encompaniastj.org\/pt-pt\/agradece-de-montpellier\/","name":"Agradece! De Montpellier - En Compa\u00f1\u00eda STJ","isPartOf":{"@id":"https:\/\/encompaniastj.org\/pt-pt\/#website"},"primaryImageOfPage":{"@id":"https:\/\/encompaniastj.org\/pt-pt\/agradece-de-montpellier\/#primaryimage"},"image":{"@id":"https:\/\/encompaniastj.org\/pt-pt\/agradece-de-montpellier\/#primaryimage"},"thumbnailUrl":"https:\/\/encompaniastj.org\/wp-content\/uploads\/2025\/05\/Y-otra.jpeg","datePublished":"2021-10-01T08:14:50+00:00","breadcrumb":{"@id":"https:\/\/encompaniastj.org\/pt-pt\/agradece-de-montpellier\/#breadcrumb"},"inLanguage":"pt-PT","potentialAction":[{"@type":"ReadAction","target":["https:\/\/encompaniastj.org\/pt-pt\/agradece-de-montpellier\/"]}]},{"@type":"ImageObject","inLanguage":"pt-PT","@id":"https:\/\/encompaniastj.org\/pt-pt\/agradece-de-montpellier\/#primaryimage","url":"https:\/\/encompaniastj.org\/wp-content\/uploads\/2025\/05\/Y-otra.jpeg","contentUrl":"https:\/\/encompaniastj.org\/wp-content\/uploads\/2025\/05\/Y-otra.jpeg","width":480,"height":640},{"@type":"BreadcrumbList","@id":"https:\/\/encompaniastj.org\/pt-pt\/agradece-de-montpellier\/#breadcrumb","itemListElement":[{"@type":"ListItem","position":1,"name":"Portada","item":"https:\/\/encompaniastj.org\/pt-pt\/"},{"@type":"ListItem","position":2,"name":"Agradece! De Montpellier"}]},{"@type":"WebSite","@id":"https:\/\/encompaniastj.org\/pt-pt\/#website","url":"https:\/\/encompaniastj.org\/pt-pt\/","name":"En Compa\u00f1\u00eda STJ","description":"Bolet\u00edn de la Compa\u00f1\u00eda de Santa Teresa de Jes\u00fas","publisher":{"@id":"https:\/\/encompaniastj.org\/pt-pt\/#organization"},"potentialAction":[{"@type":"SearchAction","target":{"@type":"EntryPoint","urlTemplate":"https:\/\/encompaniastj.org\/pt-pt\/?s={search_term_string}"},"query-input":{"@type":"PropertyValueSpecification","valueRequired":true,"valueName":"search_term_string"}}],"inLanguage":"pt-PT"},{"@type":"Organization","@id":"https:\/\/encompaniastj.org\/pt-pt\/#organization","name":"Compa\u00f1\u00eda de Santa Teresa de Jes\u00fas","url":"https:\/\/encompaniastj.org\/pt-pt\/","logo":{"@type":"ImageObject","inLanguage":"pt-PT","@id":"https:\/\/encompaniastj.org\/pt-pt\/#\/schema\/logo\/image\/","url":"https:\/\/encompaniastj.org\/wp-content\/uploads\/2025\/04\/logo_provincias02-1-3.png","contentUrl":"https:\/\/encompaniastj.org\/wp-content\/uploads\/2025\/04\/logo_provincias02-1-3.png","width":2368,"height":825,"caption":"Compa\u00f1\u00eda de Santa Teresa de Jes\u00fas"},"image":{"@id":"https:\/\/encompaniastj.org\/pt-pt\/#\/schema\/logo\/image\/"}},{"@type":"Person","@id":"https:\/\/encompaniastj.org\/pt-pt\/#\/schema\/person\/520e7ecc314793d40091993c2a02b651","name":"admin","image":{"@type":"ImageObject","inLanguage":"pt-PT","@id":"https:\/\/secure.gravatar.com\/avatar\/948b492cce32b586ac2db0eaa926ee87024f7afe218d73b397ea5ddfc5f43ea1?s=96&d=mm&r=g","url":"https:\/\/secure.gravatar.com\/avatar\/948b492cce32b586ac2db0eaa926ee87024f7afe218d73b397ea5ddfc5f43ea1?s=96&d=mm&r=g","contentUrl":"https:\/\/secure.gravatar.com\/avatar\/948b492cce32b586ac2db0eaa926ee87024f7afe218d73b397ea5ddfc5f43ea1?s=96&d=mm&r=g","caption":"admin"},"sameAs":["https:\/\/encompaniastj.org"],"url":"https:\/\/encompaniastj.org\/pt-pt\/author\/sjdigital\/"}]}},"_links":{"self":[{"href":"https:\/\/encompaniastj.org\/pt-pt\/wp-json\/wp\/v2\/posts\/13790","targetHints":{"allow":["GET"]}}],"collection":[{"href":"https:\/\/encompaniastj.org\/pt-pt\/wp-json\/wp\/v2\/posts"}],"about":[{"href":"https:\/\/encompaniastj.org\/pt-pt\/wp-json\/wp\/v2\/types\/post"}],"author":[{"embeddable":true,"href":"https:\/\/encompaniastj.org\/pt-pt\/wp-json\/wp\/v2\/users\/1"}],"replies":[{"embeddable":true,"href":"https:\/\/encompaniastj.org\/pt-pt\/wp-json\/wp\/v2\/comments?post=13790"}],"version-history":[{"count":0,"href":"https:\/\/encompaniastj.org\/pt-pt\/wp-json\/wp\/v2\/posts\/13790\/revisions"}],"wp:featuredmedia":[{"embeddable":true,"href":"https:\/\/encompaniastj.org\/pt-pt\/wp-json\/wp\/v2\/media\/7795"}],"wp:attachment":[{"href":"https:\/\/encompaniastj.org\/pt-pt\/wp-json\/wp\/v2\/media?parent=13790"}],"wp:term":[{"taxonomy":"category","embeddable":true,"href":"https:\/\/encompaniastj.org\/pt-pt\/wp-json\/wp\/v2\/categories?post=13790"},{"taxonomy":"post_tag","embeddable":true,"href":"https:\/\/encompaniastj.org\/pt-pt\/wp-json\/wp\/v2\/tags?post=13790"}],"curies":[{"name":"wp","href":"https:\/\/api.w.org\/{rel}","templated":true}]}}