{"id":13787,"date":"2021-06-30T11:15:05","date_gmt":"2021-06-30T09:15:05","guid":{"rendered":"https:\/\/encompaniastj.org\/as-nossas-comunidades-teresianas-reunem-se-em-bellvitge\/"},"modified":"2021-06-30T11:15:05","modified_gmt":"2021-06-30T09:15:05","slug":"as-nossas-comunidades-teresianas-reunem-se-em-bellvitge","status":"publish","type":"post","link":"https:\/\/encompaniastj.org\/pt-pt\/as-nossas-comunidades-teresianas-reunem-se-em-bellvitge\/","title":{"rendered":"As nossas comunidades teresianas re\u00fanem-se em Bellvitge"},"content":{"rendered":"<p>Foi decidido - num momento de grande emo\u00e7\u00e3o - por aqueles de entre n\u00f3s que participaram na despedida das irm\u00e3s de Can Vidalet. Depois da Eucaristia, a Comunidade convidou-nos a subir a sua casa e ofereceu-nos um lanche. Foi a\u00ed que a alegria de nos reencontrarmos pessoalmente, e n\u00e3o atrav\u00e9s da Internet, nos fez ver como era grande a nossa necessidade de voltar aos encontros a que nos t\u00ednhamos habituado antes da pandemia.  <\/p>\n<p>Algu\u00e9m sugeriu que volt\u00e1ssemos a eles de imediato, sem deixar passar mais tempo. Era um desejo unanimemente apoiado: o dia de S. Jo\u00e3o parecia ser um bom dia para a maioria de n\u00f3s. A comunidade de Bellvitge, com a sua hospitalidade carater\u00edstica, ofereceu-nos a possibilidade de o fazer na sua casa. Por outro lado, t\u00eam a facilidade de nos oferecer a todos um local de encontro, na sua par\u00f3quia de S. Jo\u00e3o Evangelista.   <\/p>\n<p>Acho que posso expressar os sentimentos de todos n\u00f3s que nos conhecemos, quando digo que foi um dia lindo que vamos recordar como um dos momentos mais desejados depois de termos passado quase um ano e meio a vermo-nos apenas atrav\u00e9s das pequenas janelas da televis\u00e3o.<\/p>\n<p>Reunidos \u00e0 volta de uma mesa, preparada com tanto cuidado como amor e fraternidade, come\u00e7\u00e1mos com uma ora\u00e7\u00e3o que t\u00ednhamos preparado de antem\u00e3o.<\/p>\n<p>A simplicidade foi o sinal que nos fez saborear a Palavra do Evangelho, a palavra de Teresa e de cada um de n\u00f3s.<\/p>\n<p>O texto do chamamento de Jesus aos ap\u00f3stolos deu lugar ao primeiro di\u00e1logo de ora\u00e7\u00e3o participativa: as irm\u00e3s que quiseram puderam partilhar connosco um momento do seu &#8220;chamamento&#8221;, quer no in\u00edcio do seu percurso vocacional, quer ao longo dos diferentes chamamentos ao longo dos anos e dos destinos, dando gra\u00e7as a Deus por isso. Foi muito bonito. <\/p>\n<p>A segunda parte, sempre acompanhada pela ora\u00e7\u00e3o de c\u00e2nticos alusivos, foi a palavra de Teresa na Funda\u00e7\u00e3o de S. Jos\u00e9 explicando a que fomos chamadas, convictas de que &#8220;n\u00e3o \u00e9 tempo de tratar com Deus assuntos de pouca import\u00e2ncia&#8221;, aludindo ao que vivemos durante a pandemia em cada comunidade.<\/p>\n<p>A refei\u00e7\u00e3o foi de verdadeira fraternidade, num belo ambiente e saboreando o que as irm\u00e3s de Bellvitge nos tinham preparado com cuidado, bom gosto e&#8230; um bom paladar.<\/p>\n<p>Foi o in\u00edcio. N\u00e3o falta muito para nos encontrarmos de novo. A maioria de n\u00f3s \u00e9 de idade avan\u00e7ada, mas estamos todas envolvidas nas actividades a que podemos chegar e sentimo-nos unidas na miss\u00e3o. Penso que cada uma de n\u00f3s regressou \u00e0 sua pr\u00f3pria comunidade com a alegria de se sentir como irm\u00e3s na nossa querida Companhia de Santa Teresa de Jesus.   <\/p>\n\n","protected":false},"excerpt":{"rendered":"<p>Foi decidido - num momento de grande emo\u00e7\u00e3o - por aqueles de entre n\u00f3s que participaram na despedida das irm\u00e3s de Can Vidalet. Depois da Eucaristia, a Comunidade convidou-nos a [&hellip;]<\/p>\n","protected":false},"author":1,"featured_media":7769,"comment_status":"open","ping_status":"open","sticky":false,"template":"","format":"standard","meta":{"_acf_changed":false,"footnotes":""},"categories":[61,62],"tags":[],"class_list":["post-13787","post","type-post","status-publish","format-standard","has-post-thumbnail","hentry","category-noticias","category-otras"],"acf":[],"yoast_head":"<!-- This site is optimized with the Yoast SEO plugin v27.5 - https:\/\/yoast.com\/product\/yoast-seo-wordpress\/ -->\n<title>As nossas comunidades teresianas re\u00fanem-se em Bellvitge - En Compa\u00f1\u00eda STJ<\/title>\n<meta name=\"robots\" content=\"index, follow, max-snippet:-1, max-image-preview:large, max-video-preview:-1\" \/>\n<link rel=\"canonical\" href=\"https:\/\/encompaniastj.org\/pt-pt\/as-nossas-comunidades-teresianas-reunem-se-em-bellvitge\/\" \/>\n<meta property=\"og:locale\" content=\"pt_PT\" \/>\n<meta property=\"og:type\" content=\"article\" \/>\n<meta property=\"og:title\" content=\"As nossas comunidades teresianas re\u00fanem-se em Bellvitge - En Compa\u00f1\u00eda STJ\" \/>\n<meta property=\"og:description\" content=\"Foi decidido - num momento de grande emo\u00e7\u00e3o - por aqueles de entre n\u00f3s que participaram na despedida das irm\u00e3s de Can Vidalet. Depois da Eucaristia, a Comunidade convidou-nos a [&hellip;]\" \/>\n<meta property=\"og:url\" content=\"https:\/\/encompaniastj.org\/pt-pt\/as-nossas-comunidades-teresianas-reunem-se-em-bellvitge\/\" \/>\n<meta property=\"og:site_name\" content=\"En Compa\u00f1\u00eda STJ\" \/>\n<meta property=\"article:published_time\" content=\"2021-06-30T09:15:05+00:00\" \/>\n<meta property=\"og:image\" content=\"https:\/\/encompaniastj.org\/wp-content\/uploads\/2025\/05\/enc2.jpg\" \/>\n\t<meta property=\"og:image:width\" content=\"500\" \/>\n\t<meta property=\"og:image:height\" content=\"295\" \/>\n\t<meta property=\"og:image:type\" content=\"image\/jpeg\" \/>\n<meta name=\"author\" content=\"admin\" \/>\n<meta name=\"twitter:card\" content=\"summary_large_image\" \/>\n<meta name=\"twitter:label1\" content=\"Escrito por\" \/>\n\t<meta name=\"twitter:data1\" content=\"admin\" \/>\n\t<meta name=\"twitter:label2\" content=\"Tempo estimado de leitura\" \/>\n\t<meta name=\"twitter:data2\" content=\"3 minutos\" \/>\n<script type=\"application\/ld+json\" class=\"yoast-schema-graph\">{\"@context\":\"https:\\\/\\\/schema.org\",\"@graph\":[{\"@type\":\"Article\",\"@id\":\"https:\\\/\\\/encompaniastj.org\\\/pt-pt\\\/as-nossas-comunidades-teresianas-reunem-se-em-bellvitge\\\/#article\",\"isPartOf\":{\"@id\":\"https:\\\/\\\/encompaniastj.org\\\/pt-pt\\\/as-nossas-comunidades-teresianas-reunem-se-em-bellvitge\\\/\"},\"author\":{\"name\":\"admin\",\"@id\":\"https:\\\/\\\/encompaniastj.org\\\/pt-pt\\\/#\\\/schema\\\/person\\\/520e7ecc314793d40091993c2a02b651\"},\"headline\":\"As nossas comunidades teresianas re\u00fanem-se em Bellvitge\",\"datePublished\":\"2021-06-30T09:15:05+00:00\",\"mainEntityOfPage\":{\"@id\":\"https:\\\/\\\/encompaniastj.org\\\/pt-pt\\\/as-nossas-comunidades-teresianas-reunem-se-em-bellvitge\\\/\"},\"wordCount\":518,\"commentCount\":0,\"publisher\":{\"@id\":\"https:\\\/\\\/encompaniastj.org\\\/pt-pt\\\/#organization\"},\"image\":{\"@id\":\"https:\\\/\\\/encompaniastj.org\\\/pt-pt\\\/as-nossas-comunidades-teresianas-reunem-se-em-bellvitge\\\/#primaryimage\"},\"thumbnailUrl\":\"https:\\\/\\\/encompaniastj.org\\\/wp-content\\\/uploads\\\/2025\\\/05\\\/enc2.jpg\",\"articleSection\":[\"Noticias\",\"Otras\"],\"inLanguage\":\"pt-PT\",\"potentialAction\":[{\"@type\":\"CommentAction\",\"name\":\"Comment\",\"target\":[\"https:\\\/\\\/encompaniastj.org\\\/pt-pt\\\/as-nossas-comunidades-teresianas-reunem-se-em-bellvitge\\\/#respond\"]}]},{\"@type\":\"WebPage\",\"@id\":\"https:\\\/\\\/encompaniastj.org\\\/pt-pt\\\/as-nossas-comunidades-teresianas-reunem-se-em-bellvitge\\\/\",\"url\":\"https:\\\/\\\/encompaniastj.org\\\/pt-pt\\\/as-nossas-comunidades-teresianas-reunem-se-em-bellvitge\\\/\",\"name\":\"As nossas comunidades teresianas re\u00fanem-se em Bellvitge - En Compa\u00f1\u00eda STJ\",\"isPartOf\":{\"@id\":\"https:\\\/\\\/encompaniastj.org\\\/pt-pt\\\/#website\"},\"primaryImageOfPage\":{\"@id\":\"https:\\\/\\\/encompaniastj.org\\\/pt-pt\\\/as-nossas-comunidades-teresianas-reunem-se-em-bellvitge\\\/#primaryimage\"},\"image\":{\"@id\":\"https:\\\/\\\/encompaniastj.org\\\/pt-pt\\\/as-nossas-comunidades-teresianas-reunem-se-em-bellvitge\\\/#primaryimage\"},\"thumbnailUrl\":\"https:\\\/\\\/encompaniastj.org\\\/wp-content\\\/uploads\\\/2025\\\/05\\\/enc2.jpg\",\"datePublished\":\"2021-06-30T09:15:05+00:00\",\"breadcrumb\":{\"@id\":\"https:\\\/\\\/encompaniastj.org\\\/pt-pt\\\/as-nossas-comunidades-teresianas-reunem-se-em-bellvitge\\\/#breadcrumb\"},\"inLanguage\":\"pt-PT\",\"potentialAction\":[{\"@type\":\"ReadAction\",\"target\":[\"https:\\\/\\\/encompaniastj.org\\\/pt-pt\\\/as-nossas-comunidades-teresianas-reunem-se-em-bellvitge\\\/\"]}]},{\"@type\":\"ImageObject\",\"inLanguage\":\"pt-PT\",\"@id\":\"https:\\\/\\\/encompaniastj.org\\\/pt-pt\\\/as-nossas-comunidades-teresianas-reunem-se-em-bellvitge\\\/#primaryimage\",\"url\":\"https:\\\/\\\/encompaniastj.org\\\/wp-content\\\/uploads\\\/2025\\\/05\\\/enc2.jpg\",\"contentUrl\":\"https:\\\/\\\/encompaniastj.org\\\/wp-content\\\/uploads\\\/2025\\\/05\\\/enc2.jpg\",\"width\":500,\"height\":295},{\"@type\":\"BreadcrumbList\",\"@id\":\"https:\\\/\\\/encompaniastj.org\\\/pt-pt\\\/as-nossas-comunidades-teresianas-reunem-se-em-bellvitge\\\/#breadcrumb\",\"itemListElement\":[{\"@type\":\"ListItem\",\"position\":1,\"name\":\"Portada\",\"item\":\"https:\\\/\\\/encompaniastj.org\\\/pt-pt\\\/\"},{\"@type\":\"ListItem\",\"position\":2,\"name\":\"As nossas comunidades teresianas re\u00fanem-se em Bellvitge\"}]},{\"@type\":\"WebSite\",\"@id\":\"https:\\\/\\\/encompaniastj.org\\\/pt-pt\\\/#website\",\"url\":\"https:\\\/\\\/encompaniastj.org\\\/pt-pt\\\/\",\"name\":\"En Compa\u00f1\u00eda STJ\",\"description\":\"Bolet\u00edn de la Compa\u00f1\u00eda de Santa Teresa de Jes\u00fas\",\"publisher\":{\"@id\":\"https:\\\/\\\/encompaniastj.org\\\/pt-pt\\\/#organization\"},\"potentialAction\":[{\"@type\":\"SearchAction\",\"target\":{\"@type\":\"EntryPoint\",\"urlTemplate\":\"https:\\\/\\\/encompaniastj.org\\\/pt-pt\\\/?s={search_term_string}\"},\"query-input\":{\"@type\":\"PropertyValueSpecification\",\"valueRequired\":true,\"valueName\":\"search_term_string\"}}],\"inLanguage\":\"pt-PT\"},{\"@type\":\"Organization\",\"@id\":\"https:\\\/\\\/encompaniastj.org\\\/pt-pt\\\/#organization\",\"name\":\"Compa\u00f1\u00eda de Santa Teresa de Jes\u00fas\",\"url\":\"https:\\\/\\\/encompaniastj.org\\\/pt-pt\\\/\",\"logo\":{\"@type\":\"ImageObject\",\"inLanguage\":\"pt-PT\",\"@id\":\"https:\\\/\\\/encompaniastj.org\\\/pt-pt\\\/#\\\/schema\\\/logo\\\/image\\\/\",\"url\":\"https:\\\/\\\/encompaniastj.org\\\/wp-content\\\/uploads\\\/2025\\\/04\\\/logo_provincias02-1-3.png\",\"contentUrl\":\"https:\\\/\\\/encompaniastj.org\\\/wp-content\\\/uploads\\\/2025\\\/04\\\/logo_provincias02-1-3.png\",\"width\":2368,\"height\":825,\"caption\":\"Compa\u00f1\u00eda de Santa Teresa de Jes\u00fas\"},\"image\":{\"@id\":\"https:\\\/\\\/encompaniastj.org\\\/pt-pt\\\/#\\\/schema\\\/logo\\\/image\\\/\"}},{\"@type\":\"Person\",\"@id\":\"https:\\\/\\\/encompaniastj.org\\\/pt-pt\\\/#\\\/schema\\\/person\\\/520e7ecc314793d40091993c2a02b651\",\"name\":\"admin\",\"image\":{\"@type\":\"ImageObject\",\"inLanguage\":\"pt-PT\",\"@id\":\"https:\\\/\\\/secure.gravatar.com\\\/avatar\\\/948b492cce32b586ac2db0eaa926ee87024f7afe218d73b397ea5ddfc5f43ea1?s=96&d=mm&r=g\",\"url\":\"https:\\\/\\\/secure.gravatar.com\\\/avatar\\\/948b492cce32b586ac2db0eaa926ee87024f7afe218d73b397ea5ddfc5f43ea1?s=96&d=mm&r=g\",\"contentUrl\":\"https:\\\/\\\/secure.gravatar.com\\\/avatar\\\/948b492cce32b586ac2db0eaa926ee87024f7afe218d73b397ea5ddfc5f43ea1?s=96&d=mm&r=g\",\"caption\":\"admin\"},\"sameAs\":[\"https:\\\/\\\/encompaniastj.org\"],\"url\":\"https:\\\/\\\/encompaniastj.org\\\/pt-pt\\\/author\\\/sjdigital\\\/\"}]}<\/script>\n<!-- \/ Yoast SEO plugin. -->","yoast_head_json":{"title":"As nossas comunidades teresianas re\u00fanem-se em Bellvitge - En Compa\u00f1\u00eda STJ","robots":{"index":"index","follow":"follow","max-snippet":"max-snippet:-1","max-image-preview":"max-image-preview:large","max-video-preview":"max-video-preview:-1"},"canonical":"https:\/\/encompaniastj.org\/pt-pt\/as-nossas-comunidades-teresianas-reunem-se-em-bellvitge\/","og_locale":"pt_PT","og_type":"article","og_title":"As nossas comunidades teresianas re\u00fanem-se em Bellvitge - En Compa\u00f1\u00eda STJ","og_description":"Foi decidido - num momento de grande emo\u00e7\u00e3o - por aqueles de entre n\u00f3s que participaram na despedida das irm\u00e3s de Can Vidalet. Depois da Eucaristia, a Comunidade convidou-nos a [&hellip;]","og_url":"https:\/\/encompaniastj.org\/pt-pt\/as-nossas-comunidades-teresianas-reunem-se-em-bellvitge\/","og_site_name":"En Compa\u00f1\u00eda STJ","article_published_time":"2021-06-30T09:15:05+00:00","og_image":[{"width":500,"height":295,"url":"https:\/\/encompaniastj.org\/wp-content\/uploads\/2025\/05\/enc2.jpg","type":"image\/jpeg"}],"author":"admin","twitter_card":"summary_large_image","twitter_misc":{"Escrito por":"admin","Tempo estimado de leitura":"3 minutos"},"schema":{"@context":"https:\/\/schema.org","@graph":[{"@type":"Article","@id":"https:\/\/encompaniastj.org\/pt-pt\/as-nossas-comunidades-teresianas-reunem-se-em-bellvitge\/#article","isPartOf":{"@id":"https:\/\/encompaniastj.org\/pt-pt\/as-nossas-comunidades-teresianas-reunem-se-em-bellvitge\/"},"author":{"name":"admin","@id":"https:\/\/encompaniastj.org\/pt-pt\/#\/schema\/person\/520e7ecc314793d40091993c2a02b651"},"headline":"As nossas comunidades teresianas re\u00fanem-se em Bellvitge","datePublished":"2021-06-30T09:15:05+00:00","mainEntityOfPage":{"@id":"https:\/\/encompaniastj.org\/pt-pt\/as-nossas-comunidades-teresianas-reunem-se-em-bellvitge\/"},"wordCount":518,"commentCount":0,"publisher":{"@id":"https:\/\/encompaniastj.org\/pt-pt\/#organization"},"image":{"@id":"https:\/\/encompaniastj.org\/pt-pt\/as-nossas-comunidades-teresianas-reunem-se-em-bellvitge\/#primaryimage"},"thumbnailUrl":"https:\/\/encompaniastj.org\/wp-content\/uploads\/2025\/05\/enc2.jpg","articleSection":["Noticias","Otras"],"inLanguage":"pt-PT","potentialAction":[{"@type":"CommentAction","name":"Comment","target":["https:\/\/encompaniastj.org\/pt-pt\/as-nossas-comunidades-teresianas-reunem-se-em-bellvitge\/#respond"]}]},{"@type":"WebPage","@id":"https:\/\/encompaniastj.org\/pt-pt\/as-nossas-comunidades-teresianas-reunem-se-em-bellvitge\/","url":"https:\/\/encompaniastj.org\/pt-pt\/as-nossas-comunidades-teresianas-reunem-se-em-bellvitge\/","name":"As nossas comunidades teresianas re\u00fanem-se em Bellvitge - En Compa\u00f1\u00eda STJ","isPartOf":{"@id":"https:\/\/encompaniastj.org\/pt-pt\/#website"},"primaryImageOfPage":{"@id":"https:\/\/encompaniastj.org\/pt-pt\/as-nossas-comunidades-teresianas-reunem-se-em-bellvitge\/#primaryimage"},"image":{"@id":"https:\/\/encompaniastj.org\/pt-pt\/as-nossas-comunidades-teresianas-reunem-se-em-bellvitge\/#primaryimage"},"thumbnailUrl":"https:\/\/encompaniastj.org\/wp-content\/uploads\/2025\/05\/enc2.jpg","datePublished":"2021-06-30T09:15:05+00:00","breadcrumb":{"@id":"https:\/\/encompaniastj.org\/pt-pt\/as-nossas-comunidades-teresianas-reunem-se-em-bellvitge\/#breadcrumb"},"inLanguage":"pt-PT","potentialAction":[{"@type":"ReadAction","target":["https:\/\/encompaniastj.org\/pt-pt\/as-nossas-comunidades-teresianas-reunem-se-em-bellvitge\/"]}]},{"@type":"ImageObject","inLanguage":"pt-PT","@id":"https:\/\/encompaniastj.org\/pt-pt\/as-nossas-comunidades-teresianas-reunem-se-em-bellvitge\/#primaryimage","url":"https:\/\/encompaniastj.org\/wp-content\/uploads\/2025\/05\/enc2.jpg","contentUrl":"https:\/\/encompaniastj.org\/wp-content\/uploads\/2025\/05\/enc2.jpg","width":500,"height":295},{"@type":"BreadcrumbList","@id":"https:\/\/encompaniastj.org\/pt-pt\/as-nossas-comunidades-teresianas-reunem-se-em-bellvitge\/#breadcrumb","itemListElement":[{"@type":"ListItem","position":1,"name":"Portada","item":"https:\/\/encompaniastj.org\/pt-pt\/"},{"@type":"ListItem","position":2,"name":"As nossas comunidades teresianas re\u00fanem-se em Bellvitge"}]},{"@type":"WebSite","@id":"https:\/\/encompaniastj.org\/pt-pt\/#website","url":"https:\/\/encompaniastj.org\/pt-pt\/","name":"En Compa\u00f1\u00eda STJ","description":"Bolet\u00edn de la Compa\u00f1\u00eda de Santa Teresa de Jes\u00fas","publisher":{"@id":"https:\/\/encompaniastj.org\/pt-pt\/#organization"},"potentialAction":[{"@type":"SearchAction","target":{"@type":"EntryPoint","urlTemplate":"https:\/\/encompaniastj.org\/pt-pt\/?s={search_term_string}"},"query-input":{"@type":"PropertyValueSpecification","valueRequired":true,"valueName":"search_term_string"}}],"inLanguage":"pt-PT"},{"@type":"Organization","@id":"https:\/\/encompaniastj.org\/pt-pt\/#organization","name":"Compa\u00f1\u00eda de Santa Teresa de Jes\u00fas","url":"https:\/\/encompaniastj.org\/pt-pt\/","logo":{"@type":"ImageObject","inLanguage":"pt-PT","@id":"https:\/\/encompaniastj.org\/pt-pt\/#\/schema\/logo\/image\/","url":"https:\/\/encompaniastj.org\/wp-content\/uploads\/2025\/04\/logo_provincias02-1-3.png","contentUrl":"https:\/\/encompaniastj.org\/wp-content\/uploads\/2025\/04\/logo_provincias02-1-3.png","width":2368,"height":825,"caption":"Compa\u00f1\u00eda de Santa Teresa de Jes\u00fas"},"image":{"@id":"https:\/\/encompaniastj.org\/pt-pt\/#\/schema\/logo\/image\/"}},{"@type":"Person","@id":"https:\/\/encompaniastj.org\/pt-pt\/#\/schema\/person\/520e7ecc314793d40091993c2a02b651","name":"admin","image":{"@type":"ImageObject","inLanguage":"pt-PT","@id":"https:\/\/secure.gravatar.com\/avatar\/948b492cce32b586ac2db0eaa926ee87024f7afe218d73b397ea5ddfc5f43ea1?s=96&d=mm&r=g","url":"https:\/\/secure.gravatar.com\/avatar\/948b492cce32b586ac2db0eaa926ee87024f7afe218d73b397ea5ddfc5f43ea1?s=96&d=mm&r=g","contentUrl":"https:\/\/secure.gravatar.com\/avatar\/948b492cce32b586ac2db0eaa926ee87024f7afe218d73b397ea5ddfc5f43ea1?s=96&d=mm&r=g","caption":"admin"},"sameAs":["https:\/\/encompaniastj.org"],"url":"https:\/\/encompaniastj.org\/pt-pt\/author\/sjdigital\/"}]}},"_links":{"self":[{"href":"https:\/\/encompaniastj.org\/pt-pt\/wp-json\/wp\/v2\/posts\/13787","targetHints":{"allow":["GET"]}}],"collection":[{"href":"https:\/\/encompaniastj.org\/pt-pt\/wp-json\/wp\/v2\/posts"}],"about":[{"href":"https:\/\/encompaniastj.org\/pt-pt\/wp-json\/wp\/v2\/types\/post"}],"author":[{"embeddable":true,"href":"https:\/\/encompaniastj.org\/pt-pt\/wp-json\/wp\/v2\/users\/1"}],"replies":[{"embeddable":true,"href":"https:\/\/encompaniastj.org\/pt-pt\/wp-json\/wp\/v2\/comments?post=13787"}],"version-history":[{"count":0,"href":"https:\/\/encompaniastj.org\/pt-pt\/wp-json\/wp\/v2\/posts\/13787\/revisions"}],"wp:featuredmedia":[{"embeddable":true,"href":"https:\/\/encompaniastj.org\/pt-pt\/wp-json\/wp\/v2\/media\/7769"}],"wp:attachment":[{"href":"https:\/\/encompaniastj.org\/pt-pt\/wp-json\/wp\/v2\/media?parent=13787"}],"wp:term":[{"taxonomy":"category","embeddable":true,"href":"https:\/\/encompaniastj.org\/pt-pt\/wp-json\/wp\/v2\/categories?post=13787"},{"taxonomy":"post_tag","embeddable":true,"href":"https:\/\/encompaniastj.org\/pt-pt\/wp-json\/wp\/v2\/tags?post=13787"}],"curies":[{"name":"wp","href":"https:\/\/api.w.org\/{rel}","templated":true}]}}