{"id":13755,"date":"2023-10-24T10:41:15","date_gmt":"2023-10-24T08:41:15","guid":{"rendered":"https:\/\/encompaniastj.org\/jmj-um-pedaco-do-ceu-na-terra\/"},"modified":"2023-10-24T10:41:15","modified_gmt":"2023-10-24T08:41:15","slug":"jmj-um-pedaco-do-ceu-na-terra","status":"publish","type":"post","link":"https:\/\/encompaniastj.org\/pt-pt\/jmj-um-pedaco-do-ceu-na-terra\/","title":{"rendered":"JMJ - &#8220;um peda\u00e7o do c\u00e9u na terra&#8221;."},"content":{"rendered":"<p>Muito se disse e continua a dizer-se, gra\u00e7as a Deus, sobre este grande acontecimento que foram as JMJ em Lisboa, de 1 a 6 de agosto passado, com as jornadas pr\u00e9-JMJ de 26 a 31 de julho nas v\u00e1rias dioceses de Portugal e nas sedes dos principais movimentos da Igreja e das v\u00e1rias associa\u00e7\u00f5es cat\u00f3licas espalhadas pelo mundo.<\/p>\n<p>Foi uma grande onda de Esperan\u00e7a, Confian\u00e7a e F\u00e9 porque quem estava ao leme do &#8220;barco organizativo&#8221; era o pr\u00f3prio centro das Jornadas, Jesus Cristo, que queria que &#8220;todos, todos, todos, sem excluir ningu\u00e9m&#8221;, encontrassem as portas abertas da Igreja que ele fundou, que s\u00f3 pode ser a &#8220;Casa da Alegria&#8221;, onde todos nos sentimos acolhidos, amados e pr\u00f3ximos uns dos outros.<\/p>\n<p>\u00c9 por isso que eu classifico este evento da Igreja como &#8220;UM PEDA\u00c7O DO C\u00c9U&#8221;.<\/p>\n<p>\u00c9 por causa disso?<\/p>\n<p>1- Onda de solidariedade<\/p>\n<p>Esta &#8220;onda de solidariedade&#8221; ocorreu a todos os n\u00edveis, com ricos e pobres, com crian\u00e7as e jovens, com adultos e idosos a colaborarem com ofertas de dinheiro e bens, com tempo e m\u00e3os para colaborar num esfor\u00e7o de solidariedade sem precedentes.<\/p>\n<p>E os quase 50 mil volunt\u00e1rios que participaram nas jornadas da JMJ em Lisboa? Vestidos com uma t-shirt amarela e com um grande &#8220;V&#8221; \u00e0s costas, os jovens espalharam-se pelas ruas, pelas igrejas, do Parque Eduardo VII (colina do Encontro) ao Tagus Park, os jovens volunt\u00e1rios sorriram a todos com um sorriso, um grande brilho nos olhos e cumpriram as tarefas que lhes foram atribu\u00eddas, em cada centro e momentos vividos com o Papa. A solidariedade de muitas pessoas levou tamb\u00e9m a JMJ a lares de idosos, centros de toxicodepend\u00eancia, hospitais, pris\u00f5es e centros para pessoas com defici\u00eancia, etc. Ningu\u00e9m podia ficar de fora deste grande evento da Igreja Cat\u00f3lica, cuja mensagem era dizer a todos: Jesus ama-te, cuida de ti e quer chegar ao teu cora\u00e7\u00e3o. Vi gestos t\u00e3o bonitos, em tantos volunt\u00e1rios e peregrinos de todas as idades, que muitas vezes me perguntei: porque \u00e9 que n\u00e3o h\u00e1-de ser sempre assim? Estes gestos pareciam o c\u00e9u, o para\u00edso.     <\/p>\n<p>2- onda de evangeliza\u00e7\u00e3o e ora\u00e7\u00e3o<\/p>\n<p>Ao longo da prepara\u00e7\u00e3o para a JMJ de Lisboa, os jovens das par\u00f3quias e dos v\u00e1rios movimentos juvenis da Igreja prepararam-se com catequeses especialmente concebidas para o efeito, momentos intensos de ora\u00e7\u00e3o e reflex\u00e3o.<\/p>\n<p>Conhe\u00e7o jovens que, j\u00e1 no mundo do trabalho, se encontravam a altas horas da noite para catequeses preparat\u00f3rias e momentos de ora\u00e7\u00e3o. Os encontros, via zoom, eram frequentes e separados por muitos quil\u00f3metros, os jovens juntavam-se e partilhavam o desejo e a esperan\u00e7a de poderem participar nas JMJ. Muitos at\u00e9 tiraram f\u00e9rias nesta altura, para poderem participar em todas as actividades da JMJ e estarem presentes a tempo inteiro. Nunca houve tantos momentos de ora\u00e7\u00e3o pessoal e em grupo, servi\u00e7os de ora\u00e7\u00e3o, via-sacra e recita\u00e7\u00e3o do ter\u00e7o. Os conventos de clausura tamb\u00e9m se juntaram \u00e0 JMJ atrav\u00e9s da ora\u00e7\u00e3o, do acolhimento dos jovens que vinham rezar e descansar, etc. Experimentei uma Igreja unida em sinodalidade, &#8220;caminhando junto&#8221;, para que os objectivos das JMJ fossem alcan\u00e7ados, basta recordar a beleza da Via Sacra, no Parque Eduardo VII, onde se rezou com gestos e palavras os sofrimentos dos jovens de hoje. A vig\u00edlia de ora\u00e7\u00e3o no Parque Tejo, onde nos comoveu o sil\u00eancio dos jovens, os momentos de c\u00e2nticos cheios de interioridade e espiritualidade, basta recordar a can\u00e7\u00e3o &#8220;TU \u00c9S A ESTRELA&#8221; de Carminho, as homilias simples e desafiantes do Papa Francisco, a Eucaristia de envio, etc. Todos estes momentos trouxeram-me de volta ao bem-estar interior e a sentir a presen\u00e7a de Jesus dentro de mim e ali ao meu lado a mesma presen\u00e7a no milh\u00e3o e meio de jovens que rezaram comigo. Todos estes momentos profundos, alegres e coloridos fizeram-me murmurar interiormente: &#8220;JMJ, um pedacinho do c\u00e9u&#8221;.        <\/p>\n<p>3- Ondas de amor \u00e0 maneira de Maria, a Senhora &#8220;apressada&#8221;.<\/p>\n<p>Como disse o Papa Francisco, &#8220;os dois grandes protagonistas da JMJ foram JESUS e MARIA. Foi por causa deles que fomos \u00e0 JMJ, com eles aprendemos a amar e a servir. Como eles, seremos LUZ num mundo que insiste em viver nas trevas. Na Eucaristia de envio, no dia 6 de agosto, no Tagus Park, o Papa convidou-nos a partir para a vida procurando &#8220;Amar como Jesus, isso torna-nos luminosos, isso leva-nos a fazer obras de amor&#8221;.<\/p>\n<p>E o Papa convidou-nos a viver todos os dias nesta onda de Amor, porque quem ama n\u00e3o fica de bra\u00e7os cruzados, quem ama serve, quem ama corre para servir, quem ama vive empenhado no servi\u00e7o aos outros. Com Jesus e Maria aprendemos a amar, a servir, a viver com Esperan\u00e7a, a n\u00e3o ter medo. E no encontro com os volunt\u00e1rios, na tarde do dia 6, o Papa, recordando os surfistas da Nazar\u00e9, pediu: &#8220;Continua a surfar as ondas do Amor, as ondas da caridade. S\u00ea surfista do AMOR&#8230;   <\/p>\n<p>Que o teu servi\u00e7o nesta JMJ seja a primeira de muitas ondas de bem, ser\u00e1s levado cada vez mais alto, mais perto de Deus, e isso permitir-te-\u00e1 ver o teu caminho de uma perspetiva melhor.<\/p>\n<p>Porque tudo o que vivi, experimentei e ouvi me falou de AMOR e CARIDADE, posso dizer que a JMJ foi, e deve continuar a ser, pelos nossos pequenos passos dados todos os dias no caminho do servi\u00e7o, do respeito pelas diferen\u00e7as, dos caminhos da bondade. Foi um &#8220;peda\u00e7o de c\u00e9u na terra&#8221;, um &#8220;peda\u00e7o de c\u00e9u na terra&#8221;. (Maria de F\u00e1tima Magalh\u00e3es stj)  <\/p>\n","protected":false},"excerpt":{"rendered":"<p>Muito se disse e continua a dizer-se, gra\u00e7as a Deus, sobre este grande acontecimento que foram as JMJ em Lisboa, de 1 a 6 de agosto passado, com as jornadas [&hellip;]<\/p>\n","protected":false},"author":1,"featured_media":8507,"comment_status":"open","ping_status":"open","sticky":false,"template":"","format":"standard","meta":{"_acf_changed":false,"footnotes":""},"categories":[61,62],"tags":[],"class_list":["post-13755","post","type-post","status-publish","format-standard","has-post-thumbnail","hentry","category-noticias","category-otras"],"acf":[],"yoast_head":"<!-- This site is optimized with the Yoast SEO plugin v27.5 - https:\/\/yoast.com\/product\/yoast-seo-wordpress\/ -->\n<title>JMJ - &quot;um peda\u00e7o do c\u00e9u na terra&quot;. - En Compa\u00f1\u00eda STJ<\/title>\n<meta name=\"robots\" content=\"index, follow, max-snippet:-1, max-image-preview:large, max-video-preview:-1\" \/>\n<link rel=\"canonical\" href=\"https:\/\/encompaniastj.org\/pt-pt\/jmj-um-pedaco-do-ceu-na-terra\/\" \/>\n<meta property=\"og:locale\" content=\"pt_PT\" \/>\n<meta property=\"og:type\" content=\"article\" \/>\n<meta property=\"og:title\" content=\"JMJ - &quot;um peda\u00e7o do c\u00e9u na terra&quot;. - En Compa\u00f1\u00eda STJ\" \/>\n<meta property=\"og:description\" content=\"Muito se disse e continua a dizer-se, gra\u00e7as a Deus, sobre este grande acontecimento que foram as JMJ em Lisboa, de 1 a 6 de agosto passado, com as jornadas [&hellip;]\" \/>\n<meta property=\"og:url\" content=\"https:\/\/encompaniastj.org\/pt-pt\/jmj-um-pedaco-do-ceu-na-terra\/\" \/>\n<meta property=\"og:site_name\" content=\"En Compa\u00f1\u00eda STJ\" \/>\n<meta property=\"article:published_time\" content=\"2023-10-24T08:41:15+00:00\" \/>\n<meta property=\"og:image\" content=\"https:\/\/encompaniastj.org\/wp-content\/uploads\/2025\/05\/FOTO-1-3.jpg\" \/>\n\t<meta property=\"og:image:width\" content=\"225\" \/>\n\t<meta property=\"og:image:height\" content=\"225\" \/>\n\t<meta property=\"og:image:type\" content=\"image\/jpeg\" \/>\n<meta name=\"author\" content=\"admin\" \/>\n<meta name=\"twitter:card\" content=\"summary_large_image\" \/>\n<meta name=\"twitter:label1\" content=\"Escrito por\" \/>\n\t<meta name=\"twitter:data1\" content=\"admin\" \/>\n\t<meta name=\"twitter:label2\" content=\"Tempo estimado de leitura\" \/>\n\t<meta name=\"twitter:data2\" content=\"5 minutos\" \/>\n<script type=\"application\/ld+json\" class=\"yoast-schema-graph\">{\"@context\":\"https:\\\/\\\/schema.org\",\"@graph\":[{\"@type\":\"Article\",\"@id\":\"https:\\\/\\\/encompaniastj.org\\\/pt-pt\\\/jmj-um-pedaco-do-ceu-na-terra\\\/#article\",\"isPartOf\":{\"@id\":\"https:\\\/\\\/encompaniastj.org\\\/pt-pt\\\/jmj-um-pedaco-do-ceu-na-terra\\\/\"},\"author\":{\"name\":\"admin\",\"@id\":\"https:\\\/\\\/encompaniastj.org\\\/pt-pt\\\/#\\\/schema\\\/person\\\/520e7ecc314793d40091993c2a02b651\"},\"headline\":\"JMJ - &#8220;um peda\u00e7o do c\u00e9u na terra&#8221;.\",\"datePublished\":\"2023-10-24T08:41:15+00:00\",\"mainEntityOfPage\":{\"@id\":\"https:\\\/\\\/encompaniastj.org\\\/pt-pt\\\/jmj-um-pedaco-do-ceu-na-terra\\\/\"},\"wordCount\":981,\"commentCount\":0,\"publisher\":{\"@id\":\"https:\\\/\\\/encompaniastj.org\\\/pt-pt\\\/#organization\"},\"image\":{\"@id\":\"https:\\\/\\\/encompaniastj.org\\\/pt-pt\\\/jmj-um-pedaco-do-ceu-na-terra\\\/#primaryimage\"},\"thumbnailUrl\":\"https:\\\/\\\/encompaniastj.org\\\/wp-content\\\/uploads\\\/2025\\\/05\\\/FOTO-1-3.jpg\",\"articleSection\":[\"Noticias\",\"Otras\"],\"inLanguage\":\"pt-PT\",\"potentialAction\":[{\"@type\":\"CommentAction\",\"name\":\"Comment\",\"target\":[\"https:\\\/\\\/encompaniastj.org\\\/pt-pt\\\/jmj-um-pedaco-do-ceu-na-terra\\\/#respond\"]}]},{\"@type\":\"WebPage\",\"@id\":\"https:\\\/\\\/encompaniastj.org\\\/pt-pt\\\/jmj-um-pedaco-do-ceu-na-terra\\\/\",\"url\":\"https:\\\/\\\/encompaniastj.org\\\/pt-pt\\\/jmj-um-pedaco-do-ceu-na-terra\\\/\",\"name\":\"JMJ - \\\"um peda\u00e7o do c\u00e9u na terra\\\". - En Compa\u00f1\u00eda STJ\",\"isPartOf\":{\"@id\":\"https:\\\/\\\/encompaniastj.org\\\/pt-pt\\\/#website\"},\"primaryImageOfPage\":{\"@id\":\"https:\\\/\\\/encompaniastj.org\\\/pt-pt\\\/jmj-um-pedaco-do-ceu-na-terra\\\/#primaryimage\"},\"image\":{\"@id\":\"https:\\\/\\\/encompaniastj.org\\\/pt-pt\\\/jmj-um-pedaco-do-ceu-na-terra\\\/#primaryimage\"},\"thumbnailUrl\":\"https:\\\/\\\/encompaniastj.org\\\/wp-content\\\/uploads\\\/2025\\\/05\\\/FOTO-1-3.jpg\",\"datePublished\":\"2023-10-24T08:41:15+00:00\",\"breadcrumb\":{\"@id\":\"https:\\\/\\\/encompaniastj.org\\\/pt-pt\\\/jmj-um-pedaco-do-ceu-na-terra\\\/#breadcrumb\"},\"inLanguage\":\"pt-PT\",\"potentialAction\":[{\"@type\":\"ReadAction\",\"target\":[\"https:\\\/\\\/encompaniastj.org\\\/pt-pt\\\/jmj-um-pedaco-do-ceu-na-terra\\\/\"]}]},{\"@type\":\"ImageObject\",\"inLanguage\":\"pt-PT\",\"@id\":\"https:\\\/\\\/encompaniastj.org\\\/pt-pt\\\/jmj-um-pedaco-do-ceu-na-terra\\\/#primaryimage\",\"url\":\"https:\\\/\\\/encompaniastj.org\\\/wp-content\\\/uploads\\\/2025\\\/05\\\/FOTO-1-3.jpg\",\"contentUrl\":\"https:\\\/\\\/encompaniastj.org\\\/wp-content\\\/uploads\\\/2025\\\/05\\\/FOTO-1-3.jpg\",\"width\":225,\"height\":225},{\"@type\":\"BreadcrumbList\",\"@id\":\"https:\\\/\\\/encompaniastj.org\\\/pt-pt\\\/jmj-um-pedaco-do-ceu-na-terra\\\/#breadcrumb\",\"itemListElement\":[{\"@type\":\"ListItem\",\"position\":1,\"name\":\"Portada\",\"item\":\"https:\\\/\\\/encompaniastj.org\\\/pt-pt\\\/\"},{\"@type\":\"ListItem\",\"position\":2,\"name\":\"JMJ - \u00abum peda\u00e7o do c\u00e9u na terra\u00bb.\"}]},{\"@type\":\"WebSite\",\"@id\":\"https:\\\/\\\/encompaniastj.org\\\/pt-pt\\\/#website\",\"url\":\"https:\\\/\\\/encompaniastj.org\\\/pt-pt\\\/\",\"name\":\"En Compa\u00f1\u00eda STJ\",\"description\":\"Bolet\u00edn de la Compa\u00f1\u00eda de Santa Teresa de Jes\u00fas\",\"publisher\":{\"@id\":\"https:\\\/\\\/encompaniastj.org\\\/pt-pt\\\/#organization\"},\"potentialAction\":[{\"@type\":\"SearchAction\",\"target\":{\"@type\":\"EntryPoint\",\"urlTemplate\":\"https:\\\/\\\/encompaniastj.org\\\/pt-pt\\\/?s={search_term_string}\"},\"query-input\":{\"@type\":\"PropertyValueSpecification\",\"valueRequired\":true,\"valueName\":\"search_term_string\"}}],\"inLanguage\":\"pt-PT\"},{\"@type\":\"Organization\",\"@id\":\"https:\\\/\\\/encompaniastj.org\\\/pt-pt\\\/#organization\",\"name\":\"Compa\u00f1\u00eda de Santa Teresa de Jes\u00fas\",\"url\":\"https:\\\/\\\/encompaniastj.org\\\/pt-pt\\\/\",\"logo\":{\"@type\":\"ImageObject\",\"inLanguage\":\"pt-PT\",\"@id\":\"https:\\\/\\\/encompaniastj.org\\\/pt-pt\\\/#\\\/schema\\\/logo\\\/image\\\/\",\"url\":\"https:\\\/\\\/encompaniastj.org\\\/wp-content\\\/uploads\\\/2025\\\/04\\\/logo_provincias02-1-3.png\",\"contentUrl\":\"https:\\\/\\\/encompaniastj.org\\\/wp-content\\\/uploads\\\/2025\\\/04\\\/logo_provincias02-1-3.png\",\"width\":2368,\"height\":825,\"caption\":\"Compa\u00f1\u00eda de Santa Teresa de Jes\u00fas\"},\"image\":{\"@id\":\"https:\\\/\\\/encompaniastj.org\\\/pt-pt\\\/#\\\/schema\\\/logo\\\/image\\\/\"}},{\"@type\":\"Person\",\"@id\":\"https:\\\/\\\/encompaniastj.org\\\/pt-pt\\\/#\\\/schema\\\/person\\\/520e7ecc314793d40091993c2a02b651\",\"name\":\"admin\",\"image\":{\"@type\":\"ImageObject\",\"inLanguage\":\"pt-PT\",\"@id\":\"https:\\\/\\\/secure.gravatar.com\\\/avatar\\\/948b492cce32b586ac2db0eaa926ee87024f7afe218d73b397ea5ddfc5f43ea1?s=96&d=mm&r=g\",\"url\":\"https:\\\/\\\/secure.gravatar.com\\\/avatar\\\/948b492cce32b586ac2db0eaa926ee87024f7afe218d73b397ea5ddfc5f43ea1?s=96&d=mm&r=g\",\"contentUrl\":\"https:\\\/\\\/secure.gravatar.com\\\/avatar\\\/948b492cce32b586ac2db0eaa926ee87024f7afe218d73b397ea5ddfc5f43ea1?s=96&d=mm&r=g\",\"caption\":\"admin\"},\"sameAs\":[\"https:\\\/\\\/encompaniastj.org\"],\"url\":\"https:\\\/\\\/encompaniastj.org\\\/pt-pt\\\/author\\\/sjdigital\\\/\"}]}<\/script>\n<!-- \/ Yoast SEO plugin. -->","yoast_head_json":{"title":"JMJ - \"um peda\u00e7o do c\u00e9u na terra\". - En Compa\u00f1\u00eda STJ","robots":{"index":"index","follow":"follow","max-snippet":"max-snippet:-1","max-image-preview":"max-image-preview:large","max-video-preview":"max-video-preview:-1"},"canonical":"https:\/\/encompaniastj.org\/pt-pt\/jmj-um-pedaco-do-ceu-na-terra\/","og_locale":"pt_PT","og_type":"article","og_title":"JMJ - \"um peda\u00e7o do c\u00e9u na terra\". - En Compa\u00f1\u00eda STJ","og_description":"Muito se disse e continua a dizer-se, gra\u00e7as a Deus, sobre este grande acontecimento que foram as JMJ em Lisboa, de 1 a 6 de agosto passado, com as jornadas [&hellip;]","og_url":"https:\/\/encompaniastj.org\/pt-pt\/jmj-um-pedaco-do-ceu-na-terra\/","og_site_name":"En Compa\u00f1\u00eda STJ","article_published_time":"2023-10-24T08:41:15+00:00","og_image":[{"width":225,"height":225,"url":"https:\/\/encompaniastj.org\/wp-content\/uploads\/2025\/05\/FOTO-1-3.jpg","type":"image\/jpeg"}],"author":"admin","twitter_card":"summary_large_image","twitter_misc":{"Escrito por":"admin","Tempo estimado de leitura":"5 minutos"},"schema":{"@context":"https:\/\/schema.org","@graph":[{"@type":"Article","@id":"https:\/\/encompaniastj.org\/pt-pt\/jmj-um-pedaco-do-ceu-na-terra\/#article","isPartOf":{"@id":"https:\/\/encompaniastj.org\/pt-pt\/jmj-um-pedaco-do-ceu-na-terra\/"},"author":{"name":"admin","@id":"https:\/\/encompaniastj.org\/pt-pt\/#\/schema\/person\/520e7ecc314793d40091993c2a02b651"},"headline":"JMJ - &#8220;um peda\u00e7o do c\u00e9u na terra&#8221;.","datePublished":"2023-10-24T08:41:15+00:00","mainEntityOfPage":{"@id":"https:\/\/encompaniastj.org\/pt-pt\/jmj-um-pedaco-do-ceu-na-terra\/"},"wordCount":981,"commentCount":0,"publisher":{"@id":"https:\/\/encompaniastj.org\/pt-pt\/#organization"},"image":{"@id":"https:\/\/encompaniastj.org\/pt-pt\/jmj-um-pedaco-do-ceu-na-terra\/#primaryimage"},"thumbnailUrl":"https:\/\/encompaniastj.org\/wp-content\/uploads\/2025\/05\/FOTO-1-3.jpg","articleSection":["Noticias","Otras"],"inLanguage":"pt-PT","potentialAction":[{"@type":"CommentAction","name":"Comment","target":["https:\/\/encompaniastj.org\/pt-pt\/jmj-um-pedaco-do-ceu-na-terra\/#respond"]}]},{"@type":"WebPage","@id":"https:\/\/encompaniastj.org\/pt-pt\/jmj-um-pedaco-do-ceu-na-terra\/","url":"https:\/\/encompaniastj.org\/pt-pt\/jmj-um-pedaco-do-ceu-na-terra\/","name":"JMJ - \"um peda\u00e7o do c\u00e9u na terra\". - En Compa\u00f1\u00eda STJ","isPartOf":{"@id":"https:\/\/encompaniastj.org\/pt-pt\/#website"},"primaryImageOfPage":{"@id":"https:\/\/encompaniastj.org\/pt-pt\/jmj-um-pedaco-do-ceu-na-terra\/#primaryimage"},"image":{"@id":"https:\/\/encompaniastj.org\/pt-pt\/jmj-um-pedaco-do-ceu-na-terra\/#primaryimage"},"thumbnailUrl":"https:\/\/encompaniastj.org\/wp-content\/uploads\/2025\/05\/FOTO-1-3.jpg","datePublished":"2023-10-24T08:41:15+00:00","breadcrumb":{"@id":"https:\/\/encompaniastj.org\/pt-pt\/jmj-um-pedaco-do-ceu-na-terra\/#breadcrumb"},"inLanguage":"pt-PT","potentialAction":[{"@type":"ReadAction","target":["https:\/\/encompaniastj.org\/pt-pt\/jmj-um-pedaco-do-ceu-na-terra\/"]}]},{"@type":"ImageObject","inLanguage":"pt-PT","@id":"https:\/\/encompaniastj.org\/pt-pt\/jmj-um-pedaco-do-ceu-na-terra\/#primaryimage","url":"https:\/\/encompaniastj.org\/wp-content\/uploads\/2025\/05\/FOTO-1-3.jpg","contentUrl":"https:\/\/encompaniastj.org\/wp-content\/uploads\/2025\/05\/FOTO-1-3.jpg","width":225,"height":225},{"@type":"BreadcrumbList","@id":"https:\/\/encompaniastj.org\/pt-pt\/jmj-um-pedaco-do-ceu-na-terra\/#breadcrumb","itemListElement":[{"@type":"ListItem","position":1,"name":"Portada","item":"https:\/\/encompaniastj.org\/pt-pt\/"},{"@type":"ListItem","position":2,"name":"JMJ - \u00abum peda\u00e7o do c\u00e9u na terra\u00bb."}]},{"@type":"WebSite","@id":"https:\/\/encompaniastj.org\/pt-pt\/#website","url":"https:\/\/encompaniastj.org\/pt-pt\/","name":"En Compa\u00f1\u00eda STJ","description":"Bolet\u00edn de la Compa\u00f1\u00eda de Santa Teresa de Jes\u00fas","publisher":{"@id":"https:\/\/encompaniastj.org\/pt-pt\/#organization"},"potentialAction":[{"@type":"SearchAction","target":{"@type":"EntryPoint","urlTemplate":"https:\/\/encompaniastj.org\/pt-pt\/?s={search_term_string}"},"query-input":{"@type":"PropertyValueSpecification","valueRequired":true,"valueName":"search_term_string"}}],"inLanguage":"pt-PT"},{"@type":"Organization","@id":"https:\/\/encompaniastj.org\/pt-pt\/#organization","name":"Compa\u00f1\u00eda de Santa Teresa de Jes\u00fas","url":"https:\/\/encompaniastj.org\/pt-pt\/","logo":{"@type":"ImageObject","inLanguage":"pt-PT","@id":"https:\/\/encompaniastj.org\/pt-pt\/#\/schema\/logo\/image\/","url":"https:\/\/encompaniastj.org\/wp-content\/uploads\/2025\/04\/logo_provincias02-1-3.png","contentUrl":"https:\/\/encompaniastj.org\/wp-content\/uploads\/2025\/04\/logo_provincias02-1-3.png","width":2368,"height":825,"caption":"Compa\u00f1\u00eda de Santa Teresa de Jes\u00fas"},"image":{"@id":"https:\/\/encompaniastj.org\/pt-pt\/#\/schema\/logo\/image\/"}},{"@type":"Person","@id":"https:\/\/encompaniastj.org\/pt-pt\/#\/schema\/person\/520e7ecc314793d40091993c2a02b651","name":"admin","image":{"@type":"ImageObject","inLanguage":"pt-PT","@id":"https:\/\/secure.gravatar.com\/avatar\/948b492cce32b586ac2db0eaa926ee87024f7afe218d73b397ea5ddfc5f43ea1?s=96&d=mm&r=g","url":"https:\/\/secure.gravatar.com\/avatar\/948b492cce32b586ac2db0eaa926ee87024f7afe218d73b397ea5ddfc5f43ea1?s=96&d=mm&r=g","contentUrl":"https:\/\/secure.gravatar.com\/avatar\/948b492cce32b586ac2db0eaa926ee87024f7afe218d73b397ea5ddfc5f43ea1?s=96&d=mm&r=g","caption":"admin"},"sameAs":["https:\/\/encompaniastj.org"],"url":"https:\/\/encompaniastj.org\/pt-pt\/author\/sjdigital\/"}]}},"_links":{"self":[{"href":"https:\/\/encompaniastj.org\/pt-pt\/wp-json\/wp\/v2\/posts\/13755","targetHints":{"allow":["GET"]}}],"collection":[{"href":"https:\/\/encompaniastj.org\/pt-pt\/wp-json\/wp\/v2\/posts"}],"about":[{"href":"https:\/\/encompaniastj.org\/pt-pt\/wp-json\/wp\/v2\/types\/post"}],"author":[{"embeddable":true,"href":"https:\/\/encompaniastj.org\/pt-pt\/wp-json\/wp\/v2\/users\/1"}],"replies":[{"embeddable":true,"href":"https:\/\/encompaniastj.org\/pt-pt\/wp-json\/wp\/v2\/comments?post=13755"}],"version-history":[{"count":0,"href":"https:\/\/encompaniastj.org\/pt-pt\/wp-json\/wp\/v2\/posts\/13755\/revisions"}],"wp:featuredmedia":[{"embeddable":true,"href":"https:\/\/encompaniastj.org\/pt-pt\/wp-json\/wp\/v2\/media\/8507"}],"wp:attachment":[{"href":"https:\/\/encompaniastj.org\/pt-pt\/wp-json\/wp\/v2\/media?parent=13755"}],"wp:term":[{"taxonomy":"category","embeddable":true,"href":"https:\/\/encompaniastj.org\/pt-pt\/wp-json\/wp\/v2\/categories?post=13755"},{"taxonomy":"post_tag","embeddable":true,"href":"https:\/\/encompaniastj.org\/pt-pt\/wp-json\/wp\/v2\/tags?post=13755"}],"curies":[{"name":"wp","href":"https:\/\/api.w.org\/{rel}","templated":true}]}}