{"id":13745,"date":"2022-05-19T07:27:23","date_gmt":"2022-05-19T05:27:23","guid":{"rendered":"https:\/\/encompaniastj.org\/abre-uma-fenda\/"},"modified":"2025-10-14T08:56:31","modified_gmt":"2025-10-14T06:56:31","slug":"abre-uma-fenda","status":"publish","type":"post","link":"https:\/\/encompaniastj.org\/pt-pt\/abre-uma-fenda\/","title":{"rendered":"ABRE UMA FENDA"},"content":{"rendered":"<p>S\u00e3o tantas as imagens que continuamos a ver nestes dias de destrui\u00e7\u00e3o nas v\u00e1rias cidades ucranianas devastadas pela guerra que nos fazem pensar quando \u00e9 que este conflito vai acabar e como \u00e9 que tantos estragos podem ser reconstru\u00eddos&#8230; Edif\u00edcios ainda de p\u00e9 praticamente s\u00f3 com as suas estruturas vis\u00edveis, paredes e pisos cheios de fissuras, estradas e pontes destru\u00eddas&#8230; e sobretudo fam\u00edlias e pessoas com tantos estragos hoje e talvez com sequelas inimagin\u00e1veis amanh\u00e3.<\/p>\n<p>Uma fenda \u00e9 <em>uma reentr\u00e2ncia alongada feita na terra ou em qualquer corpo s\u00f3lido<\/em>. E tamb\u00e9m <em>a dificuldade ou desacordo que amea\u00e7a a solidez ou a unidade de alguma coisa<\/em>, diz o dicion\u00e1rio. E acontece devido a tens\u00f5es, infiltra\u00e7\u00f5es de \u00e1gua, movimentos do solo argiloso, funda\u00e7\u00f5es mal concebidas para o tipo de solo e as cargas existentes, deteriora\u00e7\u00e3o e danos devidos a factores externos&#8230; \u00e9 necess\u00e1rio procurar as causas para intervir e evitar danos maiores.  <\/p>\n<p>Eu vivia numa casa com fissuras nas paredes, no ch\u00e3o e no teto que tinham deslocado portas e janelas. A casa foi constru\u00edda sobre barro expansivo que foi movimentando o edif\u00edcio e, embora n\u00e3o houvesse perigo iminente com esta les\u00e3o estrutural do edif\u00edcio, exigia uma solu\u00e7\u00e3o que, de uma forma ou de outra, era dispendiosa e, embora estudada, a sua interven\u00e7\u00e3o foi adiada. O h\u00e1bito fez com que s\u00f3 impressionasse quem entrava no edif\u00edcio pela primeira vez, os forasteiros&#8230; enquanto isso, a vida continuava a aproveitar essas brechas para procurar a luz e o futuro.  <\/p>\n<p>S\u00e3o sempre um sinal de alerta e, por isso, a profundidade, a inclina\u00e7\u00e3o, o tempo, o comprimento, a largura&#8230; devem ser analisados e reparados.<\/p>\n<p>Ou devemos aproveitar este momento do processo em que temos consci\u00eancia desta ferida, para procurar a luz e promover a vida e a sa\u00fade? Uma can\u00e7\u00e3o de Leonard Cohen fala justamente disso, que todos n\u00f3s temos fendas: <em>h\u00e1 uma fenda em tudo&#8230; \u00e9 por a\u00ed que a luz entra.<\/em> <\/p>\n<p>E outra can\u00e7\u00e3o do grupo <em>IXC\u00cdS <\/em>pede que a abras para procurar ajuda e transforma\u00e7\u00e3o:  <em>Esp\u00edrito, abre uma fenda na minha alma adormecida, transforma-a numa alma nova. Esp\u00edrito do Deus da vida. Esp\u00edrito, acende um fogo para cada cadeira que impede a minha entrega. Esp\u00edrito, que eu te sinta bem perto.   <\/em><\/p>\n<p>Abrir uma <em>fenda<\/em> \u00e9 <em>abrir<\/em>&#8230; costumamos dizer <em>fender<\/em>, que \u00e9 a mesma coisa, <em>abrir fendas ou fissuras<\/em>. Talvez dev\u00eassemos insistir neste pedido, sempre para que a luz entre, as feridas se curem e a vida se renove. <\/p>\n<p><em>Em todos os lugares onde h\u00e1 gestos avassaladores de humanidade, h\u00e1 pessoas consagradas que est\u00e3o a significar a sua identidade como totalidade para Deus. Est\u00e3o na Ucr\u00e2nia, na fronteira da guerra, em todo o Mediterr\u00e2neo, em in\u00fameros campos de refugiados, na fronteira do M\u00e9xico com os EUA, no Haiti, no Brasil, na Col\u00f4mbia&#8230; em toda a Am\u00e9rica Latina, em \u00c1frica e na \u00c1sia. Em tantas cidades da Europa onde h\u00e1 mulheres e homens decididos a dizer Deus de uma forma nova com as suas vidas&#8230; \u00e9 uma quest\u00e3o de assumir, como parte da identidade, a mudan\u00e7a.  <\/em>[<a href=\"#_ftn1\" name=\"_ftnref1\">1]<\/a>&#8230; assumir as fendas, pedir, para essa transforma\u00e7\u00e3o, para <em>abrir uma fenda <\/em>. E deixa a luz entrar. E com estes gestos de humanidade, que nas\u00e7a uma nova vida.   <em>Isabel del Valle<\/em><\/p>\n<p>[<a href=\"#_ftnref1\" name=\"_ftn1\">1]<\/a> Luis A. Gonzalo D\u00edez. VR maio de 2022 <\/p>\n<p>&nbsp;<\/p>\n<p><iframe loading=\"lazy\" title=\"Abre una Grieta\" width=\"1080\" height=\"810\" src=\"https:\/\/www.youtube.com\/embed\/aMJVVuq6-bI?feature=oembed\"  allow=\"accelerometer; autoplay; clipboard-write; encrypted-media; gyroscope; picture-in-picture; web-share\" referrerpolicy=\"strict-origin-when-cross-origin\" allowfullscreen><\/iframe><\/p>\n","protected":false},"excerpt":{"rendered":"<p>S\u00e3o tantas as imagens que continuamos a ver nestes dias de destrui\u00e7\u00e3o nas v\u00e1rias cidades ucranianas devastadas pela guerra que nos fazem pensar quando \u00e9 que este conflito vai acabar [&hellip;]<\/p>\n","protected":false},"author":1,"featured_media":7926,"comment_status":"open","ping_status":"open","sticky":false,"template":"","format":"standard","meta":{"_acf_changed":false,"footnotes":""},"categories":[77],"tags":[],"class_list":["post-13745","post","type-post","status-publish","format-standard","has-post-thumbnail","hentry","category-palabras"],"acf":[],"yoast_head":"<!-- This site is optimized with the Yoast SEO plugin v27.5 - https:\/\/yoast.com\/product\/yoast-seo-wordpress\/ -->\n<title>ABRE UMA FENDA - En Compa\u00f1\u00eda STJ<\/title>\n<meta name=\"robots\" content=\"index, follow, max-snippet:-1, max-image-preview:large, max-video-preview:-1\" \/>\n<link rel=\"canonical\" href=\"https:\/\/encompaniastj.org\/pt-pt\/abre-uma-fenda\/\" \/>\n<meta property=\"og:locale\" content=\"pt_PT\" \/>\n<meta property=\"og:type\" content=\"article\" \/>\n<meta property=\"og:title\" content=\"ABRE UMA FENDA - En Compa\u00f1\u00eda STJ\" \/>\n<meta property=\"og:description\" content=\"S\u00e3o tantas as imagens que continuamos a ver nestes dias de destrui\u00e7\u00e3o nas v\u00e1rias cidades ucranianas devastadas pela guerra que nos fazem pensar quando \u00e9 que este conflito vai acabar [&hellip;]\" \/>\n<meta property=\"og:url\" content=\"https:\/\/encompaniastj.org\/pt-pt\/abre-uma-fenda\/\" \/>\n<meta property=\"og:site_name\" content=\"En Compa\u00f1\u00eda STJ\" \/>\n<meta property=\"article:published_time\" content=\"2022-05-19T05:27:23+00:00\" \/>\n<meta property=\"article:modified_time\" content=\"2025-10-14T06:56:31+00:00\" \/>\n<meta property=\"og:image\" content=\"https:\/\/encompaniastj.org\/wp-content\/uploads\/2025\/05\/Flor-grieta-pared.jpg\" \/>\n\t<meta property=\"og:image:width\" content=\"1300\" \/>\n\t<meta property=\"og:image:height\" content=\"957\" \/>\n\t<meta property=\"og:image:type\" content=\"image\/jpeg\" \/>\n<meta name=\"author\" content=\"admin\" \/>\n<meta name=\"twitter:card\" content=\"summary_large_image\" \/>\n<meta name=\"twitter:label1\" content=\"Escrito por\" \/>\n\t<meta name=\"twitter:data1\" content=\"admin\" \/>\n\t<meta name=\"twitter:label2\" content=\"Tempo estimado de leitura\" \/>\n\t<meta name=\"twitter:data2\" content=\"3 minutos\" \/>\n<script type=\"application\/ld+json\" class=\"yoast-schema-graph\">{\"@context\":\"https:\\\/\\\/schema.org\",\"@graph\":[{\"@type\":\"Article\",\"@id\":\"https:\\\/\\\/encompaniastj.org\\\/pt-pt\\\/abre-uma-fenda\\\/#article\",\"isPartOf\":{\"@id\":\"https:\\\/\\\/encompaniastj.org\\\/pt-pt\\\/abre-uma-fenda\\\/\"},\"author\":{\"name\":\"admin\",\"@id\":\"https:\\\/\\\/encompaniastj.org\\\/pt-pt\\\/#\\\/schema\\\/person\\\/520e7ecc314793d40091993c2a02b651\"},\"headline\":\"ABRE UMA FENDA\",\"datePublished\":\"2022-05-19T05:27:23+00:00\",\"dateModified\":\"2025-10-14T06:56:31+00:00\",\"mainEntityOfPage\":{\"@id\":\"https:\\\/\\\/encompaniastj.org\\\/pt-pt\\\/abre-uma-fenda\\\/\"},\"wordCount\":599,\"commentCount\":0,\"publisher\":{\"@id\":\"https:\\\/\\\/encompaniastj.org\\\/pt-pt\\\/#organization\"},\"image\":{\"@id\":\"https:\\\/\\\/encompaniastj.org\\\/pt-pt\\\/abre-uma-fenda\\\/#primaryimage\"},\"thumbnailUrl\":\"https:\\\/\\\/encompaniastj.org\\\/wp-content\\\/uploads\\\/2025\\\/05\\\/Flor-grieta-pared.jpg\",\"articleSection\":[\"Palabras\"],\"inLanguage\":\"pt-PT\",\"potentialAction\":[{\"@type\":\"CommentAction\",\"name\":\"Comment\",\"target\":[\"https:\\\/\\\/encompaniastj.org\\\/pt-pt\\\/abre-uma-fenda\\\/#respond\"]}]},{\"@type\":\"WebPage\",\"@id\":\"https:\\\/\\\/encompaniastj.org\\\/pt-pt\\\/abre-uma-fenda\\\/\",\"url\":\"https:\\\/\\\/encompaniastj.org\\\/pt-pt\\\/abre-uma-fenda\\\/\",\"name\":\"ABRE UMA FENDA - En Compa\u00f1\u00eda STJ\",\"isPartOf\":{\"@id\":\"https:\\\/\\\/encompaniastj.org\\\/pt-pt\\\/#website\"},\"primaryImageOfPage\":{\"@id\":\"https:\\\/\\\/encompaniastj.org\\\/pt-pt\\\/abre-uma-fenda\\\/#primaryimage\"},\"image\":{\"@id\":\"https:\\\/\\\/encompaniastj.org\\\/pt-pt\\\/abre-uma-fenda\\\/#primaryimage\"},\"thumbnailUrl\":\"https:\\\/\\\/encompaniastj.org\\\/wp-content\\\/uploads\\\/2025\\\/05\\\/Flor-grieta-pared.jpg\",\"datePublished\":\"2022-05-19T05:27:23+00:00\",\"dateModified\":\"2025-10-14T06:56:31+00:00\",\"breadcrumb\":{\"@id\":\"https:\\\/\\\/encompaniastj.org\\\/pt-pt\\\/abre-uma-fenda\\\/#breadcrumb\"},\"inLanguage\":\"pt-PT\",\"potentialAction\":[{\"@type\":\"ReadAction\",\"target\":[\"https:\\\/\\\/encompaniastj.org\\\/pt-pt\\\/abre-uma-fenda\\\/\"]}]},{\"@type\":\"ImageObject\",\"inLanguage\":\"pt-PT\",\"@id\":\"https:\\\/\\\/encompaniastj.org\\\/pt-pt\\\/abre-uma-fenda\\\/#primaryimage\",\"url\":\"https:\\\/\\\/encompaniastj.org\\\/wp-content\\\/uploads\\\/2025\\\/05\\\/Flor-grieta-pared.jpg\",\"contentUrl\":\"https:\\\/\\\/encompaniastj.org\\\/wp-content\\\/uploads\\\/2025\\\/05\\\/Flor-grieta-pared.jpg\",\"width\":1300,\"height\":957},{\"@type\":\"BreadcrumbList\",\"@id\":\"https:\\\/\\\/encompaniastj.org\\\/pt-pt\\\/abre-uma-fenda\\\/#breadcrumb\",\"itemListElement\":[{\"@type\":\"ListItem\",\"position\":1,\"name\":\"Portada\",\"item\":\"https:\\\/\\\/encompaniastj.org\\\/pt-pt\\\/\"},{\"@type\":\"ListItem\",\"position\":2,\"name\":\"ABRE UMA FENDA\"}]},{\"@type\":\"WebSite\",\"@id\":\"https:\\\/\\\/encompaniastj.org\\\/pt-pt\\\/#website\",\"url\":\"https:\\\/\\\/encompaniastj.org\\\/pt-pt\\\/\",\"name\":\"En Compa\u00f1\u00eda STJ\",\"description\":\"Bolet\u00edn de la Compa\u00f1\u00eda de Santa Teresa de Jes\u00fas\",\"publisher\":{\"@id\":\"https:\\\/\\\/encompaniastj.org\\\/pt-pt\\\/#organization\"},\"potentialAction\":[{\"@type\":\"SearchAction\",\"target\":{\"@type\":\"EntryPoint\",\"urlTemplate\":\"https:\\\/\\\/encompaniastj.org\\\/pt-pt\\\/?s={search_term_string}\"},\"query-input\":{\"@type\":\"PropertyValueSpecification\",\"valueRequired\":true,\"valueName\":\"search_term_string\"}}],\"inLanguage\":\"pt-PT\"},{\"@type\":\"Organization\",\"@id\":\"https:\\\/\\\/encompaniastj.org\\\/pt-pt\\\/#organization\",\"name\":\"Compa\u00f1\u00eda de Santa Teresa de Jes\u00fas\",\"url\":\"https:\\\/\\\/encompaniastj.org\\\/pt-pt\\\/\",\"logo\":{\"@type\":\"ImageObject\",\"inLanguage\":\"pt-PT\",\"@id\":\"https:\\\/\\\/encompaniastj.org\\\/pt-pt\\\/#\\\/schema\\\/logo\\\/image\\\/\",\"url\":\"https:\\\/\\\/encompaniastj.org\\\/wp-content\\\/uploads\\\/2025\\\/04\\\/logo_provincias02-1-3.png\",\"contentUrl\":\"https:\\\/\\\/encompaniastj.org\\\/wp-content\\\/uploads\\\/2025\\\/04\\\/logo_provincias02-1-3.png\",\"width\":2368,\"height\":825,\"caption\":\"Compa\u00f1\u00eda de Santa Teresa de Jes\u00fas\"},\"image\":{\"@id\":\"https:\\\/\\\/encompaniastj.org\\\/pt-pt\\\/#\\\/schema\\\/logo\\\/image\\\/\"}},{\"@type\":\"Person\",\"@id\":\"https:\\\/\\\/encompaniastj.org\\\/pt-pt\\\/#\\\/schema\\\/person\\\/520e7ecc314793d40091993c2a02b651\",\"name\":\"admin\",\"image\":{\"@type\":\"ImageObject\",\"inLanguage\":\"pt-PT\",\"@id\":\"https:\\\/\\\/secure.gravatar.com\\\/avatar\\\/948b492cce32b586ac2db0eaa926ee87024f7afe218d73b397ea5ddfc5f43ea1?s=96&d=mm&r=g\",\"url\":\"https:\\\/\\\/secure.gravatar.com\\\/avatar\\\/948b492cce32b586ac2db0eaa926ee87024f7afe218d73b397ea5ddfc5f43ea1?s=96&d=mm&r=g\",\"contentUrl\":\"https:\\\/\\\/secure.gravatar.com\\\/avatar\\\/948b492cce32b586ac2db0eaa926ee87024f7afe218d73b397ea5ddfc5f43ea1?s=96&d=mm&r=g\",\"caption\":\"admin\"},\"sameAs\":[\"https:\\\/\\\/encompaniastj.org\"],\"url\":\"https:\\\/\\\/encompaniastj.org\\\/pt-pt\\\/author\\\/sjdigital\\\/\"}]}<\/script>\n<!-- \/ Yoast SEO plugin. -->","yoast_head_json":{"title":"ABRE UMA FENDA - En Compa\u00f1\u00eda STJ","robots":{"index":"index","follow":"follow","max-snippet":"max-snippet:-1","max-image-preview":"max-image-preview:large","max-video-preview":"max-video-preview:-1"},"canonical":"https:\/\/encompaniastj.org\/pt-pt\/abre-uma-fenda\/","og_locale":"pt_PT","og_type":"article","og_title":"ABRE UMA FENDA - En Compa\u00f1\u00eda STJ","og_description":"S\u00e3o tantas as imagens que continuamos a ver nestes dias de destrui\u00e7\u00e3o nas v\u00e1rias cidades ucranianas devastadas pela guerra que nos fazem pensar quando \u00e9 que este conflito vai acabar [&hellip;]","og_url":"https:\/\/encompaniastj.org\/pt-pt\/abre-uma-fenda\/","og_site_name":"En Compa\u00f1\u00eda STJ","article_published_time":"2022-05-19T05:27:23+00:00","article_modified_time":"2025-10-14T06:56:31+00:00","og_image":[{"width":1300,"height":957,"url":"https:\/\/encompaniastj.org\/wp-content\/uploads\/2025\/05\/Flor-grieta-pared.jpg","type":"image\/jpeg"}],"author":"admin","twitter_card":"summary_large_image","twitter_misc":{"Escrito por":"admin","Tempo estimado de leitura":"3 minutos"},"schema":{"@context":"https:\/\/schema.org","@graph":[{"@type":"Article","@id":"https:\/\/encompaniastj.org\/pt-pt\/abre-uma-fenda\/#article","isPartOf":{"@id":"https:\/\/encompaniastj.org\/pt-pt\/abre-uma-fenda\/"},"author":{"name":"admin","@id":"https:\/\/encompaniastj.org\/pt-pt\/#\/schema\/person\/520e7ecc314793d40091993c2a02b651"},"headline":"ABRE UMA FENDA","datePublished":"2022-05-19T05:27:23+00:00","dateModified":"2025-10-14T06:56:31+00:00","mainEntityOfPage":{"@id":"https:\/\/encompaniastj.org\/pt-pt\/abre-uma-fenda\/"},"wordCount":599,"commentCount":0,"publisher":{"@id":"https:\/\/encompaniastj.org\/pt-pt\/#organization"},"image":{"@id":"https:\/\/encompaniastj.org\/pt-pt\/abre-uma-fenda\/#primaryimage"},"thumbnailUrl":"https:\/\/encompaniastj.org\/wp-content\/uploads\/2025\/05\/Flor-grieta-pared.jpg","articleSection":["Palabras"],"inLanguage":"pt-PT","potentialAction":[{"@type":"CommentAction","name":"Comment","target":["https:\/\/encompaniastj.org\/pt-pt\/abre-uma-fenda\/#respond"]}]},{"@type":"WebPage","@id":"https:\/\/encompaniastj.org\/pt-pt\/abre-uma-fenda\/","url":"https:\/\/encompaniastj.org\/pt-pt\/abre-uma-fenda\/","name":"ABRE UMA FENDA - En Compa\u00f1\u00eda STJ","isPartOf":{"@id":"https:\/\/encompaniastj.org\/pt-pt\/#website"},"primaryImageOfPage":{"@id":"https:\/\/encompaniastj.org\/pt-pt\/abre-uma-fenda\/#primaryimage"},"image":{"@id":"https:\/\/encompaniastj.org\/pt-pt\/abre-uma-fenda\/#primaryimage"},"thumbnailUrl":"https:\/\/encompaniastj.org\/wp-content\/uploads\/2025\/05\/Flor-grieta-pared.jpg","datePublished":"2022-05-19T05:27:23+00:00","dateModified":"2025-10-14T06:56:31+00:00","breadcrumb":{"@id":"https:\/\/encompaniastj.org\/pt-pt\/abre-uma-fenda\/#breadcrumb"},"inLanguage":"pt-PT","potentialAction":[{"@type":"ReadAction","target":["https:\/\/encompaniastj.org\/pt-pt\/abre-uma-fenda\/"]}]},{"@type":"ImageObject","inLanguage":"pt-PT","@id":"https:\/\/encompaniastj.org\/pt-pt\/abre-uma-fenda\/#primaryimage","url":"https:\/\/encompaniastj.org\/wp-content\/uploads\/2025\/05\/Flor-grieta-pared.jpg","contentUrl":"https:\/\/encompaniastj.org\/wp-content\/uploads\/2025\/05\/Flor-grieta-pared.jpg","width":1300,"height":957},{"@type":"BreadcrumbList","@id":"https:\/\/encompaniastj.org\/pt-pt\/abre-uma-fenda\/#breadcrumb","itemListElement":[{"@type":"ListItem","position":1,"name":"Portada","item":"https:\/\/encompaniastj.org\/pt-pt\/"},{"@type":"ListItem","position":2,"name":"ABRE UMA FENDA"}]},{"@type":"WebSite","@id":"https:\/\/encompaniastj.org\/pt-pt\/#website","url":"https:\/\/encompaniastj.org\/pt-pt\/","name":"En Compa\u00f1\u00eda STJ","description":"Bolet\u00edn de la Compa\u00f1\u00eda de Santa Teresa de Jes\u00fas","publisher":{"@id":"https:\/\/encompaniastj.org\/pt-pt\/#organization"},"potentialAction":[{"@type":"SearchAction","target":{"@type":"EntryPoint","urlTemplate":"https:\/\/encompaniastj.org\/pt-pt\/?s={search_term_string}"},"query-input":{"@type":"PropertyValueSpecification","valueRequired":true,"valueName":"search_term_string"}}],"inLanguage":"pt-PT"},{"@type":"Organization","@id":"https:\/\/encompaniastj.org\/pt-pt\/#organization","name":"Compa\u00f1\u00eda de Santa Teresa de Jes\u00fas","url":"https:\/\/encompaniastj.org\/pt-pt\/","logo":{"@type":"ImageObject","inLanguage":"pt-PT","@id":"https:\/\/encompaniastj.org\/pt-pt\/#\/schema\/logo\/image\/","url":"https:\/\/encompaniastj.org\/wp-content\/uploads\/2025\/04\/logo_provincias02-1-3.png","contentUrl":"https:\/\/encompaniastj.org\/wp-content\/uploads\/2025\/04\/logo_provincias02-1-3.png","width":2368,"height":825,"caption":"Compa\u00f1\u00eda de Santa Teresa de Jes\u00fas"},"image":{"@id":"https:\/\/encompaniastj.org\/pt-pt\/#\/schema\/logo\/image\/"}},{"@type":"Person","@id":"https:\/\/encompaniastj.org\/pt-pt\/#\/schema\/person\/520e7ecc314793d40091993c2a02b651","name":"admin","image":{"@type":"ImageObject","inLanguage":"pt-PT","@id":"https:\/\/secure.gravatar.com\/avatar\/948b492cce32b586ac2db0eaa926ee87024f7afe218d73b397ea5ddfc5f43ea1?s=96&d=mm&r=g","url":"https:\/\/secure.gravatar.com\/avatar\/948b492cce32b586ac2db0eaa926ee87024f7afe218d73b397ea5ddfc5f43ea1?s=96&d=mm&r=g","contentUrl":"https:\/\/secure.gravatar.com\/avatar\/948b492cce32b586ac2db0eaa926ee87024f7afe218d73b397ea5ddfc5f43ea1?s=96&d=mm&r=g","caption":"admin"},"sameAs":["https:\/\/encompaniastj.org"],"url":"https:\/\/encompaniastj.org\/pt-pt\/author\/sjdigital\/"}]}},"_links":{"self":[{"href":"https:\/\/encompaniastj.org\/pt-pt\/wp-json\/wp\/v2\/posts\/13745","targetHints":{"allow":["GET"]}}],"collection":[{"href":"https:\/\/encompaniastj.org\/pt-pt\/wp-json\/wp\/v2\/posts"}],"about":[{"href":"https:\/\/encompaniastj.org\/pt-pt\/wp-json\/wp\/v2\/types\/post"}],"author":[{"embeddable":true,"href":"https:\/\/encompaniastj.org\/pt-pt\/wp-json\/wp\/v2\/users\/1"}],"replies":[{"embeddable":true,"href":"https:\/\/encompaniastj.org\/pt-pt\/wp-json\/wp\/v2\/comments?post=13745"}],"version-history":[{"count":1,"href":"https:\/\/encompaniastj.org\/pt-pt\/wp-json\/wp\/v2\/posts\/13745\/revisions"}],"predecessor-version":[{"id":13751,"href":"https:\/\/encompaniastj.org\/pt-pt\/wp-json\/wp\/v2\/posts\/13745\/revisions\/13751"}],"wp:featuredmedia":[{"embeddable":true,"href":"https:\/\/encompaniastj.org\/pt-pt\/wp-json\/wp\/v2\/media\/7926"}],"wp:attachment":[{"href":"https:\/\/encompaniastj.org\/pt-pt\/wp-json\/wp\/v2\/media?parent=13745"}],"wp:term":[{"taxonomy":"category","embeddable":true,"href":"https:\/\/encompaniastj.org\/pt-pt\/wp-json\/wp\/v2\/categories?post=13745"},{"taxonomy":"post_tag","embeddable":true,"href":"https:\/\/encompaniastj.org\/pt-pt\/wp-json\/wp\/v2\/tags?post=13745"}],"curies":[{"name":"wp","href":"https:\/\/api.w.org\/{rel}","templated":true}]}}