{"id":13744,"date":"2022-05-16T08:29:51","date_gmt":"2022-05-16T06:29:51","guid":{"rendered":"https:\/\/encompaniastj.org\/josefina-talarn-figols-15-de-maio-de-2022-jesus-tortosa\/"},"modified":"2025-10-14T08:56:27","modified_gmt":"2025-10-14T06:56:27","slug":"josefina-talarn-figols-15-de-maio-de-2022-jesus-tortosa","status":"publish","type":"post","link":"https:\/\/encompaniastj.org\/pt-pt\/josefina-talarn-figols-15-de-maio-de-2022-jesus-tortosa\/","title":{"rendered":"Josefina Talarn F\u00edgols. 15 de maio de 2022 (Jes\u00fas-Tortosa)"},"content":{"rendered":"<p>A Ir. Josefina Talarn F\u00edgols nasceu em Jes\u00fas (Tortosa) a 20 de agosto de 1935. Era a quarta filha de uma fam\u00edlia trabalhadora e de profunda f\u00e9.  <\/p>\n<p>Desde muito jovem esteve em contacto com as Irm\u00e3s Teresianas do Noviciado. Trabalha com elas como peticion\u00e1ria. A\u00ed conheceu a Irm\u00e3 Maximina com quem colaborou no servi\u00e7o da casa e de quem guardou sempre uma grande recorda\u00e7\u00e3o e uma n\u00e3o menos grande gratid\u00e3o.   <\/p>\n<p>A 14 de outubro de 1957, Josefina entrou no Noviciado dos Jesu\u00edtas em Jesus, onde emitiu os primeiros votos a 4 de maio de 1960. De l\u00e1, vai viver durante um ano em Barcelona - Casa Madre, e depois para o col\u00e9gio de Sarago\u00e7a, Calle Zurita. Em 1964, foi destinada ao col\u00e9gio da Calle Mayor, em Pamplona, onde fez a profiss\u00e3o perp\u00e9tua em 1965.  <\/p>\n<p>Em 1971 \u00e9 enviada para o col\u00e9gio de Val\u00eancia, no col\u00e9gio da rua Cirilo Amor\u00f3s. Em 1976 mudou-se para o col\u00e9gio de Vedat de Torrent (Val\u00eancia) e a\u00ed viveu at\u00e9 1995, altura em que foi colocada no col\u00e9gio de Tortosa, e em 2015 no col\u00e9gio Jes\u00fas-Residencia de Hermanas. <\/p>\n<p>Foi sempre uma pessoa acolhedora e trabalhadora, apesar de ter tido de sofrer de v\u00e1rias doen\u00e7as graves durante muitos anos da sua vida.<\/p>\n<p>As crian\u00e7as eram as suas preferidas. Tinha sempre na mem\u00f3ria e no cora\u00e7\u00e3o todos os pequeninos de quem tinha cuidado nos recreios e nos alpendres das escolas onde tinha vivido. Lembrava-se dos seus nomes e tamb\u00e9m das hist\u00f3rias engra\u00e7adas que tinha partilhado com eles. Outras pessoas muito queridas para Josefina, para al\u00e9m das irm\u00e3s com quem viveu, foram os trabalhadores com quem partilhou servi\u00e7os nas escolas. Tamb\u00e9m os professores, com quem sempre manteve uma rela\u00e7\u00e3o muito cordial. Passou muitas horas na rece\u00e7\u00e3o das escolas, onde teve a oportunidade de conhecer e poder ajudar muitas vezes as pessoas que vinham aos centros ou que neles trabalhavam. Era uma irm\u00e3 amada por todos os que a conheciam.      <\/p>\n<p>Outro lugar importante na sua vida era ocupado pela sua fam\u00edlia, a quem amava muito e por quem tamb\u00e9m se sentia muito querida.<\/p>\n<p>A Ir. Josefina tinha um sentido de humor muito fino. Os seus coment\u00e1rios, que recordamos com carinho, faziam sorrir as pessoas com quem se relacionava.  <\/p>\n<p>Como boa tortosense, tinha um grande amor \u00e0 Virgen de la Cinta, padroeira da cidade de Tortosa. Josefina est\u00e1 agora com Deus e com a Virgem, que tanto invocou nos seus \u00faltimos dias. <\/p>\n","protected":false},"excerpt":{"rendered":"<p>A Ir. Josefina Talarn F\u00edgols nasceu em Jes\u00fas (Tortosa) a 20 de agosto de 1935. Era a quarta filha de uma fam\u00edlia trabalhadora e de profunda f\u00e9. Desde muito jovem [&hellip;]<\/p>\n","protected":false},"author":1,"featured_media":7925,"comment_status":"open","ping_status":"open","sticky":false,"template":"","format":"standard","meta":{"_acf_changed":false,"footnotes":""},"categories":[63],"tags":[],"class_list":["post-13744","post","type-post","status-publish","format-standard","has-post-thumbnail","hentry","category-fallecimientos"],"acf":[],"yoast_head":"<!-- This site is optimized with the Yoast SEO plugin v27.5 - https:\/\/yoast.com\/product\/yoast-seo-wordpress\/ -->\n<title>Josefina Talarn F\u00edgols. 15 de maio de 2022 (Jes\u00fas-Tortosa) - En Compa\u00f1\u00eda STJ<\/title>\n<meta name=\"robots\" content=\"index, follow, max-snippet:-1, max-image-preview:large, max-video-preview:-1\" \/>\n<link rel=\"canonical\" href=\"https:\/\/encompaniastj.org\/pt-pt\/josefina-talarn-figols-15-de-maio-de-2022-jesus-tortosa\/\" \/>\n<meta property=\"og:locale\" content=\"pt_PT\" \/>\n<meta property=\"og:type\" content=\"article\" \/>\n<meta property=\"og:title\" content=\"Josefina Talarn F\u00edgols. 15 de maio de 2022 (Jes\u00fas-Tortosa) - En Compa\u00f1\u00eda STJ\" \/>\n<meta property=\"og:description\" content=\"A Ir. Josefina Talarn F\u00edgols nasceu em Jes\u00fas (Tortosa) a 20 de agosto de 1935. Era a quarta filha de uma fam\u00edlia trabalhadora e de profunda f\u00e9. Desde muito jovem [&hellip;]\" \/>\n<meta property=\"og:url\" content=\"https:\/\/encompaniastj.org\/pt-pt\/josefina-talarn-figols-15-de-maio-de-2022-jesus-tortosa\/\" \/>\n<meta property=\"og:site_name\" content=\"En Compa\u00f1\u00eda STJ\" \/>\n<meta property=\"article:published_time\" content=\"2022-05-16T06:29:51+00:00\" \/>\n<meta property=\"article:modified_time\" content=\"2025-10-14T06:56:27+00:00\" \/>\n<meta property=\"og:image\" content=\"https:\/\/encompaniastj.org\/wp-content\/uploads\/2025\/05\/amapolas.jpg\" \/>\n\t<meta property=\"og:image:width\" content=\"1280\" \/>\n\t<meta property=\"og:image:height\" content=\"845\" \/>\n\t<meta property=\"og:image:type\" content=\"image\/jpeg\" \/>\n<meta name=\"author\" content=\"admin\" \/>\n<meta name=\"twitter:card\" content=\"summary_large_image\" \/>\n<meta name=\"twitter:label1\" content=\"Escrito por\" \/>\n\t<meta name=\"twitter:data1\" content=\"admin\" \/>\n\t<meta name=\"twitter:label2\" content=\"Tempo estimado de leitura\" \/>\n\t<meta name=\"twitter:data2\" content=\"2 minutos\" \/>\n<script type=\"application\/ld+json\" class=\"yoast-schema-graph\">{\"@context\":\"https:\\\/\\\/schema.org\",\"@graph\":[{\"@type\":\"Article\",\"@id\":\"https:\\\/\\\/encompaniastj.org\\\/pt-pt\\\/josefina-talarn-figols-15-de-maio-de-2022-jesus-tortosa\\\/#article\",\"isPartOf\":{\"@id\":\"https:\\\/\\\/encompaniastj.org\\\/pt-pt\\\/josefina-talarn-figols-15-de-maio-de-2022-jesus-tortosa\\\/\"},\"author\":{\"name\":\"admin\",\"@id\":\"https:\\\/\\\/encompaniastj.org\\\/pt-pt\\\/#\\\/schema\\\/person\\\/520e7ecc314793d40091993c2a02b651\"},\"headline\":\"Josefina Talarn F\u00edgols. 15 de maio de 2022 (Jes\u00fas-Tortosa)\",\"datePublished\":\"2022-05-16T06:29:51+00:00\",\"dateModified\":\"2025-10-14T06:56:27+00:00\",\"mainEntityOfPage\":{\"@id\":\"https:\\\/\\\/encompaniastj.org\\\/pt-pt\\\/josefina-talarn-figols-15-de-maio-de-2022-jesus-tortosa\\\/\"},\"wordCount\":437,\"commentCount\":0,\"publisher\":{\"@id\":\"https:\\\/\\\/encompaniastj.org\\\/pt-pt\\\/#organization\"},\"image\":{\"@id\":\"https:\\\/\\\/encompaniastj.org\\\/pt-pt\\\/josefina-talarn-figols-15-de-maio-de-2022-jesus-tortosa\\\/#primaryimage\"},\"thumbnailUrl\":\"https:\\\/\\\/encompaniastj.org\\\/wp-content\\\/uploads\\\/2025\\\/05\\\/amapolas.jpg\",\"articleSection\":[\"Fallecimientos\"],\"inLanguage\":\"pt-PT\",\"potentialAction\":[{\"@type\":\"CommentAction\",\"name\":\"Comment\",\"target\":[\"https:\\\/\\\/encompaniastj.org\\\/pt-pt\\\/josefina-talarn-figols-15-de-maio-de-2022-jesus-tortosa\\\/#respond\"]}]},{\"@type\":\"WebPage\",\"@id\":\"https:\\\/\\\/encompaniastj.org\\\/pt-pt\\\/josefina-talarn-figols-15-de-maio-de-2022-jesus-tortosa\\\/\",\"url\":\"https:\\\/\\\/encompaniastj.org\\\/pt-pt\\\/josefina-talarn-figols-15-de-maio-de-2022-jesus-tortosa\\\/\",\"name\":\"Josefina Talarn F\u00edgols. 15 de maio de 2022 (Jes\u00fas-Tortosa) - En Compa\u00f1\u00eda STJ\",\"isPartOf\":{\"@id\":\"https:\\\/\\\/encompaniastj.org\\\/pt-pt\\\/#website\"},\"primaryImageOfPage\":{\"@id\":\"https:\\\/\\\/encompaniastj.org\\\/pt-pt\\\/josefina-talarn-figols-15-de-maio-de-2022-jesus-tortosa\\\/#primaryimage\"},\"image\":{\"@id\":\"https:\\\/\\\/encompaniastj.org\\\/pt-pt\\\/josefina-talarn-figols-15-de-maio-de-2022-jesus-tortosa\\\/#primaryimage\"},\"thumbnailUrl\":\"https:\\\/\\\/encompaniastj.org\\\/wp-content\\\/uploads\\\/2025\\\/05\\\/amapolas.jpg\",\"datePublished\":\"2022-05-16T06:29:51+00:00\",\"dateModified\":\"2025-10-14T06:56:27+00:00\",\"breadcrumb\":{\"@id\":\"https:\\\/\\\/encompaniastj.org\\\/pt-pt\\\/josefina-talarn-figols-15-de-maio-de-2022-jesus-tortosa\\\/#breadcrumb\"},\"inLanguage\":\"pt-PT\",\"potentialAction\":[{\"@type\":\"ReadAction\",\"target\":[\"https:\\\/\\\/encompaniastj.org\\\/pt-pt\\\/josefina-talarn-figols-15-de-maio-de-2022-jesus-tortosa\\\/\"]}]},{\"@type\":\"ImageObject\",\"inLanguage\":\"pt-PT\",\"@id\":\"https:\\\/\\\/encompaniastj.org\\\/pt-pt\\\/josefina-talarn-figols-15-de-maio-de-2022-jesus-tortosa\\\/#primaryimage\",\"url\":\"https:\\\/\\\/encompaniastj.org\\\/wp-content\\\/uploads\\\/2025\\\/05\\\/amapolas.jpg\",\"contentUrl\":\"https:\\\/\\\/encompaniastj.org\\\/wp-content\\\/uploads\\\/2025\\\/05\\\/amapolas.jpg\",\"width\":1280,\"height\":845},{\"@type\":\"BreadcrumbList\",\"@id\":\"https:\\\/\\\/encompaniastj.org\\\/pt-pt\\\/josefina-talarn-figols-15-de-maio-de-2022-jesus-tortosa\\\/#breadcrumb\",\"itemListElement\":[{\"@type\":\"ListItem\",\"position\":1,\"name\":\"Portada\",\"item\":\"https:\\\/\\\/encompaniastj.org\\\/pt-pt\\\/\"},{\"@type\":\"ListItem\",\"position\":2,\"name\":\"Josefina Talarn F\u00edgols. 15 de maio de 2022 (Jes\u00fas-Tortosa)\"}]},{\"@type\":\"WebSite\",\"@id\":\"https:\\\/\\\/encompaniastj.org\\\/pt-pt\\\/#website\",\"url\":\"https:\\\/\\\/encompaniastj.org\\\/pt-pt\\\/\",\"name\":\"En Compa\u00f1\u00eda STJ\",\"description\":\"Bolet\u00edn de la Compa\u00f1\u00eda de Santa Teresa de Jes\u00fas\",\"publisher\":{\"@id\":\"https:\\\/\\\/encompaniastj.org\\\/pt-pt\\\/#organization\"},\"potentialAction\":[{\"@type\":\"SearchAction\",\"target\":{\"@type\":\"EntryPoint\",\"urlTemplate\":\"https:\\\/\\\/encompaniastj.org\\\/pt-pt\\\/?s={search_term_string}\"},\"query-input\":{\"@type\":\"PropertyValueSpecification\",\"valueRequired\":true,\"valueName\":\"search_term_string\"}}],\"inLanguage\":\"pt-PT\"},{\"@type\":\"Organization\",\"@id\":\"https:\\\/\\\/encompaniastj.org\\\/pt-pt\\\/#organization\",\"name\":\"Compa\u00f1\u00eda de Santa Teresa de Jes\u00fas\",\"url\":\"https:\\\/\\\/encompaniastj.org\\\/pt-pt\\\/\",\"logo\":{\"@type\":\"ImageObject\",\"inLanguage\":\"pt-PT\",\"@id\":\"https:\\\/\\\/encompaniastj.org\\\/pt-pt\\\/#\\\/schema\\\/logo\\\/image\\\/\",\"url\":\"https:\\\/\\\/encompaniastj.org\\\/wp-content\\\/uploads\\\/2025\\\/04\\\/logo_provincias02-1-3.png\",\"contentUrl\":\"https:\\\/\\\/encompaniastj.org\\\/wp-content\\\/uploads\\\/2025\\\/04\\\/logo_provincias02-1-3.png\",\"width\":2368,\"height\":825,\"caption\":\"Compa\u00f1\u00eda de Santa Teresa de Jes\u00fas\"},\"image\":{\"@id\":\"https:\\\/\\\/encompaniastj.org\\\/pt-pt\\\/#\\\/schema\\\/logo\\\/image\\\/\"}},{\"@type\":\"Person\",\"@id\":\"https:\\\/\\\/encompaniastj.org\\\/pt-pt\\\/#\\\/schema\\\/person\\\/520e7ecc314793d40091993c2a02b651\",\"name\":\"admin\",\"image\":{\"@type\":\"ImageObject\",\"inLanguage\":\"pt-PT\",\"@id\":\"https:\\\/\\\/secure.gravatar.com\\\/avatar\\\/948b492cce32b586ac2db0eaa926ee87024f7afe218d73b397ea5ddfc5f43ea1?s=96&d=mm&r=g\",\"url\":\"https:\\\/\\\/secure.gravatar.com\\\/avatar\\\/948b492cce32b586ac2db0eaa926ee87024f7afe218d73b397ea5ddfc5f43ea1?s=96&d=mm&r=g\",\"contentUrl\":\"https:\\\/\\\/secure.gravatar.com\\\/avatar\\\/948b492cce32b586ac2db0eaa926ee87024f7afe218d73b397ea5ddfc5f43ea1?s=96&d=mm&r=g\",\"caption\":\"admin\"},\"sameAs\":[\"https:\\\/\\\/encompaniastj.org\"],\"url\":\"https:\\\/\\\/encompaniastj.org\\\/pt-pt\\\/author\\\/sjdigital\\\/\"}]}<\/script>\n<!-- \/ Yoast SEO plugin. -->","yoast_head_json":{"title":"Josefina Talarn F\u00edgols. 15 de maio de 2022 (Jes\u00fas-Tortosa) - En Compa\u00f1\u00eda STJ","robots":{"index":"index","follow":"follow","max-snippet":"max-snippet:-1","max-image-preview":"max-image-preview:large","max-video-preview":"max-video-preview:-1"},"canonical":"https:\/\/encompaniastj.org\/pt-pt\/josefina-talarn-figols-15-de-maio-de-2022-jesus-tortosa\/","og_locale":"pt_PT","og_type":"article","og_title":"Josefina Talarn F\u00edgols. 15 de maio de 2022 (Jes\u00fas-Tortosa) - En Compa\u00f1\u00eda STJ","og_description":"A Ir. Josefina Talarn F\u00edgols nasceu em Jes\u00fas (Tortosa) a 20 de agosto de 1935. Era a quarta filha de uma fam\u00edlia trabalhadora e de profunda f\u00e9. Desde muito jovem [&hellip;]","og_url":"https:\/\/encompaniastj.org\/pt-pt\/josefina-talarn-figols-15-de-maio-de-2022-jesus-tortosa\/","og_site_name":"En Compa\u00f1\u00eda STJ","article_published_time":"2022-05-16T06:29:51+00:00","article_modified_time":"2025-10-14T06:56:27+00:00","og_image":[{"width":1280,"height":845,"url":"https:\/\/encompaniastj.org\/wp-content\/uploads\/2025\/05\/amapolas.jpg","type":"image\/jpeg"}],"author":"admin","twitter_card":"summary_large_image","twitter_misc":{"Escrito por":"admin","Tempo estimado de leitura":"2 minutos"},"schema":{"@context":"https:\/\/schema.org","@graph":[{"@type":"Article","@id":"https:\/\/encompaniastj.org\/pt-pt\/josefina-talarn-figols-15-de-maio-de-2022-jesus-tortosa\/#article","isPartOf":{"@id":"https:\/\/encompaniastj.org\/pt-pt\/josefina-talarn-figols-15-de-maio-de-2022-jesus-tortosa\/"},"author":{"name":"admin","@id":"https:\/\/encompaniastj.org\/pt-pt\/#\/schema\/person\/520e7ecc314793d40091993c2a02b651"},"headline":"Josefina Talarn F\u00edgols. 15 de maio de 2022 (Jes\u00fas-Tortosa)","datePublished":"2022-05-16T06:29:51+00:00","dateModified":"2025-10-14T06:56:27+00:00","mainEntityOfPage":{"@id":"https:\/\/encompaniastj.org\/pt-pt\/josefina-talarn-figols-15-de-maio-de-2022-jesus-tortosa\/"},"wordCount":437,"commentCount":0,"publisher":{"@id":"https:\/\/encompaniastj.org\/pt-pt\/#organization"},"image":{"@id":"https:\/\/encompaniastj.org\/pt-pt\/josefina-talarn-figols-15-de-maio-de-2022-jesus-tortosa\/#primaryimage"},"thumbnailUrl":"https:\/\/encompaniastj.org\/wp-content\/uploads\/2025\/05\/amapolas.jpg","articleSection":["Fallecimientos"],"inLanguage":"pt-PT","potentialAction":[{"@type":"CommentAction","name":"Comment","target":["https:\/\/encompaniastj.org\/pt-pt\/josefina-talarn-figols-15-de-maio-de-2022-jesus-tortosa\/#respond"]}]},{"@type":"WebPage","@id":"https:\/\/encompaniastj.org\/pt-pt\/josefina-talarn-figols-15-de-maio-de-2022-jesus-tortosa\/","url":"https:\/\/encompaniastj.org\/pt-pt\/josefina-talarn-figols-15-de-maio-de-2022-jesus-tortosa\/","name":"Josefina Talarn F\u00edgols. 15 de maio de 2022 (Jes\u00fas-Tortosa) - En Compa\u00f1\u00eda STJ","isPartOf":{"@id":"https:\/\/encompaniastj.org\/pt-pt\/#website"},"primaryImageOfPage":{"@id":"https:\/\/encompaniastj.org\/pt-pt\/josefina-talarn-figols-15-de-maio-de-2022-jesus-tortosa\/#primaryimage"},"image":{"@id":"https:\/\/encompaniastj.org\/pt-pt\/josefina-talarn-figols-15-de-maio-de-2022-jesus-tortosa\/#primaryimage"},"thumbnailUrl":"https:\/\/encompaniastj.org\/wp-content\/uploads\/2025\/05\/amapolas.jpg","datePublished":"2022-05-16T06:29:51+00:00","dateModified":"2025-10-14T06:56:27+00:00","breadcrumb":{"@id":"https:\/\/encompaniastj.org\/pt-pt\/josefina-talarn-figols-15-de-maio-de-2022-jesus-tortosa\/#breadcrumb"},"inLanguage":"pt-PT","potentialAction":[{"@type":"ReadAction","target":["https:\/\/encompaniastj.org\/pt-pt\/josefina-talarn-figols-15-de-maio-de-2022-jesus-tortosa\/"]}]},{"@type":"ImageObject","inLanguage":"pt-PT","@id":"https:\/\/encompaniastj.org\/pt-pt\/josefina-talarn-figols-15-de-maio-de-2022-jesus-tortosa\/#primaryimage","url":"https:\/\/encompaniastj.org\/wp-content\/uploads\/2025\/05\/amapolas.jpg","contentUrl":"https:\/\/encompaniastj.org\/wp-content\/uploads\/2025\/05\/amapolas.jpg","width":1280,"height":845},{"@type":"BreadcrumbList","@id":"https:\/\/encompaniastj.org\/pt-pt\/josefina-talarn-figols-15-de-maio-de-2022-jesus-tortosa\/#breadcrumb","itemListElement":[{"@type":"ListItem","position":1,"name":"Portada","item":"https:\/\/encompaniastj.org\/pt-pt\/"},{"@type":"ListItem","position":2,"name":"Josefina Talarn F\u00edgols. 15 de maio de 2022 (Jes\u00fas-Tortosa)"}]},{"@type":"WebSite","@id":"https:\/\/encompaniastj.org\/pt-pt\/#website","url":"https:\/\/encompaniastj.org\/pt-pt\/","name":"En Compa\u00f1\u00eda STJ","description":"Bolet\u00edn de la Compa\u00f1\u00eda de Santa Teresa de Jes\u00fas","publisher":{"@id":"https:\/\/encompaniastj.org\/pt-pt\/#organization"},"potentialAction":[{"@type":"SearchAction","target":{"@type":"EntryPoint","urlTemplate":"https:\/\/encompaniastj.org\/pt-pt\/?s={search_term_string}"},"query-input":{"@type":"PropertyValueSpecification","valueRequired":true,"valueName":"search_term_string"}}],"inLanguage":"pt-PT"},{"@type":"Organization","@id":"https:\/\/encompaniastj.org\/pt-pt\/#organization","name":"Compa\u00f1\u00eda de Santa Teresa de Jes\u00fas","url":"https:\/\/encompaniastj.org\/pt-pt\/","logo":{"@type":"ImageObject","inLanguage":"pt-PT","@id":"https:\/\/encompaniastj.org\/pt-pt\/#\/schema\/logo\/image\/","url":"https:\/\/encompaniastj.org\/wp-content\/uploads\/2025\/04\/logo_provincias02-1-3.png","contentUrl":"https:\/\/encompaniastj.org\/wp-content\/uploads\/2025\/04\/logo_provincias02-1-3.png","width":2368,"height":825,"caption":"Compa\u00f1\u00eda de Santa Teresa de Jes\u00fas"},"image":{"@id":"https:\/\/encompaniastj.org\/pt-pt\/#\/schema\/logo\/image\/"}},{"@type":"Person","@id":"https:\/\/encompaniastj.org\/pt-pt\/#\/schema\/person\/520e7ecc314793d40091993c2a02b651","name":"admin","image":{"@type":"ImageObject","inLanguage":"pt-PT","@id":"https:\/\/secure.gravatar.com\/avatar\/948b492cce32b586ac2db0eaa926ee87024f7afe218d73b397ea5ddfc5f43ea1?s=96&d=mm&r=g","url":"https:\/\/secure.gravatar.com\/avatar\/948b492cce32b586ac2db0eaa926ee87024f7afe218d73b397ea5ddfc5f43ea1?s=96&d=mm&r=g","contentUrl":"https:\/\/secure.gravatar.com\/avatar\/948b492cce32b586ac2db0eaa926ee87024f7afe218d73b397ea5ddfc5f43ea1?s=96&d=mm&r=g","caption":"admin"},"sameAs":["https:\/\/encompaniastj.org"],"url":"https:\/\/encompaniastj.org\/pt-pt\/author\/sjdigital\/"}]}},"_links":{"self":[{"href":"https:\/\/encompaniastj.org\/pt-pt\/wp-json\/wp\/v2\/posts\/13744","targetHints":{"allow":["GET"]}}],"collection":[{"href":"https:\/\/encompaniastj.org\/pt-pt\/wp-json\/wp\/v2\/posts"}],"about":[{"href":"https:\/\/encompaniastj.org\/pt-pt\/wp-json\/wp\/v2\/types\/post"}],"author":[{"embeddable":true,"href":"https:\/\/encompaniastj.org\/pt-pt\/wp-json\/wp\/v2\/users\/1"}],"replies":[{"embeddable":true,"href":"https:\/\/encompaniastj.org\/pt-pt\/wp-json\/wp\/v2\/comments?post=13744"}],"version-history":[{"count":1,"href":"https:\/\/encompaniastj.org\/pt-pt\/wp-json\/wp\/v2\/posts\/13744\/revisions"}],"predecessor-version":[{"id":13749,"href":"https:\/\/encompaniastj.org\/pt-pt\/wp-json\/wp\/v2\/posts\/13744\/revisions\/13749"}],"wp:featuredmedia":[{"embeddable":true,"href":"https:\/\/encompaniastj.org\/pt-pt\/wp-json\/wp\/v2\/media\/7925"}],"wp:attachment":[{"href":"https:\/\/encompaniastj.org\/pt-pt\/wp-json\/wp\/v2\/media?parent=13744"}],"wp:term":[{"taxonomy":"category","embeddable":true,"href":"https:\/\/encompaniastj.org\/pt-pt\/wp-json\/wp\/v2\/categories?post=13744"},{"taxonomy":"post_tag","embeddable":true,"href":"https:\/\/encompaniastj.org\/pt-pt\/wp-json\/wp\/v2\/tags?post=13744"}],"curies":[{"name":"wp","href":"https:\/\/api.w.org\/{rel}","templated":true}]}}