{"id":13743,"date":"2022-06-03T06:14:39","date_gmt":"2022-06-03T04:14:39","guid":{"rendered":"https:\/\/encompaniastj.org\/bonavista-e-gaudi-tornam-se-amigos\/"},"modified":"2022-06-03T06:14:39","modified_gmt":"2022-06-03T04:14:39","slug":"bonavista-e-gaudi-tornam-se-amigos","status":"publish","type":"post","link":"https:\/\/encompaniastj.org\/pt-pt\/bonavista-e-gaudi-tornam-se-amigos\/","title":{"rendered":"BONAVISTA E GAUD\u00cd TORNAM-SE AMIGOS"},"content":{"rendered":"<p>H\u00e1 tr\u00eas meses que and\u00e1vamos a falar disso. A pandemia estava a abrandar e todos se lembravam de como se tinham divertido em Tortosa h\u00e1 apenas tr\u00eas anos. Primeiro foi uma insinua\u00e7\u00e3o, depois algo mais concreto at\u00e9 que, finalmente, o plano ficou claro: ir\u00edamos \u00e0 Sagrada Fam\u00edlia e comer\u00edamos no Ganduxer!  <\/p>\n<p>O grupo de mulheres que se re\u00fane na \u00faltima sexta-feira de cada m\u00eas para um encontro de forma\u00e7\u00e3o \u00e9 entusiasta, como as boas mulheres andaluzas que o comp\u00f5em. Os 60 lugares do autocarro foram rapidamente preenchidos. Os maridos e os amigos podem ser convidados, mas a lista de espera \u00e9 longa e lament\u00e1vel.  <\/p>\n<p>Partimos cedo, pois o dia estava cheio de actividades. No caminho, fomos apresentados \u00e0 figura de Antonio Gaud\u00ed e, \u00e0 hora marcada, encontr\u00e1mos os nossos guias para a visita \u00e0 Sagrada Fam\u00edlia. A explica\u00e7\u00e3o foi muito correta, clara e agrad\u00e1vel. A forte espiritualidade de Gaud\u00ed cativou-nos e fic\u00e1mos fascinados desde o primeiro momento pela beleza das formas, vitrais, dimens\u00f5es e impon\u00eancia. Foi muito curto.    <\/p>\n<p>\u00c0 uma e meia da manh\u00e3 cheg\u00e1mos a Ganduxer, onde nos esperavam Merche Ma\u00f1eru e M\u00aa Angeles Santorrom\u00e1n, que nos receberam e nos levaram \u00e0 sala de jantar. Uma vez recuperadas as for\u00e7as, os nossos anfitri\u00f5es ofereceram-nos uma pequena visita guiada por esses corredores t\u00e3o conhecidos e queridos para n\u00f3s, onde tamb\u00e9m estava presente o grande arquiteto e amigo do nosso Padre. <\/p>\n<p>Fomos para o sal\u00e3o e a\u00ed desfrut\u00e1mos de algumas dan\u00e7as e teatros que o mesmo grupo nos proporcionou com o toque andaluz que os caracteriza. J\u00e1 passava das cinco horas, tom\u00e1mos um lanche r\u00e1pido e dirigimo-nos para Montjuic. Era o culminar do dia, uma visita panor\u00e2mica ao conjunto monumental: o pal\u00e1cio, o est\u00e1dio, o anel ol\u00edmpico e a vista impressionante de toda a Barcelona. Ali, ao longe, despedindo-nos, tamb\u00e9m conseguimos ver a Sagrada Fam\u00edlia.   <\/p>\n<p>Cheg\u00e1mos a Tarragona felizes depois de termos partilhado um dia fant\u00e1stico. Tudo estava a nosso favor: o tempo, o bom ambiente, o excelente acolhimento e o tratamento delicado na Ganduxer, a gentileza do motorista e, claro, as pessoas que tornaram a visita \u00e0 Sagrada Fam\u00edlia quase, quase um presente. <\/p>\n<p>A recorda\u00e7\u00e3o de um dia t\u00e3o bonito ainda est\u00e1 viva em todos n\u00f3s. J\u00e1 nos est\u00e3o a pedir para organizar outro passeio, mas como &#8220;tudo est\u00e1 bem, tudo est\u00e1 bem, tudo est\u00e1 bem&#8221;, teremos de esperar pelo menos um ano antes de embarcarmos numa nova aventura. <img loading=\"lazy\" decoding=\"async\" class=\"aligncenter size-large wp-image-8941\" src=\"https:\/\/encompaniastj.org\/wp-content\/uploads\/2025\/05\/IMG-20220514-WA0011.jpg\" alt=\"\" width=\"768\" height=\"1024\"> <img loading=\"lazy\" decoding=\"async\" class=\"aligncenter size-large wp-image-8943\" src=\"https:\/\/encompaniastj.org\/wp-content\/uploads\/2025\/05\/IMG-20220514-WA0022.jpg\" alt=\"\" width=\"768\" height=\"1024\"> <img loading=\"lazy\" decoding=\"async\" class=\"aligncenter size-large wp-image-8945\" src=\"https:\/\/encompaniastj.org\/wp-content\/uploads\/2025\/05\/IMG-20220514-WA0025.jpg\" alt=\"\" width=\"1024\" height=\"768\"><\/p>\n","protected":false},"excerpt":{"rendered":"<p>H\u00e1 tr\u00eas meses que and\u00e1vamos a falar disso. A pandemia estava a abrandar e todos se lembravam de como se tinham divertido em Tortosa h\u00e1 apenas tr\u00eas anos. Primeiro foi [&hellip;]<\/p>\n","protected":false},"author":1,"featured_media":7932,"comment_status":"open","ping_status":"open","sticky":false,"template":"","format":"standard","meta":{"_acf_changed":false,"_et_pb_use_builder":"","_et_pb_old_content":"","_et_gb_content_width":"","footnotes":""},"categories":[74,61],"tags":[],"class_list":["post-13743","post","type-post","status-publish","format-standard","has-post-thumbnail","hentry","category-accion-social","category-noticias"],"acf":[],"yoast_head":"<!-- This site is optimized with the Yoast SEO plugin v27.5 - https:\/\/yoast.com\/product\/yoast-seo-wordpress\/ -->\n<title>BONAVISTA E GAUD\u00cd TORNAM-SE AMIGOS - En Compa\u00f1\u00eda STJ<\/title>\n<meta name=\"robots\" content=\"index, follow, max-snippet:-1, max-image-preview:large, max-video-preview:-1\" \/>\n<link rel=\"canonical\" href=\"https:\/\/encompaniastj.org\/pt-pt\/bonavista-e-gaudi-tornam-se-amigos\/\" \/>\n<meta property=\"og:locale\" content=\"pt_PT\" \/>\n<meta property=\"og:type\" content=\"article\" \/>\n<meta property=\"og:title\" content=\"BONAVISTA E GAUD\u00cd TORNAM-SE AMIGOS - En Compa\u00f1\u00eda STJ\" \/>\n<meta property=\"og:description\" content=\"H\u00e1 tr\u00eas meses que and\u00e1vamos a falar disso. A pandemia estava a abrandar e todos se lembravam de como se tinham divertido em Tortosa h\u00e1 apenas tr\u00eas anos. Primeiro foi [&hellip;]\" \/>\n<meta property=\"og:url\" content=\"https:\/\/encompaniastj.org\/pt-pt\/bonavista-e-gaudi-tornam-se-amigos\/\" \/>\n<meta property=\"og:site_name\" content=\"En Compa\u00f1\u00eda STJ\" \/>\n<meta property=\"article:published_time\" content=\"2022-06-03T04:14:39+00:00\" \/>\n<meta property=\"og:image\" content=\"https:\/\/encompaniastj.org\/wp-content\/uploads\/2025\/05\/IMG-20220514-WA0022.jpg\" \/>\n\t<meta property=\"og:image:width\" content=\"1500\" \/>\n\t<meta property=\"og:image:height\" content=\"2000\" \/>\n\t<meta property=\"og:image:type\" content=\"image\/jpeg\" \/>\n<meta name=\"author\" content=\"admin\" \/>\n<meta name=\"twitter:card\" content=\"summary_large_image\" \/>\n<meta name=\"twitter:label1\" content=\"Escrito por\" \/>\n\t<meta name=\"twitter:data1\" content=\"admin\" \/>\n\t<meta name=\"twitter:label2\" content=\"Tempo estimado de leitura\" \/>\n\t<meta name=\"twitter:data2\" content=\"2 minutos\" \/>\n<script type=\"application\/ld+json\" class=\"yoast-schema-graph\">{\"@context\":\"https:\\\/\\\/schema.org\",\"@graph\":[{\"@type\":\"Article\",\"@id\":\"https:\\\/\\\/encompaniastj.org\\\/pt-pt\\\/bonavista-e-gaudi-tornam-se-amigos\\\/#article\",\"isPartOf\":{\"@id\":\"https:\\\/\\\/encompaniastj.org\\\/pt-pt\\\/bonavista-e-gaudi-tornam-se-amigos\\\/\"},\"author\":{\"name\":\"admin\",\"@id\":\"https:\\\/\\\/encompaniastj.org\\\/pt-pt\\\/#\\\/schema\\\/person\\\/520e7ecc314793d40091993c2a02b651\"},\"headline\":\"BONAVISTA E GAUD\u00cd TORNAM-SE AMIGOS\",\"datePublished\":\"2022-06-03T04:14:39+00:00\",\"mainEntityOfPage\":{\"@id\":\"https:\\\/\\\/encompaniastj.org\\\/pt-pt\\\/bonavista-e-gaudi-tornam-se-amigos\\\/\"},\"wordCount\":439,\"commentCount\":0,\"publisher\":{\"@id\":\"https:\\\/\\\/encompaniastj.org\\\/pt-pt\\\/#organization\"},\"image\":{\"@id\":\"https:\\\/\\\/encompaniastj.org\\\/pt-pt\\\/bonavista-e-gaudi-tornam-se-amigos\\\/#primaryimage\"},\"thumbnailUrl\":\"https:\\\/\\\/encompaniastj.org\\\/wp-content\\\/uploads\\\/2025\\\/05\\\/IMG-20220514-WA0022.jpg\",\"articleSection\":[\"Acci\u00f3n Social\",\"Noticias\"],\"inLanguage\":\"pt-PT\",\"potentialAction\":[{\"@type\":\"CommentAction\",\"name\":\"Comment\",\"target\":[\"https:\\\/\\\/encompaniastj.org\\\/pt-pt\\\/bonavista-e-gaudi-tornam-se-amigos\\\/#respond\"]}]},{\"@type\":\"WebPage\",\"@id\":\"https:\\\/\\\/encompaniastj.org\\\/pt-pt\\\/bonavista-e-gaudi-tornam-se-amigos\\\/\",\"url\":\"https:\\\/\\\/encompaniastj.org\\\/pt-pt\\\/bonavista-e-gaudi-tornam-se-amigos\\\/\",\"name\":\"BONAVISTA E GAUD\u00cd TORNAM-SE AMIGOS - En Compa\u00f1\u00eda STJ\",\"isPartOf\":{\"@id\":\"https:\\\/\\\/encompaniastj.org\\\/pt-pt\\\/#website\"},\"primaryImageOfPage\":{\"@id\":\"https:\\\/\\\/encompaniastj.org\\\/pt-pt\\\/bonavista-e-gaudi-tornam-se-amigos\\\/#primaryimage\"},\"image\":{\"@id\":\"https:\\\/\\\/encompaniastj.org\\\/pt-pt\\\/bonavista-e-gaudi-tornam-se-amigos\\\/#primaryimage\"},\"thumbnailUrl\":\"https:\\\/\\\/encompaniastj.org\\\/wp-content\\\/uploads\\\/2025\\\/05\\\/IMG-20220514-WA0022.jpg\",\"datePublished\":\"2022-06-03T04:14:39+00:00\",\"breadcrumb\":{\"@id\":\"https:\\\/\\\/encompaniastj.org\\\/pt-pt\\\/bonavista-e-gaudi-tornam-se-amigos\\\/#breadcrumb\"},\"inLanguage\":\"pt-PT\",\"potentialAction\":[{\"@type\":\"ReadAction\",\"target\":[\"https:\\\/\\\/encompaniastj.org\\\/pt-pt\\\/bonavista-e-gaudi-tornam-se-amigos\\\/\"]}]},{\"@type\":\"ImageObject\",\"inLanguage\":\"pt-PT\",\"@id\":\"https:\\\/\\\/encompaniastj.org\\\/pt-pt\\\/bonavista-e-gaudi-tornam-se-amigos\\\/#primaryimage\",\"url\":\"https:\\\/\\\/encompaniastj.org\\\/wp-content\\\/uploads\\\/2025\\\/05\\\/IMG-20220514-WA0022.jpg\",\"contentUrl\":\"https:\\\/\\\/encompaniastj.org\\\/wp-content\\\/uploads\\\/2025\\\/05\\\/IMG-20220514-WA0022.jpg\",\"width\":1500,\"height\":2000},{\"@type\":\"BreadcrumbList\",\"@id\":\"https:\\\/\\\/encompaniastj.org\\\/pt-pt\\\/bonavista-e-gaudi-tornam-se-amigos\\\/#breadcrumb\",\"itemListElement\":[{\"@type\":\"ListItem\",\"position\":1,\"name\":\"Portada\",\"item\":\"https:\\\/\\\/encompaniastj.org\\\/pt-pt\\\/\"},{\"@type\":\"ListItem\",\"position\":2,\"name\":\"BONAVISTA E GAUD\u00cd TORNAM-SE AMIGOS\"}]},{\"@type\":\"WebSite\",\"@id\":\"https:\\\/\\\/encompaniastj.org\\\/pt-pt\\\/#website\",\"url\":\"https:\\\/\\\/encompaniastj.org\\\/pt-pt\\\/\",\"name\":\"En Compa\u00f1\u00eda STJ\",\"description\":\"Bolet\u00edn de la Compa\u00f1\u00eda de Santa Teresa de Jes\u00fas\",\"publisher\":{\"@id\":\"https:\\\/\\\/encompaniastj.org\\\/pt-pt\\\/#organization\"},\"potentialAction\":[{\"@type\":\"SearchAction\",\"target\":{\"@type\":\"EntryPoint\",\"urlTemplate\":\"https:\\\/\\\/encompaniastj.org\\\/pt-pt\\\/?s={search_term_string}\"},\"query-input\":{\"@type\":\"PropertyValueSpecification\",\"valueRequired\":true,\"valueName\":\"search_term_string\"}}],\"inLanguage\":\"pt-PT\"},{\"@type\":\"Organization\",\"@id\":\"https:\\\/\\\/encompaniastj.org\\\/pt-pt\\\/#organization\",\"name\":\"Compa\u00f1\u00eda de Santa Teresa de Jes\u00fas\",\"url\":\"https:\\\/\\\/encompaniastj.org\\\/pt-pt\\\/\",\"logo\":{\"@type\":\"ImageObject\",\"inLanguage\":\"pt-PT\",\"@id\":\"https:\\\/\\\/encompaniastj.org\\\/pt-pt\\\/#\\\/schema\\\/logo\\\/image\\\/\",\"url\":\"https:\\\/\\\/encompaniastj.org\\\/wp-content\\\/uploads\\\/2025\\\/04\\\/logo_provincias02-1-3.png\",\"contentUrl\":\"https:\\\/\\\/encompaniastj.org\\\/wp-content\\\/uploads\\\/2025\\\/04\\\/logo_provincias02-1-3.png\",\"width\":2368,\"height\":825,\"caption\":\"Compa\u00f1\u00eda de Santa Teresa de Jes\u00fas\"},\"image\":{\"@id\":\"https:\\\/\\\/encompaniastj.org\\\/pt-pt\\\/#\\\/schema\\\/logo\\\/image\\\/\"}},{\"@type\":\"Person\",\"@id\":\"https:\\\/\\\/encompaniastj.org\\\/pt-pt\\\/#\\\/schema\\\/person\\\/520e7ecc314793d40091993c2a02b651\",\"name\":\"admin\",\"image\":{\"@type\":\"ImageObject\",\"inLanguage\":\"pt-PT\",\"@id\":\"https:\\\/\\\/secure.gravatar.com\\\/avatar\\\/948b492cce32b586ac2db0eaa926ee87024f7afe218d73b397ea5ddfc5f43ea1?s=96&d=mm&r=g\",\"url\":\"https:\\\/\\\/secure.gravatar.com\\\/avatar\\\/948b492cce32b586ac2db0eaa926ee87024f7afe218d73b397ea5ddfc5f43ea1?s=96&d=mm&r=g\",\"contentUrl\":\"https:\\\/\\\/secure.gravatar.com\\\/avatar\\\/948b492cce32b586ac2db0eaa926ee87024f7afe218d73b397ea5ddfc5f43ea1?s=96&d=mm&r=g\",\"caption\":\"admin\"},\"sameAs\":[\"https:\\\/\\\/encompaniastj.org\"],\"url\":\"https:\\\/\\\/encompaniastj.org\\\/pt-pt\\\/author\\\/sjdigital\\\/\"}]}<\/script>\n<!-- \/ Yoast SEO plugin. -->","yoast_head_json":{"title":"BONAVISTA E GAUD\u00cd TORNAM-SE AMIGOS - En Compa\u00f1\u00eda STJ","robots":{"index":"index","follow":"follow","max-snippet":"max-snippet:-1","max-image-preview":"max-image-preview:large","max-video-preview":"max-video-preview:-1"},"canonical":"https:\/\/encompaniastj.org\/pt-pt\/bonavista-e-gaudi-tornam-se-amigos\/","og_locale":"pt_PT","og_type":"article","og_title":"BONAVISTA E GAUD\u00cd TORNAM-SE AMIGOS - En Compa\u00f1\u00eda STJ","og_description":"H\u00e1 tr\u00eas meses que and\u00e1vamos a falar disso. A pandemia estava a abrandar e todos se lembravam de como se tinham divertido em Tortosa h\u00e1 apenas tr\u00eas anos. Primeiro foi [&hellip;]","og_url":"https:\/\/encompaniastj.org\/pt-pt\/bonavista-e-gaudi-tornam-se-amigos\/","og_site_name":"En Compa\u00f1\u00eda STJ","article_published_time":"2022-06-03T04:14:39+00:00","og_image":[{"width":1500,"height":2000,"url":"https:\/\/encompaniastj.org\/wp-content\/uploads\/2025\/05\/IMG-20220514-WA0022.jpg","type":"image\/jpeg"}],"author":"admin","twitter_card":"summary_large_image","twitter_misc":{"Escrito por":"admin","Tempo estimado de leitura":"2 minutos"},"schema":{"@context":"https:\/\/schema.org","@graph":[{"@type":"Article","@id":"https:\/\/encompaniastj.org\/pt-pt\/bonavista-e-gaudi-tornam-se-amigos\/#article","isPartOf":{"@id":"https:\/\/encompaniastj.org\/pt-pt\/bonavista-e-gaudi-tornam-se-amigos\/"},"author":{"name":"admin","@id":"https:\/\/encompaniastj.org\/pt-pt\/#\/schema\/person\/520e7ecc314793d40091993c2a02b651"},"headline":"BONAVISTA E GAUD\u00cd TORNAM-SE AMIGOS","datePublished":"2022-06-03T04:14:39+00:00","mainEntityOfPage":{"@id":"https:\/\/encompaniastj.org\/pt-pt\/bonavista-e-gaudi-tornam-se-amigos\/"},"wordCount":439,"commentCount":0,"publisher":{"@id":"https:\/\/encompaniastj.org\/pt-pt\/#organization"},"image":{"@id":"https:\/\/encompaniastj.org\/pt-pt\/bonavista-e-gaudi-tornam-se-amigos\/#primaryimage"},"thumbnailUrl":"https:\/\/encompaniastj.org\/wp-content\/uploads\/2025\/05\/IMG-20220514-WA0022.jpg","articleSection":["Acci\u00f3n Social","Noticias"],"inLanguage":"pt-PT","potentialAction":[{"@type":"CommentAction","name":"Comment","target":["https:\/\/encompaniastj.org\/pt-pt\/bonavista-e-gaudi-tornam-se-amigos\/#respond"]}]},{"@type":"WebPage","@id":"https:\/\/encompaniastj.org\/pt-pt\/bonavista-e-gaudi-tornam-se-amigos\/","url":"https:\/\/encompaniastj.org\/pt-pt\/bonavista-e-gaudi-tornam-se-amigos\/","name":"BONAVISTA E GAUD\u00cd TORNAM-SE AMIGOS - En Compa\u00f1\u00eda STJ","isPartOf":{"@id":"https:\/\/encompaniastj.org\/pt-pt\/#website"},"primaryImageOfPage":{"@id":"https:\/\/encompaniastj.org\/pt-pt\/bonavista-e-gaudi-tornam-se-amigos\/#primaryimage"},"image":{"@id":"https:\/\/encompaniastj.org\/pt-pt\/bonavista-e-gaudi-tornam-se-amigos\/#primaryimage"},"thumbnailUrl":"https:\/\/encompaniastj.org\/wp-content\/uploads\/2025\/05\/IMG-20220514-WA0022.jpg","datePublished":"2022-06-03T04:14:39+00:00","breadcrumb":{"@id":"https:\/\/encompaniastj.org\/pt-pt\/bonavista-e-gaudi-tornam-se-amigos\/#breadcrumb"},"inLanguage":"pt-PT","potentialAction":[{"@type":"ReadAction","target":["https:\/\/encompaniastj.org\/pt-pt\/bonavista-e-gaudi-tornam-se-amigos\/"]}]},{"@type":"ImageObject","inLanguage":"pt-PT","@id":"https:\/\/encompaniastj.org\/pt-pt\/bonavista-e-gaudi-tornam-se-amigos\/#primaryimage","url":"https:\/\/encompaniastj.org\/wp-content\/uploads\/2025\/05\/IMG-20220514-WA0022.jpg","contentUrl":"https:\/\/encompaniastj.org\/wp-content\/uploads\/2025\/05\/IMG-20220514-WA0022.jpg","width":1500,"height":2000},{"@type":"BreadcrumbList","@id":"https:\/\/encompaniastj.org\/pt-pt\/bonavista-e-gaudi-tornam-se-amigos\/#breadcrumb","itemListElement":[{"@type":"ListItem","position":1,"name":"Portada","item":"https:\/\/encompaniastj.org\/pt-pt\/"},{"@type":"ListItem","position":2,"name":"BONAVISTA E GAUD\u00cd TORNAM-SE AMIGOS"}]},{"@type":"WebSite","@id":"https:\/\/encompaniastj.org\/pt-pt\/#website","url":"https:\/\/encompaniastj.org\/pt-pt\/","name":"En Compa\u00f1\u00eda STJ","description":"Bolet\u00edn de la Compa\u00f1\u00eda de Santa Teresa de Jes\u00fas","publisher":{"@id":"https:\/\/encompaniastj.org\/pt-pt\/#organization"},"potentialAction":[{"@type":"SearchAction","target":{"@type":"EntryPoint","urlTemplate":"https:\/\/encompaniastj.org\/pt-pt\/?s={search_term_string}"},"query-input":{"@type":"PropertyValueSpecification","valueRequired":true,"valueName":"search_term_string"}}],"inLanguage":"pt-PT"},{"@type":"Organization","@id":"https:\/\/encompaniastj.org\/pt-pt\/#organization","name":"Compa\u00f1\u00eda de Santa Teresa de Jes\u00fas","url":"https:\/\/encompaniastj.org\/pt-pt\/","logo":{"@type":"ImageObject","inLanguage":"pt-PT","@id":"https:\/\/encompaniastj.org\/pt-pt\/#\/schema\/logo\/image\/","url":"https:\/\/encompaniastj.org\/wp-content\/uploads\/2025\/04\/logo_provincias02-1-3.png","contentUrl":"https:\/\/encompaniastj.org\/wp-content\/uploads\/2025\/04\/logo_provincias02-1-3.png","width":2368,"height":825,"caption":"Compa\u00f1\u00eda de Santa Teresa de Jes\u00fas"},"image":{"@id":"https:\/\/encompaniastj.org\/pt-pt\/#\/schema\/logo\/image\/"}},{"@type":"Person","@id":"https:\/\/encompaniastj.org\/pt-pt\/#\/schema\/person\/520e7ecc314793d40091993c2a02b651","name":"admin","image":{"@type":"ImageObject","inLanguage":"pt-PT","@id":"https:\/\/secure.gravatar.com\/avatar\/948b492cce32b586ac2db0eaa926ee87024f7afe218d73b397ea5ddfc5f43ea1?s=96&d=mm&r=g","url":"https:\/\/secure.gravatar.com\/avatar\/948b492cce32b586ac2db0eaa926ee87024f7afe218d73b397ea5ddfc5f43ea1?s=96&d=mm&r=g","contentUrl":"https:\/\/secure.gravatar.com\/avatar\/948b492cce32b586ac2db0eaa926ee87024f7afe218d73b397ea5ddfc5f43ea1?s=96&d=mm&r=g","caption":"admin"},"sameAs":["https:\/\/encompaniastj.org"],"url":"https:\/\/encompaniastj.org\/pt-pt\/author\/sjdigital\/"}]}},"_links":{"self":[{"href":"https:\/\/encompaniastj.org\/pt-pt\/wp-json\/wp\/v2\/posts\/13743","targetHints":{"allow":["GET"]}}],"collection":[{"href":"https:\/\/encompaniastj.org\/pt-pt\/wp-json\/wp\/v2\/posts"}],"about":[{"href":"https:\/\/encompaniastj.org\/pt-pt\/wp-json\/wp\/v2\/types\/post"}],"author":[{"embeddable":true,"href":"https:\/\/encompaniastj.org\/pt-pt\/wp-json\/wp\/v2\/users\/1"}],"replies":[{"embeddable":true,"href":"https:\/\/encompaniastj.org\/pt-pt\/wp-json\/wp\/v2\/comments?post=13743"}],"version-history":[{"count":0,"href":"https:\/\/encompaniastj.org\/pt-pt\/wp-json\/wp\/v2\/posts\/13743\/revisions"}],"wp:featuredmedia":[{"embeddable":true,"href":"https:\/\/encompaniastj.org\/pt-pt\/wp-json\/wp\/v2\/media\/7932"}],"wp:attachment":[{"href":"https:\/\/encompaniastj.org\/pt-pt\/wp-json\/wp\/v2\/media?parent=13743"}],"wp:term":[{"taxonomy":"category","embeddable":true,"href":"https:\/\/encompaniastj.org\/pt-pt\/wp-json\/wp\/v2\/categories?post=13743"},{"taxonomy":"post_tag","embeddable":true,"href":"https:\/\/encompaniastj.org\/pt-pt\/wp-json\/wp\/v2\/tags?post=13743"}],"curies":[{"name":"wp","href":"https:\/\/api.w.org\/{rel}","templated":true}]}}