{"id":13742,"date":"2022-05-16T07:53:02","date_gmt":"2022-05-16T05:53:02","guid":{"rendered":"https:\/\/encompaniastj.org\/gloria-garcia-alvarez-14-de-maio-de-2022-residencia-em-oviedo\/"},"modified":"2022-05-16T07:53:02","modified_gmt":"2022-05-16T05:53:02","slug":"gloria-garcia-alvarez-14-de-maio-de-2022-residencia-em-oviedo","status":"publish","type":"post","link":"https:\/\/encompaniastj.org\/pt-pt\/gloria-garcia-alvarez-14-de-maio-de-2022-residencia-em-oviedo\/","title":{"rendered":"Gloria Garc\u00eda \u00c1lvarez. 14 de maio de 2022 (Resid\u00eancia em Oviedo)"},"content":{"rendered":"<p>No dia 14 de maio de 2022, \u00e0s 19 horas, a nossa irm\u00e3 Gl\u00f3ria deixou-nos depois de um belo passeio \u00e0 volta da rotunda da casa, apreciando o bom tempo e as flores que j\u00e1 estavam no seu esplendor. Depois iam \u00e0 capela para se despedirem do Senhor e, a caminho do seu quarto, um ataque card\u00edaco levou-a. <\/p>\n<p>Gl\u00f3ria, desde que caiu em setembro deste ano e partiu <em>a <\/em>anca, esteve hospitalizada durante um m\u00eas e meio e regressou \u00e0 comunidade para ficar numa cadeira de rodas. Pens\u00e1vamos que ela ia ter dificuldade em aceitar esta situa\u00e7\u00e3o, mas o Senhor estava a mold\u00e1-la e a prepar\u00e1-la para outra fase de maior depend\u00eancia. <\/p>\n<p>Nasceu em Coa\u00f1ana de Quir\u00f3s (Ast\u00farias) a 19 de julho de 1930. Entrou na Companhia em dezembro de 1949 e, depois de emitir os votos tempor\u00e1rios, foi destinada ao M\u00e9xico, onde esteve 23 anos. Esta experi\u00eancia de vida ficou-lhe gravada na mem\u00f3ria e foi o que mais recordou na sua perda de mem\u00f3ria. Depois de regressar a Espanha, viveu em Tortosa, Toledo, \u00c1vila, Salamanca e os seus \u00faltimos 33 anos foram passados nas suas queridas Ast\u00farias, entre Oviedo, a fundadora de Mieres e novamente Oviedo.   <\/p>\n<p>Foi uma mulher muito apost\u00f3lica e trabalhadora nas escolas, em casa, no campo social e na par\u00f3quia. Entre outros projectos, colaborou no Projeto Homem e no Tel\u00e9fono da Esperan\u00e7a. <\/p>\n<p>Uma mulher de grande cabe\u00e7a e de grande cora\u00e7\u00e3o, uma mulher de f\u00e9, orante, alegre, austera, prest\u00e1vel, amante da Eucaristia e da Virgem nas suas duas invoca\u00e7\u00f5es Guadalupe e Covadonga, &#8220;la Santina&#8221;. O seu afeto pelo Pai-Nosso e por Santa Teresa, como mestres de vida, era tamb\u00e9m muito vis\u00edvel nela. <\/p>\n<p>Nos seus \u00faltimos meses, quando as suas limita\u00e7\u00f5es mentais eram mais fortes, foi bom ver que, em pequenos raios de luz, a vida lhe vinha de dentro, do que tinha vivido e de um OBRIGADO a tudo o que lhe tinha sido feito.<\/p>\n<p>Descansa em paz, Gl\u00f3ria, e continua a apreciar o refr\u00e3o: &#8220;Cantarei as miseric\u00f3rdias do Senhor para sempre.<\/p>\n","protected":false},"excerpt":{"rendered":"<p>No dia 14 de maio de 2022, \u00e0s 19 horas, a nossa irm\u00e3 Gl\u00f3ria deixou-nos depois de um belo passeio \u00e0 volta da rotunda da casa, apreciando o bom tempo [&hellip;]<\/p>\n","protected":false},"author":1,"featured_media":7924,"comment_status":"open","ping_status":"open","sticky":false,"template":"","format":"standard","meta":{"_acf_changed":false,"footnotes":""},"categories":[63],"tags":[],"class_list":["post-13742","post","type-post","status-publish","format-standard","has-post-thumbnail","hentry","category-fallecimientos"],"acf":[],"yoast_head":"<!-- This site is optimized with the Yoast SEO plugin v27.5 - https:\/\/yoast.com\/product\/yoast-seo-wordpress\/ -->\n<title>Gloria Garc\u00eda \u00c1lvarez. 14 de maio de 2022 (Resid\u00eancia em Oviedo) - En Compa\u00f1\u00eda STJ<\/title>\n<meta name=\"robots\" content=\"index, follow, max-snippet:-1, max-image-preview:large, max-video-preview:-1\" \/>\n<link rel=\"canonical\" href=\"https:\/\/encompaniastj.org\/pt-pt\/gloria-garcia-alvarez-14-de-maio-de-2022-residencia-em-oviedo\/\" \/>\n<meta property=\"og:locale\" content=\"pt_PT\" \/>\n<meta property=\"og:type\" content=\"article\" \/>\n<meta property=\"og:title\" content=\"Gloria Garc\u00eda \u00c1lvarez. 14 de maio de 2022 (Resid\u00eancia em Oviedo) - En Compa\u00f1\u00eda STJ\" \/>\n<meta property=\"og:description\" content=\"No dia 14 de maio de 2022, \u00e0s 19 horas, a nossa irm\u00e3 Gl\u00f3ria deixou-nos depois de um belo passeio \u00e0 volta da rotunda da casa, apreciando o bom tempo [&hellip;]\" \/>\n<meta property=\"og:url\" content=\"https:\/\/encompaniastj.org\/pt-pt\/gloria-garcia-alvarez-14-de-maio-de-2022-residencia-em-oviedo\/\" \/>\n<meta property=\"og:site_name\" content=\"En Compa\u00f1\u00eda STJ\" \/>\n<meta property=\"article:published_time\" content=\"2022-05-16T05:53:02+00:00\" \/>\n<meta property=\"og:image\" content=\"https:\/\/encompaniastj.org\/wp-content\/uploads\/2025\/05\/hortensias.jpg\" \/>\n\t<meta property=\"og:image:width\" content=\"1280\" \/>\n\t<meta property=\"og:image:height\" content=\"707\" \/>\n\t<meta property=\"og:image:type\" content=\"image\/jpeg\" \/>\n<meta name=\"author\" content=\"admin\" \/>\n<meta name=\"twitter:card\" content=\"summary_large_image\" \/>\n<meta name=\"twitter:label1\" content=\"Escrito por\" \/>\n\t<meta name=\"twitter:data1\" content=\"admin\" \/>\n\t<meta name=\"twitter:label2\" content=\"Tempo estimado de leitura\" \/>\n\t<meta name=\"twitter:data2\" content=\"2 minutos\" \/>\n<script type=\"application\/ld+json\" class=\"yoast-schema-graph\">{\"@context\":\"https:\\\/\\\/schema.org\",\"@graph\":[{\"@type\":\"Article\",\"@id\":\"https:\\\/\\\/encompaniastj.org\\\/pt-pt\\\/gloria-garcia-alvarez-14-de-maio-de-2022-residencia-em-oviedo\\\/#article\",\"isPartOf\":{\"@id\":\"https:\\\/\\\/encompaniastj.org\\\/pt-pt\\\/gloria-garcia-alvarez-14-de-maio-de-2022-residencia-em-oviedo\\\/\"},\"author\":{\"name\":\"admin\",\"@id\":\"https:\\\/\\\/encompaniastj.org\\\/pt-pt\\\/#\\\/schema\\\/person\\\/520e7ecc314793d40091993c2a02b651\"},\"headline\":\"Gloria Garc\u00eda \u00c1lvarez. 14 de maio de 2022 (Resid\u00eancia em Oviedo)\",\"datePublished\":\"2022-05-16T05:53:02+00:00\",\"mainEntityOfPage\":{\"@id\":\"https:\\\/\\\/encompaniastj.org\\\/pt-pt\\\/gloria-garcia-alvarez-14-de-maio-de-2022-residencia-em-oviedo\\\/\"},\"wordCount\":368,\"commentCount\":0,\"publisher\":{\"@id\":\"https:\\\/\\\/encompaniastj.org\\\/pt-pt\\\/#organization\"},\"image\":{\"@id\":\"https:\\\/\\\/encompaniastj.org\\\/pt-pt\\\/gloria-garcia-alvarez-14-de-maio-de-2022-residencia-em-oviedo\\\/#primaryimage\"},\"thumbnailUrl\":\"https:\\\/\\\/encompaniastj.org\\\/wp-content\\\/uploads\\\/2025\\\/05\\\/hortensias.jpg\",\"articleSection\":[\"Fallecimientos\"],\"inLanguage\":\"pt-PT\",\"potentialAction\":[{\"@type\":\"CommentAction\",\"name\":\"Comment\",\"target\":[\"https:\\\/\\\/encompaniastj.org\\\/pt-pt\\\/gloria-garcia-alvarez-14-de-maio-de-2022-residencia-em-oviedo\\\/#respond\"]}]},{\"@type\":\"WebPage\",\"@id\":\"https:\\\/\\\/encompaniastj.org\\\/pt-pt\\\/gloria-garcia-alvarez-14-de-maio-de-2022-residencia-em-oviedo\\\/\",\"url\":\"https:\\\/\\\/encompaniastj.org\\\/pt-pt\\\/gloria-garcia-alvarez-14-de-maio-de-2022-residencia-em-oviedo\\\/\",\"name\":\"Gloria Garc\u00eda \u00c1lvarez. 14 de maio de 2022 (Resid\u00eancia em Oviedo) - En Compa\u00f1\u00eda STJ\",\"isPartOf\":{\"@id\":\"https:\\\/\\\/encompaniastj.org\\\/pt-pt\\\/#website\"},\"primaryImageOfPage\":{\"@id\":\"https:\\\/\\\/encompaniastj.org\\\/pt-pt\\\/gloria-garcia-alvarez-14-de-maio-de-2022-residencia-em-oviedo\\\/#primaryimage\"},\"image\":{\"@id\":\"https:\\\/\\\/encompaniastj.org\\\/pt-pt\\\/gloria-garcia-alvarez-14-de-maio-de-2022-residencia-em-oviedo\\\/#primaryimage\"},\"thumbnailUrl\":\"https:\\\/\\\/encompaniastj.org\\\/wp-content\\\/uploads\\\/2025\\\/05\\\/hortensias.jpg\",\"datePublished\":\"2022-05-16T05:53:02+00:00\",\"breadcrumb\":{\"@id\":\"https:\\\/\\\/encompaniastj.org\\\/pt-pt\\\/gloria-garcia-alvarez-14-de-maio-de-2022-residencia-em-oviedo\\\/#breadcrumb\"},\"inLanguage\":\"pt-PT\",\"potentialAction\":[{\"@type\":\"ReadAction\",\"target\":[\"https:\\\/\\\/encompaniastj.org\\\/pt-pt\\\/gloria-garcia-alvarez-14-de-maio-de-2022-residencia-em-oviedo\\\/\"]}]},{\"@type\":\"ImageObject\",\"inLanguage\":\"pt-PT\",\"@id\":\"https:\\\/\\\/encompaniastj.org\\\/pt-pt\\\/gloria-garcia-alvarez-14-de-maio-de-2022-residencia-em-oviedo\\\/#primaryimage\",\"url\":\"https:\\\/\\\/encompaniastj.org\\\/wp-content\\\/uploads\\\/2025\\\/05\\\/hortensias.jpg\",\"contentUrl\":\"https:\\\/\\\/encompaniastj.org\\\/wp-content\\\/uploads\\\/2025\\\/05\\\/hortensias.jpg\",\"width\":1280,\"height\":707},{\"@type\":\"BreadcrumbList\",\"@id\":\"https:\\\/\\\/encompaniastj.org\\\/pt-pt\\\/gloria-garcia-alvarez-14-de-maio-de-2022-residencia-em-oviedo\\\/#breadcrumb\",\"itemListElement\":[{\"@type\":\"ListItem\",\"position\":1,\"name\":\"Portada\",\"item\":\"https:\\\/\\\/encompaniastj.org\\\/pt-pt\\\/\"},{\"@type\":\"ListItem\",\"position\":2,\"name\":\"Gloria Garc\u00eda \u00c1lvarez. 14 de maio de 2022 (Resid\u00eancia em Oviedo)\"}]},{\"@type\":\"WebSite\",\"@id\":\"https:\\\/\\\/encompaniastj.org\\\/pt-pt\\\/#website\",\"url\":\"https:\\\/\\\/encompaniastj.org\\\/pt-pt\\\/\",\"name\":\"En Compa\u00f1\u00eda STJ\",\"description\":\"Bolet\u00edn de la Compa\u00f1\u00eda de Santa Teresa de Jes\u00fas\",\"publisher\":{\"@id\":\"https:\\\/\\\/encompaniastj.org\\\/pt-pt\\\/#organization\"},\"potentialAction\":[{\"@type\":\"SearchAction\",\"target\":{\"@type\":\"EntryPoint\",\"urlTemplate\":\"https:\\\/\\\/encompaniastj.org\\\/pt-pt\\\/?s={search_term_string}\"},\"query-input\":{\"@type\":\"PropertyValueSpecification\",\"valueRequired\":true,\"valueName\":\"search_term_string\"}}],\"inLanguage\":\"pt-PT\"},{\"@type\":\"Organization\",\"@id\":\"https:\\\/\\\/encompaniastj.org\\\/pt-pt\\\/#organization\",\"name\":\"Compa\u00f1\u00eda de Santa Teresa de Jes\u00fas\",\"url\":\"https:\\\/\\\/encompaniastj.org\\\/pt-pt\\\/\",\"logo\":{\"@type\":\"ImageObject\",\"inLanguage\":\"pt-PT\",\"@id\":\"https:\\\/\\\/encompaniastj.org\\\/pt-pt\\\/#\\\/schema\\\/logo\\\/image\\\/\",\"url\":\"https:\\\/\\\/encompaniastj.org\\\/wp-content\\\/uploads\\\/2025\\\/04\\\/logo_provincias02-1-3.png\",\"contentUrl\":\"https:\\\/\\\/encompaniastj.org\\\/wp-content\\\/uploads\\\/2025\\\/04\\\/logo_provincias02-1-3.png\",\"width\":2368,\"height\":825,\"caption\":\"Compa\u00f1\u00eda de Santa Teresa de Jes\u00fas\"},\"image\":{\"@id\":\"https:\\\/\\\/encompaniastj.org\\\/pt-pt\\\/#\\\/schema\\\/logo\\\/image\\\/\"}},{\"@type\":\"Person\",\"@id\":\"https:\\\/\\\/encompaniastj.org\\\/pt-pt\\\/#\\\/schema\\\/person\\\/520e7ecc314793d40091993c2a02b651\",\"name\":\"admin\",\"image\":{\"@type\":\"ImageObject\",\"inLanguage\":\"pt-PT\",\"@id\":\"https:\\\/\\\/secure.gravatar.com\\\/avatar\\\/948b492cce32b586ac2db0eaa926ee87024f7afe218d73b397ea5ddfc5f43ea1?s=96&d=mm&r=g\",\"url\":\"https:\\\/\\\/secure.gravatar.com\\\/avatar\\\/948b492cce32b586ac2db0eaa926ee87024f7afe218d73b397ea5ddfc5f43ea1?s=96&d=mm&r=g\",\"contentUrl\":\"https:\\\/\\\/secure.gravatar.com\\\/avatar\\\/948b492cce32b586ac2db0eaa926ee87024f7afe218d73b397ea5ddfc5f43ea1?s=96&d=mm&r=g\",\"caption\":\"admin\"},\"sameAs\":[\"https:\\\/\\\/encompaniastj.org\"],\"url\":\"https:\\\/\\\/encompaniastj.org\\\/pt-pt\\\/author\\\/sjdigital\\\/\"}]}<\/script>\n<!-- \/ Yoast SEO plugin. -->","yoast_head_json":{"title":"Gloria Garc\u00eda \u00c1lvarez. 14 de maio de 2022 (Resid\u00eancia em Oviedo) - En Compa\u00f1\u00eda STJ","robots":{"index":"index","follow":"follow","max-snippet":"max-snippet:-1","max-image-preview":"max-image-preview:large","max-video-preview":"max-video-preview:-1"},"canonical":"https:\/\/encompaniastj.org\/pt-pt\/gloria-garcia-alvarez-14-de-maio-de-2022-residencia-em-oviedo\/","og_locale":"pt_PT","og_type":"article","og_title":"Gloria Garc\u00eda \u00c1lvarez. 14 de maio de 2022 (Resid\u00eancia em Oviedo) - En Compa\u00f1\u00eda STJ","og_description":"No dia 14 de maio de 2022, \u00e0s 19 horas, a nossa irm\u00e3 Gl\u00f3ria deixou-nos depois de um belo passeio \u00e0 volta da rotunda da casa, apreciando o bom tempo [&hellip;]","og_url":"https:\/\/encompaniastj.org\/pt-pt\/gloria-garcia-alvarez-14-de-maio-de-2022-residencia-em-oviedo\/","og_site_name":"En Compa\u00f1\u00eda STJ","article_published_time":"2022-05-16T05:53:02+00:00","og_image":[{"width":1280,"height":707,"url":"https:\/\/encompaniastj.org\/wp-content\/uploads\/2025\/05\/hortensias.jpg","type":"image\/jpeg"}],"author":"admin","twitter_card":"summary_large_image","twitter_misc":{"Escrito por":"admin","Tempo estimado de leitura":"2 minutos"},"schema":{"@context":"https:\/\/schema.org","@graph":[{"@type":"Article","@id":"https:\/\/encompaniastj.org\/pt-pt\/gloria-garcia-alvarez-14-de-maio-de-2022-residencia-em-oviedo\/#article","isPartOf":{"@id":"https:\/\/encompaniastj.org\/pt-pt\/gloria-garcia-alvarez-14-de-maio-de-2022-residencia-em-oviedo\/"},"author":{"name":"admin","@id":"https:\/\/encompaniastj.org\/pt-pt\/#\/schema\/person\/520e7ecc314793d40091993c2a02b651"},"headline":"Gloria Garc\u00eda \u00c1lvarez. 14 de maio de 2022 (Resid\u00eancia em Oviedo)","datePublished":"2022-05-16T05:53:02+00:00","mainEntityOfPage":{"@id":"https:\/\/encompaniastj.org\/pt-pt\/gloria-garcia-alvarez-14-de-maio-de-2022-residencia-em-oviedo\/"},"wordCount":368,"commentCount":0,"publisher":{"@id":"https:\/\/encompaniastj.org\/pt-pt\/#organization"},"image":{"@id":"https:\/\/encompaniastj.org\/pt-pt\/gloria-garcia-alvarez-14-de-maio-de-2022-residencia-em-oviedo\/#primaryimage"},"thumbnailUrl":"https:\/\/encompaniastj.org\/wp-content\/uploads\/2025\/05\/hortensias.jpg","articleSection":["Fallecimientos"],"inLanguage":"pt-PT","potentialAction":[{"@type":"CommentAction","name":"Comment","target":["https:\/\/encompaniastj.org\/pt-pt\/gloria-garcia-alvarez-14-de-maio-de-2022-residencia-em-oviedo\/#respond"]}]},{"@type":"WebPage","@id":"https:\/\/encompaniastj.org\/pt-pt\/gloria-garcia-alvarez-14-de-maio-de-2022-residencia-em-oviedo\/","url":"https:\/\/encompaniastj.org\/pt-pt\/gloria-garcia-alvarez-14-de-maio-de-2022-residencia-em-oviedo\/","name":"Gloria Garc\u00eda \u00c1lvarez. 14 de maio de 2022 (Resid\u00eancia em Oviedo) - En Compa\u00f1\u00eda STJ","isPartOf":{"@id":"https:\/\/encompaniastj.org\/pt-pt\/#website"},"primaryImageOfPage":{"@id":"https:\/\/encompaniastj.org\/pt-pt\/gloria-garcia-alvarez-14-de-maio-de-2022-residencia-em-oviedo\/#primaryimage"},"image":{"@id":"https:\/\/encompaniastj.org\/pt-pt\/gloria-garcia-alvarez-14-de-maio-de-2022-residencia-em-oviedo\/#primaryimage"},"thumbnailUrl":"https:\/\/encompaniastj.org\/wp-content\/uploads\/2025\/05\/hortensias.jpg","datePublished":"2022-05-16T05:53:02+00:00","breadcrumb":{"@id":"https:\/\/encompaniastj.org\/pt-pt\/gloria-garcia-alvarez-14-de-maio-de-2022-residencia-em-oviedo\/#breadcrumb"},"inLanguage":"pt-PT","potentialAction":[{"@type":"ReadAction","target":["https:\/\/encompaniastj.org\/pt-pt\/gloria-garcia-alvarez-14-de-maio-de-2022-residencia-em-oviedo\/"]}]},{"@type":"ImageObject","inLanguage":"pt-PT","@id":"https:\/\/encompaniastj.org\/pt-pt\/gloria-garcia-alvarez-14-de-maio-de-2022-residencia-em-oviedo\/#primaryimage","url":"https:\/\/encompaniastj.org\/wp-content\/uploads\/2025\/05\/hortensias.jpg","contentUrl":"https:\/\/encompaniastj.org\/wp-content\/uploads\/2025\/05\/hortensias.jpg","width":1280,"height":707},{"@type":"BreadcrumbList","@id":"https:\/\/encompaniastj.org\/pt-pt\/gloria-garcia-alvarez-14-de-maio-de-2022-residencia-em-oviedo\/#breadcrumb","itemListElement":[{"@type":"ListItem","position":1,"name":"Portada","item":"https:\/\/encompaniastj.org\/pt-pt\/"},{"@type":"ListItem","position":2,"name":"Gloria Garc\u00eda \u00c1lvarez. 14 de maio de 2022 (Resid\u00eancia em Oviedo)"}]},{"@type":"WebSite","@id":"https:\/\/encompaniastj.org\/pt-pt\/#website","url":"https:\/\/encompaniastj.org\/pt-pt\/","name":"En Compa\u00f1\u00eda STJ","description":"Bolet\u00edn de la Compa\u00f1\u00eda de Santa Teresa de Jes\u00fas","publisher":{"@id":"https:\/\/encompaniastj.org\/pt-pt\/#organization"},"potentialAction":[{"@type":"SearchAction","target":{"@type":"EntryPoint","urlTemplate":"https:\/\/encompaniastj.org\/pt-pt\/?s={search_term_string}"},"query-input":{"@type":"PropertyValueSpecification","valueRequired":true,"valueName":"search_term_string"}}],"inLanguage":"pt-PT"},{"@type":"Organization","@id":"https:\/\/encompaniastj.org\/pt-pt\/#organization","name":"Compa\u00f1\u00eda de Santa Teresa de Jes\u00fas","url":"https:\/\/encompaniastj.org\/pt-pt\/","logo":{"@type":"ImageObject","inLanguage":"pt-PT","@id":"https:\/\/encompaniastj.org\/pt-pt\/#\/schema\/logo\/image\/","url":"https:\/\/encompaniastj.org\/wp-content\/uploads\/2025\/04\/logo_provincias02-1-3.png","contentUrl":"https:\/\/encompaniastj.org\/wp-content\/uploads\/2025\/04\/logo_provincias02-1-3.png","width":2368,"height":825,"caption":"Compa\u00f1\u00eda de Santa Teresa de Jes\u00fas"},"image":{"@id":"https:\/\/encompaniastj.org\/pt-pt\/#\/schema\/logo\/image\/"}},{"@type":"Person","@id":"https:\/\/encompaniastj.org\/pt-pt\/#\/schema\/person\/520e7ecc314793d40091993c2a02b651","name":"admin","image":{"@type":"ImageObject","inLanguage":"pt-PT","@id":"https:\/\/secure.gravatar.com\/avatar\/948b492cce32b586ac2db0eaa926ee87024f7afe218d73b397ea5ddfc5f43ea1?s=96&d=mm&r=g","url":"https:\/\/secure.gravatar.com\/avatar\/948b492cce32b586ac2db0eaa926ee87024f7afe218d73b397ea5ddfc5f43ea1?s=96&d=mm&r=g","contentUrl":"https:\/\/secure.gravatar.com\/avatar\/948b492cce32b586ac2db0eaa926ee87024f7afe218d73b397ea5ddfc5f43ea1?s=96&d=mm&r=g","caption":"admin"},"sameAs":["https:\/\/encompaniastj.org"],"url":"https:\/\/encompaniastj.org\/pt-pt\/author\/sjdigital\/"}]}},"_links":{"self":[{"href":"https:\/\/encompaniastj.org\/pt-pt\/wp-json\/wp\/v2\/posts\/13742","targetHints":{"allow":["GET"]}}],"collection":[{"href":"https:\/\/encompaniastj.org\/pt-pt\/wp-json\/wp\/v2\/posts"}],"about":[{"href":"https:\/\/encompaniastj.org\/pt-pt\/wp-json\/wp\/v2\/types\/post"}],"author":[{"embeddable":true,"href":"https:\/\/encompaniastj.org\/pt-pt\/wp-json\/wp\/v2\/users\/1"}],"replies":[{"embeddable":true,"href":"https:\/\/encompaniastj.org\/pt-pt\/wp-json\/wp\/v2\/comments?post=13742"}],"version-history":[{"count":0,"href":"https:\/\/encompaniastj.org\/pt-pt\/wp-json\/wp\/v2\/posts\/13742\/revisions"}],"wp:featuredmedia":[{"embeddable":true,"href":"https:\/\/encompaniastj.org\/pt-pt\/wp-json\/wp\/v2\/media\/7924"}],"wp:attachment":[{"href":"https:\/\/encompaniastj.org\/pt-pt\/wp-json\/wp\/v2\/media?parent=13742"}],"wp:term":[{"taxonomy":"category","embeddable":true,"href":"https:\/\/encompaniastj.org\/pt-pt\/wp-json\/wp\/v2\/categories?post=13742"},{"taxonomy":"post_tag","embeddable":true,"href":"https:\/\/encompaniastj.org\/pt-pt\/wp-json\/wp\/v2\/tags?post=13742"}],"curies":[{"name":"wp","href":"https:\/\/api.w.org\/{rel}","templated":true}]}}