{"id":13730,"date":"2022-04-28T07:37:33","date_gmt":"2022-04-28T05:37:33","guid":{"rendered":"https:\/\/encompaniastj.org\/toca-a-trabalhar\/"},"modified":"2025-10-14T08:56:04","modified_gmt":"2025-10-14T06:56:04","slug":"toca-a-trabalhar","status":"publish","type":"post","link":"https:\/\/encompaniastj.org\/pt-pt\/toca-a-trabalhar\/","title":{"rendered":"TOCA A TRABALHAR!"},"content":{"rendered":"<p>Nos dias 22 e 23 de abril fomos convidados a participar no encontro provincial de discernimento da zona de Madrid.<\/p>\n<p>Na sexta-feira \u00e0 tarde, algumas irm\u00e3s e leigos, respons\u00e1veis por obras e projetos, se encontraram online para partilhar a miss\u00e3o, as riquezas e os desafios de cada realidade. No s\u00e1bado de manh\u00e3, 35 irm\u00e3s se reuniram no Col\u00e9gio Jesus Mestre para partilhar a reflex\u00e3o e \u00e0 tarde mais sete leigos se juntaram a n\u00f3s para completar a vis\u00e3o do territ\u00f3rio. <\/p>\n<p>O encontro de s\u00e1bado foi muito rico. Isabel del Valle, a nossa coordenadora provincial, deu-nos as boas-vindas e convidou-nos a olhar para a realidade, a escutarmo-nos uns aos outros e a escutar o Esp\u00edrito. Come\u00e7\u00e1mos com um momento de ora\u00e7\u00e3o em que demos gra\u00e7as a Deus por cada comunidade de Madrid. Depois recebemos uma informa\u00e7\u00e3o muito completa sobre a realidade das irm\u00e3s, das comunidades e das obras, n\u00e3o s\u00f3 sobre dados e n\u00fameros, mas sobretudo sobre a vida: miss\u00e3o, pessoas, riquezas e desafios. E tivemos tempo para a reflex\u00e3o pessoal, a partilha em grupos e a escuta rec\u00edproca em assembleia, a partir dos focos de discernimento expostos no Relat\u00f3rio do Processo de Discernimento para o ano 2020. Houve ainda tempo para lan\u00e7ar um outro tema de di\u00e1logo para refor\u00e7ar a inter-rela\u00e7\u00e3o entre as comunidades da zona.     <\/p>\n<p>Durante todo o dia, fal\u00e1mos livre e abertamente, e lan\u00e7\u00e1mos a luz que t\u00ednhamos para desenhar como vemos a configura\u00e7\u00e3o das comunidades num futuro pr\u00f3ximo. O mais bonito foi que, em todos os momentos, o crit\u00e9rio de discernimento foi a miss\u00e3o, o fazer e o estar l\u00e1 &#8220;onde os interesses de Jesus est\u00e3o mais em risco&#8221;. E foi impressionante ver como os leigos tamb\u00e9m participam neste mesmo objetivo.  <\/p>\n<p>Claro que altern\u00e1mos o trabalho com momentos de descanso em que pudemos reencontrar-nos e conversar de uma forma diferente, enquanto com\u00edamos um delicioso p\u00e3o de l\u00f3, com\u00edamos e brind\u00e1vamos ao dia 23 de abril (Dia de S\u00e3o Jorge para os aragoneses, Dia de S\u00e3o Jorge para os catal\u00e3es, Dia de Castela e Le\u00e3o para os castelhanos, at\u00e9 \u00e0 final da Ta\u00e7a do Rei para as mulheres andaluzas e valencianas, &#8230; e todos eles, o Dia do Livro).<\/p>\n<p>No final do encontro, j\u00e1 pela tarde, todos estavam cheios de gratid\u00e3o, de esperan\u00e7a e de sentido de corresponsabilidade num caminho que estamos a percorrer juntos com o \u00fanico objetivo de refor\u00e7ar a miss\u00e3o, e com um desejo claro: &#8220;Vamos ao trabalho, porque o tempo urge e o amor de Cristo urge. Tudo por Jesus&#8221;.<\/p>\n<p>Obrigado por este dia de fraternidade e de encontro!<\/p>\n\n<p>&nbsp;<\/p>\n","protected":false},"excerpt":{"rendered":"<p>Nos dias 22 e 23 de abril fomos convidados a participar no encontro provincial de discernimento da zona de Madrid. Na sexta-feira \u00e0 tarde, algumas irm\u00e3s e leigos, respons\u00e1veis por [&hellip;]<\/p>\n","protected":false},"author":1,"featured_media":7898,"comment_status":"open","ping_status":"open","sticky":false,"template":"","format":"standard","meta":{"_acf_changed":false,"footnotes":""},"categories":[61,62],"tags":[],"class_list":["post-13730","post","type-post","status-publish","format-standard","has-post-thumbnail","hentry","category-noticias","category-otras"],"acf":[],"yoast_head":"<!-- This site is optimized with the Yoast SEO plugin v27.5 - https:\/\/yoast.com\/product\/yoast-seo-wordpress\/ -->\n<title>TOCA A TRABALHAR! - En Compa\u00f1\u00eda STJ<\/title>\n<meta name=\"robots\" content=\"index, follow, max-snippet:-1, max-image-preview:large, max-video-preview:-1\" \/>\n<link rel=\"canonical\" href=\"https:\/\/encompaniastj.org\/pt-pt\/toca-a-trabalhar\/\" \/>\n<meta property=\"og:locale\" content=\"pt_PT\" \/>\n<meta property=\"og:type\" content=\"article\" \/>\n<meta property=\"og:title\" content=\"TOCA A TRABALHAR! - En Compa\u00f1\u00eda STJ\" \/>\n<meta property=\"og:description\" content=\"Nos dias 22 e 23 de abril fomos convidados a participar no encontro provincial de discernimento da zona de Madrid. Na sexta-feira \u00e0 tarde, algumas irm\u00e3s e leigos, respons\u00e1veis por [&hellip;]\" \/>\n<meta property=\"og:url\" content=\"https:\/\/encompaniastj.org\/pt-pt\/toca-a-trabalhar\/\" \/>\n<meta property=\"og:site_name\" content=\"En Compa\u00f1\u00eda STJ\" \/>\n<meta property=\"article:published_time\" content=\"2022-04-28T05:37:33+00:00\" \/>\n<meta property=\"article:modified_time\" content=\"2025-10-14T06:56:04+00:00\" \/>\n<meta property=\"og:image\" content=\"https:\/\/encompaniastj.org\/wp-content\/uploads\/2025\/05\/f1-1.jpg\" \/>\n\t<meta property=\"og:image:width\" content=\"500\" \/>\n\t<meta property=\"og:image:height\" content=\"250\" \/>\n\t<meta property=\"og:image:type\" content=\"image\/jpeg\" \/>\n<meta name=\"author\" content=\"admin\" \/>\n<meta name=\"twitter:card\" content=\"summary_large_image\" \/>\n<meta name=\"twitter:label1\" content=\"Escrito por\" \/>\n\t<meta name=\"twitter:data1\" content=\"admin\" \/>\n\t<meta name=\"twitter:label2\" content=\"Tempo estimado de leitura\" \/>\n\t<meta name=\"twitter:data2\" content=\"3 minutos\" \/>\n<script type=\"application\/ld+json\" class=\"yoast-schema-graph\">{\"@context\":\"https:\\\/\\\/schema.org\",\"@graph\":[{\"@type\":\"Article\",\"@id\":\"https:\\\/\\\/encompaniastj.org\\\/pt-pt\\\/toca-a-trabalhar\\\/#article\",\"isPartOf\":{\"@id\":\"https:\\\/\\\/encompaniastj.org\\\/pt-pt\\\/toca-a-trabalhar\\\/\"},\"author\":{\"name\":\"admin\",\"@id\":\"https:\\\/\\\/encompaniastj.org\\\/pt-pt\\\/#\\\/schema\\\/person\\\/520e7ecc314793d40091993c2a02b651\"},\"headline\":\"TOCA A TRABALHAR!\",\"datePublished\":\"2022-04-28T05:37:33+00:00\",\"dateModified\":\"2025-10-14T06:56:04+00:00\",\"mainEntityOfPage\":{\"@id\":\"https:\\\/\\\/encompaniastj.org\\\/pt-pt\\\/toca-a-trabalhar\\\/\"},\"wordCount\":543,\"commentCount\":0,\"publisher\":{\"@id\":\"https:\\\/\\\/encompaniastj.org\\\/pt-pt\\\/#organization\"},\"image\":{\"@id\":\"https:\\\/\\\/encompaniastj.org\\\/pt-pt\\\/toca-a-trabalhar\\\/#primaryimage\"},\"thumbnailUrl\":\"https:\\\/\\\/encompaniastj.org\\\/wp-content\\\/uploads\\\/2025\\\/05\\\/f1-1.jpg\",\"articleSection\":[\"Noticias\",\"Otras\"],\"inLanguage\":\"pt-PT\",\"potentialAction\":[{\"@type\":\"CommentAction\",\"name\":\"Comment\",\"target\":[\"https:\\\/\\\/encompaniastj.org\\\/pt-pt\\\/toca-a-trabalhar\\\/#respond\"]}]},{\"@type\":\"WebPage\",\"@id\":\"https:\\\/\\\/encompaniastj.org\\\/pt-pt\\\/toca-a-trabalhar\\\/\",\"url\":\"https:\\\/\\\/encompaniastj.org\\\/pt-pt\\\/toca-a-trabalhar\\\/\",\"name\":\"TOCA A TRABALHAR! - En Compa\u00f1\u00eda STJ\",\"isPartOf\":{\"@id\":\"https:\\\/\\\/encompaniastj.org\\\/pt-pt\\\/#website\"},\"primaryImageOfPage\":{\"@id\":\"https:\\\/\\\/encompaniastj.org\\\/pt-pt\\\/toca-a-trabalhar\\\/#primaryimage\"},\"image\":{\"@id\":\"https:\\\/\\\/encompaniastj.org\\\/pt-pt\\\/toca-a-trabalhar\\\/#primaryimage\"},\"thumbnailUrl\":\"https:\\\/\\\/encompaniastj.org\\\/wp-content\\\/uploads\\\/2025\\\/05\\\/f1-1.jpg\",\"datePublished\":\"2022-04-28T05:37:33+00:00\",\"dateModified\":\"2025-10-14T06:56:04+00:00\",\"breadcrumb\":{\"@id\":\"https:\\\/\\\/encompaniastj.org\\\/pt-pt\\\/toca-a-trabalhar\\\/#breadcrumb\"},\"inLanguage\":\"pt-PT\",\"potentialAction\":[{\"@type\":\"ReadAction\",\"target\":[\"https:\\\/\\\/encompaniastj.org\\\/pt-pt\\\/toca-a-trabalhar\\\/\"]}]},{\"@type\":\"ImageObject\",\"inLanguage\":\"pt-PT\",\"@id\":\"https:\\\/\\\/encompaniastj.org\\\/pt-pt\\\/toca-a-trabalhar\\\/#primaryimage\",\"url\":\"https:\\\/\\\/encompaniastj.org\\\/wp-content\\\/uploads\\\/2025\\\/05\\\/f1-1.jpg\",\"contentUrl\":\"https:\\\/\\\/encompaniastj.org\\\/wp-content\\\/uploads\\\/2025\\\/05\\\/f1-1.jpg\",\"width\":500,\"height\":250},{\"@type\":\"BreadcrumbList\",\"@id\":\"https:\\\/\\\/encompaniastj.org\\\/pt-pt\\\/toca-a-trabalhar\\\/#breadcrumb\",\"itemListElement\":[{\"@type\":\"ListItem\",\"position\":1,\"name\":\"Portada\",\"item\":\"https:\\\/\\\/encompaniastj.org\\\/pt-pt\\\/\"},{\"@type\":\"ListItem\",\"position\":2,\"name\":\"TOCA A TRABALHAR!\"}]},{\"@type\":\"WebSite\",\"@id\":\"https:\\\/\\\/encompaniastj.org\\\/pt-pt\\\/#website\",\"url\":\"https:\\\/\\\/encompaniastj.org\\\/pt-pt\\\/\",\"name\":\"En Compa\u00f1\u00eda STJ\",\"description\":\"Bolet\u00edn de la Compa\u00f1\u00eda de Santa Teresa de Jes\u00fas\",\"publisher\":{\"@id\":\"https:\\\/\\\/encompaniastj.org\\\/pt-pt\\\/#organization\"},\"potentialAction\":[{\"@type\":\"SearchAction\",\"target\":{\"@type\":\"EntryPoint\",\"urlTemplate\":\"https:\\\/\\\/encompaniastj.org\\\/pt-pt\\\/?s={search_term_string}\"},\"query-input\":{\"@type\":\"PropertyValueSpecification\",\"valueRequired\":true,\"valueName\":\"search_term_string\"}}],\"inLanguage\":\"pt-PT\"},{\"@type\":\"Organization\",\"@id\":\"https:\\\/\\\/encompaniastj.org\\\/pt-pt\\\/#organization\",\"name\":\"Compa\u00f1\u00eda de Santa Teresa de Jes\u00fas\",\"url\":\"https:\\\/\\\/encompaniastj.org\\\/pt-pt\\\/\",\"logo\":{\"@type\":\"ImageObject\",\"inLanguage\":\"pt-PT\",\"@id\":\"https:\\\/\\\/encompaniastj.org\\\/pt-pt\\\/#\\\/schema\\\/logo\\\/image\\\/\",\"url\":\"https:\\\/\\\/encompaniastj.org\\\/wp-content\\\/uploads\\\/2025\\\/04\\\/logo_provincias02-1-3.png\",\"contentUrl\":\"https:\\\/\\\/encompaniastj.org\\\/wp-content\\\/uploads\\\/2025\\\/04\\\/logo_provincias02-1-3.png\",\"width\":2368,\"height\":825,\"caption\":\"Compa\u00f1\u00eda de Santa Teresa de Jes\u00fas\"},\"image\":{\"@id\":\"https:\\\/\\\/encompaniastj.org\\\/pt-pt\\\/#\\\/schema\\\/logo\\\/image\\\/\"}},{\"@type\":\"Person\",\"@id\":\"https:\\\/\\\/encompaniastj.org\\\/pt-pt\\\/#\\\/schema\\\/person\\\/520e7ecc314793d40091993c2a02b651\",\"name\":\"admin\",\"image\":{\"@type\":\"ImageObject\",\"inLanguage\":\"pt-PT\",\"@id\":\"https:\\\/\\\/secure.gravatar.com\\\/avatar\\\/948b492cce32b586ac2db0eaa926ee87024f7afe218d73b397ea5ddfc5f43ea1?s=96&d=mm&r=g\",\"url\":\"https:\\\/\\\/secure.gravatar.com\\\/avatar\\\/948b492cce32b586ac2db0eaa926ee87024f7afe218d73b397ea5ddfc5f43ea1?s=96&d=mm&r=g\",\"contentUrl\":\"https:\\\/\\\/secure.gravatar.com\\\/avatar\\\/948b492cce32b586ac2db0eaa926ee87024f7afe218d73b397ea5ddfc5f43ea1?s=96&d=mm&r=g\",\"caption\":\"admin\"},\"sameAs\":[\"https:\\\/\\\/encompaniastj.org\"],\"url\":\"https:\\\/\\\/encompaniastj.org\\\/pt-pt\\\/author\\\/sjdigital\\\/\"}]}<\/script>\n<!-- \/ Yoast SEO plugin. -->","yoast_head_json":{"title":"TOCA A TRABALHAR! - En Compa\u00f1\u00eda STJ","robots":{"index":"index","follow":"follow","max-snippet":"max-snippet:-1","max-image-preview":"max-image-preview:large","max-video-preview":"max-video-preview:-1"},"canonical":"https:\/\/encompaniastj.org\/pt-pt\/toca-a-trabalhar\/","og_locale":"pt_PT","og_type":"article","og_title":"TOCA A TRABALHAR! - En Compa\u00f1\u00eda STJ","og_description":"Nos dias 22 e 23 de abril fomos convidados a participar no encontro provincial de discernimento da zona de Madrid. Na sexta-feira \u00e0 tarde, algumas irm\u00e3s e leigos, respons\u00e1veis por [&hellip;]","og_url":"https:\/\/encompaniastj.org\/pt-pt\/toca-a-trabalhar\/","og_site_name":"En Compa\u00f1\u00eda STJ","article_published_time":"2022-04-28T05:37:33+00:00","article_modified_time":"2025-10-14T06:56:04+00:00","og_image":[{"width":500,"height":250,"url":"https:\/\/encompaniastj.org\/wp-content\/uploads\/2025\/05\/f1-1.jpg","type":"image\/jpeg"}],"author":"admin","twitter_card":"summary_large_image","twitter_misc":{"Escrito por":"admin","Tempo estimado de leitura":"3 minutos"},"schema":{"@context":"https:\/\/schema.org","@graph":[{"@type":"Article","@id":"https:\/\/encompaniastj.org\/pt-pt\/toca-a-trabalhar\/#article","isPartOf":{"@id":"https:\/\/encompaniastj.org\/pt-pt\/toca-a-trabalhar\/"},"author":{"name":"admin","@id":"https:\/\/encompaniastj.org\/pt-pt\/#\/schema\/person\/520e7ecc314793d40091993c2a02b651"},"headline":"TOCA A TRABALHAR!","datePublished":"2022-04-28T05:37:33+00:00","dateModified":"2025-10-14T06:56:04+00:00","mainEntityOfPage":{"@id":"https:\/\/encompaniastj.org\/pt-pt\/toca-a-trabalhar\/"},"wordCount":543,"commentCount":0,"publisher":{"@id":"https:\/\/encompaniastj.org\/pt-pt\/#organization"},"image":{"@id":"https:\/\/encompaniastj.org\/pt-pt\/toca-a-trabalhar\/#primaryimage"},"thumbnailUrl":"https:\/\/encompaniastj.org\/wp-content\/uploads\/2025\/05\/f1-1.jpg","articleSection":["Noticias","Otras"],"inLanguage":"pt-PT","potentialAction":[{"@type":"CommentAction","name":"Comment","target":["https:\/\/encompaniastj.org\/pt-pt\/toca-a-trabalhar\/#respond"]}]},{"@type":"WebPage","@id":"https:\/\/encompaniastj.org\/pt-pt\/toca-a-trabalhar\/","url":"https:\/\/encompaniastj.org\/pt-pt\/toca-a-trabalhar\/","name":"TOCA A TRABALHAR! - En Compa\u00f1\u00eda STJ","isPartOf":{"@id":"https:\/\/encompaniastj.org\/pt-pt\/#website"},"primaryImageOfPage":{"@id":"https:\/\/encompaniastj.org\/pt-pt\/toca-a-trabalhar\/#primaryimage"},"image":{"@id":"https:\/\/encompaniastj.org\/pt-pt\/toca-a-trabalhar\/#primaryimage"},"thumbnailUrl":"https:\/\/encompaniastj.org\/wp-content\/uploads\/2025\/05\/f1-1.jpg","datePublished":"2022-04-28T05:37:33+00:00","dateModified":"2025-10-14T06:56:04+00:00","breadcrumb":{"@id":"https:\/\/encompaniastj.org\/pt-pt\/toca-a-trabalhar\/#breadcrumb"},"inLanguage":"pt-PT","potentialAction":[{"@type":"ReadAction","target":["https:\/\/encompaniastj.org\/pt-pt\/toca-a-trabalhar\/"]}]},{"@type":"ImageObject","inLanguage":"pt-PT","@id":"https:\/\/encompaniastj.org\/pt-pt\/toca-a-trabalhar\/#primaryimage","url":"https:\/\/encompaniastj.org\/wp-content\/uploads\/2025\/05\/f1-1.jpg","contentUrl":"https:\/\/encompaniastj.org\/wp-content\/uploads\/2025\/05\/f1-1.jpg","width":500,"height":250},{"@type":"BreadcrumbList","@id":"https:\/\/encompaniastj.org\/pt-pt\/toca-a-trabalhar\/#breadcrumb","itemListElement":[{"@type":"ListItem","position":1,"name":"Portada","item":"https:\/\/encompaniastj.org\/pt-pt\/"},{"@type":"ListItem","position":2,"name":"TOCA A TRABALHAR!"}]},{"@type":"WebSite","@id":"https:\/\/encompaniastj.org\/pt-pt\/#website","url":"https:\/\/encompaniastj.org\/pt-pt\/","name":"En Compa\u00f1\u00eda STJ","description":"Bolet\u00edn de la Compa\u00f1\u00eda de Santa Teresa de Jes\u00fas","publisher":{"@id":"https:\/\/encompaniastj.org\/pt-pt\/#organization"},"potentialAction":[{"@type":"SearchAction","target":{"@type":"EntryPoint","urlTemplate":"https:\/\/encompaniastj.org\/pt-pt\/?s={search_term_string}"},"query-input":{"@type":"PropertyValueSpecification","valueRequired":true,"valueName":"search_term_string"}}],"inLanguage":"pt-PT"},{"@type":"Organization","@id":"https:\/\/encompaniastj.org\/pt-pt\/#organization","name":"Compa\u00f1\u00eda de Santa Teresa de Jes\u00fas","url":"https:\/\/encompaniastj.org\/pt-pt\/","logo":{"@type":"ImageObject","inLanguage":"pt-PT","@id":"https:\/\/encompaniastj.org\/pt-pt\/#\/schema\/logo\/image\/","url":"https:\/\/encompaniastj.org\/wp-content\/uploads\/2025\/04\/logo_provincias02-1-3.png","contentUrl":"https:\/\/encompaniastj.org\/wp-content\/uploads\/2025\/04\/logo_provincias02-1-3.png","width":2368,"height":825,"caption":"Compa\u00f1\u00eda de Santa Teresa de Jes\u00fas"},"image":{"@id":"https:\/\/encompaniastj.org\/pt-pt\/#\/schema\/logo\/image\/"}},{"@type":"Person","@id":"https:\/\/encompaniastj.org\/pt-pt\/#\/schema\/person\/520e7ecc314793d40091993c2a02b651","name":"admin","image":{"@type":"ImageObject","inLanguage":"pt-PT","@id":"https:\/\/secure.gravatar.com\/avatar\/948b492cce32b586ac2db0eaa926ee87024f7afe218d73b397ea5ddfc5f43ea1?s=96&d=mm&r=g","url":"https:\/\/secure.gravatar.com\/avatar\/948b492cce32b586ac2db0eaa926ee87024f7afe218d73b397ea5ddfc5f43ea1?s=96&d=mm&r=g","contentUrl":"https:\/\/secure.gravatar.com\/avatar\/948b492cce32b586ac2db0eaa926ee87024f7afe218d73b397ea5ddfc5f43ea1?s=96&d=mm&r=g","caption":"admin"},"sameAs":["https:\/\/encompaniastj.org"],"url":"https:\/\/encompaniastj.org\/pt-pt\/author\/sjdigital\/"}]}},"_links":{"self":[{"href":"https:\/\/encompaniastj.org\/pt-pt\/wp-json\/wp\/v2\/posts\/13730","targetHints":{"allow":["GET"]}}],"collection":[{"href":"https:\/\/encompaniastj.org\/pt-pt\/wp-json\/wp\/v2\/posts"}],"about":[{"href":"https:\/\/encompaniastj.org\/pt-pt\/wp-json\/wp\/v2\/types\/post"}],"author":[{"embeddable":true,"href":"https:\/\/encompaniastj.org\/pt-pt\/wp-json\/wp\/v2\/users\/1"}],"replies":[{"embeddable":true,"href":"https:\/\/encompaniastj.org\/pt-pt\/wp-json\/wp\/v2\/comments?post=13730"}],"version-history":[{"count":1,"href":"https:\/\/encompaniastj.org\/pt-pt\/wp-json\/wp\/v2\/posts\/13730\/revisions"}],"predecessor-version":[{"id":13731,"href":"https:\/\/encompaniastj.org\/pt-pt\/wp-json\/wp\/v2\/posts\/13730\/revisions\/13731"}],"wp:featuredmedia":[{"embeddable":true,"href":"https:\/\/encompaniastj.org\/pt-pt\/wp-json\/wp\/v2\/media\/7898"}],"wp:attachment":[{"href":"https:\/\/encompaniastj.org\/pt-pt\/wp-json\/wp\/v2\/media?parent=13730"}],"wp:term":[{"taxonomy":"category","embeddable":true,"href":"https:\/\/encompaniastj.org\/pt-pt\/wp-json\/wp\/v2\/categories?post=13730"},{"taxonomy":"post_tag","embeddable":true,"href":"https:\/\/encompaniastj.org\/pt-pt\/wp-json\/wp\/v2\/tags?post=13730"}],"curies":[{"name":"wp","href":"https:\/\/api.w.org\/{rel}","templated":true}]}}