{"id":13729,"date":"2022-03-19T15:35:54","date_gmt":"2022-03-19T14:35:54","guid":{"rendered":"https:\/\/encompaniastj.org\/mulheres-que-deixam-a-sua-marca\/"},"modified":"2022-03-19T15:35:54","modified_gmt":"2022-03-19T14:35:54","slug":"mulheres-que-deixam-a-sua-marca","status":"publish","type":"post","link":"https:\/\/encompaniastj.org\/pt-pt\/mulheres-que-deixam-a-sua-marca\/","title":{"rendered":"MULHERES QUE DEIXAM A SUA MARCA"},"content":{"rendered":"<p>No dia 17 de mar\u00e7o, na Casa San Crist\u00f3bal, celebramos a 5\u00aa edi\u00e7\u00e3o de &#8220;Mujeres que dejan huella&#8221; (Mulheres que deixam a sua marca) que pretende ser uma homenagem \u00e0s mulheres do nosso bairro que deixam a sua marca atrav\u00e9s de diferentes ac\u00e7\u00f5es que realizam para a melhoria e transforma\u00e7\u00e3o do bairro. \u00c9 organizado pelo espa\u00e7o &#8220;Sa\u00fade e G\u00e9nero&#8221; do bairro de Villaverde. <\/p>\n<p>Este ano, uma das mulheres que deixaram a sua marca e cuja miss\u00e3o foi reconhecida foi Aquilina Villacorta e, nela, todas as irm\u00e3s da Companhia que passaram por este simples bairro de Madrid. Foi um acontecimento muito comovente. Um reconhecimento merecido, porque, como disse Aquilina nas suas palavras durante a cerim\u00f3nia, &#8220;estou muito agradecida pela&#8230;  <\/p>\n<p>&#8220;A palavra &#8220;pegadas&#8221; tem muito a dizer sobre a minha vida. Sempre as procurei ativamente. As de Jesus.  <\/p>\n<p>Devo dizer-te que, neste bairro, eles se tornaram mais vis\u00edveis, mais pronunciados e mais reais para mim. O texto de Mateus 25, que Ele viveu, tornou-se cada vez mais claro. \u00c9 por isso que nos disse que eram os seus preferidos, e tornaram-se tamb\u00e9m os meus. Descobri que muitas pessoas t\u00eam fome de paz e de afeto, de escuta, de apoio e de ternura. T\u00eam sede de justi\u00e7a, de amigos, de confian\u00e7a e de fam\u00edlia. Precisam de tirar o frio dos seus cora\u00e7\u00f5es com amor e esperan\u00e7a que d\u00eaem sentido \u00e0s suas vidas&#8230; \u00c9 por isso que vejo muitas das pegadas de Jesus a cruzarem-se com as do nosso povo, com as nossas&#8230; que tamb\u00e9m tentamos lutar com eles, aprender com eles, descobrir as suas riquezas, que eles t\u00eam, para lhes dar as ferramentas que perderam ou que n\u00f3s simplesmente lhes roub\u00e1mos.     <\/p>\n<p>A minha estadia aqui foi uma escola de vida e de aprendizagem, sempre atenta para que ningu\u00e9m ficasse t\u00e3o para tr\u00e1s que n\u00e3o recebesse os nossos cuidados, os nossos olhares, o nosso carinho&#8230; Nestas pegadas de Jesus e nas suas, as minhas est\u00e3o a ser gastas&#8221;.<\/p>\n<p>Agradece a Deus por tudo o que nos d\u00e1 na vida quotidiana. Um abra\u00e7o de irm\u00e3s. <\/p>\n<p>Comunidade de San Crist\u00f3bal - Madrid<\/p>\n\n","protected":false},"excerpt":{"rendered":"<p>No dia 17 de mar\u00e7o, na Casa San Crist\u00f3bal, celebramos a 5\u00aa edi\u00e7\u00e3o de &#8220;Mujeres que dejan huella&#8221; (Mulheres que deixam a sua marca) que pretende ser uma homenagem \u00e0s [&hellip;]<\/p>\n","protected":false},"author":1,"featured_media":7871,"comment_status":"open","ping_status":"open","sticky":false,"template":"","format":"standard","meta":{"_acf_changed":false,"footnotes":""},"categories":[74,61],"tags":[],"class_list":["post-13729","post","type-post","status-publish","format-standard","has-post-thumbnail","hentry","category-accion-social","category-noticias"],"acf":[],"yoast_head":"<!-- This site is optimized with the Yoast SEO plugin v27.5 - https:\/\/yoast.com\/product\/yoast-seo-wordpress\/ -->\n<title>MULHERES QUE DEIXAM A SUA MARCA - En Compa\u00f1\u00eda STJ<\/title>\n<meta name=\"robots\" content=\"index, follow, max-snippet:-1, max-image-preview:large, max-video-preview:-1\" \/>\n<link rel=\"canonical\" href=\"https:\/\/encompaniastj.org\/pt-pt\/mulheres-que-deixam-a-sua-marca\/\" \/>\n<meta property=\"og:locale\" content=\"pt_PT\" \/>\n<meta property=\"og:type\" content=\"article\" \/>\n<meta property=\"og:title\" content=\"MULHERES QUE DEIXAM A SUA MARCA - En Compa\u00f1\u00eda STJ\" \/>\n<meta property=\"og:description\" content=\"No dia 17 de mar\u00e7o, na Casa San Crist\u00f3bal, celebramos a 5\u00aa edi\u00e7\u00e3o de &#8220;Mujeres que dejan huella&#8221; (Mulheres que deixam a sua marca) que pretende ser uma homenagem \u00e0s [&hellip;]\" \/>\n<meta property=\"og:url\" content=\"https:\/\/encompaniastj.org\/pt-pt\/mulheres-que-deixam-a-sua-marca\/\" \/>\n<meta property=\"og:site_name\" content=\"En Compa\u00f1\u00eda STJ\" \/>\n<meta property=\"article:published_time\" content=\"2022-03-19T14:35:54+00:00\" \/>\n<meta property=\"og:image\" content=\"https:\/\/encompaniastj.org\/wp-content\/uploads\/2025\/05\/A1.jpg\" \/>\n\t<meta property=\"og:image:width\" content=\"500\" \/>\n\t<meta property=\"og:image:height\" content=\"355\" \/>\n\t<meta property=\"og:image:type\" content=\"image\/jpeg\" \/>\n<meta name=\"author\" content=\"admin\" \/>\n<meta name=\"twitter:card\" content=\"summary_large_image\" \/>\n<meta name=\"twitter:label1\" content=\"Escrito por\" \/>\n\t<meta name=\"twitter:data1\" content=\"admin\" \/>\n\t<meta name=\"twitter:label2\" content=\"Tempo estimado de leitura\" \/>\n\t<meta name=\"twitter:data2\" content=\"2 minutos\" \/>\n<script type=\"application\/ld+json\" class=\"yoast-schema-graph\">{\"@context\":\"https:\\\/\\\/schema.org\",\"@graph\":[{\"@type\":\"Article\",\"@id\":\"https:\\\/\\\/encompaniastj.org\\\/pt-pt\\\/mulheres-que-deixam-a-sua-marca\\\/#article\",\"isPartOf\":{\"@id\":\"https:\\\/\\\/encompaniastj.org\\\/pt-pt\\\/mulheres-que-deixam-a-sua-marca\\\/\"},\"author\":{\"name\":\"admin\",\"@id\":\"https:\\\/\\\/encompaniastj.org\\\/pt-pt\\\/#\\\/schema\\\/person\\\/520e7ecc314793d40091993c2a02b651\"},\"headline\":\"MULHERES QUE DEIXAM A SUA MARCA\",\"datePublished\":\"2022-03-19T14:35:54+00:00\",\"mainEntityOfPage\":{\"@id\":\"https:\\\/\\\/encompaniastj.org\\\/pt-pt\\\/mulheres-que-deixam-a-sua-marca\\\/\"},\"wordCount\":449,\"commentCount\":0,\"publisher\":{\"@id\":\"https:\\\/\\\/encompaniastj.org\\\/pt-pt\\\/#organization\"},\"image\":{\"@id\":\"https:\\\/\\\/encompaniastj.org\\\/pt-pt\\\/mulheres-que-deixam-a-sua-marca\\\/#primaryimage\"},\"thumbnailUrl\":\"https:\\\/\\\/encompaniastj.org\\\/wp-content\\\/uploads\\\/2025\\\/05\\\/A1.jpg\",\"articleSection\":[\"Acci\u00f3n Social\",\"Noticias\"],\"inLanguage\":\"pt-PT\",\"potentialAction\":[{\"@type\":\"CommentAction\",\"name\":\"Comment\",\"target\":[\"https:\\\/\\\/encompaniastj.org\\\/pt-pt\\\/mulheres-que-deixam-a-sua-marca\\\/#respond\"]}]},{\"@type\":\"WebPage\",\"@id\":\"https:\\\/\\\/encompaniastj.org\\\/pt-pt\\\/mulheres-que-deixam-a-sua-marca\\\/\",\"url\":\"https:\\\/\\\/encompaniastj.org\\\/pt-pt\\\/mulheres-que-deixam-a-sua-marca\\\/\",\"name\":\"MULHERES QUE DEIXAM A SUA MARCA - En Compa\u00f1\u00eda STJ\",\"isPartOf\":{\"@id\":\"https:\\\/\\\/encompaniastj.org\\\/pt-pt\\\/#website\"},\"primaryImageOfPage\":{\"@id\":\"https:\\\/\\\/encompaniastj.org\\\/pt-pt\\\/mulheres-que-deixam-a-sua-marca\\\/#primaryimage\"},\"image\":{\"@id\":\"https:\\\/\\\/encompaniastj.org\\\/pt-pt\\\/mulheres-que-deixam-a-sua-marca\\\/#primaryimage\"},\"thumbnailUrl\":\"https:\\\/\\\/encompaniastj.org\\\/wp-content\\\/uploads\\\/2025\\\/05\\\/A1.jpg\",\"datePublished\":\"2022-03-19T14:35:54+00:00\",\"breadcrumb\":{\"@id\":\"https:\\\/\\\/encompaniastj.org\\\/pt-pt\\\/mulheres-que-deixam-a-sua-marca\\\/#breadcrumb\"},\"inLanguage\":\"pt-PT\",\"potentialAction\":[{\"@type\":\"ReadAction\",\"target\":[\"https:\\\/\\\/encompaniastj.org\\\/pt-pt\\\/mulheres-que-deixam-a-sua-marca\\\/\"]}]},{\"@type\":\"ImageObject\",\"inLanguage\":\"pt-PT\",\"@id\":\"https:\\\/\\\/encompaniastj.org\\\/pt-pt\\\/mulheres-que-deixam-a-sua-marca\\\/#primaryimage\",\"url\":\"https:\\\/\\\/encompaniastj.org\\\/wp-content\\\/uploads\\\/2025\\\/05\\\/A1.jpg\",\"contentUrl\":\"https:\\\/\\\/encompaniastj.org\\\/wp-content\\\/uploads\\\/2025\\\/05\\\/A1.jpg\",\"width\":500,\"height\":355},{\"@type\":\"BreadcrumbList\",\"@id\":\"https:\\\/\\\/encompaniastj.org\\\/pt-pt\\\/mulheres-que-deixam-a-sua-marca\\\/#breadcrumb\",\"itemListElement\":[{\"@type\":\"ListItem\",\"position\":1,\"name\":\"Portada\",\"item\":\"https:\\\/\\\/encompaniastj.org\\\/pt-pt\\\/\"},{\"@type\":\"ListItem\",\"position\":2,\"name\":\"MULHERES QUE DEIXAM A SUA MARCA\"}]},{\"@type\":\"WebSite\",\"@id\":\"https:\\\/\\\/encompaniastj.org\\\/pt-pt\\\/#website\",\"url\":\"https:\\\/\\\/encompaniastj.org\\\/pt-pt\\\/\",\"name\":\"En Compa\u00f1\u00eda STJ\",\"description\":\"Bolet\u00edn de la Compa\u00f1\u00eda de Santa Teresa de Jes\u00fas\",\"publisher\":{\"@id\":\"https:\\\/\\\/encompaniastj.org\\\/pt-pt\\\/#organization\"},\"potentialAction\":[{\"@type\":\"SearchAction\",\"target\":{\"@type\":\"EntryPoint\",\"urlTemplate\":\"https:\\\/\\\/encompaniastj.org\\\/pt-pt\\\/?s={search_term_string}\"},\"query-input\":{\"@type\":\"PropertyValueSpecification\",\"valueRequired\":true,\"valueName\":\"search_term_string\"}}],\"inLanguage\":\"pt-PT\"},{\"@type\":\"Organization\",\"@id\":\"https:\\\/\\\/encompaniastj.org\\\/pt-pt\\\/#organization\",\"name\":\"Compa\u00f1\u00eda de Santa Teresa de Jes\u00fas\",\"url\":\"https:\\\/\\\/encompaniastj.org\\\/pt-pt\\\/\",\"logo\":{\"@type\":\"ImageObject\",\"inLanguage\":\"pt-PT\",\"@id\":\"https:\\\/\\\/encompaniastj.org\\\/pt-pt\\\/#\\\/schema\\\/logo\\\/image\\\/\",\"url\":\"https:\\\/\\\/encompaniastj.org\\\/wp-content\\\/uploads\\\/2025\\\/04\\\/logo_provincias02-1-3.png\",\"contentUrl\":\"https:\\\/\\\/encompaniastj.org\\\/wp-content\\\/uploads\\\/2025\\\/04\\\/logo_provincias02-1-3.png\",\"width\":2368,\"height\":825,\"caption\":\"Compa\u00f1\u00eda de Santa Teresa de Jes\u00fas\"},\"image\":{\"@id\":\"https:\\\/\\\/encompaniastj.org\\\/pt-pt\\\/#\\\/schema\\\/logo\\\/image\\\/\"}},{\"@type\":\"Person\",\"@id\":\"https:\\\/\\\/encompaniastj.org\\\/pt-pt\\\/#\\\/schema\\\/person\\\/520e7ecc314793d40091993c2a02b651\",\"name\":\"admin\",\"image\":{\"@type\":\"ImageObject\",\"inLanguage\":\"pt-PT\",\"@id\":\"https:\\\/\\\/secure.gravatar.com\\\/avatar\\\/948b492cce32b586ac2db0eaa926ee87024f7afe218d73b397ea5ddfc5f43ea1?s=96&d=mm&r=g\",\"url\":\"https:\\\/\\\/secure.gravatar.com\\\/avatar\\\/948b492cce32b586ac2db0eaa926ee87024f7afe218d73b397ea5ddfc5f43ea1?s=96&d=mm&r=g\",\"contentUrl\":\"https:\\\/\\\/secure.gravatar.com\\\/avatar\\\/948b492cce32b586ac2db0eaa926ee87024f7afe218d73b397ea5ddfc5f43ea1?s=96&d=mm&r=g\",\"caption\":\"admin\"},\"sameAs\":[\"https:\\\/\\\/encompaniastj.org\"],\"url\":\"https:\\\/\\\/encompaniastj.org\\\/pt-pt\\\/author\\\/sjdigital\\\/\"}]}<\/script>\n<!-- \/ Yoast SEO plugin. -->","yoast_head_json":{"title":"MULHERES QUE DEIXAM A SUA MARCA - En Compa\u00f1\u00eda STJ","robots":{"index":"index","follow":"follow","max-snippet":"max-snippet:-1","max-image-preview":"max-image-preview:large","max-video-preview":"max-video-preview:-1"},"canonical":"https:\/\/encompaniastj.org\/pt-pt\/mulheres-que-deixam-a-sua-marca\/","og_locale":"pt_PT","og_type":"article","og_title":"MULHERES QUE DEIXAM A SUA MARCA - En Compa\u00f1\u00eda STJ","og_description":"No dia 17 de mar\u00e7o, na Casa San Crist\u00f3bal, celebramos a 5\u00aa edi\u00e7\u00e3o de &#8220;Mujeres que dejan huella&#8221; (Mulheres que deixam a sua marca) que pretende ser uma homenagem \u00e0s [&hellip;]","og_url":"https:\/\/encompaniastj.org\/pt-pt\/mulheres-que-deixam-a-sua-marca\/","og_site_name":"En Compa\u00f1\u00eda STJ","article_published_time":"2022-03-19T14:35:54+00:00","og_image":[{"width":500,"height":355,"url":"https:\/\/encompaniastj.org\/wp-content\/uploads\/2025\/05\/A1.jpg","type":"image\/jpeg"}],"author":"admin","twitter_card":"summary_large_image","twitter_misc":{"Escrito por":"admin","Tempo estimado de leitura":"2 minutos"},"schema":{"@context":"https:\/\/schema.org","@graph":[{"@type":"Article","@id":"https:\/\/encompaniastj.org\/pt-pt\/mulheres-que-deixam-a-sua-marca\/#article","isPartOf":{"@id":"https:\/\/encompaniastj.org\/pt-pt\/mulheres-que-deixam-a-sua-marca\/"},"author":{"name":"admin","@id":"https:\/\/encompaniastj.org\/pt-pt\/#\/schema\/person\/520e7ecc314793d40091993c2a02b651"},"headline":"MULHERES QUE DEIXAM A SUA MARCA","datePublished":"2022-03-19T14:35:54+00:00","mainEntityOfPage":{"@id":"https:\/\/encompaniastj.org\/pt-pt\/mulheres-que-deixam-a-sua-marca\/"},"wordCount":449,"commentCount":0,"publisher":{"@id":"https:\/\/encompaniastj.org\/pt-pt\/#organization"},"image":{"@id":"https:\/\/encompaniastj.org\/pt-pt\/mulheres-que-deixam-a-sua-marca\/#primaryimage"},"thumbnailUrl":"https:\/\/encompaniastj.org\/wp-content\/uploads\/2025\/05\/A1.jpg","articleSection":["Acci\u00f3n Social","Noticias"],"inLanguage":"pt-PT","potentialAction":[{"@type":"CommentAction","name":"Comment","target":["https:\/\/encompaniastj.org\/pt-pt\/mulheres-que-deixam-a-sua-marca\/#respond"]}]},{"@type":"WebPage","@id":"https:\/\/encompaniastj.org\/pt-pt\/mulheres-que-deixam-a-sua-marca\/","url":"https:\/\/encompaniastj.org\/pt-pt\/mulheres-que-deixam-a-sua-marca\/","name":"MULHERES QUE DEIXAM A SUA MARCA - En Compa\u00f1\u00eda STJ","isPartOf":{"@id":"https:\/\/encompaniastj.org\/pt-pt\/#website"},"primaryImageOfPage":{"@id":"https:\/\/encompaniastj.org\/pt-pt\/mulheres-que-deixam-a-sua-marca\/#primaryimage"},"image":{"@id":"https:\/\/encompaniastj.org\/pt-pt\/mulheres-que-deixam-a-sua-marca\/#primaryimage"},"thumbnailUrl":"https:\/\/encompaniastj.org\/wp-content\/uploads\/2025\/05\/A1.jpg","datePublished":"2022-03-19T14:35:54+00:00","breadcrumb":{"@id":"https:\/\/encompaniastj.org\/pt-pt\/mulheres-que-deixam-a-sua-marca\/#breadcrumb"},"inLanguage":"pt-PT","potentialAction":[{"@type":"ReadAction","target":["https:\/\/encompaniastj.org\/pt-pt\/mulheres-que-deixam-a-sua-marca\/"]}]},{"@type":"ImageObject","inLanguage":"pt-PT","@id":"https:\/\/encompaniastj.org\/pt-pt\/mulheres-que-deixam-a-sua-marca\/#primaryimage","url":"https:\/\/encompaniastj.org\/wp-content\/uploads\/2025\/05\/A1.jpg","contentUrl":"https:\/\/encompaniastj.org\/wp-content\/uploads\/2025\/05\/A1.jpg","width":500,"height":355},{"@type":"BreadcrumbList","@id":"https:\/\/encompaniastj.org\/pt-pt\/mulheres-que-deixam-a-sua-marca\/#breadcrumb","itemListElement":[{"@type":"ListItem","position":1,"name":"Portada","item":"https:\/\/encompaniastj.org\/pt-pt\/"},{"@type":"ListItem","position":2,"name":"MULHERES QUE DEIXAM A SUA MARCA"}]},{"@type":"WebSite","@id":"https:\/\/encompaniastj.org\/pt-pt\/#website","url":"https:\/\/encompaniastj.org\/pt-pt\/","name":"En Compa\u00f1\u00eda STJ","description":"Bolet\u00edn de la Compa\u00f1\u00eda de Santa Teresa de Jes\u00fas","publisher":{"@id":"https:\/\/encompaniastj.org\/pt-pt\/#organization"},"potentialAction":[{"@type":"SearchAction","target":{"@type":"EntryPoint","urlTemplate":"https:\/\/encompaniastj.org\/pt-pt\/?s={search_term_string}"},"query-input":{"@type":"PropertyValueSpecification","valueRequired":true,"valueName":"search_term_string"}}],"inLanguage":"pt-PT"},{"@type":"Organization","@id":"https:\/\/encompaniastj.org\/pt-pt\/#organization","name":"Compa\u00f1\u00eda de Santa Teresa de Jes\u00fas","url":"https:\/\/encompaniastj.org\/pt-pt\/","logo":{"@type":"ImageObject","inLanguage":"pt-PT","@id":"https:\/\/encompaniastj.org\/pt-pt\/#\/schema\/logo\/image\/","url":"https:\/\/encompaniastj.org\/wp-content\/uploads\/2025\/04\/logo_provincias02-1-3.png","contentUrl":"https:\/\/encompaniastj.org\/wp-content\/uploads\/2025\/04\/logo_provincias02-1-3.png","width":2368,"height":825,"caption":"Compa\u00f1\u00eda de Santa Teresa de Jes\u00fas"},"image":{"@id":"https:\/\/encompaniastj.org\/pt-pt\/#\/schema\/logo\/image\/"}},{"@type":"Person","@id":"https:\/\/encompaniastj.org\/pt-pt\/#\/schema\/person\/520e7ecc314793d40091993c2a02b651","name":"admin","image":{"@type":"ImageObject","inLanguage":"pt-PT","@id":"https:\/\/secure.gravatar.com\/avatar\/948b492cce32b586ac2db0eaa926ee87024f7afe218d73b397ea5ddfc5f43ea1?s=96&d=mm&r=g","url":"https:\/\/secure.gravatar.com\/avatar\/948b492cce32b586ac2db0eaa926ee87024f7afe218d73b397ea5ddfc5f43ea1?s=96&d=mm&r=g","contentUrl":"https:\/\/secure.gravatar.com\/avatar\/948b492cce32b586ac2db0eaa926ee87024f7afe218d73b397ea5ddfc5f43ea1?s=96&d=mm&r=g","caption":"admin"},"sameAs":["https:\/\/encompaniastj.org"],"url":"https:\/\/encompaniastj.org\/pt-pt\/author\/sjdigital\/"}]}},"_links":{"self":[{"href":"https:\/\/encompaniastj.org\/pt-pt\/wp-json\/wp\/v2\/posts\/13729","targetHints":{"allow":["GET"]}}],"collection":[{"href":"https:\/\/encompaniastj.org\/pt-pt\/wp-json\/wp\/v2\/posts"}],"about":[{"href":"https:\/\/encompaniastj.org\/pt-pt\/wp-json\/wp\/v2\/types\/post"}],"author":[{"embeddable":true,"href":"https:\/\/encompaniastj.org\/pt-pt\/wp-json\/wp\/v2\/users\/1"}],"replies":[{"embeddable":true,"href":"https:\/\/encompaniastj.org\/pt-pt\/wp-json\/wp\/v2\/comments?post=13729"}],"version-history":[{"count":0,"href":"https:\/\/encompaniastj.org\/pt-pt\/wp-json\/wp\/v2\/posts\/13729\/revisions"}],"wp:featuredmedia":[{"embeddable":true,"href":"https:\/\/encompaniastj.org\/pt-pt\/wp-json\/wp\/v2\/media\/7871"}],"wp:attachment":[{"href":"https:\/\/encompaniastj.org\/pt-pt\/wp-json\/wp\/v2\/media?parent=13729"}],"wp:term":[{"taxonomy":"category","embeddable":true,"href":"https:\/\/encompaniastj.org\/pt-pt\/wp-json\/wp\/v2\/categories?post=13729"},{"taxonomy":"post_tag","embeddable":true,"href":"https:\/\/encompaniastj.org\/pt-pt\/wp-json\/wp\/v2\/tags?post=13729"}],"curies":[{"name":"wp","href":"https:\/\/api.w.org\/{rel}","templated":true}]}}