{"id":13728,"date":"2022-05-09T11:29:32","date_gmt":"2022-05-09T09:29:32","guid":{"rendered":"https:\/\/encompaniastj.org\/a-camara-municipal-de-nisa-atribui-a-medalha-de-merito-aos-irmaos-teresianoslpalhao\/"},"modified":"2022-05-09T11:29:32","modified_gmt":"2022-05-09T09:29:32","slug":"a-camara-municipal-de-nisa-atribui-a-medalha-de-merito-aos-irmaos-teresianoslpalhao","status":"publish","type":"post","link":"https:\/\/encompaniastj.org\/pt-pt\/a-camara-municipal-de-nisa-atribui-a-medalha-de-merito-aos-irmaos-teresianoslpalhao\/","title":{"rendered":"A C\u00c2MARA MUNICIPAL DE NISA ATRIBUI A MEDALHA DE M\u00c9RITO AOS IRM\u00c3OS TERESIANOSlpalh\u00e3o"},"content":{"rendered":"<p>Em Nisa, na manh\u00e3 das comemora\u00e7\u00f5es do 25 de abril, a Presidente da C\u00e2mara Municipal de Nisa quis prestar homenagem \u00e0 Companhia de Santa Teresa de Jesus, representada em Alpalh\u00e3o pelas Irm\u00e3s M\u00aa Teresa da Silva e Sousa, Elvira da Gl\u00f3ria da Silva e Sousa e Carlota J\u00falia da Costa Domingues.<\/p>\n<p>A pandemia impediu que esta homenagem se realizasse, como previsto, em 2020, pois nesse ano assinalava-se o 40\u00ba anivers\u00e1rio da funda\u00e7\u00e3o da comunidade teresiana em Alpalh\u00e3o. A Companhia chegou a esta bela vila alentejana em setembro de 1980, a pedido do Bispo da Diocese de Portalegre - Castelo Branco, D. Augusto C\u00e9sar Alves Ferreira da Silva, para que, inseridos na Igreja local, pud\u00e9ssemos servir o povo simples, de forte religiosidade popular, necessitado de a\u00e7\u00e3o humanit\u00e1ria e evangelizadora. <\/p>\n<p>O Centro Social, resid\u00eancia das Irm\u00e3s, \u00e9 uma porta aberta para todos: crian\u00e7as, jovens e adultos.<\/p>\n<p>As palavras da Presidente da C\u00e2mara de Nisa quando nos entregou a Medalha s\u00e3o palavras de reconhecimento e gratid\u00e3o:<\/p>\n<p>-<em>Esta Medalha de M\u00e9rito \u00e9 atribu\u00edda \u00e0s Irm\u00e3s pela louv\u00e1vel resposta social e comunit\u00e1ria que t\u00eam dado para elevar o n\u00edvel e a qualidade de vida da popula\u00e7\u00e3o da Freguesia de Alpalh\u00e3o, nomeadamente nas \u00e1reas s\u00f3cio-educativas e de solidariedade&#8221;.<\/em><\/p>\n<p>Hoje estamos aqui, mas muitas boas Irm\u00e3s Teresianas passaram por aqui e deixaram uma marca t\u00e3o positiva nesta vila de Alpalh\u00e2o! Por isso, esta homenagem \u00e9 dedicada a todas elas! <\/p>\n<p>Maria Teresa Sousa, stj<\/p>\n<p><img loading=\"lazy\" decoding=\"async\" class=\"aligncenter size-medium wp-image-8753\" src=\"https:\/\/encompaniastj.org\/wp-content\/uploads\/2025\/05\/foto1-5.png\" alt=\"\" width=\"300\" height=\"177\"><\/p>\n","protected":false},"excerpt":{"rendered":"<p>Em Nisa, na manh\u00e3 das comemora\u00e7\u00f5es do 25 de abril, a Presidente da C\u00e2mara Municipal de Nisa quis prestar homenagem \u00e0 Companhia de Santa Teresa de Jesus, representada em Alpalh\u00e3o [&hellip;]<\/p>\n","protected":false},"author":1,"featured_media":7904,"comment_status":"open","ping_status":"open","sticky":false,"template":"","format":"standard","meta":{"_acf_changed":false,"footnotes":""},"categories":[61,78],"tags":[],"class_list":["post-13728","post","type-post","status-publish","format-standard","has-post-thumbnail","hentry","category-noticias","category-parroquial-eclesial"],"acf":[],"yoast_head":"<!-- This site is optimized with the Yoast SEO plugin v27.5 - https:\/\/yoast.com\/product\/yoast-seo-wordpress\/ -->\n<title>A C\u00c2MARA MUNICIPAL DE NISA ATRIBUI A MEDALHA DE M\u00c9RITO AOS IRM\u00c3OS TERESIANOSlpalh\u00e3o - En Compa\u00f1\u00eda STJ<\/title>\n<meta name=\"robots\" content=\"index, follow, max-snippet:-1, max-image-preview:large, max-video-preview:-1\" \/>\n<link rel=\"canonical\" href=\"https:\/\/encompaniastj.org\/pt-pt\/a-camara-municipal-de-nisa-atribui-a-medalha-de-merito-aos-irmaos-teresianoslpalhao\/\" \/>\n<meta property=\"og:locale\" content=\"pt_PT\" \/>\n<meta property=\"og:type\" content=\"article\" \/>\n<meta property=\"og:title\" content=\"A C\u00c2MARA MUNICIPAL DE NISA ATRIBUI A MEDALHA DE M\u00c9RITO AOS IRM\u00c3OS TERESIANOSlpalh\u00e3o - En Compa\u00f1\u00eda STJ\" \/>\n<meta property=\"og:description\" content=\"Em Nisa, na manh\u00e3 das comemora\u00e7\u00f5es do 25 de abril, a Presidente da C\u00e2mara Municipal de Nisa quis prestar homenagem \u00e0 Companhia de Santa Teresa de Jesus, representada em Alpalh\u00e3o [&hellip;]\" \/>\n<meta property=\"og:url\" content=\"https:\/\/encompaniastj.org\/pt-pt\/a-camara-municipal-de-nisa-atribui-a-medalha-de-merito-aos-irmaos-teresianoslpalhao\/\" \/>\n<meta property=\"og:site_name\" content=\"En Compa\u00f1\u00eda STJ\" \/>\n<meta property=\"article:published_time\" content=\"2022-05-09T09:29:32+00:00\" \/>\n<meta property=\"og:image\" content=\"https:\/\/encompaniastj.org\/wp-content\/uploads\/2025\/05\/foto1.png\" \/>\n\t<meta property=\"og:image:width\" content=\"450\" \/>\n\t<meta property=\"og:image:height\" content=\"265\" \/>\n\t<meta property=\"og:image:type\" content=\"image\/png\" \/>\n<meta name=\"author\" content=\"admin\" \/>\n<meta name=\"twitter:card\" content=\"summary_large_image\" \/>\n<meta name=\"twitter:label1\" content=\"Escrito por\" \/>\n\t<meta name=\"twitter:data1\" content=\"admin\" \/>\n\t<meta name=\"twitter:label2\" content=\"Tempo estimado de leitura\" \/>\n\t<meta name=\"twitter:data2\" content=\"1 minuto\" \/>\n<script type=\"application\/ld+json\" class=\"yoast-schema-graph\">{\"@context\":\"https:\\\/\\\/schema.org\",\"@graph\":[{\"@type\":\"Article\",\"@id\":\"https:\\\/\\\/encompaniastj.org\\\/pt-pt\\\/a-camara-municipal-de-nisa-atribui-a-medalha-de-merito-aos-irmaos-teresianoslpalhao\\\/#article\",\"isPartOf\":{\"@id\":\"https:\\\/\\\/encompaniastj.org\\\/pt-pt\\\/a-camara-municipal-de-nisa-atribui-a-medalha-de-merito-aos-irmaos-teresianoslpalhao\\\/\"},\"author\":{\"name\":\"admin\",\"@id\":\"https:\\\/\\\/encompaniastj.org\\\/pt-pt\\\/#\\\/schema\\\/person\\\/520e7ecc314793d40091993c2a02b651\"},\"headline\":\"A C\u00c2MARA MUNICIPAL DE NISA ATRIBUI A MEDALHA DE M\u00c9RITO AOS IRM\u00c3OS TERESIANOSlpalh\u00e3o\",\"datePublished\":\"2022-05-09T09:29:32+00:00\",\"mainEntityOfPage\":{\"@id\":\"https:\\\/\\\/encompaniastj.org\\\/pt-pt\\\/a-camara-municipal-de-nisa-atribui-a-medalha-de-merito-aos-irmaos-teresianoslpalhao\\\/\"},\"wordCount\":277,\"commentCount\":0,\"publisher\":{\"@id\":\"https:\\\/\\\/encompaniastj.org\\\/pt-pt\\\/#organization\"},\"image\":{\"@id\":\"https:\\\/\\\/encompaniastj.org\\\/pt-pt\\\/a-camara-municipal-de-nisa-atribui-a-medalha-de-merito-aos-irmaos-teresianoslpalhao\\\/#primaryimage\"},\"thumbnailUrl\":\"https:\\\/\\\/encompaniastj.org\\\/wp-content\\\/uploads\\\/2025\\\/05\\\/foto1.png\",\"articleSection\":[\"Noticias\",\"Parroquial - Eclesial\"],\"inLanguage\":\"pt-PT\",\"potentialAction\":[{\"@type\":\"CommentAction\",\"name\":\"Comment\",\"target\":[\"https:\\\/\\\/encompaniastj.org\\\/pt-pt\\\/a-camara-municipal-de-nisa-atribui-a-medalha-de-merito-aos-irmaos-teresianoslpalhao\\\/#respond\"]}]},{\"@type\":\"WebPage\",\"@id\":\"https:\\\/\\\/encompaniastj.org\\\/pt-pt\\\/a-camara-municipal-de-nisa-atribui-a-medalha-de-merito-aos-irmaos-teresianoslpalhao\\\/\",\"url\":\"https:\\\/\\\/encompaniastj.org\\\/pt-pt\\\/a-camara-municipal-de-nisa-atribui-a-medalha-de-merito-aos-irmaos-teresianoslpalhao\\\/\",\"name\":\"A C\u00c2MARA MUNICIPAL DE NISA ATRIBUI A MEDALHA DE M\u00c9RITO AOS IRM\u00c3OS TERESIANOSlpalh\u00e3o - En Compa\u00f1\u00eda STJ\",\"isPartOf\":{\"@id\":\"https:\\\/\\\/encompaniastj.org\\\/pt-pt\\\/#website\"},\"primaryImageOfPage\":{\"@id\":\"https:\\\/\\\/encompaniastj.org\\\/pt-pt\\\/a-camara-municipal-de-nisa-atribui-a-medalha-de-merito-aos-irmaos-teresianoslpalhao\\\/#primaryimage\"},\"image\":{\"@id\":\"https:\\\/\\\/encompaniastj.org\\\/pt-pt\\\/a-camara-municipal-de-nisa-atribui-a-medalha-de-merito-aos-irmaos-teresianoslpalhao\\\/#primaryimage\"},\"thumbnailUrl\":\"https:\\\/\\\/encompaniastj.org\\\/wp-content\\\/uploads\\\/2025\\\/05\\\/foto1.png\",\"datePublished\":\"2022-05-09T09:29:32+00:00\",\"breadcrumb\":{\"@id\":\"https:\\\/\\\/encompaniastj.org\\\/pt-pt\\\/a-camara-municipal-de-nisa-atribui-a-medalha-de-merito-aos-irmaos-teresianoslpalhao\\\/#breadcrumb\"},\"inLanguage\":\"pt-PT\",\"potentialAction\":[{\"@type\":\"ReadAction\",\"target\":[\"https:\\\/\\\/encompaniastj.org\\\/pt-pt\\\/a-camara-municipal-de-nisa-atribui-a-medalha-de-merito-aos-irmaos-teresianoslpalhao\\\/\"]}]},{\"@type\":\"ImageObject\",\"inLanguage\":\"pt-PT\",\"@id\":\"https:\\\/\\\/encompaniastj.org\\\/pt-pt\\\/a-camara-municipal-de-nisa-atribui-a-medalha-de-merito-aos-irmaos-teresianoslpalhao\\\/#primaryimage\",\"url\":\"https:\\\/\\\/encompaniastj.org\\\/wp-content\\\/uploads\\\/2025\\\/05\\\/foto1.png\",\"contentUrl\":\"https:\\\/\\\/encompaniastj.org\\\/wp-content\\\/uploads\\\/2025\\\/05\\\/foto1.png\",\"width\":450,\"height\":265},{\"@type\":\"BreadcrumbList\",\"@id\":\"https:\\\/\\\/encompaniastj.org\\\/pt-pt\\\/a-camara-municipal-de-nisa-atribui-a-medalha-de-merito-aos-irmaos-teresianoslpalhao\\\/#breadcrumb\",\"itemListElement\":[{\"@type\":\"ListItem\",\"position\":1,\"name\":\"Portada\",\"item\":\"https:\\\/\\\/encompaniastj.org\\\/pt-pt\\\/\"},{\"@type\":\"ListItem\",\"position\":2,\"name\":\"A C\u00c2MARA MUNICIPAL DE NISA ATRIBUI A MEDALHA DE M\u00c9RITO AOS IRM\u00c3OS TERESIANOSlpalh\u00e3o\"}]},{\"@type\":\"WebSite\",\"@id\":\"https:\\\/\\\/encompaniastj.org\\\/pt-pt\\\/#website\",\"url\":\"https:\\\/\\\/encompaniastj.org\\\/pt-pt\\\/\",\"name\":\"En Compa\u00f1\u00eda STJ\",\"description\":\"Bolet\u00edn de la Compa\u00f1\u00eda de Santa Teresa de Jes\u00fas\",\"publisher\":{\"@id\":\"https:\\\/\\\/encompaniastj.org\\\/pt-pt\\\/#organization\"},\"potentialAction\":[{\"@type\":\"SearchAction\",\"target\":{\"@type\":\"EntryPoint\",\"urlTemplate\":\"https:\\\/\\\/encompaniastj.org\\\/pt-pt\\\/?s={search_term_string}\"},\"query-input\":{\"@type\":\"PropertyValueSpecification\",\"valueRequired\":true,\"valueName\":\"search_term_string\"}}],\"inLanguage\":\"pt-PT\"},{\"@type\":\"Organization\",\"@id\":\"https:\\\/\\\/encompaniastj.org\\\/pt-pt\\\/#organization\",\"name\":\"Compa\u00f1\u00eda de Santa Teresa de Jes\u00fas\",\"url\":\"https:\\\/\\\/encompaniastj.org\\\/pt-pt\\\/\",\"logo\":{\"@type\":\"ImageObject\",\"inLanguage\":\"pt-PT\",\"@id\":\"https:\\\/\\\/encompaniastj.org\\\/pt-pt\\\/#\\\/schema\\\/logo\\\/image\\\/\",\"url\":\"https:\\\/\\\/encompaniastj.org\\\/wp-content\\\/uploads\\\/2025\\\/04\\\/logo_provincias02-1-3.png\",\"contentUrl\":\"https:\\\/\\\/encompaniastj.org\\\/wp-content\\\/uploads\\\/2025\\\/04\\\/logo_provincias02-1-3.png\",\"width\":2368,\"height\":825,\"caption\":\"Compa\u00f1\u00eda de Santa Teresa de Jes\u00fas\"},\"image\":{\"@id\":\"https:\\\/\\\/encompaniastj.org\\\/pt-pt\\\/#\\\/schema\\\/logo\\\/image\\\/\"}},{\"@type\":\"Person\",\"@id\":\"https:\\\/\\\/encompaniastj.org\\\/pt-pt\\\/#\\\/schema\\\/person\\\/520e7ecc314793d40091993c2a02b651\",\"name\":\"admin\",\"image\":{\"@type\":\"ImageObject\",\"inLanguage\":\"pt-PT\",\"@id\":\"https:\\\/\\\/secure.gravatar.com\\\/avatar\\\/948b492cce32b586ac2db0eaa926ee87024f7afe218d73b397ea5ddfc5f43ea1?s=96&d=mm&r=g\",\"url\":\"https:\\\/\\\/secure.gravatar.com\\\/avatar\\\/948b492cce32b586ac2db0eaa926ee87024f7afe218d73b397ea5ddfc5f43ea1?s=96&d=mm&r=g\",\"contentUrl\":\"https:\\\/\\\/secure.gravatar.com\\\/avatar\\\/948b492cce32b586ac2db0eaa926ee87024f7afe218d73b397ea5ddfc5f43ea1?s=96&d=mm&r=g\",\"caption\":\"admin\"},\"sameAs\":[\"https:\\\/\\\/encompaniastj.org\"],\"url\":\"https:\\\/\\\/encompaniastj.org\\\/pt-pt\\\/author\\\/sjdigital\\\/\"}]}<\/script>\n<!-- \/ Yoast SEO plugin. -->","yoast_head_json":{"title":"A C\u00c2MARA MUNICIPAL DE NISA ATRIBUI A MEDALHA DE M\u00c9RITO AOS IRM\u00c3OS TERESIANOSlpalh\u00e3o - En Compa\u00f1\u00eda STJ","robots":{"index":"index","follow":"follow","max-snippet":"max-snippet:-1","max-image-preview":"max-image-preview:large","max-video-preview":"max-video-preview:-1"},"canonical":"https:\/\/encompaniastj.org\/pt-pt\/a-camara-municipal-de-nisa-atribui-a-medalha-de-merito-aos-irmaos-teresianoslpalhao\/","og_locale":"pt_PT","og_type":"article","og_title":"A C\u00c2MARA MUNICIPAL DE NISA ATRIBUI A MEDALHA DE M\u00c9RITO AOS IRM\u00c3OS TERESIANOSlpalh\u00e3o - En Compa\u00f1\u00eda STJ","og_description":"Em Nisa, na manh\u00e3 das comemora\u00e7\u00f5es do 25 de abril, a Presidente da C\u00e2mara Municipal de Nisa quis prestar homenagem \u00e0 Companhia de Santa Teresa de Jesus, representada em Alpalh\u00e3o [&hellip;]","og_url":"https:\/\/encompaniastj.org\/pt-pt\/a-camara-municipal-de-nisa-atribui-a-medalha-de-merito-aos-irmaos-teresianoslpalhao\/","og_site_name":"En Compa\u00f1\u00eda STJ","article_published_time":"2022-05-09T09:29:32+00:00","og_image":[{"width":450,"height":265,"url":"https:\/\/encompaniastj.org\/wp-content\/uploads\/2025\/05\/foto1.png","type":"image\/png"}],"author":"admin","twitter_card":"summary_large_image","twitter_misc":{"Escrito por":"admin","Tempo estimado de leitura":"1 minuto"},"schema":{"@context":"https:\/\/schema.org","@graph":[{"@type":"Article","@id":"https:\/\/encompaniastj.org\/pt-pt\/a-camara-municipal-de-nisa-atribui-a-medalha-de-merito-aos-irmaos-teresianoslpalhao\/#article","isPartOf":{"@id":"https:\/\/encompaniastj.org\/pt-pt\/a-camara-municipal-de-nisa-atribui-a-medalha-de-merito-aos-irmaos-teresianoslpalhao\/"},"author":{"name":"admin","@id":"https:\/\/encompaniastj.org\/pt-pt\/#\/schema\/person\/520e7ecc314793d40091993c2a02b651"},"headline":"A C\u00c2MARA MUNICIPAL DE NISA ATRIBUI A MEDALHA DE M\u00c9RITO AOS IRM\u00c3OS TERESIANOSlpalh\u00e3o","datePublished":"2022-05-09T09:29:32+00:00","mainEntityOfPage":{"@id":"https:\/\/encompaniastj.org\/pt-pt\/a-camara-municipal-de-nisa-atribui-a-medalha-de-merito-aos-irmaos-teresianoslpalhao\/"},"wordCount":277,"commentCount":0,"publisher":{"@id":"https:\/\/encompaniastj.org\/pt-pt\/#organization"},"image":{"@id":"https:\/\/encompaniastj.org\/pt-pt\/a-camara-municipal-de-nisa-atribui-a-medalha-de-merito-aos-irmaos-teresianoslpalhao\/#primaryimage"},"thumbnailUrl":"https:\/\/encompaniastj.org\/wp-content\/uploads\/2025\/05\/foto1.png","articleSection":["Noticias","Parroquial - Eclesial"],"inLanguage":"pt-PT","potentialAction":[{"@type":"CommentAction","name":"Comment","target":["https:\/\/encompaniastj.org\/pt-pt\/a-camara-municipal-de-nisa-atribui-a-medalha-de-merito-aos-irmaos-teresianoslpalhao\/#respond"]}]},{"@type":"WebPage","@id":"https:\/\/encompaniastj.org\/pt-pt\/a-camara-municipal-de-nisa-atribui-a-medalha-de-merito-aos-irmaos-teresianoslpalhao\/","url":"https:\/\/encompaniastj.org\/pt-pt\/a-camara-municipal-de-nisa-atribui-a-medalha-de-merito-aos-irmaos-teresianoslpalhao\/","name":"A C\u00c2MARA MUNICIPAL DE NISA ATRIBUI A MEDALHA DE M\u00c9RITO AOS IRM\u00c3OS TERESIANOSlpalh\u00e3o - En Compa\u00f1\u00eda STJ","isPartOf":{"@id":"https:\/\/encompaniastj.org\/pt-pt\/#website"},"primaryImageOfPage":{"@id":"https:\/\/encompaniastj.org\/pt-pt\/a-camara-municipal-de-nisa-atribui-a-medalha-de-merito-aos-irmaos-teresianoslpalhao\/#primaryimage"},"image":{"@id":"https:\/\/encompaniastj.org\/pt-pt\/a-camara-municipal-de-nisa-atribui-a-medalha-de-merito-aos-irmaos-teresianoslpalhao\/#primaryimage"},"thumbnailUrl":"https:\/\/encompaniastj.org\/wp-content\/uploads\/2025\/05\/foto1.png","datePublished":"2022-05-09T09:29:32+00:00","breadcrumb":{"@id":"https:\/\/encompaniastj.org\/pt-pt\/a-camara-municipal-de-nisa-atribui-a-medalha-de-merito-aos-irmaos-teresianoslpalhao\/#breadcrumb"},"inLanguage":"pt-PT","potentialAction":[{"@type":"ReadAction","target":["https:\/\/encompaniastj.org\/pt-pt\/a-camara-municipal-de-nisa-atribui-a-medalha-de-merito-aos-irmaos-teresianoslpalhao\/"]}]},{"@type":"ImageObject","inLanguage":"pt-PT","@id":"https:\/\/encompaniastj.org\/pt-pt\/a-camara-municipal-de-nisa-atribui-a-medalha-de-merito-aos-irmaos-teresianoslpalhao\/#primaryimage","url":"https:\/\/encompaniastj.org\/wp-content\/uploads\/2025\/05\/foto1.png","contentUrl":"https:\/\/encompaniastj.org\/wp-content\/uploads\/2025\/05\/foto1.png","width":450,"height":265},{"@type":"BreadcrumbList","@id":"https:\/\/encompaniastj.org\/pt-pt\/a-camara-municipal-de-nisa-atribui-a-medalha-de-merito-aos-irmaos-teresianoslpalhao\/#breadcrumb","itemListElement":[{"@type":"ListItem","position":1,"name":"Portada","item":"https:\/\/encompaniastj.org\/pt-pt\/"},{"@type":"ListItem","position":2,"name":"A C\u00c2MARA MUNICIPAL DE NISA ATRIBUI A MEDALHA DE M\u00c9RITO AOS IRM\u00c3OS TERESIANOSlpalh\u00e3o"}]},{"@type":"WebSite","@id":"https:\/\/encompaniastj.org\/pt-pt\/#website","url":"https:\/\/encompaniastj.org\/pt-pt\/","name":"En Compa\u00f1\u00eda STJ","description":"Bolet\u00edn de la Compa\u00f1\u00eda de Santa Teresa de Jes\u00fas","publisher":{"@id":"https:\/\/encompaniastj.org\/pt-pt\/#organization"},"potentialAction":[{"@type":"SearchAction","target":{"@type":"EntryPoint","urlTemplate":"https:\/\/encompaniastj.org\/pt-pt\/?s={search_term_string}"},"query-input":{"@type":"PropertyValueSpecification","valueRequired":true,"valueName":"search_term_string"}}],"inLanguage":"pt-PT"},{"@type":"Organization","@id":"https:\/\/encompaniastj.org\/pt-pt\/#organization","name":"Compa\u00f1\u00eda de Santa Teresa de Jes\u00fas","url":"https:\/\/encompaniastj.org\/pt-pt\/","logo":{"@type":"ImageObject","inLanguage":"pt-PT","@id":"https:\/\/encompaniastj.org\/pt-pt\/#\/schema\/logo\/image\/","url":"https:\/\/encompaniastj.org\/wp-content\/uploads\/2025\/04\/logo_provincias02-1-3.png","contentUrl":"https:\/\/encompaniastj.org\/wp-content\/uploads\/2025\/04\/logo_provincias02-1-3.png","width":2368,"height":825,"caption":"Compa\u00f1\u00eda de Santa Teresa de Jes\u00fas"},"image":{"@id":"https:\/\/encompaniastj.org\/pt-pt\/#\/schema\/logo\/image\/"}},{"@type":"Person","@id":"https:\/\/encompaniastj.org\/pt-pt\/#\/schema\/person\/520e7ecc314793d40091993c2a02b651","name":"admin","image":{"@type":"ImageObject","inLanguage":"pt-PT","@id":"https:\/\/secure.gravatar.com\/avatar\/948b492cce32b586ac2db0eaa926ee87024f7afe218d73b397ea5ddfc5f43ea1?s=96&d=mm&r=g","url":"https:\/\/secure.gravatar.com\/avatar\/948b492cce32b586ac2db0eaa926ee87024f7afe218d73b397ea5ddfc5f43ea1?s=96&d=mm&r=g","contentUrl":"https:\/\/secure.gravatar.com\/avatar\/948b492cce32b586ac2db0eaa926ee87024f7afe218d73b397ea5ddfc5f43ea1?s=96&d=mm&r=g","caption":"admin"},"sameAs":["https:\/\/encompaniastj.org"],"url":"https:\/\/encompaniastj.org\/pt-pt\/author\/sjdigital\/"}]}},"_links":{"self":[{"href":"https:\/\/encompaniastj.org\/pt-pt\/wp-json\/wp\/v2\/posts\/13728","targetHints":{"allow":["GET"]}}],"collection":[{"href":"https:\/\/encompaniastj.org\/pt-pt\/wp-json\/wp\/v2\/posts"}],"about":[{"href":"https:\/\/encompaniastj.org\/pt-pt\/wp-json\/wp\/v2\/types\/post"}],"author":[{"embeddable":true,"href":"https:\/\/encompaniastj.org\/pt-pt\/wp-json\/wp\/v2\/users\/1"}],"replies":[{"embeddable":true,"href":"https:\/\/encompaniastj.org\/pt-pt\/wp-json\/wp\/v2\/comments?post=13728"}],"version-history":[{"count":0,"href":"https:\/\/encompaniastj.org\/pt-pt\/wp-json\/wp\/v2\/posts\/13728\/revisions"}],"wp:featuredmedia":[{"embeddable":true,"href":"https:\/\/encompaniastj.org\/pt-pt\/wp-json\/wp\/v2\/media\/7904"}],"wp:attachment":[{"href":"https:\/\/encompaniastj.org\/pt-pt\/wp-json\/wp\/v2\/media?parent=13728"}],"wp:term":[{"taxonomy":"category","embeddable":true,"href":"https:\/\/encompaniastj.org\/pt-pt\/wp-json\/wp\/v2\/categories?post=13728"},{"taxonomy":"post_tag","embeddable":true,"href":"https:\/\/encompaniastj.org\/pt-pt\/wp-json\/wp\/v2\/tags?post=13728"}],"curies":[{"name":"wp","href":"https:\/\/api.w.org\/{rel}","templated":true}]}}