{"id":13724,"date":"2021-11-01T12:22:13","date_gmt":"2021-11-01T11:22:13","guid":{"rendered":"https:\/\/encompaniastj.org\/mudancas-que-abrem-portas\/"},"modified":"2021-11-01T12:22:13","modified_gmt":"2021-11-01T11:22:13","slug":"mudancas-que-abrem-portas","status":"publish","type":"post","link":"https:\/\/encompaniastj.org\/pt-pt\/mudancas-que-abrem-portas\/","title":{"rendered":"Mudan\u00e7as que abrem portas&#8230;"},"content":{"rendered":"<p>Reforma do regulamento relativo aos estrangeiros para os jovens exilados<\/p>\n<p>&nbsp;<\/p>\n<p>No <a href=\"https:\/\/www.llarenricdosso.org\/\"><br \/>\n  <strong>Llar Enric d&#8217;Oss\u00f3<\/strong><br \/>\n<\/a> est\u00e1s em festa! Depois de muitas vicissitudes e incertezas, no passado dia 20 de outubro foi publicada a reforma do regulamento sobre os estrangeiros para os jovens exilados. <\/p>\n<p>&nbsp;<\/p>\n<p>Desde que o Llar Enric d&#8217;Oss\u00f3 come\u00e7ou a acolher e a acompanhar jovens que tinham sido retirados de um centro de acolhimento em 2007, o perfil mudou muito. No in\u00edcio, acolh\u00edamos raparigas, na sua maioria de nacionalidade espanhola, que, quando faziam 18 anos, tinham de deixar o centro onde viviam. Pouco a pouco, a necessidade foi-se alterando, at\u00e9 que hoje 90% dos jovens (rapazes e raparigas) dos tr\u00eas apartamentos que temos s\u00e3o estrangeiros. Ap\u00f3s v\u00e1rios anos de tutela por parte da administra\u00e7\u00e3o, os seus esfor\u00e7os foram interrompidos porque foram colocados numa situa\u00e7\u00e3o de irregularidade-ilegalidade devido \u00e0 lei dos estrangeiros.   <\/p>\n<p>&nbsp;<\/p>\n<p>Da <a href=\"https:\/\/www.fepa18.org\/es\/\"><br \/>\n  <strong>Federa\u00e7\u00e3o das Entidades dos Apartamentos Assistidos (FEPA)<\/strong><br \/>\n<\/a> juntamente com todas as entidades que a comp\u00f5em, trabalhou arduamente no di\u00e1logo pol\u00edtico para conseguir a mudan\u00e7a que finalmente chegou em outubro.<\/p>\n<p>&nbsp;<\/p>\n<p><strong>Quais s\u00e3o as mudan\u00e7as fundamentais?<\/strong><\/p>\n<ol>\n<li>O <strong>prazo para o Servi\u00e7o de Estrangeiros iniciar o procedimento<\/strong> de documenta\u00e7\u00e3o para menores sob tutela foi <strong>reduzido<\/strong>. Antes era de 9 meses, agora \u00e9 de 90 dias. <\/li>\n<li><strong>A validade de todas as autoriza\u00e7\u00f5es \u00e9 aumentada para 2 anos,<\/strong> renov\u00e1veis por per\u00edodos de 2 anos (se os requisitos se mantiverem), e a da renova\u00e7\u00e3o durante a menoridade para 3 anos, exceto se corresponder a uma autoriza\u00e7\u00e3o de resid\u00eancia de longa dura\u00e7\u00e3o.<\/li>\n<li><strong>Todas as autoriza\u00e7\u00f5es de resid\u00eancia dar\u00e3o direito a<\/strong> trabalhar a partir dos 16 anos e ser\u00e3o mantidas ap\u00f3s os 18 anos.<\/li>\n<li><strong>Para as renova\u00e7\u00f5es, a prova de meios financeiros suficientes \u00e9 reduzida<\/strong> <strong>para um montante m\u00ednimo mais adequado<\/strong>, tendo como indicador o Rendimento M\u00ednimo de Subsist\u00eancia (atualmente 469,93 euros por m\u00eas), e \u00e9 permitido ter em conta os rendimentos do trabalho ou do sistema social.<\/li>\n<li>As pessoas que atingirem a idade de 18 anos sem documenta\u00e7\u00e3o ter\u00e3o acesso a uma autoriza\u00e7\u00e3o para circunst\u00e2ncias excepcionais para residir e trabalhar como trabalhadores por conta de outrem e por conta pr\u00f3pria, com os mesmos requisitos que os acima mencionados.<\/li>\n<li>Em todos os casos, os relat\u00f3rios de <strong>esfor\u00e7o de integra\u00e7\u00e3o<\/strong> ser\u00e3o tidos em conta.<\/li>\n<li>Nos casos em que n\u00e3o \u00e9 poss\u00edvel obter um passaporte, a exig\u00eancia de um ato notarial para o certificado de registo \u00e9 dispensada e substitu\u00edda por um relat\u00f3rio da ag\u00eancia de prote\u00e7\u00e3o da crian\u00e7a.<\/li>\n<li>A reforma ser\u00e1 aplicada 20 dias ap\u00f3s a sua publica\u00e7\u00e3o no BOE (20\/10\/2021). Poder\u00e3o beneficiar da nova situa\u00e7\u00e3o os jovens entre os 18 e os 23 anos que tenham perdido a resid\u00eancia e estejam indocumentados, ou que tenham estado sob tutela e nunca tenham podido documentar-se. Aplica-se igualmente aos pedidos em curso e \u00e0queles que renovaram a sua resid\u00eancia n\u00e3o remunerada, a fim de mudar para resid\u00eancia e trabalho.  <\/li>\n<\/ol>\n<p>Para consultar o documento completo <a href=\"https:\/\/www.boe.es\/boe\/dias\/2021\/10\/20\/pdfs\/BOE-A-2021-17048.pdf\">, clica aqui<\/a><\/p>\n","protected":false},"excerpt":{"rendered":"<p>Reforma do regulamento relativo aos estrangeiros para os jovens exilados &nbsp; No Llar Enric d&#8217;Oss\u00f3 est\u00e1s em festa! Depois de muitas vicissitudes e incertezas, no passado dia 20 de outubro [&hellip;]<\/p>\n","protected":false},"author":1,"featured_media":7814,"comment_status":"open","ping_status":"open","sticky":false,"template":"","format":"standard","meta":{"_acf_changed":false,"footnotes":""},"categories":[74,61],"tags":[],"class_list":["post-13724","post","type-post","status-publish","format-standard","has-post-thumbnail","hentry","category-accion-social","category-noticias"],"acf":[],"yoast_head":"<!-- This site is optimized with the Yoast SEO plugin v27.5 - https:\/\/yoast.com\/product\/yoast-seo-wordpress\/ -->\n<title>Mudan\u00e7as que abrem portas... - En Compa\u00f1\u00eda STJ<\/title>\n<meta name=\"robots\" content=\"index, follow, max-snippet:-1, max-image-preview:large, max-video-preview:-1\" \/>\n<link rel=\"canonical\" href=\"https:\/\/encompaniastj.org\/pt-pt\/mudancas-que-abrem-portas\/\" \/>\n<meta property=\"og:locale\" content=\"pt_PT\" \/>\n<meta property=\"og:type\" content=\"article\" \/>\n<meta property=\"og:title\" content=\"Mudan\u00e7as que abrem portas... - En Compa\u00f1\u00eda STJ\" \/>\n<meta property=\"og:description\" content=\"Reforma do regulamento relativo aos estrangeiros para os jovens exilados &nbsp; No Llar Enric d&#8217;Oss\u00f3 est\u00e1s em festa! Depois de muitas vicissitudes e incertezas, no passado dia 20 de outubro [&hellip;]\" \/>\n<meta property=\"og:url\" content=\"https:\/\/encompaniastj.org\/pt-pt\/mudancas-que-abrem-portas\/\" \/>\n<meta property=\"og:site_name\" content=\"En Compa\u00f1\u00eda STJ\" \/>\n<meta property=\"article:published_time\" content=\"2021-11-01T11:22:13+00:00\" \/>\n<meta property=\"og:image\" content=\"https:\/\/encompaniastj.org\/wp-content\/uploads\/2025\/05\/open-gd8c1cc99f_640.jpg\" \/>\n\t<meta property=\"og:image:width\" content=\"640\" \/>\n\t<meta property=\"og:image:height\" content=\"393\" \/>\n\t<meta property=\"og:image:type\" content=\"image\/jpeg\" \/>\n<meta name=\"author\" content=\"admin\" \/>\n<meta name=\"twitter:card\" content=\"summary_large_image\" \/>\n<meta name=\"twitter:label1\" content=\"Escrito por\" \/>\n\t<meta name=\"twitter:data1\" content=\"admin\" \/>\n\t<meta name=\"twitter:label2\" content=\"Tempo estimado de leitura\" \/>\n\t<meta name=\"twitter:data2\" content=\"3 minutos\" \/>\n<script type=\"application\/ld+json\" class=\"yoast-schema-graph\">{\"@context\":\"https:\\\/\\\/schema.org\",\"@graph\":[{\"@type\":\"Article\",\"@id\":\"https:\\\/\\\/encompaniastj.org\\\/pt-pt\\\/mudancas-que-abrem-portas\\\/#article\",\"isPartOf\":{\"@id\":\"https:\\\/\\\/encompaniastj.org\\\/pt-pt\\\/mudancas-que-abrem-portas\\\/\"},\"author\":{\"name\":\"admin\",\"@id\":\"https:\\\/\\\/encompaniastj.org\\\/pt-pt\\\/#\\\/schema\\\/person\\\/520e7ecc314793d40091993c2a02b651\"},\"headline\":\"Mudan\u00e7as que abrem portas&#8230;\",\"datePublished\":\"2021-11-01T11:22:13+00:00\",\"mainEntityOfPage\":{\"@id\":\"https:\\\/\\\/encompaniastj.org\\\/pt-pt\\\/mudancas-que-abrem-portas\\\/\"},\"wordCount\":526,\"commentCount\":0,\"publisher\":{\"@id\":\"https:\\\/\\\/encompaniastj.org\\\/pt-pt\\\/#organization\"},\"image\":{\"@id\":\"https:\\\/\\\/encompaniastj.org\\\/pt-pt\\\/mudancas-que-abrem-portas\\\/#primaryimage\"},\"thumbnailUrl\":\"https:\\\/\\\/encompaniastj.org\\\/wp-content\\\/uploads\\\/2025\\\/05\\\/open-gd8c1cc99f_640.jpg\",\"articleSection\":[\"Acci\u00f3n Social\",\"Noticias\"],\"inLanguage\":\"pt-PT\",\"potentialAction\":[{\"@type\":\"CommentAction\",\"name\":\"Comment\",\"target\":[\"https:\\\/\\\/encompaniastj.org\\\/pt-pt\\\/mudancas-que-abrem-portas\\\/#respond\"]}]},{\"@type\":\"WebPage\",\"@id\":\"https:\\\/\\\/encompaniastj.org\\\/pt-pt\\\/mudancas-que-abrem-portas\\\/\",\"url\":\"https:\\\/\\\/encompaniastj.org\\\/pt-pt\\\/mudancas-que-abrem-portas\\\/\",\"name\":\"Mudan\u00e7as que abrem portas... - En Compa\u00f1\u00eda STJ\",\"isPartOf\":{\"@id\":\"https:\\\/\\\/encompaniastj.org\\\/pt-pt\\\/#website\"},\"primaryImageOfPage\":{\"@id\":\"https:\\\/\\\/encompaniastj.org\\\/pt-pt\\\/mudancas-que-abrem-portas\\\/#primaryimage\"},\"image\":{\"@id\":\"https:\\\/\\\/encompaniastj.org\\\/pt-pt\\\/mudancas-que-abrem-portas\\\/#primaryimage\"},\"thumbnailUrl\":\"https:\\\/\\\/encompaniastj.org\\\/wp-content\\\/uploads\\\/2025\\\/05\\\/open-gd8c1cc99f_640.jpg\",\"datePublished\":\"2021-11-01T11:22:13+00:00\",\"breadcrumb\":{\"@id\":\"https:\\\/\\\/encompaniastj.org\\\/pt-pt\\\/mudancas-que-abrem-portas\\\/#breadcrumb\"},\"inLanguage\":\"pt-PT\",\"potentialAction\":[{\"@type\":\"ReadAction\",\"target\":[\"https:\\\/\\\/encompaniastj.org\\\/pt-pt\\\/mudancas-que-abrem-portas\\\/\"]}]},{\"@type\":\"ImageObject\",\"inLanguage\":\"pt-PT\",\"@id\":\"https:\\\/\\\/encompaniastj.org\\\/pt-pt\\\/mudancas-que-abrem-portas\\\/#primaryimage\",\"url\":\"https:\\\/\\\/encompaniastj.org\\\/wp-content\\\/uploads\\\/2025\\\/05\\\/open-gd8c1cc99f_640.jpg\",\"contentUrl\":\"https:\\\/\\\/encompaniastj.org\\\/wp-content\\\/uploads\\\/2025\\\/05\\\/open-gd8c1cc99f_640.jpg\",\"width\":640,\"height\":393},{\"@type\":\"BreadcrumbList\",\"@id\":\"https:\\\/\\\/encompaniastj.org\\\/pt-pt\\\/mudancas-que-abrem-portas\\\/#breadcrumb\",\"itemListElement\":[{\"@type\":\"ListItem\",\"position\":1,\"name\":\"Portada\",\"item\":\"https:\\\/\\\/encompaniastj.org\\\/pt-pt\\\/\"},{\"@type\":\"ListItem\",\"position\":2,\"name\":\"Mudan\u00e7as que abrem portas&#8230;\"}]},{\"@type\":\"WebSite\",\"@id\":\"https:\\\/\\\/encompaniastj.org\\\/pt-pt\\\/#website\",\"url\":\"https:\\\/\\\/encompaniastj.org\\\/pt-pt\\\/\",\"name\":\"En Compa\u00f1\u00eda STJ\",\"description\":\"Bolet\u00edn de la Compa\u00f1\u00eda de Santa Teresa de Jes\u00fas\",\"publisher\":{\"@id\":\"https:\\\/\\\/encompaniastj.org\\\/pt-pt\\\/#organization\"},\"potentialAction\":[{\"@type\":\"SearchAction\",\"target\":{\"@type\":\"EntryPoint\",\"urlTemplate\":\"https:\\\/\\\/encompaniastj.org\\\/pt-pt\\\/?s={search_term_string}\"},\"query-input\":{\"@type\":\"PropertyValueSpecification\",\"valueRequired\":true,\"valueName\":\"search_term_string\"}}],\"inLanguage\":\"pt-PT\"},{\"@type\":\"Organization\",\"@id\":\"https:\\\/\\\/encompaniastj.org\\\/pt-pt\\\/#organization\",\"name\":\"Compa\u00f1\u00eda de Santa Teresa de Jes\u00fas\",\"url\":\"https:\\\/\\\/encompaniastj.org\\\/pt-pt\\\/\",\"logo\":{\"@type\":\"ImageObject\",\"inLanguage\":\"pt-PT\",\"@id\":\"https:\\\/\\\/encompaniastj.org\\\/pt-pt\\\/#\\\/schema\\\/logo\\\/image\\\/\",\"url\":\"https:\\\/\\\/encompaniastj.org\\\/wp-content\\\/uploads\\\/2025\\\/04\\\/logo_provincias02-1-3.png\",\"contentUrl\":\"https:\\\/\\\/encompaniastj.org\\\/wp-content\\\/uploads\\\/2025\\\/04\\\/logo_provincias02-1-3.png\",\"width\":2368,\"height\":825,\"caption\":\"Compa\u00f1\u00eda de Santa Teresa de Jes\u00fas\"},\"image\":{\"@id\":\"https:\\\/\\\/encompaniastj.org\\\/pt-pt\\\/#\\\/schema\\\/logo\\\/image\\\/\"}},{\"@type\":\"Person\",\"@id\":\"https:\\\/\\\/encompaniastj.org\\\/pt-pt\\\/#\\\/schema\\\/person\\\/520e7ecc314793d40091993c2a02b651\",\"name\":\"admin\",\"image\":{\"@type\":\"ImageObject\",\"inLanguage\":\"pt-PT\",\"@id\":\"https:\\\/\\\/secure.gravatar.com\\\/avatar\\\/948b492cce32b586ac2db0eaa926ee87024f7afe218d73b397ea5ddfc5f43ea1?s=96&d=mm&r=g\",\"url\":\"https:\\\/\\\/secure.gravatar.com\\\/avatar\\\/948b492cce32b586ac2db0eaa926ee87024f7afe218d73b397ea5ddfc5f43ea1?s=96&d=mm&r=g\",\"contentUrl\":\"https:\\\/\\\/secure.gravatar.com\\\/avatar\\\/948b492cce32b586ac2db0eaa926ee87024f7afe218d73b397ea5ddfc5f43ea1?s=96&d=mm&r=g\",\"caption\":\"admin\"},\"sameAs\":[\"https:\\\/\\\/encompaniastj.org\"],\"url\":\"https:\\\/\\\/encompaniastj.org\\\/pt-pt\\\/author\\\/sjdigital\\\/\"}]}<\/script>\n<!-- \/ Yoast SEO plugin. -->","yoast_head_json":{"title":"Mudan\u00e7as que abrem portas... - En Compa\u00f1\u00eda STJ","robots":{"index":"index","follow":"follow","max-snippet":"max-snippet:-1","max-image-preview":"max-image-preview:large","max-video-preview":"max-video-preview:-1"},"canonical":"https:\/\/encompaniastj.org\/pt-pt\/mudancas-que-abrem-portas\/","og_locale":"pt_PT","og_type":"article","og_title":"Mudan\u00e7as que abrem portas... - En Compa\u00f1\u00eda STJ","og_description":"Reforma do regulamento relativo aos estrangeiros para os jovens exilados &nbsp; No Llar Enric d&#8217;Oss\u00f3 est\u00e1s em festa! Depois de muitas vicissitudes e incertezas, no passado dia 20 de outubro [&hellip;]","og_url":"https:\/\/encompaniastj.org\/pt-pt\/mudancas-que-abrem-portas\/","og_site_name":"En Compa\u00f1\u00eda STJ","article_published_time":"2021-11-01T11:22:13+00:00","og_image":[{"width":640,"height":393,"url":"https:\/\/encompaniastj.org\/wp-content\/uploads\/2025\/05\/open-gd8c1cc99f_640.jpg","type":"image\/jpeg"}],"author":"admin","twitter_card":"summary_large_image","twitter_misc":{"Escrito por":"admin","Tempo estimado de leitura":"3 minutos"},"schema":{"@context":"https:\/\/schema.org","@graph":[{"@type":"Article","@id":"https:\/\/encompaniastj.org\/pt-pt\/mudancas-que-abrem-portas\/#article","isPartOf":{"@id":"https:\/\/encompaniastj.org\/pt-pt\/mudancas-que-abrem-portas\/"},"author":{"name":"admin","@id":"https:\/\/encompaniastj.org\/pt-pt\/#\/schema\/person\/520e7ecc314793d40091993c2a02b651"},"headline":"Mudan\u00e7as que abrem portas&#8230;","datePublished":"2021-11-01T11:22:13+00:00","mainEntityOfPage":{"@id":"https:\/\/encompaniastj.org\/pt-pt\/mudancas-que-abrem-portas\/"},"wordCount":526,"commentCount":0,"publisher":{"@id":"https:\/\/encompaniastj.org\/pt-pt\/#organization"},"image":{"@id":"https:\/\/encompaniastj.org\/pt-pt\/mudancas-que-abrem-portas\/#primaryimage"},"thumbnailUrl":"https:\/\/encompaniastj.org\/wp-content\/uploads\/2025\/05\/open-gd8c1cc99f_640.jpg","articleSection":["Acci\u00f3n Social","Noticias"],"inLanguage":"pt-PT","potentialAction":[{"@type":"CommentAction","name":"Comment","target":["https:\/\/encompaniastj.org\/pt-pt\/mudancas-que-abrem-portas\/#respond"]}]},{"@type":"WebPage","@id":"https:\/\/encompaniastj.org\/pt-pt\/mudancas-que-abrem-portas\/","url":"https:\/\/encompaniastj.org\/pt-pt\/mudancas-que-abrem-portas\/","name":"Mudan\u00e7as que abrem portas... - En Compa\u00f1\u00eda STJ","isPartOf":{"@id":"https:\/\/encompaniastj.org\/pt-pt\/#website"},"primaryImageOfPage":{"@id":"https:\/\/encompaniastj.org\/pt-pt\/mudancas-que-abrem-portas\/#primaryimage"},"image":{"@id":"https:\/\/encompaniastj.org\/pt-pt\/mudancas-que-abrem-portas\/#primaryimage"},"thumbnailUrl":"https:\/\/encompaniastj.org\/wp-content\/uploads\/2025\/05\/open-gd8c1cc99f_640.jpg","datePublished":"2021-11-01T11:22:13+00:00","breadcrumb":{"@id":"https:\/\/encompaniastj.org\/pt-pt\/mudancas-que-abrem-portas\/#breadcrumb"},"inLanguage":"pt-PT","potentialAction":[{"@type":"ReadAction","target":["https:\/\/encompaniastj.org\/pt-pt\/mudancas-que-abrem-portas\/"]}]},{"@type":"ImageObject","inLanguage":"pt-PT","@id":"https:\/\/encompaniastj.org\/pt-pt\/mudancas-que-abrem-portas\/#primaryimage","url":"https:\/\/encompaniastj.org\/wp-content\/uploads\/2025\/05\/open-gd8c1cc99f_640.jpg","contentUrl":"https:\/\/encompaniastj.org\/wp-content\/uploads\/2025\/05\/open-gd8c1cc99f_640.jpg","width":640,"height":393},{"@type":"BreadcrumbList","@id":"https:\/\/encompaniastj.org\/pt-pt\/mudancas-que-abrem-portas\/#breadcrumb","itemListElement":[{"@type":"ListItem","position":1,"name":"Portada","item":"https:\/\/encompaniastj.org\/pt-pt\/"},{"@type":"ListItem","position":2,"name":"Mudan\u00e7as que abrem portas&#8230;"}]},{"@type":"WebSite","@id":"https:\/\/encompaniastj.org\/pt-pt\/#website","url":"https:\/\/encompaniastj.org\/pt-pt\/","name":"En Compa\u00f1\u00eda STJ","description":"Bolet\u00edn de la Compa\u00f1\u00eda de Santa Teresa de Jes\u00fas","publisher":{"@id":"https:\/\/encompaniastj.org\/pt-pt\/#organization"},"potentialAction":[{"@type":"SearchAction","target":{"@type":"EntryPoint","urlTemplate":"https:\/\/encompaniastj.org\/pt-pt\/?s={search_term_string}"},"query-input":{"@type":"PropertyValueSpecification","valueRequired":true,"valueName":"search_term_string"}}],"inLanguage":"pt-PT"},{"@type":"Organization","@id":"https:\/\/encompaniastj.org\/pt-pt\/#organization","name":"Compa\u00f1\u00eda de Santa Teresa de Jes\u00fas","url":"https:\/\/encompaniastj.org\/pt-pt\/","logo":{"@type":"ImageObject","inLanguage":"pt-PT","@id":"https:\/\/encompaniastj.org\/pt-pt\/#\/schema\/logo\/image\/","url":"https:\/\/encompaniastj.org\/wp-content\/uploads\/2025\/04\/logo_provincias02-1-3.png","contentUrl":"https:\/\/encompaniastj.org\/wp-content\/uploads\/2025\/04\/logo_provincias02-1-3.png","width":2368,"height":825,"caption":"Compa\u00f1\u00eda de Santa Teresa de Jes\u00fas"},"image":{"@id":"https:\/\/encompaniastj.org\/pt-pt\/#\/schema\/logo\/image\/"}},{"@type":"Person","@id":"https:\/\/encompaniastj.org\/pt-pt\/#\/schema\/person\/520e7ecc314793d40091993c2a02b651","name":"admin","image":{"@type":"ImageObject","inLanguage":"pt-PT","@id":"https:\/\/secure.gravatar.com\/avatar\/948b492cce32b586ac2db0eaa926ee87024f7afe218d73b397ea5ddfc5f43ea1?s=96&d=mm&r=g","url":"https:\/\/secure.gravatar.com\/avatar\/948b492cce32b586ac2db0eaa926ee87024f7afe218d73b397ea5ddfc5f43ea1?s=96&d=mm&r=g","contentUrl":"https:\/\/secure.gravatar.com\/avatar\/948b492cce32b586ac2db0eaa926ee87024f7afe218d73b397ea5ddfc5f43ea1?s=96&d=mm&r=g","caption":"admin"},"sameAs":["https:\/\/encompaniastj.org"],"url":"https:\/\/encompaniastj.org\/pt-pt\/author\/sjdigital\/"}]}},"_links":{"self":[{"href":"https:\/\/encompaniastj.org\/pt-pt\/wp-json\/wp\/v2\/posts\/13724","targetHints":{"allow":["GET"]}}],"collection":[{"href":"https:\/\/encompaniastj.org\/pt-pt\/wp-json\/wp\/v2\/posts"}],"about":[{"href":"https:\/\/encompaniastj.org\/pt-pt\/wp-json\/wp\/v2\/types\/post"}],"author":[{"embeddable":true,"href":"https:\/\/encompaniastj.org\/pt-pt\/wp-json\/wp\/v2\/users\/1"}],"replies":[{"embeddable":true,"href":"https:\/\/encompaniastj.org\/pt-pt\/wp-json\/wp\/v2\/comments?post=13724"}],"version-history":[{"count":0,"href":"https:\/\/encompaniastj.org\/pt-pt\/wp-json\/wp\/v2\/posts\/13724\/revisions"}],"wp:featuredmedia":[{"embeddable":true,"href":"https:\/\/encompaniastj.org\/pt-pt\/wp-json\/wp\/v2\/media\/7814"}],"wp:attachment":[{"href":"https:\/\/encompaniastj.org\/pt-pt\/wp-json\/wp\/v2\/media?parent=13724"}],"wp:term":[{"taxonomy":"category","embeddable":true,"href":"https:\/\/encompaniastj.org\/pt-pt\/wp-json\/wp\/v2\/categories?post=13724"},{"taxonomy":"post_tag","embeddable":true,"href":"https:\/\/encompaniastj.org\/pt-pt\/wp-json\/wp\/v2\/tags?post=13724"}],"curies":[{"name":"wp","href":"https:\/\/api.w.org\/{rel}","templated":true}]}}