{"id":13719,"date":"2021-11-20T16:51:14","date_gmt":"2021-11-20T15:51:14","guid":{"rendered":"https:\/\/encompaniastj.org\/num-lugar-em-la-mancha\/"},"modified":"2025-10-14T08:55:54","modified_gmt":"2025-10-14T06:55:54","slug":"num-lugar-em-la-mancha","status":"publish","type":"post","link":"https:\/\/encompaniastj.org\/pt-pt\/num-lugar-em-la-mancha\/","title":{"rendered":"Num lugar em La Mancha&#8230;"},"content":{"rendered":"<p>&#8220;Num lugar de La Mancha&#8230; cujo nome&#8230;&#8221; n\u00e3o \u00e9 dif\u00edcil de recordar, tr\u00eas irm\u00e3s da comunidade de Mora tiveram a sorte de desfrutar de um belo dia &#8220;hist\u00f3rico&#8221; no parque tem\u00e1tico Puy Du Fou Espa\u00f1a, em Toledo.<\/p>\n<p>Desde o momento em que cheg\u00e1mos que ach\u00e1mos muito bonito o que nos esperava e, com entusiasmo e vontade, pusemos m\u00e3os \u00e0 obra para organizar as nossas visitas aos diferentes espect\u00e1culos que se oferecem durante o dia. N\u00e3o pudemos desfrutar do que se diz ser o melhor do parque, &#8220;O Sonho de Toledo&#8221;, mas n\u00e3o h\u00e1 nada a invejar aos que pudemos ver. Com base no que vimos, se o da noite for ainda melhor, pensamos que ser\u00e1 realmente espetacular.  <\/p>\n<p>Fomos presenteados com uma experi\u00eancia visual e sensorial, onde os combates eram &#8220;com pena e espada&#8221;, o Cid proclama a sua &#8220;\u00faltima can\u00e7\u00e3o&#8221;, &#8220;atrav\u00e9s dos mares&#8221; mergulha-te na aventura da travessia oce\u00e2nica no Pinta, no Ni\u00f1a ou no Santa Mar\u00eda, e a &#8220;falcoaria real&#8221; conduz-te atrav\u00e9s de uma hist\u00f3ria de lealdade e boas ac\u00e7\u00f5es de um cavaleiro castelhano e de um vizir mu\u00e7ulmano.<\/p>\n<p>Uma experi\u00eancia de uma parte da hist\u00f3ria do nosso pa\u00eds que exibe criatividade, tecnologia e beleza, convidando-te, logo \u00e0 chegada, a despertar os teus sentidos e a viajar no tempo.<\/p>\n<p>Se tiveres oportunidade, n\u00e3o percas a oportunidade de vir viver esta experi\u00eancia: &#8220;H\u00e1 mundos e \u00e9pocas que se pensavam esquecidos para sempre; mas um lugar no cora\u00e7\u00e3o dos Montes de Toledo tornou-se o seu ref\u00fagio; um espa\u00e7o onde a hist\u00f3ria continua&#8221;.<\/p>\n<p>https:\/\/www.puydufou.com\/espana\/es<\/p>\n\n","protected":false},"excerpt":{"rendered":"<p>&#8220;Num lugar de La Mancha&#8230; cujo nome&#8230;&#8221; n\u00e3o \u00e9 dif\u00edcil de recordar, tr\u00eas irm\u00e3s da comunidade de Mora tiveram a sorte de desfrutar de um belo dia &#8220;hist\u00f3rico&#8221; no parque [&hellip;]<\/p>\n","protected":false},"author":1,"featured_media":7823,"comment_status":"open","ping_status":"open","sticky":false,"template":"","format":"standard","meta":{"_acf_changed":false,"footnotes":""},"categories":[61,62],"tags":[],"class_list":["post-13719","post","type-post","status-publish","format-standard","has-post-thumbnail","hentry","category-noticias","category-otras"],"acf":[],"yoast_head":"<!-- This site is optimized with the Yoast SEO plugin v27.5 - https:\/\/yoast.com\/product\/yoast-seo-wordpress\/ -->\n<title>Num lugar em La Mancha... - En Compa\u00f1\u00eda STJ<\/title>\n<meta name=\"robots\" content=\"index, follow, max-snippet:-1, max-image-preview:large, max-video-preview:-1\" \/>\n<link rel=\"canonical\" href=\"https:\/\/encompaniastj.org\/pt-pt\/num-lugar-em-la-mancha\/\" \/>\n<meta property=\"og:locale\" content=\"pt_PT\" \/>\n<meta property=\"og:type\" content=\"article\" \/>\n<meta property=\"og:title\" content=\"Num lugar em La Mancha... - En Compa\u00f1\u00eda STJ\" \/>\n<meta property=\"og:description\" content=\"&#8220;Num lugar de La Mancha&#8230; cujo nome&#8230;&#8221; n\u00e3o \u00e9 dif\u00edcil de recordar, tr\u00eas irm\u00e3s da comunidade de Mora tiveram a sorte de desfrutar de um belo dia &#8220;hist\u00f3rico&#8221; no parque [&hellip;]\" \/>\n<meta property=\"og:url\" content=\"https:\/\/encompaniastj.org\/pt-pt\/num-lugar-em-la-mancha\/\" \/>\n<meta property=\"og:site_name\" content=\"En Compa\u00f1\u00eda STJ\" \/>\n<meta property=\"article:published_time\" content=\"2021-11-20T15:51:14+00:00\" \/>\n<meta property=\"article:modified_time\" content=\"2025-10-14T06:55:54+00:00\" \/>\n<meta property=\"og:image\" content=\"https:\/\/encompaniastj.org\/wp-content\/uploads\/2025\/05\/Mora1-1.jpg\" \/>\n\t<meta property=\"og:image:width\" content=\"500\" \/>\n\t<meta property=\"og:image:height\" content=\"707\" \/>\n\t<meta property=\"og:image:type\" content=\"image\/jpeg\" \/>\n<meta name=\"author\" content=\"admin\" \/>\n<meta name=\"twitter:card\" content=\"summary_large_image\" \/>\n<meta name=\"twitter:label1\" content=\"Escrito por\" \/>\n\t<meta name=\"twitter:data1\" content=\"admin\" \/>\n\t<meta name=\"twitter:label2\" content=\"Tempo estimado de leitura\" \/>\n\t<meta name=\"twitter:data2\" content=\"2 minutos\" \/>\n<script type=\"application\/ld+json\" class=\"yoast-schema-graph\">{\"@context\":\"https:\\\/\\\/schema.org\",\"@graph\":[{\"@type\":\"Article\",\"@id\":\"https:\\\/\\\/encompaniastj.org\\\/pt-pt\\\/num-lugar-em-la-mancha\\\/#article\",\"isPartOf\":{\"@id\":\"https:\\\/\\\/encompaniastj.org\\\/pt-pt\\\/num-lugar-em-la-mancha\\\/\"},\"author\":{\"name\":\"admin\",\"@id\":\"https:\\\/\\\/encompaniastj.org\\\/pt-pt\\\/#\\\/schema\\\/person\\\/520e7ecc314793d40091993c2a02b651\"},\"headline\":\"Num lugar em La Mancha&#8230;\",\"datePublished\":\"2021-11-20T15:51:14+00:00\",\"dateModified\":\"2025-10-14T06:55:54+00:00\",\"mainEntityOfPage\":{\"@id\":\"https:\\\/\\\/encompaniastj.org\\\/pt-pt\\\/num-lugar-em-la-mancha\\\/\"},\"wordCount\":364,\"commentCount\":0,\"publisher\":{\"@id\":\"https:\\\/\\\/encompaniastj.org\\\/pt-pt\\\/#organization\"},\"image\":{\"@id\":\"https:\\\/\\\/encompaniastj.org\\\/pt-pt\\\/num-lugar-em-la-mancha\\\/#primaryimage\"},\"thumbnailUrl\":\"https:\\\/\\\/encompaniastj.org\\\/wp-content\\\/uploads\\\/2025\\\/05\\\/Mora1-1.jpg\",\"articleSection\":[\"Noticias\",\"Otras\"],\"inLanguage\":\"pt-PT\",\"potentialAction\":[{\"@type\":\"CommentAction\",\"name\":\"Comment\",\"target\":[\"https:\\\/\\\/encompaniastj.org\\\/pt-pt\\\/num-lugar-em-la-mancha\\\/#respond\"]}]},{\"@type\":\"WebPage\",\"@id\":\"https:\\\/\\\/encompaniastj.org\\\/pt-pt\\\/num-lugar-em-la-mancha\\\/\",\"url\":\"https:\\\/\\\/encompaniastj.org\\\/pt-pt\\\/num-lugar-em-la-mancha\\\/\",\"name\":\"Num lugar em La Mancha... - En Compa\u00f1\u00eda STJ\",\"isPartOf\":{\"@id\":\"https:\\\/\\\/encompaniastj.org\\\/pt-pt\\\/#website\"},\"primaryImageOfPage\":{\"@id\":\"https:\\\/\\\/encompaniastj.org\\\/pt-pt\\\/num-lugar-em-la-mancha\\\/#primaryimage\"},\"image\":{\"@id\":\"https:\\\/\\\/encompaniastj.org\\\/pt-pt\\\/num-lugar-em-la-mancha\\\/#primaryimage\"},\"thumbnailUrl\":\"https:\\\/\\\/encompaniastj.org\\\/wp-content\\\/uploads\\\/2025\\\/05\\\/Mora1-1.jpg\",\"datePublished\":\"2021-11-20T15:51:14+00:00\",\"dateModified\":\"2025-10-14T06:55:54+00:00\",\"breadcrumb\":{\"@id\":\"https:\\\/\\\/encompaniastj.org\\\/pt-pt\\\/num-lugar-em-la-mancha\\\/#breadcrumb\"},\"inLanguage\":\"pt-PT\",\"potentialAction\":[{\"@type\":\"ReadAction\",\"target\":[\"https:\\\/\\\/encompaniastj.org\\\/pt-pt\\\/num-lugar-em-la-mancha\\\/\"]}]},{\"@type\":\"ImageObject\",\"inLanguage\":\"pt-PT\",\"@id\":\"https:\\\/\\\/encompaniastj.org\\\/pt-pt\\\/num-lugar-em-la-mancha\\\/#primaryimage\",\"url\":\"https:\\\/\\\/encompaniastj.org\\\/wp-content\\\/uploads\\\/2025\\\/05\\\/Mora1-1.jpg\",\"contentUrl\":\"https:\\\/\\\/encompaniastj.org\\\/wp-content\\\/uploads\\\/2025\\\/05\\\/Mora1-1.jpg\",\"width\":500,\"height\":707},{\"@type\":\"BreadcrumbList\",\"@id\":\"https:\\\/\\\/encompaniastj.org\\\/pt-pt\\\/num-lugar-em-la-mancha\\\/#breadcrumb\",\"itemListElement\":[{\"@type\":\"ListItem\",\"position\":1,\"name\":\"Portada\",\"item\":\"https:\\\/\\\/encompaniastj.org\\\/pt-pt\\\/\"},{\"@type\":\"ListItem\",\"position\":2,\"name\":\"Num lugar em La Mancha&#8230;\"}]},{\"@type\":\"WebSite\",\"@id\":\"https:\\\/\\\/encompaniastj.org\\\/pt-pt\\\/#website\",\"url\":\"https:\\\/\\\/encompaniastj.org\\\/pt-pt\\\/\",\"name\":\"En Compa\u00f1\u00eda STJ\",\"description\":\"Bolet\u00edn de la Compa\u00f1\u00eda de Santa Teresa de Jes\u00fas\",\"publisher\":{\"@id\":\"https:\\\/\\\/encompaniastj.org\\\/pt-pt\\\/#organization\"},\"potentialAction\":[{\"@type\":\"SearchAction\",\"target\":{\"@type\":\"EntryPoint\",\"urlTemplate\":\"https:\\\/\\\/encompaniastj.org\\\/pt-pt\\\/?s={search_term_string}\"},\"query-input\":{\"@type\":\"PropertyValueSpecification\",\"valueRequired\":true,\"valueName\":\"search_term_string\"}}],\"inLanguage\":\"pt-PT\"},{\"@type\":\"Organization\",\"@id\":\"https:\\\/\\\/encompaniastj.org\\\/pt-pt\\\/#organization\",\"name\":\"Compa\u00f1\u00eda de Santa Teresa de Jes\u00fas\",\"url\":\"https:\\\/\\\/encompaniastj.org\\\/pt-pt\\\/\",\"logo\":{\"@type\":\"ImageObject\",\"inLanguage\":\"pt-PT\",\"@id\":\"https:\\\/\\\/encompaniastj.org\\\/pt-pt\\\/#\\\/schema\\\/logo\\\/image\\\/\",\"url\":\"https:\\\/\\\/encompaniastj.org\\\/wp-content\\\/uploads\\\/2025\\\/04\\\/logo_provincias02-1-3.png\",\"contentUrl\":\"https:\\\/\\\/encompaniastj.org\\\/wp-content\\\/uploads\\\/2025\\\/04\\\/logo_provincias02-1-3.png\",\"width\":2368,\"height\":825,\"caption\":\"Compa\u00f1\u00eda de Santa Teresa de Jes\u00fas\"},\"image\":{\"@id\":\"https:\\\/\\\/encompaniastj.org\\\/pt-pt\\\/#\\\/schema\\\/logo\\\/image\\\/\"}},{\"@type\":\"Person\",\"@id\":\"https:\\\/\\\/encompaniastj.org\\\/pt-pt\\\/#\\\/schema\\\/person\\\/520e7ecc314793d40091993c2a02b651\",\"name\":\"admin\",\"image\":{\"@type\":\"ImageObject\",\"inLanguage\":\"pt-PT\",\"@id\":\"https:\\\/\\\/secure.gravatar.com\\\/avatar\\\/948b492cce32b586ac2db0eaa926ee87024f7afe218d73b397ea5ddfc5f43ea1?s=96&d=mm&r=g\",\"url\":\"https:\\\/\\\/secure.gravatar.com\\\/avatar\\\/948b492cce32b586ac2db0eaa926ee87024f7afe218d73b397ea5ddfc5f43ea1?s=96&d=mm&r=g\",\"contentUrl\":\"https:\\\/\\\/secure.gravatar.com\\\/avatar\\\/948b492cce32b586ac2db0eaa926ee87024f7afe218d73b397ea5ddfc5f43ea1?s=96&d=mm&r=g\",\"caption\":\"admin\"},\"sameAs\":[\"https:\\\/\\\/encompaniastj.org\"],\"url\":\"https:\\\/\\\/encompaniastj.org\\\/pt-pt\\\/author\\\/sjdigital\\\/\"}]}<\/script>\n<!-- \/ Yoast SEO plugin. -->","yoast_head_json":{"title":"Num lugar em La Mancha... - En Compa\u00f1\u00eda STJ","robots":{"index":"index","follow":"follow","max-snippet":"max-snippet:-1","max-image-preview":"max-image-preview:large","max-video-preview":"max-video-preview:-1"},"canonical":"https:\/\/encompaniastj.org\/pt-pt\/num-lugar-em-la-mancha\/","og_locale":"pt_PT","og_type":"article","og_title":"Num lugar em La Mancha... - En Compa\u00f1\u00eda STJ","og_description":"&#8220;Num lugar de La Mancha&#8230; cujo nome&#8230;&#8221; n\u00e3o \u00e9 dif\u00edcil de recordar, tr\u00eas irm\u00e3s da comunidade de Mora tiveram a sorte de desfrutar de um belo dia &#8220;hist\u00f3rico&#8221; no parque [&hellip;]","og_url":"https:\/\/encompaniastj.org\/pt-pt\/num-lugar-em-la-mancha\/","og_site_name":"En Compa\u00f1\u00eda STJ","article_published_time":"2021-11-20T15:51:14+00:00","article_modified_time":"2025-10-14T06:55:54+00:00","og_image":[{"width":500,"height":707,"url":"https:\/\/encompaniastj.org\/wp-content\/uploads\/2025\/05\/Mora1-1.jpg","type":"image\/jpeg"}],"author":"admin","twitter_card":"summary_large_image","twitter_misc":{"Escrito por":"admin","Tempo estimado de leitura":"2 minutos"},"schema":{"@context":"https:\/\/schema.org","@graph":[{"@type":"Article","@id":"https:\/\/encompaniastj.org\/pt-pt\/num-lugar-em-la-mancha\/#article","isPartOf":{"@id":"https:\/\/encompaniastj.org\/pt-pt\/num-lugar-em-la-mancha\/"},"author":{"name":"admin","@id":"https:\/\/encompaniastj.org\/pt-pt\/#\/schema\/person\/520e7ecc314793d40091993c2a02b651"},"headline":"Num lugar em La Mancha&#8230;","datePublished":"2021-11-20T15:51:14+00:00","dateModified":"2025-10-14T06:55:54+00:00","mainEntityOfPage":{"@id":"https:\/\/encompaniastj.org\/pt-pt\/num-lugar-em-la-mancha\/"},"wordCount":364,"commentCount":0,"publisher":{"@id":"https:\/\/encompaniastj.org\/pt-pt\/#organization"},"image":{"@id":"https:\/\/encompaniastj.org\/pt-pt\/num-lugar-em-la-mancha\/#primaryimage"},"thumbnailUrl":"https:\/\/encompaniastj.org\/wp-content\/uploads\/2025\/05\/Mora1-1.jpg","articleSection":["Noticias","Otras"],"inLanguage":"pt-PT","potentialAction":[{"@type":"CommentAction","name":"Comment","target":["https:\/\/encompaniastj.org\/pt-pt\/num-lugar-em-la-mancha\/#respond"]}]},{"@type":"WebPage","@id":"https:\/\/encompaniastj.org\/pt-pt\/num-lugar-em-la-mancha\/","url":"https:\/\/encompaniastj.org\/pt-pt\/num-lugar-em-la-mancha\/","name":"Num lugar em La Mancha... - En Compa\u00f1\u00eda STJ","isPartOf":{"@id":"https:\/\/encompaniastj.org\/pt-pt\/#website"},"primaryImageOfPage":{"@id":"https:\/\/encompaniastj.org\/pt-pt\/num-lugar-em-la-mancha\/#primaryimage"},"image":{"@id":"https:\/\/encompaniastj.org\/pt-pt\/num-lugar-em-la-mancha\/#primaryimage"},"thumbnailUrl":"https:\/\/encompaniastj.org\/wp-content\/uploads\/2025\/05\/Mora1-1.jpg","datePublished":"2021-11-20T15:51:14+00:00","dateModified":"2025-10-14T06:55:54+00:00","breadcrumb":{"@id":"https:\/\/encompaniastj.org\/pt-pt\/num-lugar-em-la-mancha\/#breadcrumb"},"inLanguage":"pt-PT","potentialAction":[{"@type":"ReadAction","target":["https:\/\/encompaniastj.org\/pt-pt\/num-lugar-em-la-mancha\/"]}]},{"@type":"ImageObject","inLanguage":"pt-PT","@id":"https:\/\/encompaniastj.org\/pt-pt\/num-lugar-em-la-mancha\/#primaryimage","url":"https:\/\/encompaniastj.org\/wp-content\/uploads\/2025\/05\/Mora1-1.jpg","contentUrl":"https:\/\/encompaniastj.org\/wp-content\/uploads\/2025\/05\/Mora1-1.jpg","width":500,"height":707},{"@type":"BreadcrumbList","@id":"https:\/\/encompaniastj.org\/pt-pt\/num-lugar-em-la-mancha\/#breadcrumb","itemListElement":[{"@type":"ListItem","position":1,"name":"Portada","item":"https:\/\/encompaniastj.org\/pt-pt\/"},{"@type":"ListItem","position":2,"name":"Num lugar em La Mancha&#8230;"}]},{"@type":"WebSite","@id":"https:\/\/encompaniastj.org\/pt-pt\/#website","url":"https:\/\/encompaniastj.org\/pt-pt\/","name":"En Compa\u00f1\u00eda STJ","description":"Bolet\u00edn de la Compa\u00f1\u00eda de Santa Teresa de Jes\u00fas","publisher":{"@id":"https:\/\/encompaniastj.org\/pt-pt\/#organization"},"potentialAction":[{"@type":"SearchAction","target":{"@type":"EntryPoint","urlTemplate":"https:\/\/encompaniastj.org\/pt-pt\/?s={search_term_string}"},"query-input":{"@type":"PropertyValueSpecification","valueRequired":true,"valueName":"search_term_string"}}],"inLanguage":"pt-PT"},{"@type":"Organization","@id":"https:\/\/encompaniastj.org\/pt-pt\/#organization","name":"Compa\u00f1\u00eda de Santa Teresa de Jes\u00fas","url":"https:\/\/encompaniastj.org\/pt-pt\/","logo":{"@type":"ImageObject","inLanguage":"pt-PT","@id":"https:\/\/encompaniastj.org\/pt-pt\/#\/schema\/logo\/image\/","url":"https:\/\/encompaniastj.org\/wp-content\/uploads\/2025\/04\/logo_provincias02-1-3.png","contentUrl":"https:\/\/encompaniastj.org\/wp-content\/uploads\/2025\/04\/logo_provincias02-1-3.png","width":2368,"height":825,"caption":"Compa\u00f1\u00eda de Santa Teresa de Jes\u00fas"},"image":{"@id":"https:\/\/encompaniastj.org\/pt-pt\/#\/schema\/logo\/image\/"}},{"@type":"Person","@id":"https:\/\/encompaniastj.org\/pt-pt\/#\/schema\/person\/520e7ecc314793d40091993c2a02b651","name":"admin","image":{"@type":"ImageObject","inLanguage":"pt-PT","@id":"https:\/\/secure.gravatar.com\/avatar\/948b492cce32b586ac2db0eaa926ee87024f7afe218d73b397ea5ddfc5f43ea1?s=96&d=mm&r=g","url":"https:\/\/secure.gravatar.com\/avatar\/948b492cce32b586ac2db0eaa926ee87024f7afe218d73b397ea5ddfc5f43ea1?s=96&d=mm&r=g","contentUrl":"https:\/\/secure.gravatar.com\/avatar\/948b492cce32b586ac2db0eaa926ee87024f7afe218d73b397ea5ddfc5f43ea1?s=96&d=mm&r=g","caption":"admin"},"sameAs":["https:\/\/encompaniastj.org"],"url":"https:\/\/encompaniastj.org\/pt-pt\/author\/sjdigital\/"}]}},"_links":{"self":[{"href":"https:\/\/encompaniastj.org\/pt-pt\/wp-json\/wp\/v2\/posts\/13719","targetHints":{"allow":["GET"]}}],"collection":[{"href":"https:\/\/encompaniastj.org\/pt-pt\/wp-json\/wp\/v2\/posts"}],"about":[{"href":"https:\/\/encompaniastj.org\/pt-pt\/wp-json\/wp\/v2\/types\/post"}],"author":[{"embeddable":true,"href":"https:\/\/encompaniastj.org\/pt-pt\/wp-json\/wp\/v2\/users\/1"}],"replies":[{"embeddable":true,"href":"https:\/\/encompaniastj.org\/pt-pt\/wp-json\/wp\/v2\/comments?post=13719"}],"version-history":[{"count":1,"href":"https:\/\/encompaniastj.org\/pt-pt\/wp-json\/wp\/v2\/posts\/13719\/revisions"}],"predecessor-version":[{"id":13725,"href":"https:\/\/encompaniastj.org\/pt-pt\/wp-json\/wp\/v2\/posts\/13719\/revisions\/13725"}],"wp:featuredmedia":[{"embeddable":true,"href":"https:\/\/encompaniastj.org\/pt-pt\/wp-json\/wp\/v2\/media\/7823"}],"wp:attachment":[{"href":"https:\/\/encompaniastj.org\/pt-pt\/wp-json\/wp\/v2\/media?parent=13719"}],"wp:term":[{"taxonomy":"category","embeddable":true,"href":"https:\/\/encompaniastj.org\/pt-pt\/wp-json\/wp\/v2\/categories?post=13719"},{"taxonomy":"post_tag","embeddable":true,"href":"https:\/\/encompaniastj.org\/pt-pt\/wp-json\/wp\/v2\/tags?post=13719"}],"curies":[{"name":"wp","href":"https:\/\/api.w.org\/{rel}","templated":true}]}}