{"id":13715,"date":"2021-04-24T16:26:32","date_gmt":"2021-04-24T14:26:32","guid":{"rendered":"https:\/\/encompaniastj.org\/redes-abencoadas-e-redes-abencoadas-e-osso-encontro-da-rede-de-elos-da-pastoral-juvenil-vocacional-teresiana-pjvt\/"},"modified":"2025-10-14T08:55:44","modified_gmt":"2025-10-14T06:55:44","slug":"redes-abencoadas-e-redes-abencoadas-e-osso-encontro-da-rede-de-elos-da-pastoral-juvenil-vocacional-teresiana-pjvt","status":"publish","type":"post","link":"https:\/\/encompaniastj.org\/pt-pt\/redes-abencoadas-e-redes-abencoadas-e-osso-encontro-da-rede-de-elos-da-pastoral-juvenil-vocacional-teresiana-pjvt\/","title":{"rendered":"&#8220;REDES ABEN\u00c7OADAS E REDES ABEN\u00c7OADAS&#8221; (E. Oss\u00f3) Encontro da Rede de Elos da Pastoral Juvenil Vocacional Teresiana (PJVT)"},"content":{"rendered":"\n<p>No dia 24 de abril tivemos uma reuni\u00e3o do grupo\nque dinamiza o WYVLP juntamente com as liga\u00e7\u00f5es locais, que est\u00e3o distribu\u00eddas\nem 10 cidades de Espanha e Portugal: Marta, Montse, Pepi stj, M Jos\u00e9 stj,\nDiego, Jacinta stj, M Carmen stj, Conchi stj, Ib\u00e1n, Cris, Rita, Mauge stj,\nAm\u00e9lia stj, Eva e Carlos. Arminda stj e Merche stj n\u00e3o puderam juntar-se a n\u00f3s. <\/p>\n\n<p>  Se\n\"uma imagem vale mais do que mil palavras\", basta olhar para a nossa foto para intuir\nos desejos, a paix\u00e3o e a for\u00e7a que sentimos perante o desafio de acompanhar\nos jovens nos seus processos de crescimento e de f\u00e9 a partir do nosso carisma, bem como\noferecer-nos a luz e a riqueza que deles recebemos.<\/p>\n\n<p>  Em\neste esfor\u00e7o, apoiamo-nos formando uma REDE que torna poss\u00edvel que estes jovens\nfa\u00e7am o seu pr\u00f3prio processo, deixando-lhes o protagonismo, sendo um suporte para que, se quiserem,\npossam andar, saltar e at\u00e9 voar.<\/p>\n\n<p>  Mas\nse, pelo contr\u00e1rio, \"uma palavra vale mais que mil imagens\", escolhemos um imenso\nOBRIGADO por te sentires convidado por Jesus a ser e a partilhar com\no tesouro do nosso carisma teresiano.<\/p>\n\n<p>PJVT Europa<\/p>\n\n<ul class=\"wp-block-gallery columns-2 is-cropped wp-block-gallery-1 is-layout-flex wp-block-gallery-is-layout-flex\"><li class=\"blocks-gallery-item\"><figure><img decoding=\"async\" src=\"https:\/\/encompaniastj.org\/wp-content\/uploads\/2025\/05\/enlaces2.jpg\" alt=\"\" data-id=\"7777\" data-link=\"https:\/\/encompaniastj.org\/?attachment_id=7777\" class=\"wp-image-7777\"\/><\/figure><\/li><li class=\"blocks-gallery-item\"><figure><img decoding=\"async\" src=\"https:\/\/encompaniastj.org\/wp-content\/uploads\/2025\/05\/enlaces-abril.jpg\" alt=\"\" data-id=\"7775\" data-link=\"https:\/\/encompaniastj.org\/?attachment_id=7775\" class=\"wp-image-7775\"\/><\/figure><\/li><\/ul>\n","protected":false},"excerpt":{"rendered":"<p>No dia 24 de abril tivemos uma reuni\u00e3o do grupo que dinamiza o WYVLP juntamente com as liga\u00e7\u00f5es locais, que est\u00e3o distribu\u00eddas em 10 cidades de Espanha e Portugal: Marta, [&hellip;]<\/p>\n","protected":false},"author":1,"featured_media":7719,"comment_status":"open","ping_status":"open","sticky":false,"template":"","format":"standard","meta":{"_acf_changed":false,"footnotes":""},"categories":[61,64],"tags":[],"class_list":["post-13715","post","type-post","status-publish","format-standard","has-post-thumbnail","hentry","category-noticias","category-pjvt"],"acf":[],"yoast_head":"<!-- This site is optimized with the Yoast SEO plugin v27.5 - https:\/\/yoast.com\/product\/yoast-seo-wordpress\/ -->\n<title>&quot;REDES ABEN\u00c7OADAS E REDES ABEN\u00c7OADAS&quot; (E. Oss\u00f3) Encontro da Rede de Elos da Pastoral Juvenil Vocacional Teresiana (PJVT) - En Compa\u00f1\u00eda STJ<\/title>\n<meta name=\"robots\" content=\"index, follow, max-snippet:-1, max-image-preview:large, max-video-preview:-1\" \/>\n<link rel=\"canonical\" href=\"https:\/\/encompaniastj.org\/pt-pt\/redes-abencoadas-e-redes-abencoadas-e-osso-encontro-da-rede-de-elos-da-pastoral-juvenil-vocacional-teresiana-pjvt\/\" \/>\n<meta property=\"og:locale\" content=\"pt_PT\" \/>\n<meta property=\"og:type\" content=\"article\" \/>\n<meta property=\"og:title\" content=\"&quot;REDES ABEN\u00c7OADAS E REDES ABEN\u00c7OADAS&quot; (E. Oss\u00f3) Encontro da Rede de Elos da Pastoral Juvenil Vocacional Teresiana (PJVT) - En Compa\u00f1\u00eda STJ\" \/>\n<meta property=\"og:description\" content=\"No dia 24 de abril tivemos uma reuni\u00e3o do grupo que dinamiza o WYVLP juntamente com as liga\u00e7\u00f5es locais, que est\u00e3o distribu\u00eddas em 10 cidades de Espanha e Portugal: Marta, [&hellip;]\" \/>\n<meta property=\"og:url\" content=\"https:\/\/encompaniastj.org\/pt-pt\/redes-abencoadas-e-redes-abencoadas-e-osso-encontro-da-rede-de-elos-da-pastoral-juvenil-vocacional-teresiana-pjvt\/\" \/>\n<meta property=\"og:site_name\" content=\"En Compa\u00f1\u00eda STJ\" \/>\n<meta property=\"article:published_time\" content=\"2021-04-24T14:26:32+00:00\" \/>\n<meta property=\"article:modified_time\" content=\"2025-10-14T06:55:44+00:00\" \/>\n<meta property=\"og:image\" content=\"https:\/\/encompaniastj.org\/wp-content\/uploads\/2025\/05\/enlaces-abril.jpg\" \/>\n\t<meta property=\"og:image:width\" content=\"500\" \/>\n\t<meta property=\"og:image:height\" content=\"292\" \/>\n\t<meta property=\"og:image:type\" content=\"image\/jpeg\" \/>\n<meta name=\"author\" content=\"admin\" \/>\n<meta name=\"twitter:card\" content=\"summary_large_image\" \/>\n<meta name=\"twitter:label1\" content=\"Escrito por\" \/>\n\t<meta name=\"twitter:data1\" content=\"admin\" \/>\n\t<meta name=\"twitter:label2\" content=\"Tempo estimado de leitura\" \/>\n\t<meta name=\"twitter:data2\" content=\"1 minuto\" \/>\n<script type=\"application\/ld+json\" class=\"yoast-schema-graph\">{\"@context\":\"https:\\\/\\\/schema.org\",\"@graph\":[{\"@type\":\"Article\",\"@id\":\"https:\\\/\\\/encompaniastj.org\\\/pt-pt\\\/redes-abencoadas-e-redes-abencoadas-e-osso-encontro-da-rede-de-elos-da-pastoral-juvenil-vocacional-teresiana-pjvt\\\/#article\",\"isPartOf\":{\"@id\":\"https:\\\/\\\/encompaniastj.org\\\/pt-pt\\\/redes-abencoadas-e-redes-abencoadas-e-osso-encontro-da-rede-de-elos-da-pastoral-juvenil-vocacional-teresiana-pjvt\\\/\"},\"author\":{\"name\":\"admin\",\"@id\":\"https:\\\/\\\/encompaniastj.org\\\/pt-pt\\\/#\\\/schema\\\/person\\\/520e7ecc314793d40091993c2a02b651\"},\"headline\":\"&#8220;REDES ABEN\u00c7OADAS E REDES ABEN\u00c7OADAS&#8221; (E. Oss\u00f3) Encontro da Rede de Elos da Pastoral Juvenil Vocacional Teresiana (PJVT)\",\"datePublished\":\"2021-04-24T14:26:32+00:00\",\"dateModified\":\"2025-10-14T06:55:44+00:00\",\"mainEntityOfPage\":{\"@id\":\"https:\\\/\\\/encompaniastj.org\\\/pt-pt\\\/redes-abencoadas-e-redes-abencoadas-e-osso-encontro-da-rede-de-elos-da-pastoral-juvenil-vocacional-teresiana-pjvt\\\/\"},\"wordCount\":223,\"commentCount\":0,\"publisher\":{\"@id\":\"https:\\\/\\\/encompaniastj.org\\\/pt-pt\\\/#organization\"},\"image\":{\"@id\":\"https:\\\/\\\/encompaniastj.org\\\/pt-pt\\\/redes-abencoadas-e-redes-abencoadas-e-osso-encontro-da-rede-de-elos-da-pastoral-juvenil-vocacional-teresiana-pjvt\\\/#primaryimage\"},\"thumbnailUrl\":\"https:\\\/\\\/encompaniastj.org\\\/wp-content\\\/uploads\\\/2025\\\/05\\\/enlaces-abril.jpg\",\"articleSection\":[\"Noticias\",\"PJVT\"],\"inLanguage\":\"pt-PT\",\"potentialAction\":[{\"@type\":\"CommentAction\",\"name\":\"Comment\",\"target\":[\"https:\\\/\\\/encompaniastj.org\\\/pt-pt\\\/redes-abencoadas-e-redes-abencoadas-e-osso-encontro-da-rede-de-elos-da-pastoral-juvenil-vocacional-teresiana-pjvt\\\/#respond\"]}]},{\"@type\":\"WebPage\",\"@id\":\"https:\\\/\\\/encompaniastj.org\\\/pt-pt\\\/redes-abencoadas-e-redes-abencoadas-e-osso-encontro-da-rede-de-elos-da-pastoral-juvenil-vocacional-teresiana-pjvt\\\/\",\"url\":\"https:\\\/\\\/encompaniastj.org\\\/pt-pt\\\/redes-abencoadas-e-redes-abencoadas-e-osso-encontro-da-rede-de-elos-da-pastoral-juvenil-vocacional-teresiana-pjvt\\\/\",\"name\":\"\\\"REDES ABEN\u00c7OADAS E REDES ABEN\u00c7OADAS\\\" (E. Oss\u00f3) Encontro da Rede de Elos da Pastoral Juvenil Vocacional Teresiana (PJVT) - En Compa\u00f1\u00eda STJ\",\"isPartOf\":{\"@id\":\"https:\\\/\\\/encompaniastj.org\\\/pt-pt\\\/#website\"},\"primaryImageOfPage\":{\"@id\":\"https:\\\/\\\/encompaniastj.org\\\/pt-pt\\\/redes-abencoadas-e-redes-abencoadas-e-osso-encontro-da-rede-de-elos-da-pastoral-juvenil-vocacional-teresiana-pjvt\\\/#primaryimage\"},\"image\":{\"@id\":\"https:\\\/\\\/encompaniastj.org\\\/pt-pt\\\/redes-abencoadas-e-redes-abencoadas-e-osso-encontro-da-rede-de-elos-da-pastoral-juvenil-vocacional-teresiana-pjvt\\\/#primaryimage\"},\"thumbnailUrl\":\"https:\\\/\\\/encompaniastj.org\\\/wp-content\\\/uploads\\\/2025\\\/05\\\/enlaces-abril.jpg\",\"datePublished\":\"2021-04-24T14:26:32+00:00\",\"dateModified\":\"2025-10-14T06:55:44+00:00\",\"breadcrumb\":{\"@id\":\"https:\\\/\\\/encompaniastj.org\\\/pt-pt\\\/redes-abencoadas-e-redes-abencoadas-e-osso-encontro-da-rede-de-elos-da-pastoral-juvenil-vocacional-teresiana-pjvt\\\/#breadcrumb\"},\"inLanguage\":\"pt-PT\",\"potentialAction\":[{\"@type\":\"ReadAction\",\"target\":[\"https:\\\/\\\/encompaniastj.org\\\/pt-pt\\\/redes-abencoadas-e-redes-abencoadas-e-osso-encontro-da-rede-de-elos-da-pastoral-juvenil-vocacional-teresiana-pjvt\\\/\"]}]},{\"@type\":\"ImageObject\",\"inLanguage\":\"pt-PT\",\"@id\":\"https:\\\/\\\/encompaniastj.org\\\/pt-pt\\\/redes-abencoadas-e-redes-abencoadas-e-osso-encontro-da-rede-de-elos-da-pastoral-juvenil-vocacional-teresiana-pjvt\\\/#primaryimage\",\"url\":\"https:\\\/\\\/encompaniastj.org\\\/wp-content\\\/uploads\\\/2025\\\/05\\\/enlaces-abril.jpg\",\"contentUrl\":\"https:\\\/\\\/encompaniastj.org\\\/wp-content\\\/uploads\\\/2025\\\/05\\\/enlaces-abril.jpg\",\"width\":500,\"height\":292},{\"@type\":\"BreadcrumbList\",\"@id\":\"https:\\\/\\\/encompaniastj.org\\\/pt-pt\\\/redes-abencoadas-e-redes-abencoadas-e-osso-encontro-da-rede-de-elos-da-pastoral-juvenil-vocacional-teresiana-pjvt\\\/#breadcrumb\",\"itemListElement\":[{\"@type\":\"ListItem\",\"position\":1,\"name\":\"Portada\",\"item\":\"https:\\\/\\\/encompaniastj.org\\\/pt-pt\\\/\"},{\"@type\":\"ListItem\",\"position\":2,\"name\":\"\u00abREDES ABEN\u00c7OADAS E REDES ABEN\u00c7OADAS\u00bb (E. Oss\u00f3) Encontro da Rede de Elos da Pastoral Juvenil Vocacional Teresiana (PJVT)\"}]},{\"@type\":\"WebSite\",\"@id\":\"https:\\\/\\\/encompaniastj.org\\\/pt-pt\\\/#website\",\"url\":\"https:\\\/\\\/encompaniastj.org\\\/pt-pt\\\/\",\"name\":\"En Compa\u00f1\u00eda STJ\",\"description\":\"Bolet\u00edn de la Compa\u00f1\u00eda de Santa Teresa de Jes\u00fas\",\"publisher\":{\"@id\":\"https:\\\/\\\/encompaniastj.org\\\/pt-pt\\\/#organization\"},\"potentialAction\":[{\"@type\":\"SearchAction\",\"target\":{\"@type\":\"EntryPoint\",\"urlTemplate\":\"https:\\\/\\\/encompaniastj.org\\\/pt-pt\\\/?s={search_term_string}\"},\"query-input\":{\"@type\":\"PropertyValueSpecification\",\"valueRequired\":true,\"valueName\":\"search_term_string\"}}],\"inLanguage\":\"pt-PT\"},{\"@type\":\"Organization\",\"@id\":\"https:\\\/\\\/encompaniastj.org\\\/pt-pt\\\/#organization\",\"name\":\"Compa\u00f1\u00eda de Santa Teresa de Jes\u00fas\",\"url\":\"https:\\\/\\\/encompaniastj.org\\\/pt-pt\\\/\",\"logo\":{\"@type\":\"ImageObject\",\"inLanguage\":\"pt-PT\",\"@id\":\"https:\\\/\\\/encompaniastj.org\\\/pt-pt\\\/#\\\/schema\\\/logo\\\/image\\\/\",\"url\":\"https:\\\/\\\/encompaniastj.org\\\/wp-content\\\/uploads\\\/2025\\\/04\\\/logo_provincias02-1-3.png\",\"contentUrl\":\"https:\\\/\\\/encompaniastj.org\\\/wp-content\\\/uploads\\\/2025\\\/04\\\/logo_provincias02-1-3.png\",\"width\":2368,\"height\":825,\"caption\":\"Compa\u00f1\u00eda de Santa Teresa de Jes\u00fas\"},\"image\":{\"@id\":\"https:\\\/\\\/encompaniastj.org\\\/pt-pt\\\/#\\\/schema\\\/logo\\\/image\\\/\"}},{\"@type\":\"Person\",\"@id\":\"https:\\\/\\\/encompaniastj.org\\\/pt-pt\\\/#\\\/schema\\\/person\\\/520e7ecc314793d40091993c2a02b651\",\"name\":\"admin\",\"image\":{\"@type\":\"ImageObject\",\"inLanguage\":\"pt-PT\",\"@id\":\"https:\\\/\\\/secure.gravatar.com\\\/avatar\\\/948b492cce32b586ac2db0eaa926ee87024f7afe218d73b397ea5ddfc5f43ea1?s=96&d=mm&r=g\",\"url\":\"https:\\\/\\\/secure.gravatar.com\\\/avatar\\\/948b492cce32b586ac2db0eaa926ee87024f7afe218d73b397ea5ddfc5f43ea1?s=96&d=mm&r=g\",\"contentUrl\":\"https:\\\/\\\/secure.gravatar.com\\\/avatar\\\/948b492cce32b586ac2db0eaa926ee87024f7afe218d73b397ea5ddfc5f43ea1?s=96&d=mm&r=g\",\"caption\":\"admin\"},\"sameAs\":[\"https:\\\/\\\/encompaniastj.org\"],\"url\":\"https:\\\/\\\/encompaniastj.org\\\/pt-pt\\\/author\\\/sjdigital\\\/\"}]}<\/script>\n<!-- \/ Yoast SEO plugin. -->","yoast_head_json":{"title":"\"REDES ABEN\u00c7OADAS E REDES ABEN\u00c7OADAS\" (E. Oss\u00f3) Encontro da Rede de Elos da Pastoral Juvenil Vocacional Teresiana (PJVT) - En Compa\u00f1\u00eda STJ","robots":{"index":"index","follow":"follow","max-snippet":"max-snippet:-1","max-image-preview":"max-image-preview:large","max-video-preview":"max-video-preview:-1"},"canonical":"https:\/\/encompaniastj.org\/pt-pt\/redes-abencoadas-e-redes-abencoadas-e-osso-encontro-da-rede-de-elos-da-pastoral-juvenil-vocacional-teresiana-pjvt\/","og_locale":"pt_PT","og_type":"article","og_title":"\"REDES ABEN\u00c7OADAS E REDES ABEN\u00c7OADAS\" (E. Oss\u00f3) Encontro da Rede de Elos da Pastoral Juvenil Vocacional Teresiana (PJVT) - En Compa\u00f1\u00eda STJ","og_description":"No dia 24 de abril tivemos uma reuni\u00e3o do grupo que dinamiza o WYVLP juntamente com as liga\u00e7\u00f5es locais, que est\u00e3o distribu\u00eddas em 10 cidades de Espanha e Portugal: Marta, [&hellip;]","og_url":"https:\/\/encompaniastj.org\/pt-pt\/redes-abencoadas-e-redes-abencoadas-e-osso-encontro-da-rede-de-elos-da-pastoral-juvenil-vocacional-teresiana-pjvt\/","og_site_name":"En Compa\u00f1\u00eda STJ","article_published_time":"2021-04-24T14:26:32+00:00","article_modified_time":"2025-10-14T06:55:44+00:00","og_image":[{"width":500,"height":292,"url":"https:\/\/encompaniastj.org\/wp-content\/uploads\/2025\/05\/enlaces-abril.jpg","type":"image\/jpeg"}],"author":"admin","twitter_card":"summary_large_image","twitter_misc":{"Escrito por":"admin","Tempo estimado de leitura":"1 minuto"},"schema":{"@context":"https:\/\/schema.org","@graph":[{"@type":"Article","@id":"https:\/\/encompaniastj.org\/pt-pt\/redes-abencoadas-e-redes-abencoadas-e-osso-encontro-da-rede-de-elos-da-pastoral-juvenil-vocacional-teresiana-pjvt\/#article","isPartOf":{"@id":"https:\/\/encompaniastj.org\/pt-pt\/redes-abencoadas-e-redes-abencoadas-e-osso-encontro-da-rede-de-elos-da-pastoral-juvenil-vocacional-teresiana-pjvt\/"},"author":{"name":"admin","@id":"https:\/\/encompaniastj.org\/pt-pt\/#\/schema\/person\/520e7ecc314793d40091993c2a02b651"},"headline":"&#8220;REDES ABEN\u00c7OADAS E REDES ABEN\u00c7OADAS&#8221; (E. Oss\u00f3) Encontro da Rede de Elos da Pastoral Juvenil Vocacional Teresiana (PJVT)","datePublished":"2021-04-24T14:26:32+00:00","dateModified":"2025-10-14T06:55:44+00:00","mainEntityOfPage":{"@id":"https:\/\/encompaniastj.org\/pt-pt\/redes-abencoadas-e-redes-abencoadas-e-osso-encontro-da-rede-de-elos-da-pastoral-juvenil-vocacional-teresiana-pjvt\/"},"wordCount":223,"commentCount":0,"publisher":{"@id":"https:\/\/encompaniastj.org\/pt-pt\/#organization"},"image":{"@id":"https:\/\/encompaniastj.org\/pt-pt\/redes-abencoadas-e-redes-abencoadas-e-osso-encontro-da-rede-de-elos-da-pastoral-juvenil-vocacional-teresiana-pjvt\/#primaryimage"},"thumbnailUrl":"https:\/\/encompaniastj.org\/wp-content\/uploads\/2025\/05\/enlaces-abril.jpg","articleSection":["Noticias","PJVT"],"inLanguage":"pt-PT","potentialAction":[{"@type":"CommentAction","name":"Comment","target":["https:\/\/encompaniastj.org\/pt-pt\/redes-abencoadas-e-redes-abencoadas-e-osso-encontro-da-rede-de-elos-da-pastoral-juvenil-vocacional-teresiana-pjvt\/#respond"]}]},{"@type":"WebPage","@id":"https:\/\/encompaniastj.org\/pt-pt\/redes-abencoadas-e-redes-abencoadas-e-osso-encontro-da-rede-de-elos-da-pastoral-juvenil-vocacional-teresiana-pjvt\/","url":"https:\/\/encompaniastj.org\/pt-pt\/redes-abencoadas-e-redes-abencoadas-e-osso-encontro-da-rede-de-elos-da-pastoral-juvenil-vocacional-teresiana-pjvt\/","name":"\"REDES ABEN\u00c7OADAS E REDES ABEN\u00c7OADAS\" (E. Oss\u00f3) Encontro da Rede de Elos da Pastoral Juvenil Vocacional Teresiana (PJVT) - En Compa\u00f1\u00eda STJ","isPartOf":{"@id":"https:\/\/encompaniastj.org\/pt-pt\/#website"},"primaryImageOfPage":{"@id":"https:\/\/encompaniastj.org\/pt-pt\/redes-abencoadas-e-redes-abencoadas-e-osso-encontro-da-rede-de-elos-da-pastoral-juvenil-vocacional-teresiana-pjvt\/#primaryimage"},"image":{"@id":"https:\/\/encompaniastj.org\/pt-pt\/redes-abencoadas-e-redes-abencoadas-e-osso-encontro-da-rede-de-elos-da-pastoral-juvenil-vocacional-teresiana-pjvt\/#primaryimage"},"thumbnailUrl":"https:\/\/encompaniastj.org\/wp-content\/uploads\/2025\/05\/enlaces-abril.jpg","datePublished":"2021-04-24T14:26:32+00:00","dateModified":"2025-10-14T06:55:44+00:00","breadcrumb":{"@id":"https:\/\/encompaniastj.org\/pt-pt\/redes-abencoadas-e-redes-abencoadas-e-osso-encontro-da-rede-de-elos-da-pastoral-juvenil-vocacional-teresiana-pjvt\/#breadcrumb"},"inLanguage":"pt-PT","potentialAction":[{"@type":"ReadAction","target":["https:\/\/encompaniastj.org\/pt-pt\/redes-abencoadas-e-redes-abencoadas-e-osso-encontro-da-rede-de-elos-da-pastoral-juvenil-vocacional-teresiana-pjvt\/"]}]},{"@type":"ImageObject","inLanguage":"pt-PT","@id":"https:\/\/encompaniastj.org\/pt-pt\/redes-abencoadas-e-redes-abencoadas-e-osso-encontro-da-rede-de-elos-da-pastoral-juvenil-vocacional-teresiana-pjvt\/#primaryimage","url":"https:\/\/encompaniastj.org\/wp-content\/uploads\/2025\/05\/enlaces-abril.jpg","contentUrl":"https:\/\/encompaniastj.org\/wp-content\/uploads\/2025\/05\/enlaces-abril.jpg","width":500,"height":292},{"@type":"BreadcrumbList","@id":"https:\/\/encompaniastj.org\/pt-pt\/redes-abencoadas-e-redes-abencoadas-e-osso-encontro-da-rede-de-elos-da-pastoral-juvenil-vocacional-teresiana-pjvt\/#breadcrumb","itemListElement":[{"@type":"ListItem","position":1,"name":"Portada","item":"https:\/\/encompaniastj.org\/pt-pt\/"},{"@type":"ListItem","position":2,"name":"\u00abREDES ABEN\u00c7OADAS E REDES ABEN\u00c7OADAS\u00bb (E. Oss\u00f3) Encontro da Rede de Elos da Pastoral Juvenil Vocacional Teresiana (PJVT)"}]},{"@type":"WebSite","@id":"https:\/\/encompaniastj.org\/pt-pt\/#website","url":"https:\/\/encompaniastj.org\/pt-pt\/","name":"En Compa\u00f1\u00eda STJ","description":"Bolet\u00edn de la Compa\u00f1\u00eda de Santa Teresa de Jes\u00fas","publisher":{"@id":"https:\/\/encompaniastj.org\/pt-pt\/#organization"},"potentialAction":[{"@type":"SearchAction","target":{"@type":"EntryPoint","urlTemplate":"https:\/\/encompaniastj.org\/pt-pt\/?s={search_term_string}"},"query-input":{"@type":"PropertyValueSpecification","valueRequired":true,"valueName":"search_term_string"}}],"inLanguage":"pt-PT"},{"@type":"Organization","@id":"https:\/\/encompaniastj.org\/pt-pt\/#organization","name":"Compa\u00f1\u00eda de Santa Teresa de Jes\u00fas","url":"https:\/\/encompaniastj.org\/pt-pt\/","logo":{"@type":"ImageObject","inLanguage":"pt-PT","@id":"https:\/\/encompaniastj.org\/pt-pt\/#\/schema\/logo\/image\/","url":"https:\/\/encompaniastj.org\/wp-content\/uploads\/2025\/04\/logo_provincias02-1-3.png","contentUrl":"https:\/\/encompaniastj.org\/wp-content\/uploads\/2025\/04\/logo_provincias02-1-3.png","width":2368,"height":825,"caption":"Compa\u00f1\u00eda de Santa Teresa de Jes\u00fas"},"image":{"@id":"https:\/\/encompaniastj.org\/pt-pt\/#\/schema\/logo\/image\/"}},{"@type":"Person","@id":"https:\/\/encompaniastj.org\/pt-pt\/#\/schema\/person\/520e7ecc314793d40091993c2a02b651","name":"admin","image":{"@type":"ImageObject","inLanguage":"pt-PT","@id":"https:\/\/secure.gravatar.com\/avatar\/948b492cce32b586ac2db0eaa926ee87024f7afe218d73b397ea5ddfc5f43ea1?s=96&d=mm&r=g","url":"https:\/\/secure.gravatar.com\/avatar\/948b492cce32b586ac2db0eaa926ee87024f7afe218d73b397ea5ddfc5f43ea1?s=96&d=mm&r=g","contentUrl":"https:\/\/secure.gravatar.com\/avatar\/948b492cce32b586ac2db0eaa926ee87024f7afe218d73b397ea5ddfc5f43ea1?s=96&d=mm&r=g","caption":"admin"},"sameAs":["https:\/\/encompaniastj.org"],"url":"https:\/\/encompaniastj.org\/pt-pt\/author\/sjdigital\/"}]}},"_links":{"self":[{"href":"https:\/\/encompaniastj.org\/pt-pt\/wp-json\/wp\/v2\/posts\/13715","targetHints":{"allow":["GET"]}}],"collection":[{"href":"https:\/\/encompaniastj.org\/pt-pt\/wp-json\/wp\/v2\/posts"}],"about":[{"href":"https:\/\/encompaniastj.org\/pt-pt\/wp-json\/wp\/v2\/types\/post"}],"author":[{"embeddable":true,"href":"https:\/\/encompaniastj.org\/pt-pt\/wp-json\/wp\/v2\/users\/1"}],"replies":[{"embeddable":true,"href":"https:\/\/encompaniastj.org\/pt-pt\/wp-json\/wp\/v2\/comments?post=13715"}],"version-history":[{"count":1,"href":"https:\/\/encompaniastj.org\/pt-pt\/wp-json\/wp\/v2\/posts\/13715\/revisions"}],"predecessor-version":[{"id":13716,"href":"https:\/\/encompaniastj.org\/pt-pt\/wp-json\/wp\/v2\/posts\/13715\/revisions\/13716"}],"wp:featuredmedia":[{"embeddable":true,"href":"https:\/\/encompaniastj.org\/pt-pt\/wp-json\/wp\/v2\/media\/7719"}],"wp:attachment":[{"href":"https:\/\/encompaniastj.org\/pt-pt\/wp-json\/wp\/v2\/media?parent=13715"}],"wp:term":[{"taxonomy":"category","embeddable":true,"href":"https:\/\/encompaniastj.org\/pt-pt\/wp-json\/wp\/v2\/categories?post=13715"},{"taxonomy":"post_tag","embeddable":true,"href":"https:\/\/encompaniastj.org\/pt-pt\/wp-json\/wp\/v2\/tags?post=13715"}],"curies":[{"name":"wp","href":"https:\/\/api.w.org\/{rel}","templated":true}]}}