{"id":13713,"date":"2021-04-20T14:15:17","date_gmt":"2021-04-20T12:15:17","guid":{"rendered":"https:\/\/encompaniastj.org\/100-anos-de-presenca-em-mora\/"},"modified":"2025-10-14T08:55:43","modified_gmt":"2025-10-14T06:55:43","slug":"100-anos-de-presenca-em-mora","status":"publish","type":"post","link":"https:\/\/encompaniastj.org\/pt-pt\/100-anos-de-presenca-em-mora\/","title":{"rendered":"100 anos de presen\u00e7a em Mora"},"content":{"rendered":"\n<p><em>\"Verdadeiramente um dia de grande esplendor e profundo prazer para esta cidade,\nfoi o 16 de abril, que marcou no livro\nda sua hist\u00f3ria uma p\u00e1gina refulgente. Com a inaugura\u00e7\u00e3o solene do<x id=\"gid_2\"><\/x>novo Col\u00e9gio, governado por freiras<x id=\"gid_3\"><\/x>da ordem de Santa Teresa, os nobres sentimentos de<x id=\"gid_4\"><\/x>revelaram-se claramente neste imenso bairro.\nEsper\u00e1vamo-lo, e n\u00e3o nos surpreendeu a extraordin\u00e1ria satisfa\u00e7\u00e3o que, nesta ocasi\u00e3o, se reflectiu em todos os rostos, desde o humilde campon\u00eas at\u00e9 ao homem mais favorecido pela fortuna\".  <\/em><\/p>\n\n<p><em>(El Castellano-\njornal de informa\u00e7\u00e3o 16 de abril de 1921)<\/em><\/p>\n\n<p>Foi assim que a not\u00edcia come\u00e7ou h\u00e1 100\nanos e \u00e9 assim que hoje podemos reconhec\u00ea-la de novo\nquando, com o passar do tempo, celebramos, recordamos e agradecemos tanta vida dada silenciosamente dentro das paredes\ndesta escola. Nos rostos dos mais pequenos<x id=\"gid_3\"><\/x>h\u00e1 surpresa ao ouvirem a hist\u00f3ria daquele comboio em que<x id=\"gid_4\"><\/x>se forjou a vida da escola que agora<x id=\"gid_5\"><\/x>os acolhe, no dia 8 de outubro de 1920.\nCom emo\u00e7\u00e3o, rez\u00e1mos e escut\u00e1mos a chegada de Jesus Sacramentado (\u00e0 escola que j\u00e1 estava em funcionamento), no dia 16 de abril de 1921. Este dia foi oficialmente inaugurado com a presen\u00e7a\ndas autoridades e foi consagrada a Capela\nque ao longo destes 100 anos (exceto aquela parte terr\u00edvel da nossa\nhist\u00f3ria que foi a Guerra Civil) alberga a\npresen\u00e7a de Jesus\nna Eucaristia e onde\ntantas e tantas\ngera\u00e7\u00f5es rezam e celebram a vida.   <\/p>\n\n<p>Da Comunidade\nque hoje fazemos parte desta miss\u00e3o,\nqueremos agradecer e recordar tantas irm\u00e3s que por aqui passaram\ndeixando nesta casa e nesta cidade\numa parte muito importante da tua vida que temos o prazer de celebrar.<\/p>\n\n<p>No dia\nde outubro, uma grande festa de anivers\u00e1rio abriu a celebra\u00e7\u00e3o do nosso centen\u00e1rio. Atrav\u00e9s de v\u00e1rias actividades, os nossos alunos, as fam\u00edlias<x id=\"gid_1\"><\/x>e os professores conheceram os in\u00edcios desta<x id=\"gid_2\"><\/x>obra educativa que tanto bem tem feito a esta<x id=\"gid_3\"><\/x>aldeia \"Moracho\" da Mancha Toledana.<x id=\"gid_5\"><\/x>\"N\u00e3o foi por acaso...\", pens\u00e1mos quando ouvimos a hist\u00f3ria daquela junta<x id=\"gid_4\"><\/x>que foi a Madrid \u00e0 procura da Congrega\u00e7\u00e3o das Damas Negras para que tomassem conta da escola<x id=\"gid_6\"><\/x>que a Sra. Maria Mart\u00edn-Maestro tinha doado \u00e0 escola.Maria Mart\u00edn-Maestro tinha doado ao povoado e, numa carruagem de comboio, ouvindo<x id=\"gid_7\"><\/x>a conversa que duas Irm\u00e3s Teresianas iam tendo pelo caminho, aproximaram-se e iniciaram um encontro que<x id=\"gid_8\"><\/x>seria frutuoso para Mora e para a Companhia de<x id=\"gid_9\"><\/x>Santa Teresa de Jesus. Assim come\u00e7ou tudo, nascemos de um \"atrevimento\" e\ncontinu\u00e1mos a avan\u00e7ar na vida\natrevendo-nos a inovar, a educar, a acompanhar, a crescer juntos. O tempo foi passando e no dia 16 de abril, no\nfinal, chegou Aquele que d\u00e1 sentido e firmeza ao projeto.     A escola foi oficialmente inaugurada\ncom a \"chegada\" do Sant\u00edssimo Sacramento\nna Capela,\ncentro vital e tamb\u00e9m na sua estrutura, o edif\u00edcio foi-se enchendo de\nvida com a chegada dos alunos e\nalunos de gera\u00e7\u00f5es e gera\u00e7\u00f5es. Fazemos parte da vida desta\naldeia e estamos-te gratos. <\/p>\n\n<p>Come\u00e7amos por partilhar as not\u00edcias de 1921 e terminamos em 2021, onde um jornal\n(agora digital) tamb\u00e9m relata as not\u00edcias da nossa celebra\u00e7\u00e3o:<\/p>\n\n<p><em>\"Dando continuidade \u00e0s comemora\u00e7\u00f5es do Centen\u00e1rio, a escola\nest\u00e1 a levar a cabo um projeto\nque tem como fio condutor\nos 100 anos de vida da escola na cidade. Com o projeto\npretende-se refor\u00e7ar\no sentido de perten\u00e7a de toda a comunidade educativa \u00e0 escola no\nano do Centen\u00e1rio e para isso est\u00e3o a realizar\nv\u00e1rias actividades que envolvem n\u00e3o s\u00f3 alunos e professores mas\ntodos os grupos que formam\nou fizeram parte do centro: AMPA, PAS, antigos alunos, antigos\nprofessores, Movimento Apost\u00f3lico Teresiano .... <\/em><\/p>\n\n<p><em>At\u00e9\ndia 23 de abril, coincidindo com o Dia do Livro, decorrer\u00e3o as seguintes actividades\n: recupera\u00e7\u00e3o\nde not\u00edcias relacionadas com a funda\u00e7\u00e3o da escola, concursos liter\u00e1rios,\nconcursos fotogr\u00e1ficos,\nconcursos pl\u00e1sticos, entrevistas, colabora\u00e7\u00f5es\nexternas...<\/em><\/p>\n\n<p><em>As actividades\nser\u00e3o reunidas numa edi\u00e7\u00e3o especial da Voz Teresiana, uma revista\nque nos primeiros anos do s\u00e9culo XXI foi produzida pelos alunos do centro em colabora\u00e7\u00e3o com os professores\ne numa exposi\u00e7\u00e3o que ser\u00e1 instalada\nno Sal\u00e3o da Assembleia. As celebra\u00e7\u00f5es continuar\u00e3o ao longo deste e do pr\u00f3ximo ano\n\". <\/em><\/p>\n\n<ul class=\"wp-block-gallery columns-3 is-cropped wp-block-gallery-1 is-layout-flex wp-block-gallery-is-layout-flex\"><li class=\"blocks-gallery-item\"><figure><img decoding=\"async\" src=\"https:\/\/encompaniastj.org\/wp-content\/uploads\/2025\/05\/mora3.jpg\" alt=\"\" data-id=\"7757\" data-link=\"https:\/\/encompaniastj.org\/mora3-2\/\" class=\"wp-image-7757\"\/><\/figure><\/li><li class=\"blocks-gallery-item\"><figure><img decoding=\"async\" src=\"https:\/\/encompaniastj.org\/wp-content\/uploads\/2025\/05\/mora2.jpg\" alt=\"\" data-id=\"7755\" data-link=\"https:\/\/encompaniastj.org\/mora2-2\/\" class=\"wp-image-7755\"\/><\/figure><\/li><li class=\"blocks-gallery-item\"><figure><img decoding=\"async\" src=\"https:\/\/encompaniastj.org\/wp-content\/uploads\/2025\/05\/mora1.jpg\" alt=\"\" data-id=\"7753\" data-link=\"https:\/\/encompaniastj.org\/mora1-2\/\" class=\"wp-image-7753\"\/><\/figure><\/li><\/ul>\n","protected":false},"excerpt":{"rendered":"<p>&#8220;Verdadeiramente um dia de grande esplendor e profundo prazer para esta cidade, foi o 16 de abril, que marcou no livro da sua hist\u00f3ria uma p\u00e1gina refulgente. Com a inaugura\u00e7\u00e3o [&hellip;]<\/p>\n","protected":false},"author":1,"featured_media":7713,"comment_status":"open","ping_status":"open","sticky":false,"template":"","format":"standard","meta":{"_acf_changed":false,"footnotes":""},"categories":[61,62],"tags":[],"class_list":["post-13713","post","type-post","status-publish","format-standard","has-post-thumbnail","hentry","category-noticias","category-otras"],"acf":[],"yoast_head":"<!-- This site is optimized with the Yoast SEO plugin v27.5 - https:\/\/yoast.com\/product\/yoast-seo-wordpress\/ -->\n<title>100 anos de presen\u00e7a em Mora - En Compa\u00f1\u00eda STJ<\/title>\n<meta name=\"robots\" content=\"index, follow, max-snippet:-1, max-image-preview:large, max-video-preview:-1\" \/>\n<link rel=\"canonical\" href=\"https:\/\/encompaniastj.org\/pt-pt\/100-anos-de-presenca-em-mora\/\" \/>\n<meta property=\"og:locale\" content=\"pt_PT\" \/>\n<meta property=\"og:type\" content=\"article\" \/>\n<meta property=\"og:title\" content=\"100 anos de presen\u00e7a em Mora - En Compa\u00f1\u00eda STJ\" \/>\n<meta property=\"og:description\" content=\"&#8220;Verdadeiramente um dia de grande esplendor e profundo prazer para esta cidade, foi o 16 de abril, que marcou no livro da sua hist\u00f3ria uma p\u00e1gina refulgente. Com a inaugura\u00e7\u00e3o [&hellip;]\" \/>\n<meta property=\"og:url\" content=\"https:\/\/encompaniastj.org\/pt-pt\/100-anos-de-presenca-em-mora\/\" \/>\n<meta property=\"og:site_name\" content=\"En Compa\u00f1\u00eda STJ\" \/>\n<meta property=\"article:published_time\" content=\"2021-04-20T12:15:17+00:00\" \/>\n<meta property=\"article:modified_time\" content=\"2025-10-14T06:55:43+00:00\" \/>\n<meta property=\"og:image\" content=\"https:\/\/encompaniastj.org\/wp-content\/uploads\/2025\/05\/mora3.jpg\" \/>\n\t<meta property=\"og:image:width\" content=\"500\" \/>\n\t<meta property=\"og:image:height\" content=\"309\" \/>\n\t<meta property=\"og:image:type\" content=\"image\/jpeg\" \/>\n<meta name=\"author\" content=\"admin\" \/>\n<meta name=\"twitter:card\" content=\"summary_large_image\" \/>\n<meta name=\"twitter:label1\" content=\"Escrito por\" \/>\n\t<meta name=\"twitter:data1\" content=\"admin\" \/>\n\t<meta name=\"twitter:label2\" content=\"Tempo estimado de leitura\" \/>\n\t<meta name=\"twitter:data2\" content=\"4 minutos\" \/>\n<script type=\"application\/ld+json\" class=\"yoast-schema-graph\">{\"@context\":\"https:\\\/\\\/schema.org\",\"@graph\":[{\"@type\":\"Article\",\"@id\":\"https:\\\/\\\/encompaniastj.org\\\/pt-pt\\\/100-anos-de-presenca-em-mora\\\/#article\",\"isPartOf\":{\"@id\":\"https:\\\/\\\/encompaniastj.org\\\/pt-pt\\\/100-anos-de-presenca-em-mora\\\/\"},\"author\":{\"name\":\"admin\",\"@id\":\"https:\\\/\\\/encompaniastj.org\\\/pt-pt\\\/#\\\/schema\\\/person\\\/520e7ecc314793d40091993c2a02b651\"},\"headline\":\"100 anos de presen\u00e7a em Mora\",\"datePublished\":\"2021-04-20T12:15:17+00:00\",\"dateModified\":\"2025-10-14T06:55:43+00:00\",\"mainEntityOfPage\":{\"@id\":\"https:\\\/\\\/encompaniastj.org\\\/pt-pt\\\/100-anos-de-presenca-em-mora\\\/\"},\"wordCount\":738,\"commentCount\":0,\"publisher\":{\"@id\":\"https:\\\/\\\/encompaniastj.org\\\/pt-pt\\\/#organization\"},\"image\":{\"@id\":\"https:\\\/\\\/encompaniastj.org\\\/pt-pt\\\/100-anos-de-presenca-em-mora\\\/#primaryimage\"},\"thumbnailUrl\":\"https:\\\/\\\/encompaniastj.org\\\/wp-content\\\/uploads\\\/2025\\\/05\\\/mora3.jpg\",\"articleSection\":[\"Noticias\",\"Otras\"],\"inLanguage\":\"pt-PT\",\"potentialAction\":[{\"@type\":\"CommentAction\",\"name\":\"Comment\",\"target\":[\"https:\\\/\\\/encompaniastj.org\\\/pt-pt\\\/100-anos-de-presenca-em-mora\\\/#respond\"]}]},{\"@type\":\"WebPage\",\"@id\":\"https:\\\/\\\/encompaniastj.org\\\/pt-pt\\\/100-anos-de-presenca-em-mora\\\/\",\"url\":\"https:\\\/\\\/encompaniastj.org\\\/pt-pt\\\/100-anos-de-presenca-em-mora\\\/\",\"name\":\"100 anos de presen\u00e7a em Mora - En Compa\u00f1\u00eda STJ\",\"isPartOf\":{\"@id\":\"https:\\\/\\\/encompaniastj.org\\\/pt-pt\\\/#website\"},\"primaryImageOfPage\":{\"@id\":\"https:\\\/\\\/encompaniastj.org\\\/pt-pt\\\/100-anos-de-presenca-em-mora\\\/#primaryimage\"},\"image\":{\"@id\":\"https:\\\/\\\/encompaniastj.org\\\/pt-pt\\\/100-anos-de-presenca-em-mora\\\/#primaryimage\"},\"thumbnailUrl\":\"https:\\\/\\\/encompaniastj.org\\\/wp-content\\\/uploads\\\/2025\\\/05\\\/mora3.jpg\",\"datePublished\":\"2021-04-20T12:15:17+00:00\",\"dateModified\":\"2025-10-14T06:55:43+00:00\",\"breadcrumb\":{\"@id\":\"https:\\\/\\\/encompaniastj.org\\\/pt-pt\\\/100-anos-de-presenca-em-mora\\\/#breadcrumb\"},\"inLanguage\":\"pt-PT\",\"potentialAction\":[{\"@type\":\"ReadAction\",\"target\":[\"https:\\\/\\\/encompaniastj.org\\\/pt-pt\\\/100-anos-de-presenca-em-mora\\\/\"]}]},{\"@type\":\"ImageObject\",\"inLanguage\":\"pt-PT\",\"@id\":\"https:\\\/\\\/encompaniastj.org\\\/pt-pt\\\/100-anos-de-presenca-em-mora\\\/#primaryimage\",\"url\":\"https:\\\/\\\/encompaniastj.org\\\/wp-content\\\/uploads\\\/2025\\\/05\\\/mora3.jpg\",\"contentUrl\":\"https:\\\/\\\/encompaniastj.org\\\/wp-content\\\/uploads\\\/2025\\\/05\\\/mora3.jpg\",\"width\":500,\"height\":309},{\"@type\":\"BreadcrumbList\",\"@id\":\"https:\\\/\\\/encompaniastj.org\\\/pt-pt\\\/100-anos-de-presenca-em-mora\\\/#breadcrumb\",\"itemListElement\":[{\"@type\":\"ListItem\",\"position\":1,\"name\":\"Portada\",\"item\":\"https:\\\/\\\/encompaniastj.org\\\/pt-pt\\\/\"},{\"@type\":\"ListItem\",\"position\":2,\"name\":\"100 anos de presen\u00e7a em Mora\"}]},{\"@type\":\"WebSite\",\"@id\":\"https:\\\/\\\/encompaniastj.org\\\/pt-pt\\\/#website\",\"url\":\"https:\\\/\\\/encompaniastj.org\\\/pt-pt\\\/\",\"name\":\"En Compa\u00f1\u00eda STJ\",\"description\":\"Bolet\u00edn de la Compa\u00f1\u00eda de Santa Teresa de Jes\u00fas\",\"publisher\":{\"@id\":\"https:\\\/\\\/encompaniastj.org\\\/pt-pt\\\/#organization\"},\"potentialAction\":[{\"@type\":\"SearchAction\",\"target\":{\"@type\":\"EntryPoint\",\"urlTemplate\":\"https:\\\/\\\/encompaniastj.org\\\/pt-pt\\\/?s={search_term_string}\"},\"query-input\":{\"@type\":\"PropertyValueSpecification\",\"valueRequired\":true,\"valueName\":\"search_term_string\"}}],\"inLanguage\":\"pt-PT\"},{\"@type\":\"Organization\",\"@id\":\"https:\\\/\\\/encompaniastj.org\\\/pt-pt\\\/#organization\",\"name\":\"Compa\u00f1\u00eda de Santa Teresa de Jes\u00fas\",\"url\":\"https:\\\/\\\/encompaniastj.org\\\/pt-pt\\\/\",\"logo\":{\"@type\":\"ImageObject\",\"inLanguage\":\"pt-PT\",\"@id\":\"https:\\\/\\\/encompaniastj.org\\\/pt-pt\\\/#\\\/schema\\\/logo\\\/image\\\/\",\"url\":\"https:\\\/\\\/encompaniastj.org\\\/wp-content\\\/uploads\\\/2025\\\/04\\\/logo_provincias02-1-3.png\",\"contentUrl\":\"https:\\\/\\\/encompaniastj.org\\\/wp-content\\\/uploads\\\/2025\\\/04\\\/logo_provincias02-1-3.png\",\"width\":2368,\"height\":825,\"caption\":\"Compa\u00f1\u00eda de Santa Teresa de Jes\u00fas\"},\"image\":{\"@id\":\"https:\\\/\\\/encompaniastj.org\\\/pt-pt\\\/#\\\/schema\\\/logo\\\/image\\\/\"}},{\"@type\":\"Person\",\"@id\":\"https:\\\/\\\/encompaniastj.org\\\/pt-pt\\\/#\\\/schema\\\/person\\\/520e7ecc314793d40091993c2a02b651\",\"name\":\"admin\",\"image\":{\"@type\":\"ImageObject\",\"inLanguage\":\"pt-PT\",\"@id\":\"https:\\\/\\\/secure.gravatar.com\\\/avatar\\\/948b492cce32b586ac2db0eaa926ee87024f7afe218d73b397ea5ddfc5f43ea1?s=96&d=mm&r=g\",\"url\":\"https:\\\/\\\/secure.gravatar.com\\\/avatar\\\/948b492cce32b586ac2db0eaa926ee87024f7afe218d73b397ea5ddfc5f43ea1?s=96&d=mm&r=g\",\"contentUrl\":\"https:\\\/\\\/secure.gravatar.com\\\/avatar\\\/948b492cce32b586ac2db0eaa926ee87024f7afe218d73b397ea5ddfc5f43ea1?s=96&d=mm&r=g\",\"caption\":\"admin\"},\"sameAs\":[\"https:\\\/\\\/encompaniastj.org\"],\"url\":\"https:\\\/\\\/encompaniastj.org\\\/pt-pt\\\/author\\\/sjdigital\\\/\"}]}<\/script>\n<!-- \/ Yoast SEO plugin. -->","yoast_head_json":{"title":"100 anos de presen\u00e7a em Mora - En Compa\u00f1\u00eda STJ","robots":{"index":"index","follow":"follow","max-snippet":"max-snippet:-1","max-image-preview":"max-image-preview:large","max-video-preview":"max-video-preview:-1"},"canonical":"https:\/\/encompaniastj.org\/pt-pt\/100-anos-de-presenca-em-mora\/","og_locale":"pt_PT","og_type":"article","og_title":"100 anos de presen\u00e7a em Mora - En Compa\u00f1\u00eda STJ","og_description":"&#8220;Verdadeiramente um dia de grande esplendor e profundo prazer para esta cidade, foi o 16 de abril, que marcou no livro da sua hist\u00f3ria uma p\u00e1gina refulgente. Com a inaugura\u00e7\u00e3o [&hellip;]","og_url":"https:\/\/encompaniastj.org\/pt-pt\/100-anos-de-presenca-em-mora\/","og_site_name":"En Compa\u00f1\u00eda STJ","article_published_time":"2021-04-20T12:15:17+00:00","article_modified_time":"2025-10-14T06:55:43+00:00","og_image":[{"width":500,"height":309,"url":"https:\/\/encompaniastj.org\/wp-content\/uploads\/2025\/05\/mora3.jpg","type":"image\/jpeg"}],"author":"admin","twitter_card":"summary_large_image","twitter_misc":{"Escrito por":"admin","Tempo estimado de leitura":"4 minutos"},"schema":{"@context":"https:\/\/schema.org","@graph":[{"@type":"Article","@id":"https:\/\/encompaniastj.org\/pt-pt\/100-anos-de-presenca-em-mora\/#article","isPartOf":{"@id":"https:\/\/encompaniastj.org\/pt-pt\/100-anos-de-presenca-em-mora\/"},"author":{"name":"admin","@id":"https:\/\/encompaniastj.org\/pt-pt\/#\/schema\/person\/520e7ecc314793d40091993c2a02b651"},"headline":"100 anos de presen\u00e7a em Mora","datePublished":"2021-04-20T12:15:17+00:00","dateModified":"2025-10-14T06:55:43+00:00","mainEntityOfPage":{"@id":"https:\/\/encompaniastj.org\/pt-pt\/100-anos-de-presenca-em-mora\/"},"wordCount":738,"commentCount":0,"publisher":{"@id":"https:\/\/encompaniastj.org\/pt-pt\/#organization"},"image":{"@id":"https:\/\/encompaniastj.org\/pt-pt\/100-anos-de-presenca-em-mora\/#primaryimage"},"thumbnailUrl":"https:\/\/encompaniastj.org\/wp-content\/uploads\/2025\/05\/mora3.jpg","articleSection":["Noticias","Otras"],"inLanguage":"pt-PT","potentialAction":[{"@type":"CommentAction","name":"Comment","target":["https:\/\/encompaniastj.org\/pt-pt\/100-anos-de-presenca-em-mora\/#respond"]}]},{"@type":"WebPage","@id":"https:\/\/encompaniastj.org\/pt-pt\/100-anos-de-presenca-em-mora\/","url":"https:\/\/encompaniastj.org\/pt-pt\/100-anos-de-presenca-em-mora\/","name":"100 anos de presen\u00e7a em Mora - En Compa\u00f1\u00eda STJ","isPartOf":{"@id":"https:\/\/encompaniastj.org\/pt-pt\/#website"},"primaryImageOfPage":{"@id":"https:\/\/encompaniastj.org\/pt-pt\/100-anos-de-presenca-em-mora\/#primaryimage"},"image":{"@id":"https:\/\/encompaniastj.org\/pt-pt\/100-anos-de-presenca-em-mora\/#primaryimage"},"thumbnailUrl":"https:\/\/encompaniastj.org\/wp-content\/uploads\/2025\/05\/mora3.jpg","datePublished":"2021-04-20T12:15:17+00:00","dateModified":"2025-10-14T06:55:43+00:00","breadcrumb":{"@id":"https:\/\/encompaniastj.org\/pt-pt\/100-anos-de-presenca-em-mora\/#breadcrumb"},"inLanguage":"pt-PT","potentialAction":[{"@type":"ReadAction","target":["https:\/\/encompaniastj.org\/pt-pt\/100-anos-de-presenca-em-mora\/"]}]},{"@type":"ImageObject","inLanguage":"pt-PT","@id":"https:\/\/encompaniastj.org\/pt-pt\/100-anos-de-presenca-em-mora\/#primaryimage","url":"https:\/\/encompaniastj.org\/wp-content\/uploads\/2025\/05\/mora3.jpg","contentUrl":"https:\/\/encompaniastj.org\/wp-content\/uploads\/2025\/05\/mora3.jpg","width":500,"height":309},{"@type":"BreadcrumbList","@id":"https:\/\/encompaniastj.org\/pt-pt\/100-anos-de-presenca-em-mora\/#breadcrumb","itemListElement":[{"@type":"ListItem","position":1,"name":"Portada","item":"https:\/\/encompaniastj.org\/pt-pt\/"},{"@type":"ListItem","position":2,"name":"100 anos de presen\u00e7a em Mora"}]},{"@type":"WebSite","@id":"https:\/\/encompaniastj.org\/pt-pt\/#website","url":"https:\/\/encompaniastj.org\/pt-pt\/","name":"En Compa\u00f1\u00eda STJ","description":"Bolet\u00edn de la Compa\u00f1\u00eda de Santa Teresa de Jes\u00fas","publisher":{"@id":"https:\/\/encompaniastj.org\/pt-pt\/#organization"},"potentialAction":[{"@type":"SearchAction","target":{"@type":"EntryPoint","urlTemplate":"https:\/\/encompaniastj.org\/pt-pt\/?s={search_term_string}"},"query-input":{"@type":"PropertyValueSpecification","valueRequired":true,"valueName":"search_term_string"}}],"inLanguage":"pt-PT"},{"@type":"Organization","@id":"https:\/\/encompaniastj.org\/pt-pt\/#organization","name":"Compa\u00f1\u00eda de Santa Teresa de Jes\u00fas","url":"https:\/\/encompaniastj.org\/pt-pt\/","logo":{"@type":"ImageObject","inLanguage":"pt-PT","@id":"https:\/\/encompaniastj.org\/pt-pt\/#\/schema\/logo\/image\/","url":"https:\/\/encompaniastj.org\/wp-content\/uploads\/2025\/04\/logo_provincias02-1-3.png","contentUrl":"https:\/\/encompaniastj.org\/wp-content\/uploads\/2025\/04\/logo_provincias02-1-3.png","width":2368,"height":825,"caption":"Compa\u00f1\u00eda de Santa Teresa de Jes\u00fas"},"image":{"@id":"https:\/\/encompaniastj.org\/pt-pt\/#\/schema\/logo\/image\/"}},{"@type":"Person","@id":"https:\/\/encompaniastj.org\/pt-pt\/#\/schema\/person\/520e7ecc314793d40091993c2a02b651","name":"admin","image":{"@type":"ImageObject","inLanguage":"pt-PT","@id":"https:\/\/secure.gravatar.com\/avatar\/948b492cce32b586ac2db0eaa926ee87024f7afe218d73b397ea5ddfc5f43ea1?s=96&d=mm&r=g","url":"https:\/\/secure.gravatar.com\/avatar\/948b492cce32b586ac2db0eaa926ee87024f7afe218d73b397ea5ddfc5f43ea1?s=96&d=mm&r=g","contentUrl":"https:\/\/secure.gravatar.com\/avatar\/948b492cce32b586ac2db0eaa926ee87024f7afe218d73b397ea5ddfc5f43ea1?s=96&d=mm&r=g","caption":"admin"},"sameAs":["https:\/\/encompaniastj.org"],"url":"https:\/\/encompaniastj.org\/pt-pt\/author\/sjdigital\/"}]}},"_links":{"self":[{"href":"https:\/\/encompaniastj.org\/pt-pt\/wp-json\/wp\/v2\/posts\/13713","targetHints":{"allow":["GET"]}}],"collection":[{"href":"https:\/\/encompaniastj.org\/pt-pt\/wp-json\/wp\/v2\/posts"}],"about":[{"href":"https:\/\/encompaniastj.org\/pt-pt\/wp-json\/wp\/v2\/types\/post"}],"author":[{"embeddable":true,"href":"https:\/\/encompaniastj.org\/pt-pt\/wp-json\/wp\/v2\/users\/1"}],"replies":[{"embeddable":true,"href":"https:\/\/encompaniastj.org\/pt-pt\/wp-json\/wp\/v2\/comments?post=13713"}],"version-history":[{"count":1,"href":"https:\/\/encompaniastj.org\/pt-pt\/wp-json\/wp\/v2\/posts\/13713\/revisions"}],"predecessor-version":[{"id":13714,"href":"https:\/\/encompaniastj.org\/pt-pt\/wp-json\/wp\/v2\/posts\/13713\/revisions\/13714"}],"wp:featuredmedia":[{"embeddable":true,"href":"https:\/\/encompaniastj.org\/pt-pt\/wp-json\/wp\/v2\/media\/7713"}],"wp:attachment":[{"href":"https:\/\/encompaniastj.org\/pt-pt\/wp-json\/wp\/v2\/media?parent=13713"}],"wp:term":[{"taxonomy":"category","embeddable":true,"href":"https:\/\/encompaniastj.org\/pt-pt\/wp-json\/wp\/v2\/categories?post=13713"},{"taxonomy":"post_tag","embeddable":true,"href":"https:\/\/encompaniastj.org\/pt-pt\/wp-json\/wp\/v2\/tags?post=13713"}],"curies":[{"name":"wp","href":"https:\/\/api.w.org\/{rel}","templated":true}]}}