{"id":13682,"date":"2020-10-27T15:35:01","date_gmt":"2020-10-27T14:35:01","guid":{"rendered":"https:\/\/encompaniastj.org\/sr-nazare-nunes-pires-27-de-outubro-de-2020-padua\/"},"modified":"2025-10-14T08:55:25","modified_gmt":"2025-10-14T06:55:25","slug":"sr-nazare-nunes-pires-27-de-outubro-de-2020-padua","status":"publish","type":"post","link":"https:\/\/encompaniastj.org\/pt-pt\/sr-nazare-nunes-pires-27-de-outubro-de-2020-padua\/","title":{"rendered":"Sr. Nazar\u00e9 Nunes Pires. 27 de outubro de 2020. (P\u00e1dua)"},"content":{"rendered":"\n<p><em>\"Meu Jesus\", uma <\/em>express\u00e3o constante\nque, como um ritornello, sa\u00eda diariamente dos l\u00e1bios da nossa Irm\u00e3\nNazar\u00e9. E o seu Jesus encontrou-a\npronta a receb\u00ea-la depois de um ano de doen\u00e7a grave\nque ela suportou admiravelmente.<\/p>\n\n<p>Maria\nNazar\u00e9 Nunes nasceu em Seixo do Coa (Portugal) a 23 de dezembro de\n1941. Entra muito jovem no noviciado de Braga, em 1958.\nPassa os primeiros anos de vida religiosa em Lisboa, Mora de Toledo, onde faz a profiss\u00e3o perp\u00e9tua\n, e em Las Palmas. Os \u00faltimos quarenta anos da sua vida\nforam passados em It\u00e1lia, nas comunidades de Roma-Casa Geral, P\u00e1dua,\nRoma-College e P\u00e1dua-Teresianum.<\/p>\n\n<p>Profundamente enraizada em It\u00e1lia,\n, desenvolveu um servi\u00e7o fiel tanto nas comunidades como\nna escola, especialmente na portaria das duas escolas. Era amada por\ntodos, jovens e idosos\npela simplicidade da sua vida, pelo seu esp\u00edrito de sacrif\u00edcio, pelo seu sorriso contagiante e pela sua disponibilidade acolhedora.<\/p>\n\n<p>A Irm\u00e3\nNazar\u00e9 soube encarnar o Reino em todos os lugares onde a obedi\u00eancia\na tinha colocado como o gr\u00e3o de mostarda e o fermento da par\u00e1bola do\nevangelho de Jesus.<\/p>\n\n<p>\nFilha fiel da sua terra natal, tinha\num carinho especial por <em>Nossa Senhora de\nF\u00e1tima. <\/em>As paredes do seu quarto e de muitos outros recantos da casa\nestavam repletas das\nimagens da Virgem.<\/p>\n\n<p>No dia 27 de outubro de 2020, a nossa irm\u00e3 Nazar\u00e9 deixou este mundo serenamente, silenciosamente, sem ru\u00eddo.  <\/p>\n","protected":false},"excerpt":{"rendered":"<p>&#8220;Meu Jesus&#8221;, uma express\u00e3o constante que, como um ritornello, sa\u00eda diariamente dos l\u00e1bios da nossa Irm\u00e3 Nazar\u00e9. E o seu Jesus encontrou-a pronta a receb\u00ea-la depois de um ano de [&hellip;]<\/p>\n","protected":false},"author":1,"featured_media":7580,"comment_status":"open","ping_status":"open","sticky":false,"template":"","format":"standard","meta":{"_acf_changed":false,"footnotes":""},"categories":[63],"tags":[],"class_list":["post-13682","post","type-post","status-publish","format-standard","has-post-thumbnail","hentry","category-fallecimientos"],"acf":[],"yoast_head":"<!-- This site is optimized with the Yoast SEO plugin v27.5 - https:\/\/yoast.com\/product\/yoast-seo-wordpress\/ -->\n<title>Sr. Nazar\u00e9 Nunes Pires. 27 de outubro de 2020. (P\u00e1dua) - En Compa\u00f1\u00eda STJ<\/title>\n<meta name=\"robots\" content=\"index, follow, max-snippet:-1, max-image-preview:large, max-video-preview:-1\" \/>\n<link rel=\"canonical\" href=\"https:\/\/encompaniastj.org\/pt-pt\/sr-nazare-nunes-pires-27-de-outubro-de-2020-padua\/\" \/>\n<meta property=\"og:locale\" content=\"pt_PT\" \/>\n<meta property=\"og:type\" content=\"article\" \/>\n<meta property=\"og:title\" content=\"Sr. Nazar\u00e9 Nunes Pires. 27 de outubro de 2020. (P\u00e1dua) - En Compa\u00f1\u00eda STJ\" \/>\n<meta property=\"og:description\" content=\"&#8220;Meu Jesus&#8221;, uma express\u00e3o constante que, como um ritornello, sa\u00eda diariamente dos l\u00e1bios da nossa Irm\u00e3 Nazar\u00e9. E o seu Jesus encontrou-a pronta a receb\u00ea-la depois de um ano de [&hellip;]\" \/>\n<meta property=\"og:url\" content=\"https:\/\/encompaniastj.org\/pt-pt\/sr-nazare-nunes-pires-27-de-outubro-de-2020-padua\/\" \/>\n<meta property=\"og:site_name\" content=\"En Compa\u00f1\u00eda STJ\" \/>\n<meta property=\"article:published_time\" content=\"2020-10-27T14:35:01+00:00\" \/>\n<meta property=\"article:modified_time\" content=\"2025-10-14T06:55:25+00:00\" \/>\n<meta property=\"og:image\" content=\"https:\/\/encompaniastj.org\/wp-content\/uploads\/2025\/05\/padua.jpg\" \/>\n\t<meta property=\"og:image:width\" content=\"576\" \/>\n\t<meta property=\"og:image:height\" content=\"324\" \/>\n\t<meta property=\"og:image:type\" content=\"image\/jpeg\" \/>\n<meta name=\"author\" content=\"admin\" \/>\n<meta name=\"twitter:card\" content=\"summary_large_image\" \/>\n<meta name=\"twitter:label1\" content=\"Escrito por\" \/>\n\t<meta name=\"twitter:data1\" content=\"admin\" \/>\n\t<meta name=\"twitter:label2\" content=\"Tempo estimado de leitura\" \/>\n\t<meta name=\"twitter:data2\" content=\"1 minuto\" \/>\n<script type=\"application\/ld+json\" class=\"yoast-schema-graph\">{\"@context\":\"https:\\\/\\\/schema.org\",\"@graph\":[{\"@type\":\"Article\",\"@id\":\"https:\\\/\\\/encompaniastj.org\\\/pt-pt\\\/sr-nazare-nunes-pires-27-de-outubro-de-2020-padua\\\/#article\",\"isPartOf\":{\"@id\":\"https:\\\/\\\/encompaniastj.org\\\/pt-pt\\\/sr-nazare-nunes-pires-27-de-outubro-de-2020-padua\\\/\"},\"author\":{\"name\":\"admin\",\"@id\":\"https:\\\/\\\/encompaniastj.org\\\/pt-pt\\\/#\\\/schema\\\/person\\\/520e7ecc314793d40091993c2a02b651\"},\"headline\":\"Sr. Nazar\u00e9 Nunes Pires. 27 de outubro de 2020. (P\u00e1dua)\",\"datePublished\":\"2020-10-27T14:35:01+00:00\",\"dateModified\":\"2025-10-14T06:55:25+00:00\",\"mainEntityOfPage\":{\"@id\":\"https:\\\/\\\/encompaniastj.org\\\/pt-pt\\\/sr-nazare-nunes-pires-27-de-outubro-de-2020-padua\\\/\"},\"wordCount\":252,\"commentCount\":0,\"publisher\":{\"@id\":\"https:\\\/\\\/encompaniastj.org\\\/pt-pt\\\/#organization\"},\"image\":{\"@id\":\"https:\\\/\\\/encompaniastj.org\\\/pt-pt\\\/sr-nazare-nunes-pires-27-de-outubro-de-2020-padua\\\/#primaryimage\"},\"thumbnailUrl\":\"https:\\\/\\\/encompaniastj.org\\\/wp-content\\\/uploads\\\/2025\\\/05\\\/padua.jpg\",\"articleSection\":[\"Fallecimientos\"],\"inLanguage\":\"pt-PT\",\"potentialAction\":[{\"@type\":\"CommentAction\",\"name\":\"Comment\",\"target\":[\"https:\\\/\\\/encompaniastj.org\\\/pt-pt\\\/sr-nazare-nunes-pires-27-de-outubro-de-2020-padua\\\/#respond\"]}]},{\"@type\":\"WebPage\",\"@id\":\"https:\\\/\\\/encompaniastj.org\\\/pt-pt\\\/sr-nazare-nunes-pires-27-de-outubro-de-2020-padua\\\/\",\"url\":\"https:\\\/\\\/encompaniastj.org\\\/pt-pt\\\/sr-nazare-nunes-pires-27-de-outubro-de-2020-padua\\\/\",\"name\":\"Sr. Nazar\u00e9 Nunes Pires. 27 de outubro de 2020. (P\u00e1dua) - En Compa\u00f1\u00eda STJ\",\"isPartOf\":{\"@id\":\"https:\\\/\\\/encompaniastj.org\\\/pt-pt\\\/#website\"},\"primaryImageOfPage\":{\"@id\":\"https:\\\/\\\/encompaniastj.org\\\/pt-pt\\\/sr-nazare-nunes-pires-27-de-outubro-de-2020-padua\\\/#primaryimage\"},\"image\":{\"@id\":\"https:\\\/\\\/encompaniastj.org\\\/pt-pt\\\/sr-nazare-nunes-pires-27-de-outubro-de-2020-padua\\\/#primaryimage\"},\"thumbnailUrl\":\"https:\\\/\\\/encompaniastj.org\\\/wp-content\\\/uploads\\\/2025\\\/05\\\/padua.jpg\",\"datePublished\":\"2020-10-27T14:35:01+00:00\",\"dateModified\":\"2025-10-14T06:55:25+00:00\",\"breadcrumb\":{\"@id\":\"https:\\\/\\\/encompaniastj.org\\\/pt-pt\\\/sr-nazare-nunes-pires-27-de-outubro-de-2020-padua\\\/#breadcrumb\"},\"inLanguage\":\"pt-PT\",\"potentialAction\":[{\"@type\":\"ReadAction\",\"target\":[\"https:\\\/\\\/encompaniastj.org\\\/pt-pt\\\/sr-nazare-nunes-pires-27-de-outubro-de-2020-padua\\\/\"]}]},{\"@type\":\"ImageObject\",\"inLanguage\":\"pt-PT\",\"@id\":\"https:\\\/\\\/encompaniastj.org\\\/pt-pt\\\/sr-nazare-nunes-pires-27-de-outubro-de-2020-padua\\\/#primaryimage\",\"url\":\"https:\\\/\\\/encompaniastj.org\\\/wp-content\\\/uploads\\\/2025\\\/05\\\/padua.jpg\",\"contentUrl\":\"https:\\\/\\\/encompaniastj.org\\\/wp-content\\\/uploads\\\/2025\\\/05\\\/padua.jpg\",\"width\":576,\"height\":324},{\"@type\":\"BreadcrumbList\",\"@id\":\"https:\\\/\\\/encompaniastj.org\\\/pt-pt\\\/sr-nazare-nunes-pires-27-de-outubro-de-2020-padua\\\/#breadcrumb\",\"itemListElement\":[{\"@type\":\"ListItem\",\"position\":1,\"name\":\"Portada\",\"item\":\"https:\\\/\\\/encompaniastj.org\\\/pt-pt\\\/\"},{\"@type\":\"ListItem\",\"position\":2,\"name\":\"Sr. Nazar\u00e9 Nunes Pires. 27 de outubro de 2020. (P\u00e1dua)\"}]},{\"@type\":\"WebSite\",\"@id\":\"https:\\\/\\\/encompaniastj.org\\\/pt-pt\\\/#website\",\"url\":\"https:\\\/\\\/encompaniastj.org\\\/pt-pt\\\/\",\"name\":\"En Compa\u00f1\u00eda STJ\",\"description\":\"Bolet\u00edn de la Compa\u00f1\u00eda de Santa Teresa de Jes\u00fas\",\"publisher\":{\"@id\":\"https:\\\/\\\/encompaniastj.org\\\/pt-pt\\\/#organization\"},\"potentialAction\":[{\"@type\":\"SearchAction\",\"target\":{\"@type\":\"EntryPoint\",\"urlTemplate\":\"https:\\\/\\\/encompaniastj.org\\\/pt-pt\\\/?s={search_term_string}\"},\"query-input\":{\"@type\":\"PropertyValueSpecification\",\"valueRequired\":true,\"valueName\":\"search_term_string\"}}],\"inLanguage\":\"pt-PT\"},{\"@type\":\"Organization\",\"@id\":\"https:\\\/\\\/encompaniastj.org\\\/pt-pt\\\/#organization\",\"name\":\"Compa\u00f1\u00eda de Santa Teresa de Jes\u00fas\",\"url\":\"https:\\\/\\\/encompaniastj.org\\\/pt-pt\\\/\",\"logo\":{\"@type\":\"ImageObject\",\"inLanguage\":\"pt-PT\",\"@id\":\"https:\\\/\\\/encompaniastj.org\\\/pt-pt\\\/#\\\/schema\\\/logo\\\/image\\\/\",\"url\":\"https:\\\/\\\/encompaniastj.org\\\/wp-content\\\/uploads\\\/2025\\\/04\\\/logo_provincias02-1-3.png\",\"contentUrl\":\"https:\\\/\\\/encompaniastj.org\\\/wp-content\\\/uploads\\\/2025\\\/04\\\/logo_provincias02-1-3.png\",\"width\":2368,\"height\":825,\"caption\":\"Compa\u00f1\u00eda de Santa Teresa de Jes\u00fas\"},\"image\":{\"@id\":\"https:\\\/\\\/encompaniastj.org\\\/pt-pt\\\/#\\\/schema\\\/logo\\\/image\\\/\"}},{\"@type\":\"Person\",\"@id\":\"https:\\\/\\\/encompaniastj.org\\\/pt-pt\\\/#\\\/schema\\\/person\\\/520e7ecc314793d40091993c2a02b651\",\"name\":\"admin\",\"image\":{\"@type\":\"ImageObject\",\"inLanguage\":\"pt-PT\",\"@id\":\"https:\\\/\\\/secure.gravatar.com\\\/avatar\\\/948b492cce32b586ac2db0eaa926ee87024f7afe218d73b397ea5ddfc5f43ea1?s=96&d=mm&r=g\",\"url\":\"https:\\\/\\\/secure.gravatar.com\\\/avatar\\\/948b492cce32b586ac2db0eaa926ee87024f7afe218d73b397ea5ddfc5f43ea1?s=96&d=mm&r=g\",\"contentUrl\":\"https:\\\/\\\/secure.gravatar.com\\\/avatar\\\/948b492cce32b586ac2db0eaa926ee87024f7afe218d73b397ea5ddfc5f43ea1?s=96&d=mm&r=g\",\"caption\":\"admin\"},\"sameAs\":[\"https:\\\/\\\/encompaniastj.org\"],\"url\":\"https:\\\/\\\/encompaniastj.org\\\/pt-pt\\\/author\\\/sjdigital\\\/\"}]}<\/script>\n<!-- \/ Yoast SEO plugin. -->","yoast_head_json":{"title":"Sr. Nazar\u00e9 Nunes Pires. 27 de outubro de 2020. (P\u00e1dua) - En Compa\u00f1\u00eda STJ","robots":{"index":"index","follow":"follow","max-snippet":"max-snippet:-1","max-image-preview":"max-image-preview:large","max-video-preview":"max-video-preview:-1"},"canonical":"https:\/\/encompaniastj.org\/pt-pt\/sr-nazare-nunes-pires-27-de-outubro-de-2020-padua\/","og_locale":"pt_PT","og_type":"article","og_title":"Sr. Nazar\u00e9 Nunes Pires. 27 de outubro de 2020. (P\u00e1dua) - En Compa\u00f1\u00eda STJ","og_description":"&#8220;Meu Jesus&#8221;, uma express\u00e3o constante que, como um ritornello, sa\u00eda diariamente dos l\u00e1bios da nossa Irm\u00e3 Nazar\u00e9. E o seu Jesus encontrou-a pronta a receb\u00ea-la depois de um ano de [&hellip;]","og_url":"https:\/\/encompaniastj.org\/pt-pt\/sr-nazare-nunes-pires-27-de-outubro-de-2020-padua\/","og_site_name":"En Compa\u00f1\u00eda STJ","article_published_time":"2020-10-27T14:35:01+00:00","article_modified_time":"2025-10-14T06:55:25+00:00","og_image":[{"width":576,"height":324,"url":"https:\/\/encompaniastj.org\/wp-content\/uploads\/2025\/05\/padua.jpg","type":"image\/jpeg"}],"author":"admin","twitter_card":"summary_large_image","twitter_misc":{"Escrito por":"admin","Tempo estimado de leitura":"1 minuto"},"schema":{"@context":"https:\/\/schema.org","@graph":[{"@type":"Article","@id":"https:\/\/encompaniastj.org\/pt-pt\/sr-nazare-nunes-pires-27-de-outubro-de-2020-padua\/#article","isPartOf":{"@id":"https:\/\/encompaniastj.org\/pt-pt\/sr-nazare-nunes-pires-27-de-outubro-de-2020-padua\/"},"author":{"name":"admin","@id":"https:\/\/encompaniastj.org\/pt-pt\/#\/schema\/person\/520e7ecc314793d40091993c2a02b651"},"headline":"Sr. Nazar\u00e9 Nunes Pires. 27 de outubro de 2020. (P\u00e1dua)","datePublished":"2020-10-27T14:35:01+00:00","dateModified":"2025-10-14T06:55:25+00:00","mainEntityOfPage":{"@id":"https:\/\/encompaniastj.org\/pt-pt\/sr-nazare-nunes-pires-27-de-outubro-de-2020-padua\/"},"wordCount":252,"commentCount":0,"publisher":{"@id":"https:\/\/encompaniastj.org\/pt-pt\/#organization"},"image":{"@id":"https:\/\/encompaniastj.org\/pt-pt\/sr-nazare-nunes-pires-27-de-outubro-de-2020-padua\/#primaryimage"},"thumbnailUrl":"https:\/\/encompaniastj.org\/wp-content\/uploads\/2025\/05\/padua.jpg","articleSection":["Fallecimientos"],"inLanguage":"pt-PT","potentialAction":[{"@type":"CommentAction","name":"Comment","target":["https:\/\/encompaniastj.org\/pt-pt\/sr-nazare-nunes-pires-27-de-outubro-de-2020-padua\/#respond"]}]},{"@type":"WebPage","@id":"https:\/\/encompaniastj.org\/pt-pt\/sr-nazare-nunes-pires-27-de-outubro-de-2020-padua\/","url":"https:\/\/encompaniastj.org\/pt-pt\/sr-nazare-nunes-pires-27-de-outubro-de-2020-padua\/","name":"Sr. Nazar\u00e9 Nunes Pires. 27 de outubro de 2020. (P\u00e1dua) - En Compa\u00f1\u00eda STJ","isPartOf":{"@id":"https:\/\/encompaniastj.org\/pt-pt\/#website"},"primaryImageOfPage":{"@id":"https:\/\/encompaniastj.org\/pt-pt\/sr-nazare-nunes-pires-27-de-outubro-de-2020-padua\/#primaryimage"},"image":{"@id":"https:\/\/encompaniastj.org\/pt-pt\/sr-nazare-nunes-pires-27-de-outubro-de-2020-padua\/#primaryimage"},"thumbnailUrl":"https:\/\/encompaniastj.org\/wp-content\/uploads\/2025\/05\/padua.jpg","datePublished":"2020-10-27T14:35:01+00:00","dateModified":"2025-10-14T06:55:25+00:00","breadcrumb":{"@id":"https:\/\/encompaniastj.org\/pt-pt\/sr-nazare-nunes-pires-27-de-outubro-de-2020-padua\/#breadcrumb"},"inLanguage":"pt-PT","potentialAction":[{"@type":"ReadAction","target":["https:\/\/encompaniastj.org\/pt-pt\/sr-nazare-nunes-pires-27-de-outubro-de-2020-padua\/"]}]},{"@type":"ImageObject","inLanguage":"pt-PT","@id":"https:\/\/encompaniastj.org\/pt-pt\/sr-nazare-nunes-pires-27-de-outubro-de-2020-padua\/#primaryimage","url":"https:\/\/encompaniastj.org\/wp-content\/uploads\/2025\/05\/padua.jpg","contentUrl":"https:\/\/encompaniastj.org\/wp-content\/uploads\/2025\/05\/padua.jpg","width":576,"height":324},{"@type":"BreadcrumbList","@id":"https:\/\/encompaniastj.org\/pt-pt\/sr-nazare-nunes-pires-27-de-outubro-de-2020-padua\/#breadcrumb","itemListElement":[{"@type":"ListItem","position":1,"name":"Portada","item":"https:\/\/encompaniastj.org\/pt-pt\/"},{"@type":"ListItem","position":2,"name":"Sr. Nazar\u00e9 Nunes Pires. 27 de outubro de 2020. (P\u00e1dua)"}]},{"@type":"WebSite","@id":"https:\/\/encompaniastj.org\/pt-pt\/#website","url":"https:\/\/encompaniastj.org\/pt-pt\/","name":"En Compa\u00f1\u00eda STJ","description":"Bolet\u00edn de la Compa\u00f1\u00eda de Santa Teresa de Jes\u00fas","publisher":{"@id":"https:\/\/encompaniastj.org\/pt-pt\/#organization"},"potentialAction":[{"@type":"SearchAction","target":{"@type":"EntryPoint","urlTemplate":"https:\/\/encompaniastj.org\/pt-pt\/?s={search_term_string}"},"query-input":{"@type":"PropertyValueSpecification","valueRequired":true,"valueName":"search_term_string"}}],"inLanguage":"pt-PT"},{"@type":"Organization","@id":"https:\/\/encompaniastj.org\/pt-pt\/#organization","name":"Compa\u00f1\u00eda de Santa Teresa de Jes\u00fas","url":"https:\/\/encompaniastj.org\/pt-pt\/","logo":{"@type":"ImageObject","inLanguage":"pt-PT","@id":"https:\/\/encompaniastj.org\/pt-pt\/#\/schema\/logo\/image\/","url":"https:\/\/encompaniastj.org\/wp-content\/uploads\/2025\/04\/logo_provincias02-1-3.png","contentUrl":"https:\/\/encompaniastj.org\/wp-content\/uploads\/2025\/04\/logo_provincias02-1-3.png","width":2368,"height":825,"caption":"Compa\u00f1\u00eda de Santa Teresa de Jes\u00fas"},"image":{"@id":"https:\/\/encompaniastj.org\/pt-pt\/#\/schema\/logo\/image\/"}},{"@type":"Person","@id":"https:\/\/encompaniastj.org\/pt-pt\/#\/schema\/person\/520e7ecc314793d40091993c2a02b651","name":"admin","image":{"@type":"ImageObject","inLanguage":"pt-PT","@id":"https:\/\/secure.gravatar.com\/avatar\/948b492cce32b586ac2db0eaa926ee87024f7afe218d73b397ea5ddfc5f43ea1?s=96&d=mm&r=g","url":"https:\/\/secure.gravatar.com\/avatar\/948b492cce32b586ac2db0eaa926ee87024f7afe218d73b397ea5ddfc5f43ea1?s=96&d=mm&r=g","contentUrl":"https:\/\/secure.gravatar.com\/avatar\/948b492cce32b586ac2db0eaa926ee87024f7afe218d73b397ea5ddfc5f43ea1?s=96&d=mm&r=g","caption":"admin"},"sameAs":["https:\/\/encompaniastj.org"],"url":"https:\/\/encompaniastj.org\/pt-pt\/author\/sjdigital\/"}]}},"_links":{"self":[{"href":"https:\/\/encompaniastj.org\/pt-pt\/wp-json\/wp\/v2\/posts\/13682","targetHints":{"allow":["GET"]}}],"collection":[{"href":"https:\/\/encompaniastj.org\/pt-pt\/wp-json\/wp\/v2\/posts"}],"about":[{"href":"https:\/\/encompaniastj.org\/pt-pt\/wp-json\/wp\/v2\/types\/post"}],"author":[{"embeddable":true,"href":"https:\/\/encompaniastj.org\/pt-pt\/wp-json\/wp\/v2\/users\/1"}],"replies":[{"embeddable":true,"href":"https:\/\/encompaniastj.org\/pt-pt\/wp-json\/wp\/v2\/comments?post=13682"}],"version-history":[{"count":3,"href":"https:\/\/encompaniastj.org\/pt-pt\/wp-json\/wp\/v2\/posts\/13682\/revisions"}],"predecessor-version":[{"id":13693,"href":"https:\/\/encompaniastj.org\/pt-pt\/wp-json\/wp\/v2\/posts\/13682\/revisions\/13693"}],"wp:featuredmedia":[{"embeddable":true,"href":"https:\/\/encompaniastj.org\/pt-pt\/wp-json\/wp\/v2\/media\/7580"}],"wp:attachment":[{"href":"https:\/\/encompaniastj.org\/pt-pt\/wp-json\/wp\/v2\/media?parent=13682"}],"wp:term":[{"taxonomy":"category","embeddable":true,"href":"https:\/\/encompaniastj.org\/pt-pt\/wp-json\/wp\/v2\/categories?post=13682"},{"taxonomy":"post_tag","embeddable":true,"href":"https:\/\/encompaniastj.org\/pt-pt\/wp-json\/wp\/v2\/tags?post=13682"}],"curies":[{"name":"wp","href":"https:\/\/api.w.org\/{rel}","templated":true}]}}