{"id":13666,"date":"2020-09-06T09:58:24","date_gmt":"2020-09-06T07:58:24","guid":{"rendered":"https:\/\/encompaniastj.org\/sr-eulalia-sagrista-freixas-6-de-setembro-de-2020-barcelona-casa-madre-residencia\/"},"modified":"2025-10-14T08:55:07","modified_gmt":"2025-10-14T06:55:07","slug":"sr-eulalia-sagrista-freixas-6-de-setembro-de-2020-barcelona-casa-madre-residencia","status":"publish","type":"post","link":"https:\/\/encompaniastj.org\/pt-pt\/sr-eulalia-sagrista-freixas-6-de-setembro-de-2020-barcelona-casa-madre-residencia\/","title":{"rendered":"Sr. Eul\u00e1lia Sagrist\u00e1 Freixas. 6 de setembro de 2020 (Barcelona - Casa Madre Residencia)"},"content":{"rendered":"\n<p>A Eul\u00e1lia foi sempre uma grande pessoa, n\u00e3o tanto pelo que\nfez, que foi muito, mas pelo que foi: uma mulher fiel, \ncheia de amor a Jesus e aos seus interesses e, por isso, totalmente dedicada\nao apostolado na Companhia. Boa cabe\u00e7a e bom cora\u00e7\u00e3o, diria o nosso Pai sobre ela\n. \nO seu bom car\u00e1cter e as suas qualidades humanas fizeram com que mantivesse uma rela\u00e7\u00e3o estreita com as Irm\u00e3s e com a sua fam\u00edlia, com a qual mantinha uma rela\u00e7\u00e3o estreita\ne com quem aconselhava frequentemente.<\/p>\n\n<p>Aos 98 anos de idade,\nera uma mulher franca, preocupada com o progresso da Igreja, da Sociedade e\ndo mundo. Amava a Sociedade e a Comunidade, preparava as reuni\u00f5es comunit\u00e1rias\ne a sua participa\u00e7\u00e3o aprofundava o di\u00e1logo.  <\/p>\n\n<p>\nRecordamos os detalhes mais importantes da sua hist\u00f3ria de vida: nasceu nas Filipinas,\nonde os seus pais viviam na altura por motivos de neg\u00f3cios, mas desde muito pequena\nviveu em Barcelona, no seio de uma grande fam\u00edlia crist\u00e3,\ne foi aluna do col\u00e9gio Teresianas de la Diagonal. Aos 24 anos entra para a Sociedade em\ne, depois de alguns anos como professora em Barcelona - Diagonal e\nSan Gervasio - \u00e9 destinada a Buenos Aires, como Secret\u00e1ria Provincial e\nSuperiora do Col\u00e9gio. A partir da\u00ed, funda a Col\u00f4mbia, na sua querida\nCol\u00f4mbia, em 1961, e \u00e9 a primeira\nsuperiora do Col\u00e9gio de Bogot\u00e1. \nEm 1969 foi eleita Conselheira Geral e teve de se mudar para Roma, onde assumiu tamb\u00e9m o servi\u00e7o de Superiora da\nCasa. Seis anos mais tarde, quando a Col\u00f4mbia j\u00e1 era uma Prov\u00edncia Cora\u00e7\u00e3o de Maria,\nfoi nomeada Provincial, at\u00e9 81, quando foi novamente reclamada em\nRoma, desta vez como Ec\u00f3noma Geral e Delegada das Casas dependentes do\nGoverno Geral. Em 1988 regressa a Barcelona, onde se encarrega da economia de\nda Editorial STJ e da Beatifica\u00e7\u00e3o de M. Mercedes Prat. Agradecemos a Deus por uma vida t\u00e3o fecunda\n.<\/p>\n","protected":false},"excerpt":{"rendered":"<p>A Eul\u00e1lia foi sempre uma grande pessoa, n\u00e3o tanto pelo que fez, que foi muito, mas pelo que foi: uma mulher fiel, cheia de amor a Jesus e aos seus [&hellip;]<\/p>\n","protected":false},"author":1,"featured_media":6658,"comment_status":"open","ping_status":"open","sticky":false,"template":"","format":"standard","meta":{"_acf_changed":false,"footnotes":""},"categories":[63],"tags":[],"class_list":["post-13666","post","type-post","status-publish","format-standard","has-post-thumbnail","hentry","category-fallecimientos"],"acf":[],"yoast_head":"<!-- This site is optimized with the Yoast SEO plugin v27.5 - https:\/\/yoast.com\/product\/yoast-seo-wordpress\/ -->\n<title>Sr. Eul\u00e1lia Sagrist\u00e1 Freixas. 6 de setembro de 2020 (Barcelona - Casa Madre Residencia) - En Compa\u00f1\u00eda STJ<\/title>\n<meta name=\"robots\" content=\"index, follow, max-snippet:-1, max-image-preview:large, max-video-preview:-1\" \/>\n<link rel=\"canonical\" href=\"https:\/\/encompaniastj.org\/pt-pt\/sr-eulalia-sagrista-freixas-6-de-setembro-de-2020-barcelona-casa-madre-residencia\/\" \/>\n<meta property=\"og:locale\" content=\"pt_PT\" \/>\n<meta property=\"og:type\" content=\"article\" \/>\n<meta property=\"og:title\" content=\"Sr. Eul\u00e1lia Sagrist\u00e1 Freixas. 6 de setembro de 2020 (Barcelona - Casa Madre Residencia) - En Compa\u00f1\u00eda STJ\" \/>\n<meta property=\"og:description\" content=\"A Eul\u00e1lia foi sempre uma grande pessoa, n\u00e3o tanto pelo que fez, que foi muito, mas pelo que foi: uma mulher fiel, cheia de amor a Jesus e aos seus [&hellip;]\" \/>\n<meta property=\"og:url\" content=\"https:\/\/encompaniastj.org\/pt-pt\/sr-eulalia-sagrista-freixas-6-de-setembro-de-2020-barcelona-casa-madre-residencia\/\" \/>\n<meta property=\"og:site_name\" content=\"En Compa\u00f1\u00eda STJ\" \/>\n<meta property=\"article:published_time\" content=\"2020-09-06T07:58:24+00:00\" \/>\n<meta property=\"article:modified_time\" content=\"2025-10-14T06:55:07+00:00\" \/>\n<meta property=\"og:image\" content=\"https:\/\/encompaniastj.org\/wp-content\/uploads\/2025\/05\/brote-palabras.jpg\" \/>\n\t<meta property=\"og:image:width\" content=\"1920\" \/>\n\t<meta property=\"og:image:height\" content=\"1080\" \/>\n\t<meta property=\"og:image:type\" content=\"image\/jpeg\" \/>\n<meta name=\"author\" content=\"admin\" \/>\n<meta name=\"twitter:card\" content=\"summary_large_image\" \/>\n<meta name=\"twitter:label1\" content=\"Escrito por\" \/>\n\t<meta name=\"twitter:data1\" content=\"admin\" \/>\n\t<meta name=\"twitter:label2\" content=\"Tempo estimado de leitura\" \/>\n\t<meta name=\"twitter:data2\" content=\"2 minutos\" \/>\n<script type=\"application\/ld+json\" class=\"yoast-schema-graph\">{\"@context\":\"https:\\\/\\\/schema.org\",\"@graph\":[{\"@type\":\"Article\",\"@id\":\"https:\\\/\\\/encompaniastj.org\\\/pt-pt\\\/sr-eulalia-sagrista-freixas-6-de-setembro-de-2020-barcelona-casa-madre-residencia\\\/#article\",\"isPartOf\":{\"@id\":\"https:\\\/\\\/encompaniastj.org\\\/pt-pt\\\/sr-eulalia-sagrista-freixas-6-de-setembro-de-2020-barcelona-casa-madre-residencia\\\/\"},\"author\":{\"name\":\"admin\",\"@id\":\"https:\\\/\\\/encompaniastj.org\\\/pt-pt\\\/#\\\/schema\\\/person\\\/520e7ecc314793d40091993c2a02b651\"},\"headline\":\"Sr. Eul\u00e1lia Sagrist\u00e1 Freixas. 6 de setembro de 2020 (Barcelona - Casa Madre Residencia)\",\"datePublished\":\"2020-09-06T07:58:24+00:00\",\"dateModified\":\"2025-10-14T06:55:07+00:00\",\"mainEntityOfPage\":{\"@id\":\"https:\\\/\\\/encompaniastj.org\\\/pt-pt\\\/sr-eulalia-sagrista-freixas-6-de-setembro-de-2020-barcelona-casa-madre-residencia\\\/\"},\"wordCount\":351,\"commentCount\":0,\"publisher\":{\"@id\":\"https:\\\/\\\/encompaniastj.org\\\/pt-pt\\\/#organization\"},\"image\":{\"@id\":\"https:\\\/\\\/encompaniastj.org\\\/pt-pt\\\/sr-eulalia-sagrista-freixas-6-de-setembro-de-2020-barcelona-casa-madre-residencia\\\/#primaryimage\"},\"thumbnailUrl\":\"https:\\\/\\\/encompaniastj.org\\\/wp-content\\\/uploads\\\/2025\\\/05\\\/brote-palabras.jpg\",\"articleSection\":[\"Fallecimientos\"],\"inLanguage\":\"pt-PT\",\"potentialAction\":[{\"@type\":\"CommentAction\",\"name\":\"Comment\",\"target\":[\"https:\\\/\\\/encompaniastj.org\\\/pt-pt\\\/sr-eulalia-sagrista-freixas-6-de-setembro-de-2020-barcelona-casa-madre-residencia\\\/#respond\"]}]},{\"@type\":\"WebPage\",\"@id\":\"https:\\\/\\\/encompaniastj.org\\\/pt-pt\\\/sr-eulalia-sagrista-freixas-6-de-setembro-de-2020-barcelona-casa-madre-residencia\\\/\",\"url\":\"https:\\\/\\\/encompaniastj.org\\\/pt-pt\\\/sr-eulalia-sagrista-freixas-6-de-setembro-de-2020-barcelona-casa-madre-residencia\\\/\",\"name\":\"Sr. Eul\u00e1lia Sagrist\u00e1 Freixas. 6 de setembro de 2020 (Barcelona - Casa Madre Residencia) - En Compa\u00f1\u00eda STJ\",\"isPartOf\":{\"@id\":\"https:\\\/\\\/encompaniastj.org\\\/pt-pt\\\/#website\"},\"primaryImageOfPage\":{\"@id\":\"https:\\\/\\\/encompaniastj.org\\\/pt-pt\\\/sr-eulalia-sagrista-freixas-6-de-setembro-de-2020-barcelona-casa-madre-residencia\\\/#primaryimage\"},\"image\":{\"@id\":\"https:\\\/\\\/encompaniastj.org\\\/pt-pt\\\/sr-eulalia-sagrista-freixas-6-de-setembro-de-2020-barcelona-casa-madre-residencia\\\/#primaryimage\"},\"thumbnailUrl\":\"https:\\\/\\\/encompaniastj.org\\\/wp-content\\\/uploads\\\/2025\\\/05\\\/brote-palabras.jpg\",\"datePublished\":\"2020-09-06T07:58:24+00:00\",\"dateModified\":\"2025-10-14T06:55:07+00:00\",\"breadcrumb\":{\"@id\":\"https:\\\/\\\/encompaniastj.org\\\/pt-pt\\\/sr-eulalia-sagrista-freixas-6-de-setembro-de-2020-barcelona-casa-madre-residencia\\\/#breadcrumb\"},\"inLanguage\":\"pt-PT\",\"potentialAction\":[{\"@type\":\"ReadAction\",\"target\":[\"https:\\\/\\\/encompaniastj.org\\\/pt-pt\\\/sr-eulalia-sagrista-freixas-6-de-setembro-de-2020-barcelona-casa-madre-residencia\\\/\"]}]},{\"@type\":\"ImageObject\",\"inLanguage\":\"pt-PT\",\"@id\":\"https:\\\/\\\/encompaniastj.org\\\/pt-pt\\\/sr-eulalia-sagrista-freixas-6-de-setembro-de-2020-barcelona-casa-madre-residencia\\\/#primaryimage\",\"url\":\"https:\\\/\\\/encompaniastj.org\\\/wp-content\\\/uploads\\\/2025\\\/05\\\/brote-palabras.jpg\",\"contentUrl\":\"https:\\\/\\\/encompaniastj.org\\\/wp-content\\\/uploads\\\/2025\\\/05\\\/brote-palabras.jpg\",\"width\":1920,\"height\":1080},{\"@type\":\"BreadcrumbList\",\"@id\":\"https:\\\/\\\/encompaniastj.org\\\/pt-pt\\\/sr-eulalia-sagrista-freixas-6-de-setembro-de-2020-barcelona-casa-madre-residencia\\\/#breadcrumb\",\"itemListElement\":[{\"@type\":\"ListItem\",\"position\":1,\"name\":\"Portada\",\"item\":\"https:\\\/\\\/encompaniastj.org\\\/pt-pt\\\/\"},{\"@type\":\"ListItem\",\"position\":2,\"name\":\"Sr. Eul\u00e1lia Sagrist\u00e1 Freixas. 6 de setembro de 2020 (Barcelona - Casa Madre Residencia)\"}]},{\"@type\":\"WebSite\",\"@id\":\"https:\\\/\\\/encompaniastj.org\\\/pt-pt\\\/#website\",\"url\":\"https:\\\/\\\/encompaniastj.org\\\/pt-pt\\\/\",\"name\":\"En Compa\u00f1\u00eda STJ\",\"description\":\"Bolet\u00edn de la Compa\u00f1\u00eda de Santa Teresa de Jes\u00fas\",\"publisher\":{\"@id\":\"https:\\\/\\\/encompaniastj.org\\\/pt-pt\\\/#organization\"},\"potentialAction\":[{\"@type\":\"SearchAction\",\"target\":{\"@type\":\"EntryPoint\",\"urlTemplate\":\"https:\\\/\\\/encompaniastj.org\\\/pt-pt\\\/?s={search_term_string}\"},\"query-input\":{\"@type\":\"PropertyValueSpecification\",\"valueRequired\":true,\"valueName\":\"search_term_string\"}}],\"inLanguage\":\"pt-PT\"},{\"@type\":\"Organization\",\"@id\":\"https:\\\/\\\/encompaniastj.org\\\/pt-pt\\\/#organization\",\"name\":\"Compa\u00f1\u00eda de Santa Teresa de Jes\u00fas\",\"url\":\"https:\\\/\\\/encompaniastj.org\\\/pt-pt\\\/\",\"logo\":{\"@type\":\"ImageObject\",\"inLanguage\":\"pt-PT\",\"@id\":\"https:\\\/\\\/encompaniastj.org\\\/pt-pt\\\/#\\\/schema\\\/logo\\\/image\\\/\",\"url\":\"https:\\\/\\\/encompaniastj.org\\\/wp-content\\\/uploads\\\/2025\\\/04\\\/logo_provincias02-1-3.png\",\"contentUrl\":\"https:\\\/\\\/encompaniastj.org\\\/wp-content\\\/uploads\\\/2025\\\/04\\\/logo_provincias02-1-3.png\",\"width\":2368,\"height\":825,\"caption\":\"Compa\u00f1\u00eda de Santa Teresa de Jes\u00fas\"},\"image\":{\"@id\":\"https:\\\/\\\/encompaniastj.org\\\/pt-pt\\\/#\\\/schema\\\/logo\\\/image\\\/\"}},{\"@type\":\"Person\",\"@id\":\"https:\\\/\\\/encompaniastj.org\\\/pt-pt\\\/#\\\/schema\\\/person\\\/520e7ecc314793d40091993c2a02b651\",\"name\":\"admin\",\"image\":{\"@type\":\"ImageObject\",\"inLanguage\":\"pt-PT\",\"@id\":\"https:\\\/\\\/secure.gravatar.com\\\/avatar\\\/948b492cce32b586ac2db0eaa926ee87024f7afe218d73b397ea5ddfc5f43ea1?s=96&d=mm&r=g\",\"url\":\"https:\\\/\\\/secure.gravatar.com\\\/avatar\\\/948b492cce32b586ac2db0eaa926ee87024f7afe218d73b397ea5ddfc5f43ea1?s=96&d=mm&r=g\",\"contentUrl\":\"https:\\\/\\\/secure.gravatar.com\\\/avatar\\\/948b492cce32b586ac2db0eaa926ee87024f7afe218d73b397ea5ddfc5f43ea1?s=96&d=mm&r=g\",\"caption\":\"admin\"},\"sameAs\":[\"https:\\\/\\\/encompaniastj.org\"],\"url\":\"https:\\\/\\\/encompaniastj.org\\\/pt-pt\\\/author\\\/sjdigital\\\/\"}]}<\/script>\n<!-- \/ Yoast SEO plugin. -->","yoast_head_json":{"title":"Sr. Eul\u00e1lia Sagrist\u00e1 Freixas. 6 de setembro de 2020 (Barcelona - Casa Madre Residencia) - En Compa\u00f1\u00eda STJ","robots":{"index":"index","follow":"follow","max-snippet":"max-snippet:-1","max-image-preview":"max-image-preview:large","max-video-preview":"max-video-preview:-1"},"canonical":"https:\/\/encompaniastj.org\/pt-pt\/sr-eulalia-sagrista-freixas-6-de-setembro-de-2020-barcelona-casa-madre-residencia\/","og_locale":"pt_PT","og_type":"article","og_title":"Sr. Eul\u00e1lia Sagrist\u00e1 Freixas. 6 de setembro de 2020 (Barcelona - Casa Madre Residencia) - En Compa\u00f1\u00eda STJ","og_description":"A Eul\u00e1lia foi sempre uma grande pessoa, n\u00e3o tanto pelo que fez, que foi muito, mas pelo que foi: uma mulher fiel, cheia de amor a Jesus e aos seus [&hellip;]","og_url":"https:\/\/encompaniastj.org\/pt-pt\/sr-eulalia-sagrista-freixas-6-de-setembro-de-2020-barcelona-casa-madre-residencia\/","og_site_name":"En Compa\u00f1\u00eda STJ","article_published_time":"2020-09-06T07:58:24+00:00","article_modified_time":"2025-10-14T06:55:07+00:00","og_image":[{"width":1920,"height":1080,"url":"https:\/\/encompaniastj.org\/wp-content\/uploads\/2025\/05\/brote-palabras.jpg","type":"image\/jpeg"}],"author":"admin","twitter_card":"summary_large_image","twitter_misc":{"Escrito por":"admin","Tempo estimado de leitura":"2 minutos"},"schema":{"@context":"https:\/\/schema.org","@graph":[{"@type":"Article","@id":"https:\/\/encompaniastj.org\/pt-pt\/sr-eulalia-sagrista-freixas-6-de-setembro-de-2020-barcelona-casa-madre-residencia\/#article","isPartOf":{"@id":"https:\/\/encompaniastj.org\/pt-pt\/sr-eulalia-sagrista-freixas-6-de-setembro-de-2020-barcelona-casa-madre-residencia\/"},"author":{"name":"admin","@id":"https:\/\/encompaniastj.org\/pt-pt\/#\/schema\/person\/520e7ecc314793d40091993c2a02b651"},"headline":"Sr. Eul\u00e1lia Sagrist\u00e1 Freixas. 6 de setembro de 2020 (Barcelona - Casa Madre Residencia)","datePublished":"2020-09-06T07:58:24+00:00","dateModified":"2025-10-14T06:55:07+00:00","mainEntityOfPage":{"@id":"https:\/\/encompaniastj.org\/pt-pt\/sr-eulalia-sagrista-freixas-6-de-setembro-de-2020-barcelona-casa-madre-residencia\/"},"wordCount":351,"commentCount":0,"publisher":{"@id":"https:\/\/encompaniastj.org\/pt-pt\/#organization"},"image":{"@id":"https:\/\/encompaniastj.org\/pt-pt\/sr-eulalia-sagrista-freixas-6-de-setembro-de-2020-barcelona-casa-madre-residencia\/#primaryimage"},"thumbnailUrl":"https:\/\/encompaniastj.org\/wp-content\/uploads\/2025\/05\/brote-palabras.jpg","articleSection":["Fallecimientos"],"inLanguage":"pt-PT","potentialAction":[{"@type":"CommentAction","name":"Comment","target":["https:\/\/encompaniastj.org\/pt-pt\/sr-eulalia-sagrista-freixas-6-de-setembro-de-2020-barcelona-casa-madre-residencia\/#respond"]}]},{"@type":"WebPage","@id":"https:\/\/encompaniastj.org\/pt-pt\/sr-eulalia-sagrista-freixas-6-de-setembro-de-2020-barcelona-casa-madre-residencia\/","url":"https:\/\/encompaniastj.org\/pt-pt\/sr-eulalia-sagrista-freixas-6-de-setembro-de-2020-barcelona-casa-madre-residencia\/","name":"Sr. Eul\u00e1lia Sagrist\u00e1 Freixas. 6 de setembro de 2020 (Barcelona - Casa Madre Residencia) - En Compa\u00f1\u00eda STJ","isPartOf":{"@id":"https:\/\/encompaniastj.org\/pt-pt\/#website"},"primaryImageOfPage":{"@id":"https:\/\/encompaniastj.org\/pt-pt\/sr-eulalia-sagrista-freixas-6-de-setembro-de-2020-barcelona-casa-madre-residencia\/#primaryimage"},"image":{"@id":"https:\/\/encompaniastj.org\/pt-pt\/sr-eulalia-sagrista-freixas-6-de-setembro-de-2020-barcelona-casa-madre-residencia\/#primaryimage"},"thumbnailUrl":"https:\/\/encompaniastj.org\/wp-content\/uploads\/2025\/05\/brote-palabras.jpg","datePublished":"2020-09-06T07:58:24+00:00","dateModified":"2025-10-14T06:55:07+00:00","breadcrumb":{"@id":"https:\/\/encompaniastj.org\/pt-pt\/sr-eulalia-sagrista-freixas-6-de-setembro-de-2020-barcelona-casa-madre-residencia\/#breadcrumb"},"inLanguage":"pt-PT","potentialAction":[{"@type":"ReadAction","target":["https:\/\/encompaniastj.org\/pt-pt\/sr-eulalia-sagrista-freixas-6-de-setembro-de-2020-barcelona-casa-madre-residencia\/"]}]},{"@type":"ImageObject","inLanguage":"pt-PT","@id":"https:\/\/encompaniastj.org\/pt-pt\/sr-eulalia-sagrista-freixas-6-de-setembro-de-2020-barcelona-casa-madre-residencia\/#primaryimage","url":"https:\/\/encompaniastj.org\/wp-content\/uploads\/2025\/05\/brote-palabras.jpg","contentUrl":"https:\/\/encompaniastj.org\/wp-content\/uploads\/2025\/05\/brote-palabras.jpg","width":1920,"height":1080},{"@type":"BreadcrumbList","@id":"https:\/\/encompaniastj.org\/pt-pt\/sr-eulalia-sagrista-freixas-6-de-setembro-de-2020-barcelona-casa-madre-residencia\/#breadcrumb","itemListElement":[{"@type":"ListItem","position":1,"name":"Portada","item":"https:\/\/encompaniastj.org\/pt-pt\/"},{"@type":"ListItem","position":2,"name":"Sr. Eul\u00e1lia Sagrist\u00e1 Freixas. 6 de setembro de 2020 (Barcelona - Casa Madre Residencia)"}]},{"@type":"WebSite","@id":"https:\/\/encompaniastj.org\/pt-pt\/#website","url":"https:\/\/encompaniastj.org\/pt-pt\/","name":"En Compa\u00f1\u00eda STJ","description":"Bolet\u00edn de la Compa\u00f1\u00eda de Santa Teresa de Jes\u00fas","publisher":{"@id":"https:\/\/encompaniastj.org\/pt-pt\/#organization"},"potentialAction":[{"@type":"SearchAction","target":{"@type":"EntryPoint","urlTemplate":"https:\/\/encompaniastj.org\/pt-pt\/?s={search_term_string}"},"query-input":{"@type":"PropertyValueSpecification","valueRequired":true,"valueName":"search_term_string"}}],"inLanguage":"pt-PT"},{"@type":"Organization","@id":"https:\/\/encompaniastj.org\/pt-pt\/#organization","name":"Compa\u00f1\u00eda de Santa Teresa de Jes\u00fas","url":"https:\/\/encompaniastj.org\/pt-pt\/","logo":{"@type":"ImageObject","inLanguage":"pt-PT","@id":"https:\/\/encompaniastj.org\/pt-pt\/#\/schema\/logo\/image\/","url":"https:\/\/encompaniastj.org\/wp-content\/uploads\/2025\/04\/logo_provincias02-1-3.png","contentUrl":"https:\/\/encompaniastj.org\/wp-content\/uploads\/2025\/04\/logo_provincias02-1-3.png","width":2368,"height":825,"caption":"Compa\u00f1\u00eda de Santa Teresa de Jes\u00fas"},"image":{"@id":"https:\/\/encompaniastj.org\/pt-pt\/#\/schema\/logo\/image\/"}},{"@type":"Person","@id":"https:\/\/encompaniastj.org\/pt-pt\/#\/schema\/person\/520e7ecc314793d40091993c2a02b651","name":"admin","image":{"@type":"ImageObject","inLanguage":"pt-PT","@id":"https:\/\/secure.gravatar.com\/avatar\/948b492cce32b586ac2db0eaa926ee87024f7afe218d73b397ea5ddfc5f43ea1?s=96&d=mm&r=g","url":"https:\/\/secure.gravatar.com\/avatar\/948b492cce32b586ac2db0eaa926ee87024f7afe218d73b397ea5ddfc5f43ea1?s=96&d=mm&r=g","contentUrl":"https:\/\/secure.gravatar.com\/avatar\/948b492cce32b586ac2db0eaa926ee87024f7afe218d73b397ea5ddfc5f43ea1?s=96&d=mm&r=g","caption":"admin"},"sameAs":["https:\/\/encompaniastj.org"],"url":"https:\/\/encompaniastj.org\/pt-pt\/author\/sjdigital\/"}]}},"_links":{"self":[{"href":"https:\/\/encompaniastj.org\/pt-pt\/wp-json\/wp\/v2\/posts\/13666","targetHints":{"allow":["GET"]}}],"collection":[{"href":"https:\/\/encompaniastj.org\/pt-pt\/wp-json\/wp\/v2\/posts"}],"about":[{"href":"https:\/\/encompaniastj.org\/pt-pt\/wp-json\/wp\/v2\/types\/post"}],"author":[{"embeddable":true,"href":"https:\/\/encompaniastj.org\/pt-pt\/wp-json\/wp\/v2\/users\/1"}],"replies":[{"embeddable":true,"href":"https:\/\/encompaniastj.org\/pt-pt\/wp-json\/wp\/v2\/comments?post=13666"}],"version-history":[{"count":3,"href":"https:\/\/encompaniastj.org\/pt-pt\/wp-json\/wp\/v2\/posts\/13666\/revisions"}],"predecessor-version":[{"id":13671,"href":"https:\/\/encompaniastj.org\/pt-pt\/wp-json\/wp\/v2\/posts\/13666\/revisions\/13671"}],"wp:featuredmedia":[{"embeddable":true,"href":"https:\/\/encompaniastj.org\/pt-pt\/wp-json\/wp\/v2\/media\/6658"}],"wp:attachment":[{"href":"https:\/\/encompaniastj.org\/pt-pt\/wp-json\/wp\/v2\/media?parent=13666"}],"wp:term":[{"taxonomy":"category","embeddable":true,"href":"https:\/\/encompaniastj.org\/pt-pt\/wp-json\/wp\/v2\/categories?post=13666"},{"taxonomy":"post_tag","embeddable":true,"href":"https:\/\/encompaniastj.org\/pt-pt\/wp-json\/wp\/v2\/tags?post=13666"}],"curies":[{"name":"wp","href":"https:\/\/api.w.org\/{rel}","templated":true}]}}