{"id":12767,"date":"2025-05-28T06:30:26","date_gmt":"2025-05-28T04:30:26","guid":{"rendered":"https:\/\/encompaniastj.org\/uma-visita-especial\/"},"modified":"2025-09-10T22:08:16","modified_gmt":"2025-09-10T20:08:16","slug":"uma-visita-especial","status":"publish","type":"post","link":"https:\/\/encompaniastj.org\/pt-pt\/uma-visita-especial\/","title":{"rendered":"Uma visita especial"},"content":{"rendered":"<p>No m\u00eas de maio, muitas aldeias olham para a Virgem com diferentes invoca\u00e7\u00f5es. Em Val\u00eancia, no segundo domingo de maio, celebra-se a Virgem dos Desamparados, <strong>Mare de D\u00e9u dels Desemparats<\/strong>. Diz-se que este ano a celebra\u00e7\u00e3o foi especial devido \u00e0 participa\u00e7\u00e3o das pessoas nos diferentes actos: missa para as crian\u00e7as, traslada\u00e7\u00e3o, prociss\u00e3o&#8230; presen\u00e7a na bas\u00edlica, beijos&#8230; Muitos continuam a sofrer e na sua presen\u00e7a sentem-se protegidos e apoiados.<\/p>\n<p>Temos o privil\u00e9gio de, na tarde de 20 de maio, a M\u00e3e Peregrina ter chegado \u00e0 nossa Comunidade por alguns dias. \u00c9 habitual que a Virgem visite as diferentes aldeias da Comunidade - este ano f\u00ea-lo especialmente \u00e0s que foram afectadas pelo Dana.<\/p>\n<p><img loading=\"lazy\" decoding=\"async\" class=\"aligncenter wp-image-15077 size-full\" src=\"https:\/\/encompaniastj.org\/wp-content\/uploads\/2025\/07\/Imagen1.png\" alt=\"\" width=\"602\" height=\"322\"><\/p>\n<p>Queremos partilhar esta experi\u00eancia, porque ter a Virgem em casa \u00e9 um dom, sentimos mais de perto a sua prote\u00e7\u00e3o e o seu abrigo. Permite-nos estar pessoalmente presentes a Ele com tantas necessidades e rezar em comunidade manifestando-lhe o nosso amor.<\/p>\n<p>&nbsp;<\/p>\n<p>Com esta estrofe do hino desejamos que Nossa Senhora sustente a nossa f\u00e9 e realidade unida a tantas pessoas que demonstram a sua devo\u00e7\u00e3o e necessidade.<\/p>\n<p style=\"text-align: left; padding-left: 160px;\"><strong>Em terras valencianas, a f\u00e9 por V\u00f3s n\u00e3o morre<\/strong><\/p>\n<p style=\"text-align: left; padding-left: 160px;\"><strong>i vostra Imatge Santa portem sempre en el cor.<\/strong><\/p>\n<p style=\"text-align: left; padding-left: 160px;\"><strong>Salve, Rainha do c\u00e9u e da terra;<\/strong><\/p>\n<p style=\"text-align: left; padding-left: 160px;\"><strong>Salve, Verge dels Desemparats;<\/strong><\/p>\n<p style=\"text-align: left; padding-left: 160px;\"><strong>Salve, sempre adorada Padroeira;<\/strong><\/p>\n<p style=\"text-align: left; padding-left: 160px;\"><strong>Salve, Mare dels bons valencianos.<\/strong><\/p>\n<p style=\"text-align: left;\">(Comunidade Torrent, Resid\u00eancia El Vedat. maio de 2025)<\/p>\n","protected":false},"excerpt":{"rendered":"<p>No m\u00eas de maio, muitas aldeias olham para a Virgem com diferentes invoca\u00e7\u00f5es. Em Val\u00eancia, no segundo domingo de maio, celebra-se a Virgem dos Desamparados, Mare de D\u00e9u dels Desemparats. [&hellip;]<\/p>\n","protected":false},"author":1,"featured_media":12765,"comment_status":"open","ping_status":"open","sticky":false,"template":"","format":"standard","meta":{"_acf_changed":false,"footnotes":""},"categories":[61,62],"tags":[],"class_list":["post-12767","post","type-post","status-publish","format-standard","has-post-thumbnail","hentry","category-noticias","category-otras"],"acf":[],"yoast_head":"<!-- This site is optimized with the Yoast SEO plugin v27.5 - https:\/\/yoast.com\/product\/yoast-seo-wordpress\/ -->\n<title>Uma visita especial - En Compa\u00f1\u00eda STJ<\/title>\n<meta name=\"robots\" content=\"index, follow, max-snippet:-1, max-image-preview:large, max-video-preview:-1\" \/>\n<link rel=\"canonical\" href=\"https:\/\/encompaniastj.org\/pt-pt\/uma-visita-especial\/\" \/>\n<meta property=\"og:locale\" content=\"pt_PT\" \/>\n<meta property=\"og:type\" content=\"article\" \/>\n<meta property=\"og:title\" content=\"Uma visita especial - En Compa\u00f1\u00eda STJ\" \/>\n<meta property=\"og:description\" content=\"No m\u00eas de maio, muitas aldeias olham para a Virgem com diferentes invoca\u00e7\u00f5es. Em Val\u00eancia, no segundo domingo de maio, celebra-se a Virgem dos Desamparados, Mare de D\u00e9u dels Desemparats. [&hellip;]\" \/>\n<meta property=\"og:url\" content=\"https:\/\/encompaniastj.org\/pt-pt\/uma-visita-especial\/\" \/>\n<meta property=\"og:site_name\" content=\"En Compa\u00f1\u00eda STJ\" \/>\n<meta property=\"article:published_time\" content=\"2025-05-28T04:30:26+00:00\" \/>\n<meta property=\"article:modified_time\" content=\"2025-09-10T20:08:16+00:00\" \/>\n<meta property=\"og:image\" content=\"https:\/\/encompaniastj.org\/wp-content\/uploads\/2025\/07\/imag2.png\" \/>\n\t<meta property=\"og:image:width\" content=\"602\" \/>\n\t<meta property=\"og:image:height\" content=\"244\" \/>\n\t<meta property=\"og:image:type\" content=\"image\/png\" \/>\n<meta name=\"author\" content=\"admin\" \/>\n<meta name=\"twitter:card\" content=\"summary_large_image\" \/>\n<meta name=\"twitter:label1\" content=\"Escrito por\" \/>\n\t<meta name=\"twitter:data1\" content=\"admin\" \/>\n\t<meta name=\"twitter:label2\" content=\"Tempo estimado de leitura\" \/>\n\t<meta name=\"twitter:data2\" content=\"2 minutos\" \/>\n<script type=\"application\/ld+json\" class=\"yoast-schema-graph\">{\"@context\":\"https:\\\/\\\/schema.org\",\"@graph\":[{\"@type\":\"Article\",\"@id\":\"https:\\\/\\\/encompaniastj.org\\\/pt-pt\\\/uma-visita-especial\\\/#article\",\"isPartOf\":{\"@id\":\"https:\\\/\\\/encompaniastj.org\\\/pt-pt\\\/uma-visita-especial\\\/\"},\"author\":{\"name\":\"admin\",\"@id\":\"https:\\\/\\\/encompaniastj.org\\\/pt-pt\\\/#\\\/schema\\\/person\\\/520e7ecc314793d40091993c2a02b651\"},\"headline\":\"Uma visita especial\",\"datePublished\":\"2025-05-28T04:30:26+00:00\",\"dateModified\":\"2025-09-10T20:08:16+00:00\",\"mainEntityOfPage\":{\"@id\":\"https:\\\/\\\/encompaniastj.org\\\/pt-pt\\\/uma-visita-especial\\\/\"},\"wordCount\":244,\"commentCount\":0,\"publisher\":{\"@id\":\"https:\\\/\\\/encompaniastj.org\\\/pt-pt\\\/#organization\"},\"image\":{\"@id\":\"https:\\\/\\\/encompaniastj.org\\\/pt-pt\\\/uma-visita-especial\\\/#primaryimage\"},\"thumbnailUrl\":\"https:\\\/\\\/encompaniastj.org\\\/wp-content\\\/uploads\\\/2025\\\/07\\\/imag2.png\",\"articleSection\":[\"Noticias\",\"Otras\"],\"inLanguage\":\"pt-PT\",\"potentialAction\":[{\"@type\":\"CommentAction\",\"name\":\"Comment\",\"target\":[\"https:\\\/\\\/encompaniastj.org\\\/pt-pt\\\/uma-visita-especial\\\/#respond\"]}]},{\"@type\":\"WebPage\",\"@id\":\"https:\\\/\\\/encompaniastj.org\\\/pt-pt\\\/uma-visita-especial\\\/\",\"url\":\"https:\\\/\\\/encompaniastj.org\\\/pt-pt\\\/uma-visita-especial\\\/\",\"name\":\"Uma visita especial - En Compa\u00f1\u00eda STJ\",\"isPartOf\":{\"@id\":\"https:\\\/\\\/encompaniastj.org\\\/pt-pt\\\/#website\"},\"primaryImageOfPage\":{\"@id\":\"https:\\\/\\\/encompaniastj.org\\\/pt-pt\\\/uma-visita-especial\\\/#primaryimage\"},\"image\":{\"@id\":\"https:\\\/\\\/encompaniastj.org\\\/pt-pt\\\/uma-visita-especial\\\/#primaryimage\"},\"thumbnailUrl\":\"https:\\\/\\\/encompaniastj.org\\\/wp-content\\\/uploads\\\/2025\\\/07\\\/imag2.png\",\"datePublished\":\"2025-05-28T04:30:26+00:00\",\"dateModified\":\"2025-09-10T20:08:16+00:00\",\"breadcrumb\":{\"@id\":\"https:\\\/\\\/encompaniastj.org\\\/pt-pt\\\/uma-visita-especial\\\/#breadcrumb\"},\"inLanguage\":\"pt-PT\",\"potentialAction\":[{\"@type\":\"ReadAction\",\"target\":[\"https:\\\/\\\/encompaniastj.org\\\/pt-pt\\\/uma-visita-especial\\\/\"]}]},{\"@type\":\"ImageObject\",\"inLanguage\":\"pt-PT\",\"@id\":\"https:\\\/\\\/encompaniastj.org\\\/pt-pt\\\/uma-visita-especial\\\/#primaryimage\",\"url\":\"https:\\\/\\\/encompaniastj.org\\\/wp-content\\\/uploads\\\/2025\\\/07\\\/imag2.png\",\"contentUrl\":\"https:\\\/\\\/encompaniastj.org\\\/wp-content\\\/uploads\\\/2025\\\/07\\\/imag2.png\",\"width\":602,\"height\":244},{\"@type\":\"BreadcrumbList\",\"@id\":\"https:\\\/\\\/encompaniastj.org\\\/pt-pt\\\/uma-visita-especial\\\/#breadcrumb\",\"itemListElement\":[{\"@type\":\"ListItem\",\"position\":1,\"name\":\"Portada\",\"item\":\"https:\\\/\\\/encompaniastj.org\\\/pt-pt\\\/\"},{\"@type\":\"ListItem\",\"position\":2,\"name\":\"Uma visita especial\"}]},{\"@type\":\"WebSite\",\"@id\":\"https:\\\/\\\/encompaniastj.org\\\/pt-pt\\\/#website\",\"url\":\"https:\\\/\\\/encompaniastj.org\\\/pt-pt\\\/\",\"name\":\"En Compa\u00f1\u00eda STJ\",\"description\":\"Bolet\u00edn de la Compa\u00f1\u00eda de Santa Teresa de Jes\u00fas\",\"publisher\":{\"@id\":\"https:\\\/\\\/encompaniastj.org\\\/pt-pt\\\/#organization\"},\"potentialAction\":[{\"@type\":\"SearchAction\",\"target\":{\"@type\":\"EntryPoint\",\"urlTemplate\":\"https:\\\/\\\/encompaniastj.org\\\/pt-pt\\\/?s={search_term_string}\"},\"query-input\":{\"@type\":\"PropertyValueSpecification\",\"valueRequired\":true,\"valueName\":\"search_term_string\"}}],\"inLanguage\":\"pt-PT\"},{\"@type\":\"Organization\",\"@id\":\"https:\\\/\\\/encompaniastj.org\\\/pt-pt\\\/#organization\",\"name\":\"Compa\u00f1\u00eda de Santa Teresa de Jes\u00fas\",\"url\":\"https:\\\/\\\/encompaniastj.org\\\/pt-pt\\\/\",\"logo\":{\"@type\":\"ImageObject\",\"inLanguage\":\"pt-PT\",\"@id\":\"https:\\\/\\\/encompaniastj.org\\\/pt-pt\\\/#\\\/schema\\\/logo\\\/image\\\/\",\"url\":\"https:\\\/\\\/encompaniastj.org\\\/wp-content\\\/uploads\\\/2025\\\/04\\\/logo_provincias02-1-3.png\",\"contentUrl\":\"https:\\\/\\\/encompaniastj.org\\\/wp-content\\\/uploads\\\/2025\\\/04\\\/logo_provincias02-1-3.png\",\"width\":2368,\"height\":825,\"caption\":\"Compa\u00f1\u00eda de Santa Teresa de Jes\u00fas\"},\"image\":{\"@id\":\"https:\\\/\\\/encompaniastj.org\\\/pt-pt\\\/#\\\/schema\\\/logo\\\/image\\\/\"}},{\"@type\":\"Person\",\"@id\":\"https:\\\/\\\/encompaniastj.org\\\/pt-pt\\\/#\\\/schema\\\/person\\\/520e7ecc314793d40091993c2a02b651\",\"name\":\"admin\",\"image\":{\"@type\":\"ImageObject\",\"inLanguage\":\"pt-PT\",\"@id\":\"https:\\\/\\\/secure.gravatar.com\\\/avatar\\\/948b492cce32b586ac2db0eaa926ee87024f7afe218d73b397ea5ddfc5f43ea1?s=96&d=mm&r=g\",\"url\":\"https:\\\/\\\/secure.gravatar.com\\\/avatar\\\/948b492cce32b586ac2db0eaa926ee87024f7afe218d73b397ea5ddfc5f43ea1?s=96&d=mm&r=g\",\"contentUrl\":\"https:\\\/\\\/secure.gravatar.com\\\/avatar\\\/948b492cce32b586ac2db0eaa926ee87024f7afe218d73b397ea5ddfc5f43ea1?s=96&d=mm&r=g\",\"caption\":\"admin\"},\"sameAs\":[\"https:\\\/\\\/encompaniastj.org\"],\"url\":\"https:\\\/\\\/encompaniastj.org\\\/pt-pt\\\/author\\\/sjdigital\\\/\"}]}<\/script>\n<!-- \/ Yoast SEO plugin. -->","yoast_head_json":{"title":"Uma visita especial - En Compa\u00f1\u00eda STJ","robots":{"index":"index","follow":"follow","max-snippet":"max-snippet:-1","max-image-preview":"max-image-preview:large","max-video-preview":"max-video-preview:-1"},"canonical":"https:\/\/encompaniastj.org\/pt-pt\/uma-visita-especial\/","og_locale":"pt_PT","og_type":"article","og_title":"Uma visita especial - En Compa\u00f1\u00eda STJ","og_description":"No m\u00eas de maio, muitas aldeias olham para a Virgem com diferentes invoca\u00e7\u00f5es. Em Val\u00eancia, no segundo domingo de maio, celebra-se a Virgem dos Desamparados, Mare de D\u00e9u dels Desemparats. [&hellip;]","og_url":"https:\/\/encompaniastj.org\/pt-pt\/uma-visita-especial\/","og_site_name":"En Compa\u00f1\u00eda STJ","article_published_time":"2025-05-28T04:30:26+00:00","article_modified_time":"2025-09-10T20:08:16+00:00","og_image":[{"width":602,"height":244,"url":"https:\/\/encompaniastj.org\/wp-content\/uploads\/2025\/07\/imag2.png","type":"image\/png"}],"author":"admin","twitter_card":"summary_large_image","twitter_misc":{"Escrito por":"admin","Tempo estimado de leitura":"2 minutos"},"schema":{"@context":"https:\/\/schema.org","@graph":[{"@type":"Article","@id":"https:\/\/encompaniastj.org\/pt-pt\/uma-visita-especial\/#article","isPartOf":{"@id":"https:\/\/encompaniastj.org\/pt-pt\/uma-visita-especial\/"},"author":{"name":"admin","@id":"https:\/\/encompaniastj.org\/pt-pt\/#\/schema\/person\/520e7ecc314793d40091993c2a02b651"},"headline":"Uma visita especial","datePublished":"2025-05-28T04:30:26+00:00","dateModified":"2025-09-10T20:08:16+00:00","mainEntityOfPage":{"@id":"https:\/\/encompaniastj.org\/pt-pt\/uma-visita-especial\/"},"wordCount":244,"commentCount":0,"publisher":{"@id":"https:\/\/encompaniastj.org\/pt-pt\/#organization"},"image":{"@id":"https:\/\/encompaniastj.org\/pt-pt\/uma-visita-especial\/#primaryimage"},"thumbnailUrl":"https:\/\/encompaniastj.org\/wp-content\/uploads\/2025\/07\/imag2.png","articleSection":["Noticias","Otras"],"inLanguage":"pt-PT","potentialAction":[{"@type":"CommentAction","name":"Comment","target":["https:\/\/encompaniastj.org\/pt-pt\/uma-visita-especial\/#respond"]}]},{"@type":"WebPage","@id":"https:\/\/encompaniastj.org\/pt-pt\/uma-visita-especial\/","url":"https:\/\/encompaniastj.org\/pt-pt\/uma-visita-especial\/","name":"Uma visita especial - En Compa\u00f1\u00eda STJ","isPartOf":{"@id":"https:\/\/encompaniastj.org\/pt-pt\/#website"},"primaryImageOfPage":{"@id":"https:\/\/encompaniastj.org\/pt-pt\/uma-visita-especial\/#primaryimage"},"image":{"@id":"https:\/\/encompaniastj.org\/pt-pt\/uma-visita-especial\/#primaryimage"},"thumbnailUrl":"https:\/\/encompaniastj.org\/wp-content\/uploads\/2025\/07\/imag2.png","datePublished":"2025-05-28T04:30:26+00:00","dateModified":"2025-09-10T20:08:16+00:00","breadcrumb":{"@id":"https:\/\/encompaniastj.org\/pt-pt\/uma-visita-especial\/#breadcrumb"},"inLanguage":"pt-PT","potentialAction":[{"@type":"ReadAction","target":["https:\/\/encompaniastj.org\/pt-pt\/uma-visita-especial\/"]}]},{"@type":"ImageObject","inLanguage":"pt-PT","@id":"https:\/\/encompaniastj.org\/pt-pt\/uma-visita-especial\/#primaryimage","url":"https:\/\/encompaniastj.org\/wp-content\/uploads\/2025\/07\/imag2.png","contentUrl":"https:\/\/encompaniastj.org\/wp-content\/uploads\/2025\/07\/imag2.png","width":602,"height":244},{"@type":"BreadcrumbList","@id":"https:\/\/encompaniastj.org\/pt-pt\/uma-visita-especial\/#breadcrumb","itemListElement":[{"@type":"ListItem","position":1,"name":"Portada","item":"https:\/\/encompaniastj.org\/pt-pt\/"},{"@type":"ListItem","position":2,"name":"Uma visita especial"}]},{"@type":"WebSite","@id":"https:\/\/encompaniastj.org\/pt-pt\/#website","url":"https:\/\/encompaniastj.org\/pt-pt\/","name":"En Compa\u00f1\u00eda STJ","description":"Bolet\u00edn de la Compa\u00f1\u00eda de Santa Teresa de Jes\u00fas","publisher":{"@id":"https:\/\/encompaniastj.org\/pt-pt\/#organization"},"potentialAction":[{"@type":"SearchAction","target":{"@type":"EntryPoint","urlTemplate":"https:\/\/encompaniastj.org\/pt-pt\/?s={search_term_string}"},"query-input":{"@type":"PropertyValueSpecification","valueRequired":true,"valueName":"search_term_string"}}],"inLanguage":"pt-PT"},{"@type":"Organization","@id":"https:\/\/encompaniastj.org\/pt-pt\/#organization","name":"Compa\u00f1\u00eda de Santa Teresa de Jes\u00fas","url":"https:\/\/encompaniastj.org\/pt-pt\/","logo":{"@type":"ImageObject","inLanguage":"pt-PT","@id":"https:\/\/encompaniastj.org\/pt-pt\/#\/schema\/logo\/image\/","url":"https:\/\/encompaniastj.org\/wp-content\/uploads\/2025\/04\/logo_provincias02-1-3.png","contentUrl":"https:\/\/encompaniastj.org\/wp-content\/uploads\/2025\/04\/logo_provincias02-1-3.png","width":2368,"height":825,"caption":"Compa\u00f1\u00eda de Santa Teresa de Jes\u00fas"},"image":{"@id":"https:\/\/encompaniastj.org\/pt-pt\/#\/schema\/logo\/image\/"}},{"@type":"Person","@id":"https:\/\/encompaniastj.org\/pt-pt\/#\/schema\/person\/520e7ecc314793d40091993c2a02b651","name":"admin","image":{"@type":"ImageObject","inLanguage":"pt-PT","@id":"https:\/\/secure.gravatar.com\/avatar\/948b492cce32b586ac2db0eaa926ee87024f7afe218d73b397ea5ddfc5f43ea1?s=96&d=mm&r=g","url":"https:\/\/secure.gravatar.com\/avatar\/948b492cce32b586ac2db0eaa926ee87024f7afe218d73b397ea5ddfc5f43ea1?s=96&d=mm&r=g","contentUrl":"https:\/\/secure.gravatar.com\/avatar\/948b492cce32b586ac2db0eaa926ee87024f7afe218d73b397ea5ddfc5f43ea1?s=96&d=mm&r=g","caption":"admin"},"sameAs":["https:\/\/encompaniastj.org"],"url":"https:\/\/encompaniastj.org\/pt-pt\/author\/sjdigital\/"}]}},"_links":{"self":[{"href":"https:\/\/encompaniastj.org\/pt-pt\/wp-json\/wp\/v2\/posts\/12767","targetHints":{"allow":["GET"]}}],"collection":[{"href":"https:\/\/encompaniastj.org\/pt-pt\/wp-json\/wp\/v2\/posts"}],"about":[{"href":"https:\/\/encompaniastj.org\/pt-pt\/wp-json\/wp\/v2\/types\/post"}],"author":[{"embeddable":true,"href":"https:\/\/encompaniastj.org\/pt-pt\/wp-json\/wp\/v2\/users\/1"}],"replies":[{"embeddable":true,"href":"https:\/\/encompaniastj.org\/pt-pt\/wp-json\/wp\/v2\/comments?post=12767"}],"version-history":[{"count":2,"href":"https:\/\/encompaniastj.org\/pt-pt\/wp-json\/wp\/v2\/posts\/12767\/revisions"}],"predecessor-version":[{"id":12785,"href":"https:\/\/encompaniastj.org\/pt-pt\/wp-json\/wp\/v2\/posts\/12767\/revisions\/12785"}],"wp:featuredmedia":[{"embeddable":true,"href":"https:\/\/encompaniastj.org\/pt-pt\/wp-json\/wp\/v2\/media\/12765"}],"wp:attachment":[{"href":"https:\/\/encompaniastj.org\/pt-pt\/wp-json\/wp\/v2\/media?parent=12767"}],"wp:term":[{"taxonomy":"category","embeddable":true,"href":"https:\/\/encompaniastj.org\/pt-pt\/wp-json\/wp\/v2\/categories?post=12767"},{"taxonomy":"post_tag","embeddable":true,"href":"https:\/\/encompaniastj.org\/pt-pt\/wp-json\/wp\/v2\/tags?post=12767"}],"curies":[{"name":"wp","href":"https:\/\/api.w.org\/{rel}","templated":true}]}}