{"id":12691,"date":"2025-04-24T08:56:34","date_gmt":"2025-04-24T06:56:34","guid":{"rendered":"https:\/\/encompaniastj.org\/um-grupo-de-alunas-do-a-que-terminou-o-ano-de-1993-regressou-a-nossa-querida-e-recordada-escola-de-salamanca\/"},"modified":"2025-07-07T16:27:23","modified_gmt":"2025-07-07T14:27:23","slug":"um-grupo-de-alunas-do-a-que-terminou-o-ano-de-1993-regressou-a-nossa-querida-e-recordada-escola-de-salamanca","status":"publish","type":"post","link":"https:\/\/encompaniastj.org\/pt-pt\/um-grupo-de-alunas-do-a-que-terminou-o-ano-de-1993-regressou-a-nossa-querida-e-recordada-escola-de-salamanca\/","title":{"rendered":"Um grupo de alunas do a. que terminou o ano de 1993 regressou \u00e0 nossa querida e recordada escola de Salamanca"},"content":{"rendered":"<p><strong>S\u00c1BADO, 12 DE ABRIL DE 2025. UM GRUPO DE ALUNAS DO A. QUE TERMINOU O ANO DE 1993 REGRESSOU \u00c0 NOSSA QUERIDA E RECORDADA ESCOLA DE SALAMANCA.<\/strong><\/p>\n<p>A comiss\u00e3o organizadora demorou algum tempo a entrar em contacto com quase todas elas, mas conseguimos. Lamentamos que alguns, devido a compromissos profissionais ou a outras situa\u00e7\u00f5es, como viver fora de Espanha, n\u00e3o tenham podido estar presentes.<\/p>\n<p>O encontro foi muito agrad\u00e1vel, \u00edntimo e emotivo. A primeira e longa paragem foi na meta, havia muito para partilhar. Algumas de n\u00f3s n\u00e3o nos v\u00edamos desde que sa\u00edmos do col\u00e9gio, e a passagem do tempo deixou a sua marca em cada uma de n\u00f3s&#8230; Este momento pedia o seu tempo.<\/p>\n<p>Que alegria e felicidade reencontrarmo-nos no col\u00e9gio, que durante tantos anos foi a nossa segunda casa e que sentimos que continua a s\u00ea-lo, pelo acolhimento e pelo carinho que recebemos das irm\u00e3s e dos professores que nos acolheram e quiseram acompanhar-nos e partilhar connosco esta manh\u00e3.<\/p>\n<p>Ap\u00f3s o reencontro, fomos \u00e0 capela para viver O MOMENTO CENTRAL DO ENCONTRO, uma A\u00c7\u00c3O DE GRA\u00c7AS, uma preciosa a\u00e7\u00e3o de gra\u00e7as, que foi preparada por duas ex-alunas do grupo e que transcrevo:<\/p>\n<p><em>Querido Deus, neste ano t\u00e3o especial para n\u00f3s, reunimo-nos na escola que nos viu crescer para vos agradecer de todo o cora\u00e7\u00e3o. Agradecemos a oportunidade de nos encontrarmos aqui hoje, depois de tantos anos, para partilhar mem\u00f3rias, sorrisos e abra\u00e7os. Este momento \u00e9 muito especial para todos n\u00f3s e valorizamo-lo profundamente. Rezamos pelos nossos companheiros que n\u00e3o puderam vir, mas sabemos que nos acompanham com o seu esp\u00edrito. Aben\u00e7oai e enchei cada um deles de sa\u00fade e de felicidade.<\/em><\/p>\n<p><em>\u00a0\u00a0\u00a0\u00a0\u00a0\u00a0\u00a0\u00a0\u00a0\u00a0\u00a0\u00a0\u00a0\u00a0 Hoje, ao olharmos para tr\u00e1s, reconhecemos a sorte que tivemos em fazer parte desta grande comunidade, hoje Fam\u00edlia Teresiana. Obrigada, Senhor, por nos terdes aben\u00e7oado com o dom de fazer parte das Irm\u00e3s Teresianas de Salamanca. <\/em><\/p>\n<p><em>Sabemos que tudo come\u00e7ou com Enrique de Oss\u00f3 que quis que tiv\u00e9ssemos como modelo e mestra Teresa de Jesus, que com a sua vida e o seu profundo amor por Ti, nos ensinou a viver com paix\u00e3o a verdade, o servi\u00e7o e a caridade. Obrigado, Senhor, pelo testemunho da sua vida, da sua for\u00e7a e da sua f\u00e9, que continua a ser uma luz para as nossas vidas.<\/em><\/p>\n<p><em>Senhor, obrigado pelo Padre Enrique de Oss\u00f3, fundador da Teresiana, cuja vis\u00e3o, prepara\u00e7\u00e3o e dedica\u00e7\u00e3o nos permitiram receber uma educa\u00e7\u00e3o que n\u00e3o s\u00f3 formou a nossa mente, mas tamb\u00e9m o nosso esp\u00edrito. O seu legado continua vivo em cada um de n\u00f3s, no amor pelo ensino e na dedica\u00e7\u00e3o aos outros.<\/em><\/p>\n<p><em>\u00a0\u00a0\u00a0\u00a0\u00a0\u00a0\u00a0\u00a0\u00a0\u00a0\u00a0\u00a0\u00a0\u00a0 <\/em><em>E, claro, obrigado Senhor pela d\u00e1diva dos nossos pais, que com o seu amor <\/em><\/p>\n<p><em>e sacrif\u00edcio nos apoiaram na nossa educa\u00e7\u00e3o, dando import\u00e2ncia \u00e0 f\u00e9 e aos princ\u00edpios crist\u00e3os. Eles, juntamente com a Fam\u00edlia Teresiana, permitiram-nos viver hoje com responsabilidade, generosidade e esperan\u00e7a e que o que nos foi incutido perdure.<\/em><\/p>\n<p><em>\u00a0\u00a0\u00a0\u00a0\u00a0\u00a0\u00a0\u00a0\u00a0\u00a0\u00a0\u00a0\u00a0\u00a0 Pedimos-te, Senhor, que continues a aben\u00e7oar o nosso querido col\u00e9gio, os nossos educadores, as nossas fam\u00edlias e todos n\u00f3s, para que possamos continuar a transmitir os valores que eles nos incutiram e ser uma luz e ajuda para os outros.<\/em><\/p>\n<p><strong>A AC\u00c7\u00c3O DE GRA\u00c7AS TERMINOU COM UMA OFERTA FLORAL, CADA UMA COLOCOU A SUA FLOR AO P\u00c9 DO ALTAR OU JUNTO DE SANTO HENRIQUE.<\/strong><\/p>\n<p>Depois deste moment iniciou-se a visita guiada \u00e0 escola: salas de aula, corredores, sala de conv\u00edvio, p\u00e1tios, gin\u00e1sio&#8230; nenhum canto da escola ficou por visitar&#8230; Apreci\u00e1mos muito todas as \u201ccoisas novas\u201d que t\u00eam sido feitas na escola para inovar e adaptar-se aos novos desafios educativos&#8230;<\/p>\n<p>Depois das duas da tarde deixaram a escola, sa\u00edram felizes, contentes e muito agradecidas por tudo o que tinham vivido, muitas disseram que temos de repetir outros encontros&#8230; Esperamos que assim seja. (M\u00aa Cruz S\u00e1nchez, stj)<\/p>\n<p>&nbsp;<\/p>\n<p><img loading=\"lazy\" decoding=\"async\" class=\"aligncenter wp-image-14909 size-full\" src=\"https:\/\/encompaniastj.org\/wp-content\/uploads\/2025\/05\/c1-15.png\" alt=\"\" width=\"800\" height=\"800\" \/><\/p>\n<p><img loading=\"lazy\" decoding=\"async\" class=\"aligncenter wp-image-14905 size-large\" src=\"https:\/\/encompaniastj.org\/wp-content\/uploads\/2025\/05\/5-9.jpg\" alt=\"\" width=\"1024\" height=\"766\" \/><\/p>\n","protected":false},"excerpt":{"rendered":"<p>S\u00c1BADO, 12 DE ABRIL DE 2025. UM GRUPO DE ALUNAS DO A. QUE TERMINOU O ANO DE 1993 REGRESSOU \u00c0 NOSSA QUERIDA E RECORDADA ESCOLA DE SALAMANCA. A comiss\u00e3o organizadora [&hellip;]<\/p>\n","protected":false},"author":1,"featured_media":9073,"comment_status":"open","ping_status":"open","sticky":false,"template":"","format":"standard","meta":{"_acf_changed":false,"footnotes":""},"categories":[79,81],"tags":[],"class_list":["post-12691","post","type-post","status-publish","format-standard","has-post-thumbnail","hentry","category-stj","category-stj-pt"],"acf":[],"yoast_head":"<!-- This site is optimized with the Yoast SEO plugin v27.5 - https:\/\/yoast.com\/product\/yoast-seo-wordpress\/ -->\n<title>Um grupo de alunas do a. que terminou o ano de 1993 regressou \u00e0 nossa querida e recordada escola de Salamanca - En Compa\u00f1\u00eda STJ<\/title>\n<meta name=\"robots\" content=\"index, follow, max-snippet:-1, max-image-preview:large, max-video-preview:-1\" \/>\n<link rel=\"canonical\" href=\"https:\/\/encompaniastj.org\/pt-pt\/um-grupo-de-alunas-do-a-que-terminou-o-ano-de-1993-regressou-a-nossa-querida-e-recordada-escola-de-salamanca\/\" \/>\n<meta property=\"og:locale\" content=\"pt_PT\" \/>\n<meta property=\"og:type\" content=\"article\" \/>\n<meta property=\"og:title\" content=\"Um grupo de alunas do a. que terminou o ano de 1993 regressou \u00e0 nossa querida e recordada escola de Salamanca - En Compa\u00f1\u00eda STJ\" \/>\n<meta property=\"og:description\" content=\"S\u00c1BADO, 12 DE ABRIL DE 2025. UM GRUPO DE ALUNAS DO A. QUE TERMINOU O ANO DE 1993 REGRESSOU \u00c0 NOSSA QUERIDA E RECORDADA ESCOLA DE SALAMANCA. A comiss\u00e3o organizadora [&hellip;]\" \/>\n<meta property=\"og:url\" content=\"https:\/\/encompaniastj.org\/pt-pt\/um-grupo-de-alunas-do-a-que-terminou-o-ano-de-1993-regressou-a-nossa-querida-e-recordada-escola-de-salamanca\/\" \/>\n<meta property=\"og:site_name\" content=\"En Compa\u00f1\u00eda STJ\" \/>\n<meta property=\"article:published_time\" content=\"2025-04-24T06:56:34+00:00\" \/>\n<meta property=\"article:modified_time\" content=\"2025-07-07T14:27:23+00:00\" \/>\n<meta property=\"og:image\" content=\"https:\/\/encompaniastj.org\/wp-content\/uploads\/2025\/05\/6-3.jpg\" \/>\n\t<meta property=\"og:image:width\" content=\"2000\" \/>\n\t<meta property=\"og:image:height\" content=\"1496\" \/>\n\t<meta property=\"og:image:type\" content=\"image\/jpeg\" \/>\n<meta name=\"author\" content=\"admin\" \/>\n<meta name=\"twitter:card\" content=\"summary_large_image\" \/>\n<meta name=\"twitter:label1\" content=\"Escrito por\" \/>\n\t<meta name=\"twitter:data1\" content=\"admin\" \/>\n\t<meta name=\"twitter:label2\" content=\"Tempo estimado de leitura\" \/>\n\t<meta name=\"twitter:data2\" content=\"4 minutos\" \/>\n<script type=\"application\/ld+json\" class=\"yoast-schema-graph\">{\"@context\":\"https:\\\/\\\/schema.org\",\"@graph\":[{\"@type\":\"Article\",\"@id\":\"https:\\\/\\\/encompaniastj.org\\\/pt-pt\\\/um-grupo-de-alunas-do-a-que-terminou-o-ano-de-1993-regressou-a-nossa-querida-e-recordada-escola-de-salamanca\\\/#article\",\"isPartOf\":{\"@id\":\"https:\\\/\\\/encompaniastj.org\\\/pt-pt\\\/um-grupo-de-alunas-do-a-que-terminou-o-ano-de-1993-regressou-a-nossa-querida-e-recordada-escola-de-salamanca\\\/\"},\"author\":{\"name\":\"admin\",\"@id\":\"https:\\\/\\\/encompaniastj.org\\\/pt-pt\\\/#\\\/schema\\\/person\\\/520e7ecc314793d40091993c2a02b651\"},\"headline\":\"Um grupo de alunas do a. que terminou o ano de 1993 regressou \u00e0 nossa querida e recordada escola de Salamanca\",\"datePublished\":\"2025-04-24T06:56:34+00:00\",\"dateModified\":\"2025-07-07T14:27:23+00:00\",\"mainEntityOfPage\":{\"@id\":\"https:\\\/\\\/encompaniastj.org\\\/pt-pt\\\/um-grupo-de-alunas-do-a-que-terminou-o-ano-de-1993-regressou-a-nossa-querida-e-recordada-escola-de-salamanca\\\/\"},\"wordCount\":704,\"commentCount\":0,\"publisher\":{\"@id\":\"https:\\\/\\\/encompaniastj.org\\\/pt-pt\\\/#organization\"},\"image\":{\"@id\":\"https:\\\/\\\/encompaniastj.org\\\/pt-pt\\\/um-grupo-de-alunas-do-a-que-terminou-o-ano-de-1993-regressou-a-nossa-querida-e-recordada-escola-de-salamanca\\\/#primaryimage\"},\"thumbnailUrl\":\"https:\\\/\\\/encompaniastj.org\\\/wp-content\\\/uploads\\\/2025\\\/05\\\/6-3.jpg\",\"articleSection\":[\"STJ\",\"STJ pt\"],\"inLanguage\":\"pt-PT\",\"potentialAction\":[{\"@type\":\"CommentAction\",\"name\":\"Comment\",\"target\":[\"https:\\\/\\\/encompaniastj.org\\\/pt-pt\\\/um-grupo-de-alunas-do-a-que-terminou-o-ano-de-1993-regressou-a-nossa-querida-e-recordada-escola-de-salamanca\\\/#respond\"]}]},{\"@type\":\"WebPage\",\"@id\":\"https:\\\/\\\/encompaniastj.org\\\/pt-pt\\\/um-grupo-de-alunas-do-a-que-terminou-o-ano-de-1993-regressou-a-nossa-querida-e-recordada-escola-de-salamanca\\\/\",\"url\":\"https:\\\/\\\/encompaniastj.org\\\/pt-pt\\\/um-grupo-de-alunas-do-a-que-terminou-o-ano-de-1993-regressou-a-nossa-querida-e-recordada-escola-de-salamanca\\\/\",\"name\":\"Um grupo de alunas do a. que terminou o ano de 1993 regressou \u00e0 nossa querida e recordada escola de Salamanca - En Compa\u00f1\u00eda STJ\",\"isPartOf\":{\"@id\":\"https:\\\/\\\/encompaniastj.org\\\/pt-pt\\\/#website\"},\"primaryImageOfPage\":{\"@id\":\"https:\\\/\\\/encompaniastj.org\\\/pt-pt\\\/um-grupo-de-alunas-do-a-que-terminou-o-ano-de-1993-regressou-a-nossa-querida-e-recordada-escola-de-salamanca\\\/#primaryimage\"},\"image\":{\"@id\":\"https:\\\/\\\/encompaniastj.org\\\/pt-pt\\\/um-grupo-de-alunas-do-a-que-terminou-o-ano-de-1993-regressou-a-nossa-querida-e-recordada-escola-de-salamanca\\\/#primaryimage\"},\"thumbnailUrl\":\"https:\\\/\\\/encompaniastj.org\\\/wp-content\\\/uploads\\\/2025\\\/05\\\/6-3.jpg\",\"datePublished\":\"2025-04-24T06:56:34+00:00\",\"dateModified\":\"2025-07-07T14:27:23+00:00\",\"breadcrumb\":{\"@id\":\"https:\\\/\\\/encompaniastj.org\\\/pt-pt\\\/um-grupo-de-alunas-do-a-que-terminou-o-ano-de-1993-regressou-a-nossa-querida-e-recordada-escola-de-salamanca\\\/#breadcrumb\"},\"inLanguage\":\"pt-PT\",\"potentialAction\":[{\"@type\":\"ReadAction\",\"target\":[\"https:\\\/\\\/encompaniastj.org\\\/pt-pt\\\/um-grupo-de-alunas-do-a-que-terminou-o-ano-de-1993-regressou-a-nossa-querida-e-recordada-escola-de-salamanca\\\/\"]}]},{\"@type\":\"ImageObject\",\"inLanguage\":\"pt-PT\",\"@id\":\"https:\\\/\\\/encompaniastj.org\\\/pt-pt\\\/um-grupo-de-alunas-do-a-que-terminou-o-ano-de-1993-regressou-a-nossa-querida-e-recordada-escola-de-salamanca\\\/#primaryimage\",\"url\":\"https:\\\/\\\/encompaniastj.org\\\/wp-content\\\/uploads\\\/2025\\\/05\\\/6-3.jpg\",\"contentUrl\":\"https:\\\/\\\/encompaniastj.org\\\/wp-content\\\/uploads\\\/2025\\\/05\\\/6-3.jpg\",\"width\":2000,\"height\":1496},{\"@type\":\"BreadcrumbList\",\"@id\":\"https:\\\/\\\/encompaniastj.org\\\/pt-pt\\\/um-grupo-de-alunas-do-a-que-terminou-o-ano-de-1993-regressou-a-nossa-querida-e-recordada-escola-de-salamanca\\\/#breadcrumb\",\"itemListElement\":[{\"@type\":\"ListItem\",\"position\":1,\"name\":\"Portada\",\"item\":\"https:\\\/\\\/encompaniastj.org\\\/pt-pt\\\/\"},{\"@type\":\"ListItem\",\"position\":2,\"name\":\"Um grupo de alunas do a. que terminou o ano de 1993 regressou \u00e0 nossa querida e recordada escola de Salamanca\"}]},{\"@type\":\"WebSite\",\"@id\":\"https:\\\/\\\/encompaniastj.org\\\/pt-pt\\\/#website\",\"url\":\"https:\\\/\\\/encompaniastj.org\\\/pt-pt\\\/\",\"name\":\"En Compa\u00f1\u00eda STJ\",\"description\":\"Bolet\u00edn de la Compa\u00f1\u00eda de Santa Teresa de Jes\u00fas\",\"publisher\":{\"@id\":\"https:\\\/\\\/encompaniastj.org\\\/pt-pt\\\/#organization\"},\"potentialAction\":[{\"@type\":\"SearchAction\",\"target\":{\"@type\":\"EntryPoint\",\"urlTemplate\":\"https:\\\/\\\/encompaniastj.org\\\/pt-pt\\\/?s={search_term_string}\"},\"query-input\":{\"@type\":\"PropertyValueSpecification\",\"valueRequired\":true,\"valueName\":\"search_term_string\"}}],\"inLanguage\":\"pt-PT\"},{\"@type\":\"Organization\",\"@id\":\"https:\\\/\\\/encompaniastj.org\\\/pt-pt\\\/#organization\",\"name\":\"Compa\u00f1\u00eda de Santa Teresa de Jes\u00fas\",\"url\":\"https:\\\/\\\/encompaniastj.org\\\/pt-pt\\\/\",\"logo\":{\"@type\":\"ImageObject\",\"inLanguage\":\"pt-PT\",\"@id\":\"https:\\\/\\\/encompaniastj.org\\\/pt-pt\\\/#\\\/schema\\\/logo\\\/image\\\/\",\"url\":\"https:\\\/\\\/encompaniastj.org\\\/wp-content\\\/uploads\\\/2025\\\/04\\\/logo_provincias02-1-3.png\",\"contentUrl\":\"https:\\\/\\\/encompaniastj.org\\\/wp-content\\\/uploads\\\/2025\\\/04\\\/logo_provincias02-1-3.png\",\"width\":2368,\"height\":825,\"caption\":\"Compa\u00f1\u00eda de Santa Teresa de Jes\u00fas\"},\"image\":{\"@id\":\"https:\\\/\\\/encompaniastj.org\\\/pt-pt\\\/#\\\/schema\\\/logo\\\/image\\\/\"}},{\"@type\":\"Person\",\"@id\":\"https:\\\/\\\/encompaniastj.org\\\/pt-pt\\\/#\\\/schema\\\/person\\\/520e7ecc314793d40091993c2a02b651\",\"name\":\"admin\",\"image\":{\"@type\":\"ImageObject\",\"inLanguage\":\"pt-PT\",\"@id\":\"https:\\\/\\\/secure.gravatar.com\\\/avatar\\\/948b492cce32b586ac2db0eaa926ee87024f7afe218d73b397ea5ddfc5f43ea1?s=96&d=mm&r=g\",\"url\":\"https:\\\/\\\/secure.gravatar.com\\\/avatar\\\/948b492cce32b586ac2db0eaa926ee87024f7afe218d73b397ea5ddfc5f43ea1?s=96&d=mm&r=g\",\"contentUrl\":\"https:\\\/\\\/secure.gravatar.com\\\/avatar\\\/948b492cce32b586ac2db0eaa926ee87024f7afe218d73b397ea5ddfc5f43ea1?s=96&d=mm&r=g\",\"caption\":\"admin\"},\"sameAs\":[\"https:\\\/\\\/encompaniastj.org\"],\"url\":\"https:\\\/\\\/encompaniastj.org\\\/pt-pt\\\/author\\\/sjdigital\\\/\"}]}<\/script>\n<!-- \/ Yoast SEO plugin. -->","yoast_head_json":{"title":"Um grupo de alunas do a. que terminou o ano de 1993 regressou \u00e0 nossa querida e recordada escola de Salamanca - En Compa\u00f1\u00eda STJ","robots":{"index":"index","follow":"follow","max-snippet":"max-snippet:-1","max-image-preview":"max-image-preview:large","max-video-preview":"max-video-preview:-1"},"canonical":"https:\/\/encompaniastj.org\/pt-pt\/um-grupo-de-alunas-do-a-que-terminou-o-ano-de-1993-regressou-a-nossa-querida-e-recordada-escola-de-salamanca\/","og_locale":"pt_PT","og_type":"article","og_title":"Um grupo de alunas do a. que terminou o ano de 1993 regressou \u00e0 nossa querida e recordada escola de Salamanca - En Compa\u00f1\u00eda STJ","og_description":"S\u00c1BADO, 12 DE ABRIL DE 2025. UM GRUPO DE ALUNAS DO A. QUE TERMINOU O ANO DE 1993 REGRESSOU \u00c0 NOSSA QUERIDA E RECORDADA ESCOLA DE SALAMANCA. A comiss\u00e3o organizadora [&hellip;]","og_url":"https:\/\/encompaniastj.org\/pt-pt\/um-grupo-de-alunas-do-a-que-terminou-o-ano-de-1993-regressou-a-nossa-querida-e-recordada-escola-de-salamanca\/","og_site_name":"En Compa\u00f1\u00eda STJ","article_published_time":"2025-04-24T06:56:34+00:00","article_modified_time":"2025-07-07T14:27:23+00:00","og_image":[{"width":2000,"height":1496,"url":"https:\/\/encompaniastj.org\/wp-content\/uploads\/2025\/05\/6-3.jpg","type":"image\/jpeg"}],"author":"admin","twitter_card":"summary_large_image","twitter_misc":{"Escrito por":"admin","Tempo estimado de leitura":"4 minutos"},"schema":{"@context":"https:\/\/schema.org","@graph":[{"@type":"Article","@id":"https:\/\/encompaniastj.org\/pt-pt\/um-grupo-de-alunas-do-a-que-terminou-o-ano-de-1993-regressou-a-nossa-querida-e-recordada-escola-de-salamanca\/#article","isPartOf":{"@id":"https:\/\/encompaniastj.org\/pt-pt\/um-grupo-de-alunas-do-a-que-terminou-o-ano-de-1993-regressou-a-nossa-querida-e-recordada-escola-de-salamanca\/"},"author":{"name":"admin","@id":"https:\/\/encompaniastj.org\/pt-pt\/#\/schema\/person\/520e7ecc314793d40091993c2a02b651"},"headline":"Um grupo de alunas do a. que terminou o ano de 1993 regressou \u00e0 nossa querida e recordada escola de Salamanca","datePublished":"2025-04-24T06:56:34+00:00","dateModified":"2025-07-07T14:27:23+00:00","mainEntityOfPage":{"@id":"https:\/\/encompaniastj.org\/pt-pt\/um-grupo-de-alunas-do-a-que-terminou-o-ano-de-1993-regressou-a-nossa-querida-e-recordada-escola-de-salamanca\/"},"wordCount":704,"commentCount":0,"publisher":{"@id":"https:\/\/encompaniastj.org\/pt-pt\/#organization"},"image":{"@id":"https:\/\/encompaniastj.org\/pt-pt\/um-grupo-de-alunas-do-a-que-terminou-o-ano-de-1993-regressou-a-nossa-querida-e-recordada-escola-de-salamanca\/#primaryimage"},"thumbnailUrl":"https:\/\/encompaniastj.org\/wp-content\/uploads\/2025\/05\/6-3.jpg","articleSection":["STJ","STJ pt"],"inLanguage":"pt-PT","potentialAction":[{"@type":"CommentAction","name":"Comment","target":["https:\/\/encompaniastj.org\/pt-pt\/um-grupo-de-alunas-do-a-que-terminou-o-ano-de-1993-regressou-a-nossa-querida-e-recordada-escola-de-salamanca\/#respond"]}]},{"@type":"WebPage","@id":"https:\/\/encompaniastj.org\/pt-pt\/um-grupo-de-alunas-do-a-que-terminou-o-ano-de-1993-regressou-a-nossa-querida-e-recordada-escola-de-salamanca\/","url":"https:\/\/encompaniastj.org\/pt-pt\/um-grupo-de-alunas-do-a-que-terminou-o-ano-de-1993-regressou-a-nossa-querida-e-recordada-escola-de-salamanca\/","name":"Um grupo de alunas do a. que terminou o ano de 1993 regressou \u00e0 nossa querida e recordada escola de Salamanca - En Compa\u00f1\u00eda STJ","isPartOf":{"@id":"https:\/\/encompaniastj.org\/pt-pt\/#website"},"primaryImageOfPage":{"@id":"https:\/\/encompaniastj.org\/pt-pt\/um-grupo-de-alunas-do-a-que-terminou-o-ano-de-1993-regressou-a-nossa-querida-e-recordada-escola-de-salamanca\/#primaryimage"},"image":{"@id":"https:\/\/encompaniastj.org\/pt-pt\/um-grupo-de-alunas-do-a-que-terminou-o-ano-de-1993-regressou-a-nossa-querida-e-recordada-escola-de-salamanca\/#primaryimage"},"thumbnailUrl":"https:\/\/encompaniastj.org\/wp-content\/uploads\/2025\/05\/6-3.jpg","datePublished":"2025-04-24T06:56:34+00:00","dateModified":"2025-07-07T14:27:23+00:00","breadcrumb":{"@id":"https:\/\/encompaniastj.org\/pt-pt\/um-grupo-de-alunas-do-a-que-terminou-o-ano-de-1993-regressou-a-nossa-querida-e-recordada-escola-de-salamanca\/#breadcrumb"},"inLanguage":"pt-PT","potentialAction":[{"@type":"ReadAction","target":["https:\/\/encompaniastj.org\/pt-pt\/um-grupo-de-alunas-do-a-que-terminou-o-ano-de-1993-regressou-a-nossa-querida-e-recordada-escola-de-salamanca\/"]}]},{"@type":"ImageObject","inLanguage":"pt-PT","@id":"https:\/\/encompaniastj.org\/pt-pt\/um-grupo-de-alunas-do-a-que-terminou-o-ano-de-1993-regressou-a-nossa-querida-e-recordada-escola-de-salamanca\/#primaryimage","url":"https:\/\/encompaniastj.org\/wp-content\/uploads\/2025\/05\/6-3.jpg","contentUrl":"https:\/\/encompaniastj.org\/wp-content\/uploads\/2025\/05\/6-3.jpg","width":2000,"height":1496},{"@type":"BreadcrumbList","@id":"https:\/\/encompaniastj.org\/pt-pt\/um-grupo-de-alunas-do-a-que-terminou-o-ano-de-1993-regressou-a-nossa-querida-e-recordada-escola-de-salamanca\/#breadcrumb","itemListElement":[{"@type":"ListItem","position":1,"name":"Portada","item":"https:\/\/encompaniastj.org\/pt-pt\/"},{"@type":"ListItem","position":2,"name":"Um grupo de alunas do a. que terminou o ano de 1993 regressou \u00e0 nossa querida e recordada escola de Salamanca"}]},{"@type":"WebSite","@id":"https:\/\/encompaniastj.org\/pt-pt\/#website","url":"https:\/\/encompaniastj.org\/pt-pt\/","name":"En Compa\u00f1\u00eda STJ","description":"Bolet\u00edn de la Compa\u00f1\u00eda de Santa Teresa de Jes\u00fas","publisher":{"@id":"https:\/\/encompaniastj.org\/pt-pt\/#organization"},"potentialAction":[{"@type":"SearchAction","target":{"@type":"EntryPoint","urlTemplate":"https:\/\/encompaniastj.org\/pt-pt\/?s={search_term_string}"},"query-input":{"@type":"PropertyValueSpecification","valueRequired":true,"valueName":"search_term_string"}}],"inLanguage":"pt-PT"},{"@type":"Organization","@id":"https:\/\/encompaniastj.org\/pt-pt\/#organization","name":"Compa\u00f1\u00eda de Santa Teresa de Jes\u00fas","url":"https:\/\/encompaniastj.org\/pt-pt\/","logo":{"@type":"ImageObject","inLanguage":"pt-PT","@id":"https:\/\/encompaniastj.org\/pt-pt\/#\/schema\/logo\/image\/","url":"https:\/\/encompaniastj.org\/wp-content\/uploads\/2025\/04\/logo_provincias02-1-3.png","contentUrl":"https:\/\/encompaniastj.org\/wp-content\/uploads\/2025\/04\/logo_provincias02-1-3.png","width":2368,"height":825,"caption":"Compa\u00f1\u00eda de Santa Teresa de Jes\u00fas"},"image":{"@id":"https:\/\/encompaniastj.org\/pt-pt\/#\/schema\/logo\/image\/"}},{"@type":"Person","@id":"https:\/\/encompaniastj.org\/pt-pt\/#\/schema\/person\/520e7ecc314793d40091993c2a02b651","name":"admin","image":{"@type":"ImageObject","inLanguage":"pt-PT","@id":"https:\/\/secure.gravatar.com\/avatar\/948b492cce32b586ac2db0eaa926ee87024f7afe218d73b397ea5ddfc5f43ea1?s=96&d=mm&r=g","url":"https:\/\/secure.gravatar.com\/avatar\/948b492cce32b586ac2db0eaa926ee87024f7afe218d73b397ea5ddfc5f43ea1?s=96&d=mm&r=g","contentUrl":"https:\/\/secure.gravatar.com\/avatar\/948b492cce32b586ac2db0eaa926ee87024f7afe218d73b397ea5ddfc5f43ea1?s=96&d=mm&r=g","caption":"admin"},"sameAs":["https:\/\/encompaniastj.org"],"url":"https:\/\/encompaniastj.org\/pt-pt\/author\/sjdigital\/"}]}},"_links":{"self":[{"href":"https:\/\/encompaniastj.org\/pt-pt\/wp-json\/wp\/v2\/posts\/12691","targetHints":{"allow":["GET"]}}],"collection":[{"href":"https:\/\/encompaniastj.org\/pt-pt\/wp-json\/wp\/v2\/posts"}],"about":[{"href":"https:\/\/encompaniastj.org\/pt-pt\/wp-json\/wp\/v2\/types\/post"}],"author":[{"embeddable":true,"href":"https:\/\/encompaniastj.org\/pt-pt\/wp-json\/wp\/v2\/users\/1"}],"replies":[{"embeddable":true,"href":"https:\/\/encompaniastj.org\/pt-pt\/wp-json\/wp\/v2\/comments?post=12691"}],"version-history":[{"count":1,"href":"https:\/\/encompaniastj.org\/pt-pt\/wp-json\/wp\/v2\/posts\/12691\/revisions"}],"predecessor-version":[{"id":12692,"href":"https:\/\/encompaniastj.org\/pt-pt\/wp-json\/wp\/v2\/posts\/12691\/revisions\/12692"}],"wp:featuredmedia":[{"embeddable":true,"href":"https:\/\/encompaniastj.org\/pt-pt\/wp-json\/wp\/v2\/media\/9073"}],"wp:attachment":[{"href":"https:\/\/encompaniastj.org\/pt-pt\/wp-json\/wp\/v2\/media?parent=12691"}],"wp:term":[{"taxonomy":"category","embeddable":true,"href":"https:\/\/encompaniastj.org\/pt-pt\/wp-json\/wp\/v2\/categories?post=12691"},{"taxonomy":"post_tag","embeddable":true,"href":"https:\/\/encompaniastj.org\/pt-pt\/wp-json\/wp\/v2\/tags?post=12691"}],"curies":[{"name":"wp","href":"https:\/\/api.w.org\/{rel}","templated":true}]}}