{"id":12687,"date":"2025-04-23T12:03:51","date_gmt":"2025-04-23T10:03:51","guid":{"rendered":"https:\/\/encompaniastj.org\/maria-aurora-nogueira-coelho-23-de-abril-de-2025-fatima-residencia-2\/"},"modified":"2025-10-15T12:52:35","modified_gmt":"2025-10-15T10:52:35","slug":"maria-aurora-nogueira-coelho-23-de-abril-de-2025-fatima-residencia-2","status":"publish","type":"post","link":"https:\/\/encompaniastj.org\/pt-pt\/maria-aurora-nogueira-coelho-23-de-abril-de-2025-fatima-residencia-2\/","title":{"rendered":"Maria Aurora Nogueira Coelho. 22 de abril de 2025 (Resid\u00eancia de F\u00e1tima)"},"content":{"rendered":"<p>A Irm\u00e3 Aurora partiu ao encontro do Senhor - com 95 anos de idade - na noite de 22 de abril de 2025, em plena semana da P\u00e1scoa. Nasceu em Padim da Gra\u00e7a - Braga a 11 de outubro de 1929. Aos 28 anos entra na Companhia de Santa Teresa de Jesus, no noviciado de Braga.  <\/p>\n<p>Durante os longos anos da sua vida consagrada permaneceu sempre em Braga, servindo o Senhor e os irm\u00e3os no Col\u00e9gio Teresiano de Braga.<br \/>\nA passagem da Irm\u00e3 Aurora pela vida das irm\u00e3s e das pessoas que com ela conviveram n\u00e3o foi em v\u00e3o. Deixa a todos um legado de simplicidade, proximidade, disponibilidade, dedica\u00e7\u00e3o no sil\u00eancio e alegria discreta. O sil\u00eancio, como diz Santa Teresa, \u00e9 &#8220;a casa das grandes almas&#8221;. A vida de Aurora foi passada no sil\u00eancio de quem vive em atitude de alerta. Sempre que havia uma situa\u00e7\u00e3o dif\u00edcil, a Irm\u00e3 Aurora estava l\u00e1 para oferecer a sua ajuda.    <\/p>\n<p>Depois de tantos anos de vida religiosa vividos na fidelidade ao chamamento do Senhor, nos \u00faltimos tempos tem vivido com algumas fragilidades pr\u00f3prias da idade, mas sempre com um sorriso nos l\u00e1bios e um jeito af\u00e1vel, pr\u00f3prio de uma pessoa serena e alegre como sempre a conhecemos.<\/p>\n<p>A sua devo\u00e7\u00e3o a Nossa Senhora era grande. Nos \u00faltimos anos da sua vida, j\u00e1 numa situa\u00e7\u00e3o de grande depend\u00eancia, vimo-la sempre com o ter\u00e7o na m\u00e3o, rezando pela Igreja e pelos problemas do mundo. <\/p>\n<p>Damos gra\u00e7as ao Senhor pela sua longa vida e por ter sido chamada pelo nome e ter respondido com generosidade e gratuidade, servindo o Senhor na Companhia de Santa Teresa de Jesus. \u00c9 com grande afeto e gratid\u00e3o que agradecemos \u00e0 Irm\u00e3 Aurora a sua vida simples e amorosa.<br \/>\nO seu enterro teve lugar a 24 de abril de 2025. Na Eucaristia, oferecemos ao Pai, por Cristo, a nossa querida Irm\u00e3 Aurora. Que o Senhor seja a tua recompensa e a Vida junto de Deus que te acolhe no seu Amor.   <\/p>\n","protected":false},"excerpt":{"rendered":"<p>A Irm\u00e3 Aurora partiu ao encontro do Senhor - com 95 anos de idade - na noite de 22 de abril de 2025, em plena semana da P\u00e1scoa. Nasceu em [&hellip;]<\/p>\n","protected":false},"author":1,"featured_media":9069,"comment_status":"open","ping_status":"open","sticky":false,"template":"","format":"standard","meta":{"_acf_changed":false,"footnotes":""},"categories":[63],"tags":[],"class_list":["post-12687","post","type-post","status-publish","format-standard","has-post-thumbnail","hentry","category-fallecimientos"],"acf":[],"yoast_head":"<!-- This site is optimized with the Yoast SEO plugin v27.5 - https:\/\/yoast.com\/product\/yoast-seo-wordpress\/ -->\n<title>Maria Aurora Nogueira Coelho. 22 de abril de 2025 (Resid\u00eancia de F\u00e1tima) - En Compa\u00f1\u00eda STJ<\/title>\n<meta name=\"robots\" content=\"index, follow, max-snippet:-1, max-image-preview:large, max-video-preview:-1\" \/>\n<link rel=\"canonical\" href=\"https:\/\/encompaniastj.org\/pt-pt\/maria-aurora-nogueira-coelho-23-de-abril-de-2025-fatima-residencia-2\/\" \/>\n<meta property=\"og:locale\" content=\"pt_PT\" \/>\n<meta property=\"og:type\" content=\"article\" \/>\n<meta property=\"og:title\" content=\"Maria Aurora Nogueira Coelho. 22 de abril de 2025 (Resid\u00eancia de F\u00e1tima) - En Compa\u00f1\u00eda STJ\" \/>\n<meta property=\"og:description\" content=\"A Irm\u00e3 Aurora partiu ao encontro do Senhor - com 95 anos de idade - na noite de 22 de abril de 2025, em plena semana da P\u00e1scoa. Nasceu em [&hellip;]\" \/>\n<meta property=\"og:url\" content=\"https:\/\/encompaniastj.org\/pt-pt\/maria-aurora-nogueira-coelho-23-de-abril-de-2025-fatima-residencia-2\/\" \/>\n<meta property=\"og:site_name\" content=\"En Compa\u00f1\u00eda STJ\" \/>\n<meta property=\"article:published_time\" content=\"2025-04-23T10:03:51+00:00\" \/>\n<meta property=\"article:modified_time\" content=\"2025-10-15T10:52:35+00:00\" \/>\n<meta property=\"og:image\" content=\"https:\/\/encompaniastj.org\/wp-content\/uploads\/2025\/05\/purple-2219594_640-1.jpg\" \/>\n\t<meta property=\"og:image:width\" content=\"640\" \/>\n\t<meta property=\"og:image:height\" content=\"427\" \/>\n\t<meta property=\"og:image:type\" content=\"image\/jpeg\" \/>\n<meta name=\"author\" content=\"admin\" \/>\n<meta name=\"twitter:card\" content=\"summary_large_image\" \/>\n<meta name=\"twitter:label1\" content=\"Escrito por\" \/>\n\t<meta name=\"twitter:data1\" content=\"admin\" \/>\n\t<meta name=\"twitter:label2\" content=\"Tempo estimado de leitura\" \/>\n\t<meta name=\"twitter:data2\" content=\"2 minutos\" \/>\n<script type=\"application\/ld+json\" class=\"yoast-schema-graph\">{\"@context\":\"https:\\\/\\\/schema.org\",\"@graph\":[{\"@type\":\"Article\",\"@id\":\"https:\\\/\\\/encompaniastj.org\\\/pt-pt\\\/maria-aurora-nogueira-coelho-23-de-abril-de-2025-fatima-residencia-2\\\/#article\",\"isPartOf\":{\"@id\":\"https:\\\/\\\/encompaniastj.org\\\/pt-pt\\\/maria-aurora-nogueira-coelho-23-de-abril-de-2025-fatima-residencia-2\\\/\"},\"author\":{\"name\":\"admin\",\"@id\":\"https:\\\/\\\/encompaniastj.org\\\/pt-pt\\\/#\\\/schema\\\/person\\\/520e7ecc314793d40091993c2a02b651\"},\"headline\":\"Maria Aurora Nogueira Coelho. 22 de abril de 2025 (Resid\u00eancia de F\u00e1tima)\",\"datePublished\":\"2025-04-23T10:03:51+00:00\",\"dateModified\":\"2025-10-15T10:52:35+00:00\",\"mainEntityOfPage\":{\"@id\":\"https:\\\/\\\/encompaniastj.org\\\/pt-pt\\\/maria-aurora-nogueira-coelho-23-de-abril-de-2025-fatima-residencia-2\\\/\"},\"wordCount\":355,\"commentCount\":0,\"publisher\":{\"@id\":\"https:\\\/\\\/encompaniastj.org\\\/pt-pt\\\/#organization\"},\"image\":{\"@id\":\"https:\\\/\\\/encompaniastj.org\\\/pt-pt\\\/maria-aurora-nogueira-coelho-23-de-abril-de-2025-fatima-residencia-2\\\/#primaryimage\"},\"thumbnailUrl\":\"https:\\\/\\\/encompaniastj.org\\\/wp-content\\\/uploads\\\/2025\\\/05\\\/purple-2219594_640-1.jpg\",\"articleSection\":[\"Fallecimientos\"],\"inLanguage\":\"pt-PT\",\"potentialAction\":[{\"@type\":\"CommentAction\",\"name\":\"Comment\",\"target\":[\"https:\\\/\\\/encompaniastj.org\\\/pt-pt\\\/maria-aurora-nogueira-coelho-23-de-abril-de-2025-fatima-residencia-2\\\/#respond\"]}]},{\"@type\":\"WebPage\",\"@id\":\"https:\\\/\\\/encompaniastj.org\\\/pt-pt\\\/maria-aurora-nogueira-coelho-23-de-abril-de-2025-fatima-residencia-2\\\/\",\"url\":\"https:\\\/\\\/encompaniastj.org\\\/pt-pt\\\/maria-aurora-nogueira-coelho-23-de-abril-de-2025-fatima-residencia-2\\\/\",\"name\":\"Maria Aurora Nogueira Coelho. 22 de abril de 2025 (Resid\u00eancia de F\u00e1tima) - En Compa\u00f1\u00eda STJ\",\"isPartOf\":{\"@id\":\"https:\\\/\\\/encompaniastj.org\\\/pt-pt\\\/#website\"},\"primaryImageOfPage\":{\"@id\":\"https:\\\/\\\/encompaniastj.org\\\/pt-pt\\\/maria-aurora-nogueira-coelho-23-de-abril-de-2025-fatima-residencia-2\\\/#primaryimage\"},\"image\":{\"@id\":\"https:\\\/\\\/encompaniastj.org\\\/pt-pt\\\/maria-aurora-nogueira-coelho-23-de-abril-de-2025-fatima-residencia-2\\\/#primaryimage\"},\"thumbnailUrl\":\"https:\\\/\\\/encompaniastj.org\\\/wp-content\\\/uploads\\\/2025\\\/05\\\/purple-2219594_640-1.jpg\",\"datePublished\":\"2025-04-23T10:03:51+00:00\",\"dateModified\":\"2025-10-15T10:52:35+00:00\",\"breadcrumb\":{\"@id\":\"https:\\\/\\\/encompaniastj.org\\\/pt-pt\\\/maria-aurora-nogueira-coelho-23-de-abril-de-2025-fatima-residencia-2\\\/#breadcrumb\"},\"inLanguage\":\"pt-PT\",\"potentialAction\":[{\"@type\":\"ReadAction\",\"target\":[\"https:\\\/\\\/encompaniastj.org\\\/pt-pt\\\/maria-aurora-nogueira-coelho-23-de-abril-de-2025-fatima-residencia-2\\\/\"]}]},{\"@type\":\"ImageObject\",\"inLanguage\":\"pt-PT\",\"@id\":\"https:\\\/\\\/encompaniastj.org\\\/pt-pt\\\/maria-aurora-nogueira-coelho-23-de-abril-de-2025-fatima-residencia-2\\\/#primaryimage\",\"url\":\"https:\\\/\\\/encompaniastj.org\\\/wp-content\\\/uploads\\\/2025\\\/05\\\/purple-2219594_640-1.jpg\",\"contentUrl\":\"https:\\\/\\\/encompaniastj.org\\\/wp-content\\\/uploads\\\/2025\\\/05\\\/purple-2219594_640-1.jpg\",\"width\":640,\"height\":427},{\"@type\":\"BreadcrumbList\",\"@id\":\"https:\\\/\\\/encompaniastj.org\\\/pt-pt\\\/maria-aurora-nogueira-coelho-23-de-abril-de-2025-fatima-residencia-2\\\/#breadcrumb\",\"itemListElement\":[{\"@type\":\"ListItem\",\"position\":1,\"name\":\"Portada\",\"item\":\"https:\\\/\\\/encompaniastj.org\\\/pt-pt\\\/\"},{\"@type\":\"ListItem\",\"position\":2,\"name\":\"Maria Aurora Nogueira Coelho. 22 de abril de 2025 (Resid\u00eancia de F\u00e1tima)\"}]},{\"@type\":\"WebSite\",\"@id\":\"https:\\\/\\\/encompaniastj.org\\\/pt-pt\\\/#website\",\"url\":\"https:\\\/\\\/encompaniastj.org\\\/pt-pt\\\/\",\"name\":\"En Compa\u00f1\u00eda STJ\",\"description\":\"Bolet\u00edn de la Compa\u00f1\u00eda de Santa Teresa de Jes\u00fas\",\"publisher\":{\"@id\":\"https:\\\/\\\/encompaniastj.org\\\/pt-pt\\\/#organization\"},\"potentialAction\":[{\"@type\":\"SearchAction\",\"target\":{\"@type\":\"EntryPoint\",\"urlTemplate\":\"https:\\\/\\\/encompaniastj.org\\\/pt-pt\\\/?s={search_term_string}\"},\"query-input\":{\"@type\":\"PropertyValueSpecification\",\"valueRequired\":true,\"valueName\":\"search_term_string\"}}],\"inLanguage\":\"pt-PT\"},{\"@type\":\"Organization\",\"@id\":\"https:\\\/\\\/encompaniastj.org\\\/pt-pt\\\/#organization\",\"name\":\"Compa\u00f1\u00eda de Santa Teresa de Jes\u00fas\",\"url\":\"https:\\\/\\\/encompaniastj.org\\\/pt-pt\\\/\",\"logo\":{\"@type\":\"ImageObject\",\"inLanguage\":\"pt-PT\",\"@id\":\"https:\\\/\\\/encompaniastj.org\\\/pt-pt\\\/#\\\/schema\\\/logo\\\/image\\\/\",\"url\":\"https:\\\/\\\/encompaniastj.org\\\/wp-content\\\/uploads\\\/2025\\\/04\\\/logo_provincias02-1-3.png\",\"contentUrl\":\"https:\\\/\\\/encompaniastj.org\\\/wp-content\\\/uploads\\\/2025\\\/04\\\/logo_provincias02-1-3.png\",\"width\":2368,\"height\":825,\"caption\":\"Compa\u00f1\u00eda de Santa Teresa de Jes\u00fas\"},\"image\":{\"@id\":\"https:\\\/\\\/encompaniastj.org\\\/pt-pt\\\/#\\\/schema\\\/logo\\\/image\\\/\"}},{\"@type\":\"Person\",\"@id\":\"https:\\\/\\\/encompaniastj.org\\\/pt-pt\\\/#\\\/schema\\\/person\\\/520e7ecc314793d40091993c2a02b651\",\"name\":\"admin\",\"image\":{\"@type\":\"ImageObject\",\"inLanguage\":\"pt-PT\",\"@id\":\"https:\\\/\\\/secure.gravatar.com\\\/avatar\\\/948b492cce32b586ac2db0eaa926ee87024f7afe218d73b397ea5ddfc5f43ea1?s=96&d=mm&r=g\",\"url\":\"https:\\\/\\\/secure.gravatar.com\\\/avatar\\\/948b492cce32b586ac2db0eaa926ee87024f7afe218d73b397ea5ddfc5f43ea1?s=96&d=mm&r=g\",\"contentUrl\":\"https:\\\/\\\/secure.gravatar.com\\\/avatar\\\/948b492cce32b586ac2db0eaa926ee87024f7afe218d73b397ea5ddfc5f43ea1?s=96&d=mm&r=g\",\"caption\":\"admin\"},\"sameAs\":[\"https:\\\/\\\/encompaniastj.org\"],\"url\":\"https:\\\/\\\/encompaniastj.org\\\/pt-pt\\\/author\\\/sjdigital\\\/\"}]}<\/script>\n<!-- \/ Yoast SEO plugin. -->","yoast_head_json":{"title":"Maria Aurora Nogueira Coelho. 22 de abril de 2025 (Resid\u00eancia de F\u00e1tima) - En Compa\u00f1\u00eda STJ","robots":{"index":"index","follow":"follow","max-snippet":"max-snippet:-1","max-image-preview":"max-image-preview:large","max-video-preview":"max-video-preview:-1"},"canonical":"https:\/\/encompaniastj.org\/pt-pt\/maria-aurora-nogueira-coelho-23-de-abril-de-2025-fatima-residencia-2\/","og_locale":"pt_PT","og_type":"article","og_title":"Maria Aurora Nogueira Coelho. 22 de abril de 2025 (Resid\u00eancia de F\u00e1tima) - En Compa\u00f1\u00eda STJ","og_description":"A Irm\u00e3 Aurora partiu ao encontro do Senhor - com 95 anos de idade - na noite de 22 de abril de 2025, em plena semana da P\u00e1scoa. Nasceu em [&hellip;]","og_url":"https:\/\/encompaniastj.org\/pt-pt\/maria-aurora-nogueira-coelho-23-de-abril-de-2025-fatima-residencia-2\/","og_site_name":"En Compa\u00f1\u00eda STJ","article_published_time":"2025-04-23T10:03:51+00:00","article_modified_time":"2025-10-15T10:52:35+00:00","og_image":[{"width":640,"height":427,"url":"https:\/\/encompaniastj.org\/wp-content\/uploads\/2025\/05\/purple-2219594_640-1.jpg","type":"image\/jpeg"}],"author":"admin","twitter_card":"summary_large_image","twitter_misc":{"Escrito por":"admin","Tempo estimado de leitura":"2 minutos"},"schema":{"@context":"https:\/\/schema.org","@graph":[{"@type":"Article","@id":"https:\/\/encompaniastj.org\/pt-pt\/maria-aurora-nogueira-coelho-23-de-abril-de-2025-fatima-residencia-2\/#article","isPartOf":{"@id":"https:\/\/encompaniastj.org\/pt-pt\/maria-aurora-nogueira-coelho-23-de-abril-de-2025-fatima-residencia-2\/"},"author":{"name":"admin","@id":"https:\/\/encompaniastj.org\/pt-pt\/#\/schema\/person\/520e7ecc314793d40091993c2a02b651"},"headline":"Maria Aurora Nogueira Coelho. 22 de abril de 2025 (Resid\u00eancia de F\u00e1tima)","datePublished":"2025-04-23T10:03:51+00:00","dateModified":"2025-10-15T10:52:35+00:00","mainEntityOfPage":{"@id":"https:\/\/encompaniastj.org\/pt-pt\/maria-aurora-nogueira-coelho-23-de-abril-de-2025-fatima-residencia-2\/"},"wordCount":355,"commentCount":0,"publisher":{"@id":"https:\/\/encompaniastj.org\/pt-pt\/#organization"},"image":{"@id":"https:\/\/encompaniastj.org\/pt-pt\/maria-aurora-nogueira-coelho-23-de-abril-de-2025-fatima-residencia-2\/#primaryimage"},"thumbnailUrl":"https:\/\/encompaniastj.org\/wp-content\/uploads\/2025\/05\/purple-2219594_640-1.jpg","articleSection":["Fallecimientos"],"inLanguage":"pt-PT","potentialAction":[{"@type":"CommentAction","name":"Comment","target":["https:\/\/encompaniastj.org\/pt-pt\/maria-aurora-nogueira-coelho-23-de-abril-de-2025-fatima-residencia-2\/#respond"]}]},{"@type":"WebPage","@id":"https:\/\/encompaniastj.org\/pt-pt\/maria-aurora-nogueira-coelho-23-de-abril-de-2025-fatima-residencia-2\/","url":"https:\/\/encompaniastj.org\/pt-pt\/maria-aurora-nogueira-coelho-23-de-abril-de-2025-fatima-residencia-2\/","name":"Maria Aurora Nogueira Coelho. 22 de abril de 2025 (Resid\u00eancia de F\u00e1tima) - En Compa\u00f1\u00eda STJ","isPartOf":{"@id":"https:\/\/encompaniastj.org\/pt-pt\/#website"},"primaryImageOfPage":{"@id":"https:\/\/encompaniastj.org\/pt-pt\/maria-aurora-nogueira-coelho-23-de-abril-de-2025-fatima-residencia-2\/#primaryimage"},"image":{"@id":"https:\/\/encompaniastj.org\/pt-pt\/maria-aurora-nogueira-coelho-23-de-abril-de-2025-fatima-residencia-2\/#primaryimage"},"thumbnailUrl":"https:\/\/encompaniastj.org\/wp-content\/uploads\/2025\/05\/purple-2219594_640-1.jpg","datePublished":"2025-04-23T10:03:51+00:00","dateModified":"2025-10-15T10:52:35+00:00","breadcrumb":{"@id":"https:\/\/encompaniastj.org\/pt-pt\/maria-aurora-nogueira-coelho-23-de-abril-de-2025-fatima-residencia-2\/#breadcrumb"},"inLanguage":"pt-PT","potentialAction":[{"@type":"ReadAction","target":["https:\/\/encompaniastj.org\/pt-pt\/maria-aurora-nogueira-coelho-23-de-abril-de-2025-fatima-residencia-2\/"]}]},{"@type":"ImageObject","inLanguage":"pt-PT","@id":"https:\/\/encompaniastj.org\/pt-pt\/maria-aurora-nogueira-coelho-23-de-abril-de-2025-fatima-residencia-2\/#primaryimage","url":"https:\/\/encompaniastj.org\/wp-content\/uploads\/2025\/05\/purple-2219594_640-1.jpg","contentUrl":"https:\/\/encompaniastj.org\/wp-content\/uploads\/2025\/05\/purple-2219594_640-1.jpg","width":640,"height":427},{"@type":"BreadcrumbList","@id":"https:\/\/encompaniastj.org\/pt-pt\/maria-aurora-nogueira-coelho-23-de-abril-de-2025-fatima-residencia-2\/#breadcrumb","itemListElement":[{"@type":"ListItem","position":1,"name":"Portada","item":"https:\/\/encompaniastj.org\/pt-pt\/"},{"@type":"ListItem","position":2,"name":"Maria Aurora Nogueira Coelho. 22 de abril de 2025 (Resid\u00eancia de F\u00e1tima)"}]},{"@type":"WebSite","@id":"https:\/\/encompaniastj.org\/pt-pt\/#website","url":"https:\/\/encompaniastj.org\/pt-pt\/","name":"En Compa\u00f1\u00eda STJ","description":"Bolet\u00edn de la Compa\u00f1\u00eda de Santa Teresa de Jes\u00fas","publisher":{"@id":"https:\/\/encompaniastj.org\/pt-pt\/#organization"},"potentialAction":[{"@type":"SearchAction","target":{"@type":"EntryPoint","urlTemplate":"https:\/\/encompaniastj.org\/pt-pt\/?s={search_term_string}"},"query-input":{"@type":"PropertyValueSpecification","valueRequired":true,"valueName":"search_term_string"}}],"inLanguage":"pt-PT"},{"@type":"Organization","@id":"https:\/\/encompaniastj.org\/pt-pt\/#organization","name":"Compa\u00f1\u00eda de Santa Teresa de Jes\u00fas","url":"https:\/\/encompaniastj.org\/pt-pt\/","logo":{"@type":"ImageObject","inLanguage":"pt-PT","@id":"https:\/\/encompaniastj.org\/pt-pt\/#\/schema\/logo\/image\/","url":"https:\/\/encompaniastj.org\/wp-content\/uploads\/2025\/04\/logo_provincias02-1-3.png","contentUrl":"https:\/\/encompaniastj.org\/wp-content\/uploads\/2025\/04\/logo_provincias02-1-3.png","width":2368,"height":825,"caption":"Compa\u00f1\u00eda de Santa Teresa de Jes\u00fas"},"image":{"@id":"https:\/\/encompaniastj.org\/pt-pt\/#\/schema\/logo\/image\/"}},{"@type":"Person","@id":"https:\/\/encompaniastj.org\/pt-pt\/#\/schema\/person\/520e7ecc314793d40091993c2a02b651","name":"admin","image":{"@type":"ImageObject","inLanguage":"pt-PT","@id":"https:\/\/secure.gravatar.com\/avatar\/948b492cce32b586ac2db0eaa926ee87024f7afe218d73b397ea5ddfc5f43ea1?s=96&d=mm&r=g","url":"https:\/\/secure.gravatar.com\/avatar\/948b492cce32b586ac2db0eaa926ee87024f7afe218d73b397ea5ddfc5f43ea1?s=96&d=mm&r=g","contentUrl":"https:\/\/secure.gravatar.com\/avatar\/948b492cce32b586ac2db0eaa926ee87024f7afe218d73b397ea5ddfc5f43ea1?s=96&d=mm&r=g","caption":"admin"},"sameAs":["https:\/\/encompaniastj.org"],"url":"https:\/\/encompaniastj.org\/pt-pt\/author\/sjdigital\/"}]}},"_links":{"self":[{"href":"https:\/\/encompaniastj.org\/pt-pt\/wp-json\/wp\/v2\/posts\/12687","targetHints":{"allow":["GET"]}}],"collection":[{"href":"https:\/\/encompaniastj.org\/pt-pt\/wp-json\/wp\/v2\/posts"}],"about":[{"href":"https:\/\/encompaniastj.org\/pt-pt\/wp-json\/wp\/v2\/types\/post"}],"author":[{"embeddable":true,"href":"https:\/\/encompaniastj.org\/pt-pt\/wp-json\/wp\/v2\/users\/1"}],"replies":[{"embeddable":true,"href":"https:\/\/encompaniastj.org\/pt-pt\/wp-json\/wp\/v2\/comments?post=12687"}],"version-history":[{"count":2,"href":"https:\/\/encompaniastj.org\/pt-pt\/wp-json\/wp\/v2\/posts\/12687\/revisions"}],"predecessor-version":[{"id":14745,"href":"https:\/\/encompaniastj.org\/pt-pt\/wp-json\/wp\/v2\/posts\/12687\/revisions\/14745"}],"wp:featuredmedia":[{"embeddable":true,"href":"https:\/\/encompaniastj.org\/pt-pt\/wp-json\/wp\/v2\/media\/9069"}],"wp:attachment":[{"href":"https:\/\/encompaniastj.org\/pt-pt\/wp-json\/wp\/v2\/media?parent=12687"}],"wp:term":[{"taxonomy":"category","embeddable":true,"href":"https:\/\/encompaniastj.org\/pt-pt\/wp-json\/wp\/v2\/categories?post=12687"},{"taxonomy":"post_tag","embeddable":true,"href":"https:\/\/encompaniastj.org\/pt-pt\/wp-json\/wp\/v2\/tags?post=12687"}],"curies":[{"name":"wp","href":"https:\/\/api.w.org\/{rel}","templated":true}]}}