{"id":12667,"date":"2025-04-07T13:25:38","date_gmt":"2025-04-07T11:25:38","guid":{"rendered":"https:\/\/encompaniastj.org\/celebracao-do-50o-aniversario-escola-ermitagana-pamplona\/"},"modified":"2025-07-07T16:27:19","modified_gmt":"2025-07-07T14:27:19","slug":"celebracao-do-50o-aniversario-escola-ermitagana-pamplona","status":"publish","type":"post","link":"https:\/\/encompaniastj.org\/pt-pt\/celebracao-do-50o-aniversario-escola-ermitagana-pamplona\/","title":{"rendered":"Celebra\u00e7\u00e3o do 50\u00ba anivers\u00e1rio - Escola Ermitaga\u00f1a - Pamplona"},"content":{"rendered":"<p>No dia 29 de mar\u00e7o celebrou-se com grande entusiasmo e paix\u00e3o o 50\u00ba anivers\u00e1rio do Col\u00e9gio Teresiano de Ermitaga\u00f1a. A jornada, que foi muito agrad\u00e1vel, centrou-se na<strong> m\u00fasica <\/strong>como eixo pedag\u00f3gico. A m\u00fasica tem sido uma plataforma essencial na pedagogia teresiana.<\/p>\n<p>A celebra\u00e7\u00e3o come\u00e7ou na capela do col\u00e9gio. A Diretora, Cristina Aoiz, transmitiu-nos uma mensagem muito completa da trajet\u00f3ria das pessoas e actividades que fizeram destes 50 anos a vida que hoje vivemos no Col\u00e9gio.<\/p>\n<p>Seguiu-se o <strong>Quarto de Hora de Ora\u00e7\u00e3o-Concerto<\/strong>, que \u00e9 essencial ao nosso carisma, com a m\u00fasica e os c\u00e2nticos de <strong>Voces de Barro<\/strong>, um grupo musical que nasceu no Col\u00e9gio, no qual participaram alguns antigos alunos. O concerto-ora\u00e7\u00e3o foi acompanhado pela proje\u00e7\u00e3o de imagens bonitas e motivadoras que nos ajudaram a rezar. Foi importante recordar as Irm\u00e3s Carmen Ca\u00f1ada e Isabel Toyos, tanto na mensagem de Cristina como na sele\u00e7\u00e3o dos c\u00e2nticos. Elas foram recordadas com emo\u00e7\u00e3o, pois foram as promotoras deste grupo musical. A m\u00fasica tem marcado a identidade do Centro, desde os tradicionais Festivais da Can\u00e7\u00e3o aos C\u00e2nticos de Natal, para al\u00e9m de uma discografia com oito \u00e1lbuns editados.<\/p>\n<p>Antes de passar ao segundo ponto alto da celebra\u00e7\u00e3o, o caf\u00e9 foi partilhado por todos os presentes. Momentos muito emotivos de sauda\u00e7\u00e3o, de encontro, de recorda\u00e7\u00f5es&#8230;.<\/p>\n<p>E depois particip\u00e1mos numa palestra-col\u00f3quio de Mar\u00eda Guerrero, fundadora da ONG Acci\u00f3n por la M\u00fasica, e que faz parte do Top 100 de Mulheres L\u00edderes em Espanha e do Top 10 do Terceiro Setor. Quatro profissionais da m\u00fasica, muito influentes no seu sector, entre os quais Jos\u00e9 Vives, o nosso professor de m\u00fasica e a Irm\u00e3 Isabel Toyos, participaram no col\u00f3quio. O tema da palestra: &#8220;<em>Melodias que ensinam o poder da m\u00fasica na educa\u00e7\u00e3o<\/em>&#8220;.<\/p>\n<p>\u00c0 tarde, na Sala Discoteca Canalla de Pamplona, a partir das 18h30, teve lugar o<strong> Terefest<\/strong>, um festival com grupos musicais de todos os tipos, desde o rock, folk, ska e outros g\u00e9neros, com a participa\u00e7\u00e3o de antigos alunos e professores ligados \u00e0 hist\u00f3ria da escola, especialmente o grupo l\u00edder Voces de Barro. Registou-se uma grande aflu\u00eancia de p\u00fablico, n\u00e3o s\u00f3 de jovens, mas tamb\u00e9m de fam\u00edlias com os seus filhos, que muito apreciaram a festa.<\/p>\n<p>Em todas as actividades programadas houve uma aflu\u00eancia de antigos alunos e fam\u00edlias, muitos pais de actuais alunos, que contribu\u00edram para a alegria da festa com a sua atitude alegre, festiva, agradecida e de apre\u00e7o pela escola.<\/p>\n<p><img loading=\"lazy\" decoding=\"async\" class=\"aligncenter wp-image-14828 size-full\" src=\"https:\/\/encompaniastj.org\/wp-content\/uploads\/2025\/05\/collage1-5.png\" alt=\"\" width=\"800\" height=\"800\" \/> <img loading=\"lazy\" decoding=\"async\" class=\"aligncenter wp-image-14830 size-full\" src=\"https:\/\/encompaniastj.org\/wp-content\/uploads\/2025\/05\/collage2-7.png\" alt=\"\" width=\"800\" height=\"800\" \/> <img loading=\"lazy\" decoding=\"async\" class=\"aligncenter wp-image-14836\" src=\"https:\/\/encompaniastj.org\/wp-content\/uploads\/2025\/05\/Terefest-en-la-discoteca-Canalla.jpg\" alt=\"\" width=\"376\" height=\"282\" \/><\/p>\n","protected":false},"excerpt":{"rendered":"<p>No dia 29 de mar\u00e7o celebrou-se com grande entusiasmo e paix\u00e3o o 50\u00ba anivers\u00e1rio do Col\u00e9gio Teresiano de Ermitaga\u00f1a. A jornada, que foi muito agrad\u00e1vel, centrou-se na m\u00fasica como eixo [&hellip;]<\/p>\n","protected":false},"author":1,"featured_media":9059,"comment_status":"open","ping_status":"open","sticky":false,"template":"","format":"standard","meta":{"_acf_changed":false,"footnotes":""},"categories":[79,81],"tags":[],"class_list":["post-12667","post","type-post","status-publish","format-standard","has-post-thumbnail","hentry","category-stj","category-stj-pt"],"acf":[],"yoast_head":"<!-- This site is optimized with the Yoast SEO plugin v27.5 - https:\/\/yoast.com\/product\/yoast-seo-wordpress\/ -->\n<title>Celebra\u00e7\u00e3o do 50\u00ba anivers\u00e1rio - Escola Ermitaga\u00f1a - Pamplona - En Compa\u00f1\u00eda STJ<\/title>\n<meta name=\"robots\" content=\"index, follow, max-snippet:-1, max-image-preview:large, max-video-preview:-1\" \/>\n<link rel=\"canonical\" href=\"https:\/\/encompaniastj.org\/pt-pt\/celebracao-do-50o-aniversario-escola-ermitagana-pamplona\/\" \/>\n<meta property=\"og:locale\" content=\"pt_PT\" \/>\n<meta property=\"og:type\" content=\"article\" \/>\n<meta property=\"og:title\" content=\"Celebra\u00e7\u00e3o do 50\u00ba anivers\u00e1rio - Escola Ermitaga\u00f1a - Pamplona - En Compa\u00f1\u00eda STJ\" \/>\n<meta property=\"og:description\" content=\"No dia 29 de mar\u00e7o celebrou-se com grande entusiasmo e paix\u00e3o o 50\u00ba anivers\u00e1rio do Col\u00e9gio Teresiano de Ermitaga\u00f1a. A jornada, que foi muito agrad\u00e1vel, centrou-se na m\u00fasica como eixo [&hellip;]\" \/>\n<meta property=\"og:url\" content=\"https:\/\/encompaniastj.org\/pt-pt\/celebracao-do-50o-aniversario-escola-ermitagana-pamplona\/\" \/>\n<meta property=\"og:site_name\" content=\"En Compa\u00f1\u00eda STJ\" \/>\n<meta property=\"article:published_time\" content=\"2025-04-07T11:25:38+00:00\" \/>\n<meta property=\"article:modified_time\" content=\"2025-07-07T14:27:19+00:00\" \/>\n<meta property=\"og:image\" content=\"https:\/\/encompaniastj.org\/wp-content\/uploads\/2025\/05\/Imagen1-8.jpg\" \/>\n\t<meta property=\"og:image:width\" content=\"309\" \/>\n\t<meta property=\"og:image:height\" content=\"226\" \/>\n\t<meta property=\"og:image:type\" content=\"image\/jpeg\" \/>\n<meta name=\"author\" content=\"admin\" \/>\n<meta name=\"twitter:card\" content=\"summary_large_image\" \/>\n<meta name=\"twitter:label1\" content=\"Escrito por\" \/>\n\t<meta name=\"twitter:data1\" content=\"admin\" \/>\n\t<meta name=\"twitter:label2\" content=\"Tempo estimado de leitura\" \/>\n\t<meta name=\"twitter:data2\" content=\"3 minutos\" \/>\n<script type=\"application\/ld+json\" class=\"yoast-schema-graph\">{\"@context\":\"https:\\\/\\\/schema.org\",\"@graph\":[{\"@type\":\"Article\",\"@id\":\"https:\\\/\\\/encompaniastj.org\\\/pt-pt\\\/celebracao-do-50o-aniversario-escola-ermitagana-pamplona\\\/#article\",\"isPartOf\":{\"@id\":\"https:\\\/\\\/encompaniastj.org\\\/pt-pt\\\/celebracao-do-50o-aniversario-escola-ermitagana-pamplona\\\/\"},\"author\":{\"name\":\"admin\",\"@id\":\"https:\\\/\\\/encompaniastj.org\\\/pt-pt\\\/#\\\/schema\\\/person\\\/520e7ecc314793d40091993c2a02b651\"},\"headline\":\"Celebra\u00e7\u00e3o do 50\u00ba anivers\u00e1rio - Escola Ermitaga\u00f1a - Pamplona\",\"datePublished\":\"2025-04-07T11:25:38+00:00\",\"dateModified\":\"2025-07-07T14:27:19+00:00\",\"mainEntityOfPage\":{\"@id\":\"https:\\\/\\\/encompaniastj.org\\\/pt-pt\\\/celebracao-do-50o-aniversario-escola-ermitagana-pamplona\\\/\"},\"wordCount\":458,\"commentCount\":0,\"publisher\":{\"@id\":\"https:\\\/\\\/encompaniastj.org\\\/pt-pt\\\/#organization\"},\"image\":{\"@id\":\"https:\\\/\\\/encompaniastj.org\\\/pt-pt\\\/celebracao-do-50o-aniversario-escola-ermitagana-pamplona\\\/#primaryimage\"},\"thumbnailUrl\":\"https:\\\/\\\/encompaniastj.org\\\/wp-content\\\/uploads\\\/2025\\\/05\\\/Imagen1-8.jpg\",\"articleSection\":[\"STJ\",\"STJ pt\"],\"inLanguage\":\"pt-PT\",\"potentialAction\":[{\"@type\":\"CommentAction\",\"name\":\"Comment\",\"target\":[\"https:\\\/\\\/encompaniastj.org\\\/pt-pt\\\/celebracao-do-50o-aniversario-escola-ermitagana-pamplona\\\/#respond\"]}]},{\"@type\":\"WebPage\",\"@id\":\"https:\\\/\\\/encompaniastj.org\\\/pt-pt\\\/celebracao-do-50o-aniversario-escola-ermitagana-pamplona\\\/\",\"url\":\"https:\\\/\\\/encompaniastj.org\\\/pt-pt\\\/celebracao-do-50o-aniversario-escola-ermitagana-pamplona\\\/\",\"name\":\"Celebra\u00e7\u00e3o do 50\u00ba anivers\u00e1rio - Escola Ermitaga\u00f1a - Pamplona - En Compa\u00f1\u00eda STJ\",\"isPartOf\":{\"@id\":\"https:\\\/\\\/encompaniastj.org\\\/pt-pt\\\/#website\"},\"primaryImageOfPage\":{\"@id\":\"https:\\\/\\\/encompaniastj.org\\\/pt-pt\\\/celebracao-do-50o-aniversario-escola-ermitagana-pamplona\\\/#primaryimage\"},\"image\":{\"@id\":\"https:\\\/\\\/encompaniastj.org\\\/pt-pt\\\/celebracao-do-50o-aniversario-escola-ermitagana-pamplona\\\/#primaryimage\"},\"thumbnailUrl\":\"https:\\\/\\\/encompaniastj.org\\\/wp-content\\\/uploads\\\/2025\\\/05\\\/Imagen1-8.jpg\",\"datePublished\":\"2025-04-07T11:25:38+00:00\",\"dateModified\":\"2025-07-07T14:27:19+00:00\",\"breadcrumb\":{\"@id\":\"https:\\\/\\\/encompaniastj.org\\\/pt-pt\\\/celebracao-do-50o-aniversario-escola-ermitagana-pamplona\\\/#breadcrumb\"},\"inLanguage\":\"pt-PT\",\"potentialAction\":[{\"@type\":\"ReadAction\",\"target\":[\"https:\\\/\\\/encompaniastj.org\\\/pt-pt\\\/celebracao-do-50o-aniversario-escola-ermitagana-pamplona\\\/\"]}]},{\"@type\":\"ImageObject\",\"inLanguage\":\"pt-PT\",\"@id\":\"https:\\\/\\\/encompaniastj.org\\\/pt-pt\\\/celebracao-do-50o-aniversario-escola-ermitagana-pamplona\\\/#primaryimage\",\"url\":\"https:\\\/\\\/encompaniastj.org\\\/wp-content\\\/uploads\\\/2025\\\/05\\\/Imagen1-8.jpg\",\"contentUrl\":\"https:\\\/\\\/encompaniastj.org\\\/wp-content\\\/uploads\\\/2025\\\/05\\\/Imagen1-8.jpg\",\"width\":309,\"height\":226},{\"@type\":\"BreadcrumbList\",\"@id\":\"https:\\\/\\\/encompaniastj.org\\\/pt-pt\\\/celebracao-do-50o-aniversario-escola-ermitagana-pamplona\\\/#breadcrumb\",\"itemListElement\":[{\"@type\":\"ListItem\",\"position\":1,\"name\":\"Portada\",\"item\":\"https:\\\/\\\/encompaniastj.org\\\/pt-pt\\\/\"},{\"@type\":\"ListItem\",\"position\":2,\"name\":\"Celebra\u00e7\u00e3o do 50\u00ba anivers\u00e1rio - Escola Ermitaga\u00f1a - Pamplona\"}]},{\"@type\":\"WebSite\",\"@id\":\"https:\\\/\\\/encompaniastj.org\\\/pt-pt\\\/#website\",\"url\":\"https:\\\/\\\/encompaniastj.org\\\/pt-pt\\\/\",\"name\":\"En Compa\u00f1\u00eda STJ\",\"description\":\"Bolet\u00edn de la Compa\u00f1\u00eda de Santa Teresa de Jes\u00fas\",\"publisher\":{\"@id\":\"https:\\\/\\\/encompaniastj.org\\\/pt-pt\\\/#organization\"},\"potentialAction\":[{\"@type\":\"SearchAction\",\"target\":{\"@type\":\"EntryPoint\",\"urlTemplate\":\"https:\\\/\\\/encompaniastj.org\\\/pt-pt\\\/?s={search_term_string}\"},\"query-input\":{\"@type\":\"PropertyValueSpecification\",\"valueRequired\":true,\"valueName\":\"search_term_string\"}}],\"inLanguage\":\"pt-PT\"},{\"@type\":\"Organization\",\"@id\":\"https:\\\/\\\/encompaniastj.org\\\/pt-pt\\\/#organization\",\"name\":\"Compa\u00f1\u00eda de Santa Teresa de Jes\u00fas\",\"url\":\"https:\\\/\\\/encompaniastj.org\\\/pt-pt\\\/\",\"logo\":{\"@type\":\"ImageObject\",\"inLanguage\":\"pt-PT\",\"@id\":\"https:\\\/\\\/encompaniastj.org\\\/pt-pt\\\/#\\\/schema\\\/logo\\\/image\\\/\",\"url\":\"https:\\\/\\\/encompaniastj.org\\\/wp-content\\\/uploads\\\/2025\\\/04\\\/logo_provincias02-1-3.png\",\"contentUrl\":\"https:\\\/\\\/encompaniastj.org\\\/wp-content\\\/uploads\\\/2025\\\/04\\\/logo_provincias02-1-3.png\",\"width\":2368,\"height\":825,\"caption\":\"Compa\u00f1\u00eda de Santa Teresa de Jes\u00fas\"},\"image\":{\"@id\":\"https:\\\/\\\/encompaniastj.org\\\/pt-pt\\\/#\\\/schema\\\/logo\\\/image\\\/\"}},{\"@type\":\"Person\",\"@id\":\"https:\\\/\\\/encompaniastj.org\\\/pt-pt\\\/#\\\/schema\\\/person\\\/520e7ecc314793d40091993c2a02b651\",\"name\":\"admin\",\"image\":{\"@type\":\"ImageObject\",\"inLanguage\":\"pt-PT\",\"@id\":\"https:\\\/\\\/secure.gravatar.com\\\/avatar\\\/948b492cce32b586ac2db0eaa926ee87024f7afe218d73b397ea5ddfc5f43ea1?s=96&d=mm&r=g\",\"url\":\"https:\\\/\\\/secure.gravatar.com\\\/avatar\\\/948b492cce32b586ac2db0eaa926ee87024f7afe218d73b397ea5ddfc5f43ea1?s=96&d=mm&r=g\",\"contentUrl\":\"https:\\\/\\\/secure.gravatar.com\\\/avatar\\\/948b492cce32b586ac2db0eaa926ee87024f7afe218d73b397ea5ddfc5f43ea1?s=96&d=mm&r=g\",\"caption\":\"admin\"},\"sameAs\":[\"https:\\\/\\\/encompaniastj.org\"],\"url\":\"https:\\\/\\\/encompaniastj.org\\\/pt-pt\\\/author\\\/sjdigital\\\/\"}]}<\/script>\n<!-- \/ Yoast SEO plugin. -->","yoast_head_json":{"title":"Celebra\u00e7\u00e3o do 50\u00ba anivers\u00e1rio - Escola Ermitaga\u00f1a - Pamplona - En Compa\u00f1\u00eda STJ","robots":{"index":"index","follow":"follow","max-snippet":"max-snippet:-1","max-image-preview":"max-image-preview:large","max-video-preview":"max-video-preview:-1"},"canonical":"https:\/\/encompaniastj.org\/pt-pt\/celebracao-do-50o-aniversario-escola-ermitagana-pamplona\/","og_locale":"pt_PT","og_type":"article","og_title":"Celebra\u00e7\u00e3o do 50\u00ba anivers\u00e1rio - Escola Ermitaga\u00f1a - Pamplona - En Compa\u00f1\u00eda STJ","og_description":"No dia 29 de mar\u00e7o celebrou-se com grande entusiasmo e paix\u00e3o o 50\u00ba anivers\u00e1rio do Col\u00e9gio Teresiano de Ermitaga\u00f1a. A jornada, que foi muito agrad\u00e1vel, centrou-se na m\u00fasica como eixo [&hellip;]","og_url":"https:\/\/encompaniastj.org\/pt-pt\/celebracao-do-50o-aniversario-escola-ermitagana-pamplona\/","og_site_name":"En Compa\u00f1\u00eda STJ","article_published_time":"2025-04-07T11:25:38+00:00","article_modified_time":"2025-07-07T14:27:19+00:00","og_image":[{"width":309,"height":226,"url":"https:\/\/encompaniastj.org\/wp-content\/uploads\/2025\/05\/Imagen1-8.jpg","type":"image\/jpeg"}],"author":"admin","twitter_card":"summary_large_image","twitter_misc":{"Escrito por":"admin","Tempo estimado de leitura":"3 minutos"},"schema":{"@context":"https:\/\/schema.org","@graph":[{"@type":"Article","@id":"https:\/\/encompaniastj.org\/pt-pt\/celebracao-do-50o-aniversario-escola-ermitagana-pamplona\/#article","isPartOf":{"@id":"https:\/\/encompaniastj.org\/pt-pt\/celebracao-do-50o-aniversario-escola-ermitagana-pamplona\/"},"author":{"name":"admin","@id":"https:\/\/encompaniastj.org\/pt-pt\/#\/schema\/person\/520e7ecc314793d40091993c2a02b651"},"headline":"Celebra\u00e7\u00e3o do 50\u00ba anivers\u00e1rio - Escola Ermitaga\u00f1a - Pamplona","datePublished":"2025-04-07T11:25:38+00:00","dateModified":"2025-07-07T14:27:19+00:00","mainEntityOfPage":{"@id":"https:\/\/encompaniastj.org\/pt-pt\/celebracao-do-50o-aniversario-escola-ermitagana-pamplona\/"},"wordCount":458,"commentCount":0,"publisher":{"@id":"https:\/\/encompaniastj.org\/pt-pt\/#organization"},"image":{"@id":"https:\/\/encompaniastj.org\/pt-pt\/celebracao-do-50o-aniversario-escola-ermitagana-pamplona\/#primaryimage"},"thumbnailUrl":"https:\/\/encompaniastj.org\/wp-content\/uploads\/2025\/05\/Imagen1-8.jpg","articleSection":["STJ","STJ pt"],"inLanguage":"pt-PT","potentialAction":[{"@type":"CommentAction","name":"Comment","target":["https:\/\/encompaniastj.org\/pt-pt\/celebracao-do-50o-aniversario-escola-ermitagana-pamplona\/#respond"]}]},{"@type":"WebPage","@id":"https:\/\/encompaniastj.org\/pt-pt\/celebracao-do-50o-aniversario-escola-ermitagana-pamplona\/","url":"https:\/\/encompaniastj.org\/pt-pt\/celebracao-do-50o-aniversario-escola-ermitagana-pamplona\/","name":"Celebra\u00e7\u00e3o do 50\u00ba anivers\u00e1rio - Escola Ermitaga\u00f1a - Pamplona - En Compa\u00f1\u00eda STJ","isPartOf":{"@id":"https:\/\/encompaniastj.org\/pt-pt\/#website"},"primaryImageOfPage":{"@id":"https:\/\/encompaniastj.org\/pt-pt\/celebracao-do-50o-aniversario-escola-ermitagana-pamplona\/#primaryimage"},"image":{"@id":"https:\/\/encompaniastj.org\/pt-pt\/celebracao-do-50o-aniversario-escola-ermitagana-pamplona\/#primaryimage"},"thumbnailUrl":"https:\/\/encompaniastj.org\/wp-content\/uploads\/2025\/05\/Imagen1-8.jpg","datePublished":"2025-04-07T11:25:38+00:00","dateModified":"2025-07-07T14:27:19+00:00","breadcrumb":{"@id":"https:\/\/encompaniastj.org\/pt-pt\/celebracao-do-50o-aniversario-escola-ermitagana-pamplona\/#breadcrumb"},"inLanguage":"pt-PT","potentialAction":[{"@type":"ReadAction","target":["https:\/\/encompaniastj.org\/pt-pt\/celebracao-do-50o-aniversario-escola-ermitagana-pamplona\/"]}]},{"@type":"ImageObject","inLanguage":"pt-PT","@id":"https:\/\/encompaniastj.org\/pt-pt\/celebracao-do-50o-aniversario-escola-ermitagana-pamplona\/#primaryimage","url":"https:\/\/encompaniastj.org\/wp-content\/uploads\/2025\/05\/Imagen1-8.jpg","contentUrl":"https:\/\/encompaniastj.org\/wp-content\/uploads\/2025\/05\/Imagen1-8.jpg","width":309,"height":226},{"@type":"BreadcrumbList","@id":"https:\/\/encompaniastj.org\/pt-pt\/celebracao-do-50o-aniversario-escola-ermitagana-pamplona\/#breadcrumb","itemListElement":[{"@type":"ListItem","position":1,"name":"Portada","item":"https:\/\/encompaniastj.org\/pt-pt\/"},{"@type":"ListItem","position":2,"name":"Celebra\u00e7\u00e3o do 50\u00ba anivers\u00e1rio - Escola Ermitaga\u00f1a - Pamplona"}]},{"@type":"WebSite","@id":"https:\/\/encompaniastj.org\/pt-pt\/#website","url":"https:\/\/encompaniastj.org\/pt-pt\/","name":"En Compa\u00f1\u00eda STJ","description":"Bolet\u00edn de la Compa\u00f1\u00eda de Santa Teresa de Jes\u00fas","publisher":{"@id":"https:\/\/encompaniastj.org\/pt-pt\/#organization"},"potentialAction":[{"@type":"SearchAction","target":{"@type":"EntryPoint","urlTemplate":"https:\/\/encompaniastj.org\/pt-pt\/?s={search_term_string}"},"query-input":{"@type":"PropertyValueSpecification","valueRequired":true,"valueName":"search_term_string"}}],"inLanguage":"pt-PT"},{"@type":"Organization","@id":"https:\/\/encompaniastj.org\/pt-pt\/#organization","name":"Compa\u00f1\u00eda de Santa Teresa de Jes\u00fas","url":"https:\/\/encompaniastj.org\/pt-pt\/","logo":{"@type":"ImageObject","inLanguage":"pt-PT","@id":"https:\/\/encompaniastj.org\/pt-pt\/#\/schema\/logo\/image\/","url":"https:\/\/encompaniastj.org\/wp-content\/uploads\/2025\/04\/logo_provincias02-1-3.png","contentUrl":"https:\/\/encompaniastj.org\/wp-content\/uploads\/2025\/04\/logo_provincias02-1-3.png","width":2368,"height":825,"caption":"Compa\u00f1\u00eda de Santa Teresa de Jes\u00fas"},"image":{"@id":"https:\/\/encompaniastj.org\/pt-pt\/#\/schema\/logo\/image\/"}},{"@type":"Person","@id":"https:\/\/encompaniastj.org\/pt-pt\/#\/schema\/person\/520e7ecc314793d40091993c2a02b651","name":"admin","image":{"@type":"ImageObject","inLanguage":"pt-PT","@id":"https:\/\/secure.gravatar.com\/avatar\/948b492cce32b586ac2db0eaa926ee87024f7afe218d73b397ea5ddfc5f43ea1?s=96&d=mm&r=g","url":"https:\/\/secure.gravatar.com\/avatar\/948b492cce32b586ac2db0eaa926ee87024f7afe218d73b397ea5ddfc5f43ea1?s=96&d=mm&r=g","contentUrl":"https:\/\/secure.gravatar.com\/avatar\/948b492cce32b586ac2db0eaa926ee87024f7afe218d73b397ea5ddfc5f43ea1?s=96&d=mm&r=g","caption":"admin"},"sameAs":["https:\/\/encompaniastj.org"],"url":"https:\/\/encompaniastj.org\/pt-pt\/author\/sjdigital\/"}]}},"_links":{"self":[{"href":"https:\/\/encompaniastj.org\/pt-pt\/wp-json\/wp\/v2\/posts\/12667","targetHints":{"allow":["GET"]}}],"collection":[{"href":"https:\/\/encompaniastj.org\/pt-pt\/wp-json\/wp\/v2\/posts"}],"about":[{"href":"https:\/\/encompaniastj.org\/pt-pt\/wp-json\/wp\/v2\/types\/post"}],"author":[{"embeddable":true,"href":"https:\/\/encompaniastj.org\/pt-pt\/wp-json\/wp\/v2\/users\/1"}],"replies":[{"embeddable":true,"href":"https:\/\/encompaniastj.org\/pt-pt\/wp-json\/wp\/v2\/comments?post=12667"}],"version-history":[{"count":1,"href":"https:\/\/encompaniastj.org\/pt-pt\/wp-json\/wp\/v2\/posts\/12667\/revisions"}],"predecessor-version":[{"id":12668,"href":"https:\/\/encompaniastj.org\/pt-pt\/wp-json\/wp\/v2\/posts\/12667\/revisions\/12668"}],"wp:featuredmedia":[{"embeddable":true,"href":"https:\/\/encompaniastj.org\/pt-pt\/wp-json\/wp\/v2\/media\/9059"}],"wp:attachment":[{"href":"https:\/\/encompaniastj.org\/pt-pt\/wp-json\/wp\/v2\/media?parent=12667"}],"wp:term":[{"taxonomy":"category","embeddable":true,"href":"https:\/\/encompaniastj.org\/pt-pt\/wp-json\/wp\/v2\/categories?post=12667"},{"taxonomy":"post_tag","embeddable":true,"href":"https:\/\/encompaniastj.org\/pt-pt\/wp-json\/wp\/v2\/tags?post=12667"}],"curies":[{"name":"wp","href":"https:\/\/api.w.org\/{rel}","templated":true}]}}