{"id":12635,"date":"2025-03-14T12:41:04","date_gmt":"2025-03-14T11:41:04","guid":{"rendered":"https:\/\/encompaniastj.org\/leonor-afonso-pelicano-14-de-marco-de-2025-fatima-residencia\/"},"modified":"2025-10-15T12:52:21","modified_gmt":"2025-10-15T10:52:21","slug":"leonor-afonso-pelicano-14-de-marco-de-2025-fatima-residencia","status":"publish","type":"post","link":"https:\/\/encompaniastj.org\/pt-pt\/leonor-afonso-pelicano-14-de-marco-de-2025-fatima-residencia\/","title":{"rendered":"Leonor Afonso Pelicano. 14 de mar\u00e7o de 2025 (Resid\u00eancia de F\u00e1tima)"},"content":{"rendered":"<p>No dia 14 de mar\u00e7o de 2025, com 93 anos de idade, a Irm\u00e3 Leonor Afonso Pelicano partiu para a Casa do Pai, no hospital de Leiria. A Irm\u00e3 Leonor era membro da comunidade de F\u00e1tima desde 2014. Nasceu em Alfaiates\/Guarda. Entrou na Companhia de Santa Teresa de Jesus a 25 de abril de 1951, no noviciado de Braga. Na longa vida que o Senhor lhe deu, a Irm\u00e3 Leonor passou por diferentes comunidades. Salamanca foi a primeira comunidade a receb\u00ea-la depois dos primeiros votos no noviciado de Braga. Depois de Salamanca passa por Mora de Toledo e Ciudad de Rodrigo. Regressa a Portugal em agosto de 1986. Em Portugal esteve nas comunidades de Braga\/Resid\u00eancia de Meninas, Elvas\/Casa de Ora\u00e7\u00e3o, Alpalh\u00e3o e finalmente F\u00e1tima.        <\/p>\n<p>Quando se fala de Leonor Pelicano v\u00eam \u00e0 mente algumas cita\u00e7\u00f5es b\u00edblicas que reflectem um pouco a sua vida entre n\u00f3s: &#8220;Servi o Senhor com alegria&#8221; (Salmo 100,2); &#8220;A alegria do Senhor \u00e9 a nossa for\u00e7a&#8221; (Neemias, 8, 10). Eleanor era uma pessoa um tanto jocosa e bem-humorada. Os obst\u00e1culos que por vezes se lhe deparam na vida tornam-se um trampolim para atingir os seus objectivos. Nos seus di\u00e1logos com os seus ouvintes, surgia sempre espontaneamente uma frase proverbial que desarmava toda a gente. Sabemos tamb\u00e9m que a Leonor n\u00e3o se moveu num campo de rosas. Enfrenta dificuldades nas tarefas que lhe s\u00e3o atribu\u00eddas. No entanto, era bem vis\u00edvel para todos n\u00f3s que tudo o que realizava tinha a marca da generosidade e da alegria. Nos seus \u00faltimos anos, a sua fragilidade nunca o impediu de mostrar o que foi a sua vida ao longo de 93 anos. Foi um prazer para n\u00f3s passar pelo seu quarto para o visitar.        <\/p>\n<p>A retid\u00e3o com que agia era um espelho do que se passava dentro dele, na sua rela\u00e7\u00e3o com Deus, com Maria, com Henrique de Oss\u00f3. Ama apaixonadamente a Companhia. <\/p>\n<p>Tem um carinho especial pela sua fam\u00edlia. Acompanha com satisfa\u00e7\u00e3o e preocupa\u00e7\u00e3o os sucessos e as dificuldades que se lhe deparam nos diferentes caminhos. Eleanor tinha o poder de harmonizar a sua maneira suave com a sua maneira mais en\u00e9rgica.  <\/p>\n<p>Agradece ao Senhor pela sua vida. Descansa em paz, querida Irm\u00e3 Leonor. <\/p>\n","protected":false},"excerpt":{"rendered":"<p>No dia 14 de mar\u00e7o de 2025, com 93 anos de idade, a Irm\u00e3 Leonor Afonso Pelicano partiu para a Casa do Pai, no hospital de Leiria. A Irm\u00e3 Leonor [&hellip;]<\/p>\n","protected":false},"author":1,"featured_media":9044,"comment_status":"open","ping_status":"open","sticky":false,"template":"","format":"standard","meta":{"_acf_changed":false,"footnotes":""},"categories":[63],"tags":[],"class_list":["post-12635","post","type-post","status-publish","format-standard","has-post-thumbnail","hentry","category-fallecimientos"],"acf":[],"yoast_head":"<!-- This site is optimized with the Yoast SEO plugin v27.5 - https:\/\/yoast.com\/product\/yoast-seo-wordpress\/ -->\n<title>Leonor Afonso Pelicano. 14 de mar\u00e7o de 2025 (Resid\u00eancia de F\u00e1tima) - En Compa\u00f1\u00eda STJ<\/title>\n<meta name=\"robots\" content=\"index, follow, max-snippet:-1, max-image-preview:large, max-video-preview:-1\" \/>\n<link rel=\"canonical\" href=\"https:\/\/encompaniastj.org\/pt-pt\/leonor-afonso-pelicano-14-de-marco-de-2025-fatima-residencia\/\" \/>\n<meta property=\"og:locale\" content=\"pt_PT\" \/>\n<meta property=\"og:type\" content=\"article\" \/>\n<meta property=\"og:title\" content=\"Leonor Afonso Pelicano. 14 de mar\u00e7o de 2025 (Resid\u00eancia de F\u00e1tima) - En Compa\u00f1\u00eda STJ\" \/>\n<meta property=\"og:description\" content=\"No dia 14 de mar\u00e7o de 2025, com 93 anos de idade, a Irm\u00e3 Leonor Afonso Pelicano partiu para a Casa do Pai, no hospital de Leiria. A Irm\u00e3 Leonor [&hellip;]\" \/>\n<meta property=\"og:url\" content=\"https:\/\/encompaniastj.org\/pt-pt\/leonor-afonso-pelicano-14-de-marco-de-2025-fatima-residencia\/\" \/>\n<meta property=\"og:site_name\" content=\"En Compa\u00f1\u00eda STJ\" \/>\n<meta property=\"article:published_time\" content=\"2025-03-14T11:41:04+00:00\" \/>\n<meta property=\"article:modified_time\" content=\"2025-10-15T10:52:21+00:00\" \/>\n<meta property=\"og:image\" content=\"https:\/\/encompaniastj.org\/wp-content\/uploads\/2025\/05\/poppies-6476322_1280.jpg\" \/>\n\t<meta property=\"og:image:width\" content=\"1280\" \/>\n\t<meta property=\"og:image:height\" content=\"853\" \/>\n\t<meta property=\"og:image:type\" content=\"image\/jpeg\" \/>\n<meta name=\"author\" content=\"admin\" \/>\n<meta name=\"twitter:card\" content=\"summary_large_image\" \/>\n<meta name=\"twitter:label1\" content=\"Escrito por\" \/>\n\t<meta name=\"twitter:data1\" content=\"admin\" \/>\n\t<meta name=\"twitter:label2\" content=\"Tempo estimado de leitura\" \/>\n\t<meta name=\"twitter:data2\" content=\"2 minutos\" \/>\n<script type=\"application\/ld+json\" class=\"yoast-schema-graph\">{\"@context\":\"https:\\\/\\\/schema.org\",\"@graph\":[{\"@type\":\"Article\",\"@id\":\"https:\\\/\\\/encompaniastj.org\\\/pt-pt\\\/leonor-afonso-pelicano-14-de-marco-de-2025-fatima-residencia\\\/#article\",\"isPartOf\":{\"@id\":\"https:\\\/\\\/encompaniastj.org\\\/pt-pt\\\/leonor-afonso-pelicano-14-de-marco-de-2025-fatima-residencia\\\/\"},\"author\":{\"name\":\"admin\",\"@id\":\"https:\\\/\\\/encompaniastj.org\\\/pt-pt\\\/#\\\/schema\\\/person\\\/520e7ecc314793d40091993c2a02b651\"},\"headline\":\"Leonor Afonso Pelicano. 14 de mar\u00e7o de 2025 (Resid\u00eancia de F\u00e1tima)\",\"datePublished\":\"2025-03-14T11:41:04+00:00\",\"dateModified\":\"2025-10-15T10:52:21+00:00\",\"mainEntityOfPage\":{\"@id\":\"https:\\\/\\\/encompaniastj.org\\\/pt-pt\\\/leonor-afonso-pelicano-14-de-marco-de-2025-fatima-residencia\\\/\"},\"wordCount\":394,\"commentCount\":0,\"publisher\":{\"@id\":\"https:\\\/\\\/encompaniastj.org\\\/pt-pt\\\/#organization\"},\"image\":{\"@id\":\"https:\\\/\\\/encompaniastj.org\\\/pt-pt\\\/leonor-afonso-pelicano-14-de-marco-de-2025-fatima-residencia\\\/#primaryimage\"},\"thumbnailUrl\":\"https:\\\/\\\/encompaniastj.org\\\/wp-content\\\/uploads\\\/2025\\\/05\\\/poppies-6476322_1280.jpg\",\"articleSection\":[\"Fallecimientos\"],\"inLanguage\":\"pt-PT\",\"potentialAction\":[{\"@type\":\"CommentAction\",\"name\":\"Comment\",\"target\":[\"https:\\\/\\\/encompaniastj.org\\\/pt-pt\\\/leonor-afonso-pelicano-14-de-marco-de-2025-fatima-residencia\\\/#respond\"]}]},{\"@type\":\"WebPage\",\"@id\":\"https:\\\/\\\/encompaniastj.org\\\/pt-pt\\\/leonor-afonso-pelicano-14-de-marco-de-2025-fatima-residencia\\\/\",\"url\":\"https:\\\/\\\/encompaniastj.org\\\/pt-pt\\\/leonor-afonso-pelicano-14-de-marco-de-2025-fatima-residencia\\\/\",\"name\":\"Leonor Afonso Pelicano. 14 de mar\u00e7o de 2025 (Resid\u00eancia de F\u00e1tima) - En Compa\u00f1\u00eda STJ\",\"isPartOf\":{\"@id\":\"https:\\\/\\\/encompaniastj.org\\\/pt-pt\\\/#website\"},\"primaryImageOfPage\":{\"@id\":\"https:\\\/\\\/encompaniastj.org\\\/pt-pt\\\/leonor-afonso-pelicano-14-de-marco-de-2025-fatima-residencia\\\/#primaryimage\"},\"image\":{\"@id\":\"https:\\\/\\\/encompaniastj.org\\\/pt-pt\\\/leonor-afonso-pelicano-14-de-marco-de-2025-fatima-residencia\\\/#primaryimage\"},\"thumbnailUrl\":\"https:\\\/\\\/encompaniastj.org\\\/wp-content\\\/uploads\\\/2025\\\/05\\\/poppies-6476322_1280.jpg\",\"datePublished\":\"2025-03-14T11:41:04+00:00\",\"dateModified\":\"2025-10-15T10:52:21+00:00\",\"breadcrumb\":{\"@id\":\"https:\\\/\\\/encompaniastj.org\\\/pt-pt\\\/leonor-afonso-pelicano-14-de-marco-de-2025-fatima-residencia\\\/#breadcrumb\"},\"inLanguage\":\"pt-PT\",\"potentialAction\":[{\"@type\":\"ReadAction\",\"target\":[\"https:\\\/\\\/encompaniastj.org\\\/pt-pt\\\/leonor-afonso-pelicano-14-de-marco-de-2025-fatima-residencia\\\/\"]}]},{\"@type\":\"ImageObject\",\"inLanguage\":\"pt-PT\",\"@id\":\"https:\\\/\\\/encompaniastj.org\\\/pt-pt\\\/leonor-afonso-pelicano-14-de-marco-de-2025-fatima-residencia\\\/#primaryimage\",\"url\":\"https:\\\/\\\/encompaniastj.org\\\/wp-content\\\/uploads\\\/2025\\\/05\\\/poppies-6476322_1280.jpg\",\"contentUrl\":\"https:\\\/\\\/encompaniastj.org\\\/wp-content\\\/uploads\\\/2025\\\/05\\\/poppies-6476322_1280.jpg\",\"width\":1280,\"height\":853},{\"@type\":\"BreadcrumbList\",\"@id\":\"https:\\\/\\\/encompaniastj.org\\\/pt-pt\\\/leonor-afonso-pelicano-14-de-marco-de-2025-fatima-residencia\\\/#breadcrumb\",\"itemListElement\":[{\"@type\":\"ListItem\",\"position\":1,\"name\":\"Portada\",\"item\":\"https:\\\/\\\/encompaniastj.org\\\/pt-pt\\\/\"},{\"@type\":\"ListItem\",\"position\":2,\"name\":\"Leonor Afonso Pelicano. 14 de mar\u00e7o de 2025 (Resid\u00eancia de F\u00e1tima)\"}]},{\"@type\":\"WebSite\",\"@id\":\"https:\\\/\\\/encompaniastj.org\\\/pt-pt\\\/#website\",\"url\":\"https:\\\/\\\/encompaniastj.org\\\/pt-pt\\\/\",\"name\":\"En Compa\u00f1\u00eda STJ\",\"description\":\"Bolet\u00edn de la Compa\u00f1\u00eda de Santa Teresa de Jes\u00fas\",\"publisher\":{\"@id\":\"https:\\\/\\\/encompaniastj.org\\\/pt-pt\\\/#organization\"},\"potentialAction\":[{\"@type\":\"SearchAction\",\"target\":{\"@type\":\"EntryPoint\",\"urlTemplate\":\"https:\\\/\\\/encompaniastj.org\\\/pt-pt\\\/?s={search_term_string}\"},\"query-input\":{\"@type\":\"PropertyValueSpecification\",\"valueRequired\":true,\"valueName\":\"search_term_string\"}}],\"inLanguage\":\"pt-PT\"},{\"@type\":\"Organization\",\"@id\":\"https:\\\/\\\/encompaniastj.org\\\/pt-pt\\\/#organization\",\"name\":\"Compa\u00f1\u00eda de Santa Teresa de Jes\u00fas\",\"url\":\"https:\\\/\\\/encompaniastj.org\\\/pt-pt\\\/\",\"logo\":{\"@type\":\"ImageObject\",\"inLanguage\":\"pt-PT\",\"@id\":\"https:\\\/\\\/encompaniastj.org\\\/pt-pt\\\/#\\\/schema\\\/logo\\\/image\\\/\",\"url\":\"https:\\\/\\\/encompaniastj.org\\\/wp-content\\\/uploads\\\/2025\\\/04\\\/logo_provincias02-1-3.png\",\"contentUrl\":\"https:\\\/\\\/encompaniastj.org\\\/wp-content\\\/uploads\\\/2025\\\/04\\\/logo_provincias02-1-3.png\",\"width\":2368,\"height\":825,\"caption\":\"Compa\u00f1\u00eda de Santa Teresa de Jes\u00fas\"},\"image\":{\"@id\":\"https:\\\/\\\/encompaniastj.org\\\/pt-pt\\\/#\\\/schema\\\/logo\\\/image\\\/\"}},{\"@type\":\"Person\",\"@id\":\"https:\\\/\\\/encompaniastj.org\\\/pt-pt\\\/#\\\/schema\\\/person\\\/520e7ecc314793d40091993c2a02b651\",\"name\":\"admin\",\"image\":{\"@type\":\"ImageObject\",\"inLanguage\":\"pt-PT\",\"@id\":\"https:\\\/\\\/secure.gravatar.com\\\/avatar\\\/948b492cce32b586ac2db0eaa926ee87024f7afe218d73b397ea5ddfc5f43ea1?s=96&d=mm&r=g\",\"url\":\"https:\\\/\\\/secure.gravatar.com\\\/avatar\\\/948b492cce32b586ac2db0eaa926ee87024f7afe218d73b397ea5ddfc5f43ea1?s=96&d=mm&r=g\",\"contentUrl\":\"https:\\\/\\\/secure.gravatar.com\\\/avatar\\\/948b492cce32b586ac2db0eaa926ee87024f7afe218d73b397ea5ddfc5f43ea1?s=96&d=mm&r=g\",\"caption\":\"admin\"},\"sameAs\":[\"https:\\\/\\\/encompaniastj.org\"],\"url\":\"https:\\\/\\\/encompaniastj.org\\\/pt-pt\\\/author\\\/sjdigital\\\/\"}]}<\/script>\n<!-- \/ Yoast SEO plugin. -->","yoast_head_json":{"title":"Leonor Afonso Pelicano. 14 de mar\u00e7o de 2025 (Resid\u00eancia de F\u00e1tima) - En Compa\u00f1\u00eda STJ","robots":{"index":"index","follow":"follow","max-snippet":"max-snippet:-1","max-image-preview":"max-image-preview:large","max-video-preview":"max-video-preview:-1"},"canonical":"https:\/\/encompaniastj.org\/pt-pt\/leonor-afonso-pelicano-14-de-marco-de-2025-fatima-residencia\/","og_locale":"pt_PT","og_type":"article","og_title":"Leonor Afonso Pelicano. 14 de mar\u00e7o de 2025 (Resid\u00eancia de F\u00e1tima) - En Compa\u00f1\u00eda STJ","og_description":"No dia 14 de mar\u00e7o de 2025, com 93 anos de idade, a Irm\u00e3 Leonor Afonso Pelicano partiu para a Casa do Pai, no hospital de Leiria. A Irm\u00e3 Leonor [&hellip;]","og_url":"https:\/\/encompaniastj.org\/pt-pt\/leonor-afonso-pelicano-14-de-marco-de-2025-fatima-residencia\/","og_site_name":"En Compa\u00f1\u00eda STJ","article_published_time":"2025-03-14T11:41:04+00:00","article_modified_time":"2025-10-15T10:52:21+00:00","og_image":[{"width":1280,"height":853,"url":"https:\/\/encompaniastj.org\/wp-content\/uploads\/2025\/05\/poppies-6476322_1280.jpg","type":"image\/jpeg"}],"author":"admin","twitter_card":"summary_large_image","twitter_misc":{"Escrito por":"admin","Tempo estimado de leitura":"2 minutos"},"schema":{"@context":"https:\/\/schema.org","@graph":[{"@type":"Article","@id":"https:\/\/encompaniastj.org\/pt-pt\/leonor-afonso-pelicano-14-de-marco-de-2025-fatima-residencia\/#article","isPartOf":{"@id":"https:\/\/encompaniastj.org\/pt-pt\/leonor-afonso-pelicano-14-de-marco-de-2025-fatima-residencia\/"},"author":{"name":"admin","@id":"https:\/\/encompaniastj.org\/pt-pt\/#\/schema\/person\/520e7ecc314793d40091993c2a02b651"},"headline":"Leonor Afonso Pelicano. 14 de mar\u00e7o de 2025 (Resid\u00eancia de F\u00e1tima)","datePublished":"2025-03-14T11:41:04+00:00","dateModified":"2025-10-15T10:52:21+00:00","mainEntityOfPage":{"@id":"https:\/\/encompaniastj.org\/pt-pt\/leonor-afonso-pelicano-14-de-marco-de-2025-fatima-residencia\/"},"wordCount":394,"commentCount":0,"publisher":{"@id":"https:\/\/encompaniastj.org\/pt-pt\/#organization"},"image":{"@id":"https:\/\/encompaniastj.org\/pt-pt\/leonor-afonso-pelicano-14-de-marco-de-2025-fatima-residencia\/#primaryimage"},"thumbnailUrl":"https:\/\/encompaniastj.org\/wp-content\/uploads\/2025\/05\/poppies-6476322_1280.jpg","articleSection":["Fallecimientos"],"inLanguage":"pt-PT","potentialAction":[{"@type":"CommentAction","name":"Comment","target":["https:\/\/encompaniastj.org\/pt-pt\/leonor-afonso-pelicano-14-de-marco-de-2025-fatima-residencia\/#respond"]}]},{"@type":"WebPage","@id":"https:\/\/encompaniastj.org\/pt-pt\/leonor-afonso-pelicano-14-de-marco-de-2025-fatima-residencia\/","url":"https:\/\/encompaniastj.org\/pt-pt\/leonor-afonso-pelicano-14-de-marco-de-2025-fatima-residencia\/","name":"Leonor Afonso Pelicano. 14 de mar\u00e7o de 2025 (Resid\u00eancia de F\u00e1tima) - En Compa\u00f1\u00eda STJ","isPartOf":{"@id":"https:\/\/encompaniastj.org\/pt-pt\/#website"},"primaryImageOfPage":{"@id":"https:\/\/encompaniastj.org\/pt-pt\/leonor-afonso-pelicano-14-de-marco-de-2025-fatima-residencia\/#primaryimage"},"image":{"@id":"https:\/\/encompaniastj.org\/pt-pt\/leonor-afonso-pelicano-14-de-marco-de-2025-fatima-residencia\/#primaryimage"},"thumbnailUrl":"https:\/\/encompaniastj.org\/wp-content\/uploads\/2025\/05\/poppies-6476322_1280.jpg","datePublished":"2025-03-14T11:41:04+00:00","dateModified":"2025-10-15T10:52:21+00:00","breadcrumb":{"@id":"https:\/\/encompaniastj.org\/pt-pt\/leonor-afonso-pelicano-14-de-marco-de-2025-fatima-residencia\/#breadcrumb"},"inLanguage":"pt-PT","potentialAction":[{"@type":"ReadAction","target":["https:\/\/encompaniastj.org\/pt-pt\/leonor-afonso-pelicano-14-de-marco-de-2025-fatima-residencia\/"]}]},{"@type":"ImageObject","inLanguage":"pt-PT","@id":"https:\/\/encompaniastj.org\/pt-pt\/leonor-afonso-pelicano-14-de-marco-de-2025-fatima-residencia\/#primaryimage","url":"https:\/\/encompaniastj.org\/wp-content\/uploads\/2025\/05\/poppies-6476322_1280.jpg","contentUrl":"https:\/\/encompaniastj.org\/wp-content\/uploads\/2025\/05\/poppies-6476322_1280.jpg","width":1280,"height":853},{"@type":"BreadcrumbList","@id":"https:\/\/encompaniastj.org\/pt-pt\/leonor-afonso-pelicano-14-de-marco-de-2025-fatima-residencia\/#breadcrumb","itemListElement":[{"@type":"ListItem","position":1,"name":"Portada","item":"https:\/\/encompaniastj.org\/pt-pt\/"},{"@type":"ListItem","position":2,"name":"Leonor Afonso Pelicano. 14 de mar\u00e7o de 2025 (Resid\u00eancia de F\u00e1tima)"}]},{"@type":"WebSite","@id":"https:\/\/encompaniastj.org\/pt-pt\/#website","url":"https:\/\/encompaniastj.org\/pt-pt\/","name":"En Compa\u00f1\u00eda STJ","description":"Bolet\u00edn de la Compa\u00f1\u00eda de Santa Teresa de Jes\u00fas","publisher":{"@id":"https:\/\/encompaniastj.org\/pt-pt\/#organization"},"potentialAction":[{"@type":"SearchAction","target":{"@type":"EntryPoint","urlTemplate":"https:\/\/encompaniastj.org\/pt-pt\/?s={search_term_string}"},"query-input":{"@type":"PropertyValueSpecification","valueRequired":true,"valueName":"search_term_string"}}],"inLanguage":"pt-PT"},{"@type":"Organization","@id":"https:\/\/encompaniastj.org\/pt-pt\/#organization","name":"Compa\u00f1\u00eda de Santa Teresa de Jes\u00fas","url":"https:\/\/encompaniastj.org\/pt-pt\/","logo":{"@type":"ImageObject","inLanguage":"pt-PT","@id":"https:\/\/encompaniastj.org\/pt-pt\/#\/schema\/logo\/image\/","url":"https:\/\/encompaniastj.org\/wp-content\/uploads\/2025\/04\/logo_provincias02-1-3.png","contentUrl":"https:\/\/encompaniastj.org\/wp-content\/uploads\/2025\/04\/logo_provincias02-1-3.png","width":2368,"height":825,"caption":"Compa\u00f1\u00eda de Santa Teresa de Jes\u00fas"},"image":{"@id":"https:\/\/encompaniastj.org\/pt-pt\/#\/schema\/logo\/image\/"}},{"@type":"Person","@id":"https:\/\/encompaniastj.org\/pt-pt\/#\/schema\/person\/520e7ecc314793d40091993c2a02b651","name":"admin","image":{"@type":"ImageObject","inLanguage":"pt-PT","@id":"https:\/\/secure.gravatar.com\/avatar\/948b492cce32b586ac2db0eaa926ee87024f7afe218d73b397ea5ddfc5f43ea1?s=96&d=mm&r=g","url":"https:\/\/secure.gravatar.com\/avatar\/948b492cce32b586ac2db0eaa926ee87024f7afe218d73b397ea5ddfc5f43ea1?s=96&d=mm&r=g","contentUrl":"https:\/\/secure.gravatar.com\/avatar\/948b492cce32b586ac2db0eaa926ee87024f7afe218d73b397ea5ddfc5f43ea1?s=96&d=mm&r=g","caption":"admin"},"sameAs":["https:\/\/encompaniastj.org"],"url":"https:\/\/encompaniastj.org\/pt-pt\/author\/sjdigital\/"}]}},"_links":{"self":[{"href":"https:\/\/encompaniastj.org\/pt-pt\/wp-json\/wp\/v2\/posts\/12635","targetHints":{"allow":["GET"]}}],"collection":[{"href":"https:\/\/encompaniastj.org\/pt-pt\/wp-json\/wp\/v2\/posts"}],"about":[{"href":"https:\/\/encompaniastj.org\/pt-pt\/wp-json\/wp\/v2\/types\/post"}],"author":[{"embeddable":true,"href":"https:\/\/encompaniastj.org\/pt-pt\/wp-json\/wp\/v2\/users\/1"}],"replies":[{"embeddable":true,"href":"https:\/\/encompaniastj.org\/pt-pt\/wp-json\/wp\/v2\/comments?post=12635"}],"version-history":[{"count":2,"href":"https:\/\/encompaniastj.org\/pt-pt\/wp-json\/wp\/v2\/posts\/12635\/revisions"}],"predecessor-version":[{"id":14741,"href":"https:\/\/encompaniastj.org\/pt-pt\/wp-json\/wp\/v2\/posts\/12635\/revisions\/14741"}],"wp:featuredmedia":[{"embeddable":true,"href":"https:\/\/encompaniastj.org\/pt-pt\/wp-json\/wp\/v2\/media\/9044"}],"wp:attachment":[{"href":"https:\/\/encompaniastj.org\/pt-pt\/wp-json\/wp\/v2\/media?parent=12635"}],"wp:term":[{"taxonomy":"category","embeddable":true,"href":"https:\/\/encompaniastj.org\/pt-pt\/wp-json\/wp\/v2\/categories?post=12635"},{"taxonomy":"post_tag","embeddable":true,"href":"https:\/\/encompaniastj.org\/pt-pt\/wp-json\/wp\/v2\/tags?post=12635"}],"curies":[{"name":"wp","href":"https:\/\/api.w.org\/{rel}","templated":true}]}}