{"id":12631,"date":"2025-03-13T12:14:49","date_gmt":"2025-03-13T11:14:49","guid":{"rendered":"https:\/\/encompaniastj.org\/retiro-de-quaresma-do-mta-2025-em-la-jara\/"},"modified":"2025-07-07T16:27:15","modified_gmt":"2025-07-07T14:27:15","slug":"retiro-de-quaresma-do-mta-2025-em-la-jara","status":"publish","type":"post","link":"https:\/\/encompaniastj.org\/pt-pt\/retiro-de-quaresma-do-mta-2025-em-la-jara\/","title":{"rendered":"Retiro de Quaresma do MTA 2025 em LA JARA"},"content":{"rendered":"<p><strong>\u201cPERFURAR A REALIDADE.ABRIR-SE \u00c0 PERGUNTA\u201d.<\/strong><\/p>\n<p>Em La Jara, C\u00e1dis. Reuniram-se os membros da MTA de Sevilha, Huelva e Madrid. Fomos acompanhados por Lourdes Badenes STJ e pelos assessores da MTA Jacinta Garc\u00eda e Sagrario G\u00f3mez.<\/p>\n<p>Um fim de semana de reencontros, de descobertas, de risoterapia, de vida no meio da natureza, agradecendo a b\u00ean\u00e7\u00e3o da \u00e1gua e sobretudo os poucos raios de sol que milagrosamente apareceram durante os dois dias.<\/p>\n<p>\u201cPerfurar a realidade\u201d para encontrar a riqueza que habita em n\u00f3s e que \u00e9 boa para n\u00f3s pessoalmente e para o mundo.<\/p>\n<p>Abrir-se \u00e0 pergunta, a que Jesus nos faz e as que n\u00f3s pr\u00f3prios fazemos.<\/p>\n<p>A partir de personagens b\u00edblicos, \u201credescobrindo-os\u201d com um novo olhar gra\u00e7as a uma hist\u00f3ria que \u00e9 ora\u00e7\u00e3o&#8230;<\/p>\n<p>Deixar ressoar as dimens\u00f5es propostas: o perd\u00e3o, o desejo, a gratid\u00e3o.<\/p>\n<p>Ressoou fortemente em n\u00f3s: \u201cesque\u00e7amos de ajudar Deus em todos os momentos e rezemos uns pelos outros para sermos os servos de que Deus precisa\u201d.<\/p>\n<p>Que o Senhor nos acompanhe na nossa \u201csubida\u201d a Jerusal\u00e9m para ressuscitar para a Vida.<\/p>\n<p>Obrigado Lourdes por este presente e a todos v\u00f3s que tornaram poss\u00edvel este encontro comunit\u00e1rio. (MTA de Sevilha, Huelva e Madrid)<\/p>\n<p><img loading=\"lazy\" decoding=\"async\" class=\"aligncenter wp-image-14722 size-full\" src=\"https:\/\/encompaniastj.org\/wp-content\/uploads\/2025\/05\/c2-15.png\" alt=\"\" width=\"800\" height=\"800\" \/> <img loading=\"lazy\" decoding=\"async\" class=\"aligncenter wp-image-14724 size-large\" src=\"https:\/\/encompaniastj.org\/wp-content\/uploads\/2025\/05\/PHOTO-2025-03-10-15-31-22.jpg\" alt=\"\" width=\"911\" height=\"1024\" \/><\/p>\n","protected":false},"excerpt":{"rendered":"<p>\u201cPERFURAR A REALIDADE.ABRIR-SE \u00c0 PERGUNTA\u201d. Em La Jara, C\u00e1dis. Reuniram-se os membros da MTA de Sevilha, Huelva e Madrid. Fomos acompanhados por Lourdes Badenes STJ e pelos assessores da MTA [&hellip;]<\/p>\n","protected":false},"author":1,"featured_media":9042,"comment_status":"open","ping_status":"open","sticky":false,"template":"","format":"standard","meta":{"_acf_changed":false,"footnotes":""},"categories":[79,81],"tags":[],"class_list":["post-12631","post","type-post","status-publish","format-standard","has-post-thumbnail","hentry","category-stj","category-stj-pt"],"acf":[],"yoast_head":"<!-- This site is optimized with the Yoast SEO plugin v27.5 - https:\/\/yoast.com\/product\/yoast-seo-wordpress\/ -->\n<title>Retiro de Quaresma do MTA 2025 em LA JARA - En Compa\u00f1\u00eda STJ<\/title>\n<meta name=\"robots\" content=\"index, follow, max-snippet:-1, max-image-preview:large, max-video-preview:-1\" \/>\n<link rel=\"canonical\" href=\"https:\/\/encompaniastj.org\/pt-pt\/retiro-de-quaresma-do-mta-2025-em-la-jara\/\" \/>\n<meta property=\"og:locale\" content=\"pt_PT\" \/>\n<meta property=\"og:type\" content=\"article\" \/>\n<meta property=\"og:title\" content=\"Retiro de Quaresma do MTA 2025 em LA JARA - En Compa\u00f1\u00eda STJ\" \/>\n<meta property=\"og:description\" content=\"\u201cPERFURAR A REALIDADE.ABRIR-SE \u00c0 PERGUNTA\u201d. Em La Jara, C\u00e1dis. Reuniram-se os membros da MTA de Sevilha, Huelva e Madrid. Fomos acompanhados por Lourdes Badenes STJ e pelos assessores da MTA [&hellip;]\" \/>\n<meta property=\"og:url\" content=\"https:\/\/encompaniastj.org\/pt-pt\/retiro-de-quaresma-do-mta-2025-em-la-jara\/\" \/>\n<meta property=\"og:site_name\" content=\"En Compa\u00f1\u00eda STJ\" \/>\n<meta property=\"article:published_time\" content=\"2025-03-13T11:14:49+00:00\" \/>\n<meta property=\"article:modified_time\" content=\"2025-07-07T14:27:15+00:00\" \/>\n<meta property=\"og:image\" content=\"https:\/\/encompaniastj.org\/wp-content\/uploads\/2025\/05\/c1-14.png\" \/>\n\t<meta property=\"og:image:width\" content=\"800\" \/>\n\t<meta property=\"og:image:height\" content=\"800\" \/>\n\t<meta property=\"og:image:type\" content=\"image\/png\" \/>\n<meta name=\"author\" content=\"admin\" \/>\n<meta name=\"twitter:card\" content=\"summary_large_image\" \/>\n<meta name=\"twitter:label1\" content=\"Escrito por\" \/>\n\t<meta name=\"twitter:data1\" content=\"admin\" \/>\n\t<meta name=\"twitter:label2\" content=\"Tempo estimado de leitura\" \/>\n\t<meta name=\"twitter:data2\" content=\"2 minutos\" \/>\n<script type=\"application\/ld+json\" class=\"yoast-schema-graph\">{\"@context\":\"https:\\\/\\\/schema.org\",\"@graph\":[{\"@type\":\"Article\",\"@id\":\"https:\\\/\\\/encompaniastj.org\\\/pt-pt\\\/retiro-de-quaresma-do-mta-2025-em-la-jara\\\/#article\",\"isPartOf\":{\"@id\":\"https:\\\/\\\/encompaniastj.org\\\/pt-pt\\\/retiro-de-quaresma-do-mta-2025-em-la-jara\\\/\"},\"author\":{\"name\":\"admin\",\"@id\":\"https:\\\/\\\/encompaniastj.org\\\/pt-pt\\\/#\\\/schema\\\/person\\\/520e7ecc314793d40091993c2a02b651\"},\"headline\":\"Retiro de Quaresma do MTA 2025 em LA JARA\",\"datePublished\":\"2025-03-13T11:14:49+00:00\",\"dateModified\":\"2025-07-07T14:27:15+00:00\",\"mainEntityOfPage\":{\"@id\":\"https:\\\/\\\/encompaniastj.org\\\/pt-pt\\\/retiro-de-quaresma-do-mta-2025-em-la-jara\\\/\"},\"wordCount\":222,\"commentCount\":0,\"publisher\":{\"@id\":\"https:\\\/\\\/encompaniastj.org\\\/pt-pt\\\/#organization\"},\"image\":{\"@id\":\"https:\\\/\\\/encompaniastj.org\\\/pt-pt\\\/retiro-de-quaresma-do-mta-2025-em-la-jara\\\/#primaryimage\"},\"thumbnailUrl\":\"https:\\\/\\\/encompaniastj.org\\\/wp-content\\\/uploads\\\/2025\\\/05\\\/c1-14.png\",\"articleSection\":[\"STJ\",\"STJ pt\"],\"inLanguage\":\"pt-PT\",\"potentialAction\":[{\"@type\":\"CommentAction\",\"name\":\"Comment\",\"target\":[\"https:\\\/\\\/encompaniastj.org\\\/pt-pt\\\/retiro-de-quaresma-do-mta-2025-em-la-jara\\\/#respond\"]}]},{\"@type\":\"WebPage\",\"@id\":\"https:\\\/\\\/encompaniastj.org\\\/pt-pt\\\/retiro-de-quaresma-do-mta-2025-em-la-jara\\\/\",\"url\":\"https:\\\/\\\/encompaniastj.org\\\/pt-pt\\\/retiro-de-quaresma-do-mta-2025-em-la-jara\\\/\",\"name\":\"Retiro de Quaresma do MTA 2025 em LA JARA - En Compa\u00f1\u00eda STJ\",\"isPartOf\":{\"@id\":\"https:\\\/\\\/encompaniastj.org\\\/pt-pt\\\/#website\"},\"primaryImageOfPage\":{\"@id\":\"https:\\\/\\\/encompaniastj.org\\\/pt-pt\\\/retiro-de-quaresma-do-mta-2025-em-la-jara\\\/#primaryimage\"},\"image\":{\"@id\":\"https:\\\/\\\/encompaniastj.org\\\/pt-pt\\\/retiro-de-quaresma-do-mta-2025-em-la-jara\\\/#primaryimage\"},\"thumbnailUrl\":\"https:\\\/\\\/encompaniastj.org\\\/wp-content\\\/uploads\\\/2025\\\/05\\\/c1-14.png\",\"datePublished\":\"2025-03-13T11:14:49+00:00\",\"dateModified\":\"2025-07-07T14:27:15+00:00\",\"breadcrumb\":{\"@id\":\"https:\\\/\\\/encompaniastj.org\\\/pt-pt\\\/retiro-de-quaresma-do-mta-2025-em-la-jara\\\/#breadcrumb\"},\"inLanguage\":\"pt-PT\",\"potentialAction\":[{\"@type\":\"ReadAction\",\"target\":[\"https:\\\/\\\/encompaniastj.org\\\/pt-pt\\\/retiro-de-quaresma-do-mta-2025-em-la-jara\\\/\"]}]},{\"@type\":\"ImageObject\",\"inLanguage\":\"pt-PT\",\"@id\":\"https:\\\/\\\/encompaniastj.org\\\/pt-pt\\\/retiro-de-quaresma-do-mta-2025-em-la-jara\\\/#primaryimage\",\"url\":\"https:\\\/\\\/encompaniastj.org\\\/wp-content\\\/uploads\\\/2025\\\/05\\\/c1-14.png\",\"contentUrl\":\"https:\\\/\\\/encompaniastj.org\\\/wp-content\\\/uploads\\\/2025\\\/05\\\/c1-14.png\",\"width\":800,\"height\":800},{\"@type\":\"BreadcrumbList\",\"@id\":\"https:\\\/\\\/encompaniastj.org\\\/pt-pt\\\/retiro-de-quaresma-do-mta-2025-em-la-jara\\\/#breadcrumb\",\"itemListElement\":[{\"@type\":\"ListItem\",\"position\":1,\"name\":\"Portada\",\"item\":\"https:\\\/\\\/encompaniastj.org\\\/pt-pt\\\/\"},{\"@type\":\"ListItem\",\"position\":2,\"name\":\"Retiro de Quaresma do MTA 2025 em LA JARA\"}]},{\"@type\":\"WebSite\",\"@id\":\"https:\\\/\\\/encompaniastj.org\\\/pt-pt\\\/#website\",\"url\":\"https:\\\/\\\/encompaniastj.org\\\/pt-pt\\\/\",\"name\":\"En Compa\u00f1\u00eda STJ\",\"description\":\"Bolet\u00edn de la Compa\u00f1\u00eda de Santa Teresa de Jes\u00fas\",\"publisher\":{\"@id\":\"https:\\\/\\\/encompaniastj.org\\\/pt-pt\\\/#organization\"},\"potentialAction\":[{\"@type\":\"SearchAction\",\"target\":{\"@type\":\"EntryPoint\",\"urlTemplate\":\"https:\\\/\\\/encompaniastj.org\\\/pt-pt\\\/?s={search_term_string}\"},\"query-input\":{\"@type\":\"PropertyValueSpecification\",\"valueRequired\":true,\"valueName\":\"search_term_string\"}}],\"inLanguage\":\"pt-PT\"},{\"@type\":\"Organization\",\"@id\":\"https:\\\/\\\/encompaniastj.org\\\/pt-pt\\\/#organization\",\"name\":\"Compa\u00f1\u00eda de Santa Teresa de Jes\u00fas\",\"url\":\"https:\\\/\\\/encompaniastj.org\\\/pt-pt\\\/\",\"logo\":{\"@type\":\"ImageObject\",\"inLanguage\":\"pt-PT\",\"@id\":\"https:\\\/\\\/encompaniastj.org\\\/pt-pt\\\/#\\\/schema\\\/logo\\\/image\\\/\",\"url\":\"https:\\\/\\\/encompaniastj.org\\\/wp-content\\\/uploads\\\/2025\\\/04\\\/logo_provincias02-1-3.png\",\"contentUrl\":\"https:\\\/\\\/encompaniastj.org\\\/wp-content\\\/uploads\\\/2025\\\/04\\\/logo_provincias02-1-3.png\",\"width\":2368,\"height\":825,\"caption\":\"Compa\u00f1\u00eda de Santa Teresa de Jes\u00fas\"},\"image\":{\"@id\":\"https:\\\/\\\/encompaniastj.org\\\/pt-pt\\\/#\\\/schema\\\/logo\\\/image\\\/\"}},{\"@type\":\"Person\",\"@id\":\"https:\\\/\\\/encompaniastj.org\\\/pt-pt\\\/#\\\/schema\\\/person\\\/520e7ecc314793d40091993c2a02b651\",\"name\":\"admin\",\"image\":{\"@type\":\"ImageObject\",\"inLanguage\":\"pt-PT\",\"@id\":\"https:\\\/\\\/secure.gravatar.com\\\/avatar\\\/948b492cce32b586ac2db0eaa926ee87024f7afe218d73b397ea5ddfc5f43ea1?s=96&d=mm&r=g\",\"url\":\"https:\\\/\\\/secure.gravatar.com\\\/avatar\\\/948b492cce32b586ac2db0eaa926ee87024f7afe218d73b397ea5ddfc5f43ea1?s=96&d=mm&r=g\",\"contentUrl\":\"https:\\\/\\\/secure.gravatar.com\\\/avatar\\\/948b492cce32b586ac2db0eaa926ee87024f7afe218d73b397ea5ddfc5f43ea1?s=96&d=mm&r=g\",\"caption\":\"admin\"},\"sameAs\":[\"https:\\\/\\\/encompaniastj.org\"],\"url\":\"https:\\\/\\\/encompaniastj.org\\\/pt-pt\\\/author\\\/sjdigital\\\/\"}]}<\/script>\n<!-- \/ Yoast SEO plugin. -->","yoast_head_json":{"title":"Retiro de Quaresma do MTA 2025 em LA JARA - En Compa\u00f1\u00eda STJ","robots":{"index":"index","follow":"follow","max-snippet":"max-snippet:-1","max-image-preview":"max-image-preview:large","max-video-preview":"max-video-preview:-1"},"canonical":"https:\/\/encompaniastj.org\/pt-pt\/retiro-de-quaresma-do-mta-2025-em-la-jara\/","og_locale":"pt_PT","og_type":"article","og_title":"Retiro de Quaresma do MTA 2025 em LA JARA - En Compa\u00f1\u00eda STJ","og_description":"\u201cPERFURAR A REALIDADE.ABRIR-SE \u00c0 PERGUNTA\u201d. Em La Jara, C\u00e1dis. Reuniram-se os membros da MTA de Sevilha, Huelva e Madrid. Fomos acompanhados por Lourdes Badenes STJ e pelos assessores da MTA [&hellip;]","og_url":"https:\/\/encompaniastj.org\/pt-pt\/retiro-de-quaresma-do-mta-2025-em-la-jara\/","og_site_name":"En Compa\u00f1\u00eda STJ","article_published_time":"2025-03-13T11:14:49+00:00","article_modified_time":"2025-07-07T14:27:15+00:00","og_image":[{"width":800,"height":800,"url":"https:\/\/encompaniastj.org\/wp-content\/uploads\/2025\/05\/c1-14.png","type":"image\/png"}],"author":"admin","twitter_card":"summary_large_image","twitter_misc":{"Escrito por":"admin","Tempo estimado de leitura":"2 minutos"},"schema":{"@context":"https:\/\/schema.org","@graph":[{"@type":"Article","@id":"https:\/\/encompaniastj.org\/pt-pt\/retiro-de-quaresma-do-mta-2025-em-la-jara\/#article","isPartOf":{"@id":"https:\/\/encompaniastj.org\/pt-pt\/retiro-de-quaresma-do-mta-2025-em-la-jara\/"},"author":{"name":"admin","@id":"https:\/\/encompaniastj.org\/pt-pt\/#\/schema\/person\/520e7ecc314793d40091993c2a02b651"},"headline":"Retiro de Quaresma do MTA 2025 em LA JARA","datePublished":"2025-03-13T11:14:49+00:00","dateModified":"2025-07-07T14:27:15+00:00","mainEntityOfPage":{"@id":"https:\/\/encompaniastj.org\/pt-pt\/retiro-de-quaresma-do-mta-2025-em-la-jara\/"},"wordCount":222,"commentCount":0,"publisher":{"@id":"https:\/\/encompaniastj.org\/pt-pt\/#organization"},"image":{"@id":"https:\/\/encompaniastj.org\/pt-pt\/retiro-de-quaresma-do-mta-2025-em-la-jara\/#primaryimage"},"thumbnailUrl":"https:\/\/encompaniastj.org\/wp-content\/uploads\/2025\/05\/c1-14.png","articleSection":["STJ","STJ pt"],"inLanguage":"pt-PT","potentialAction":[{"@type":"CommentAction","name":"Comment","target":["https:\/\/encompaniastj.org\/pt-pt\/retiro-de-quaresma-do-mta-2025-em-la-jara\/#respond"]}]},{"@type":"WebPage","@id":"https:\/\/encompaniastj.org\/pt-pt\/retiro-de-quaresma-do-mta-2025-em-la-jara\/","url":"https:\/\/encompaniastj.org\/pt-pt\/retiro-de-quaresma-do-mta-2025-em-la-jara\/","name":"Retiro de Quaresma do MTA 2025 em LA JARA - En Compa\u00f1\u00eda STJ","isPartOf":{"@id":"https:\/\/encompaniastj.org\/pt-pt\/#website"},"primaryImageOfPage":{"@id":"https:\/\/encompaniastj.org\/pt-pt\/retiro-de-quaresma-do-mta-2025-em-la-jara\/#primaryimage"},"image":{"@id":"https:\/\/encompaniastj.org\/pt-pt\/retiro-de-quaresma-do-mta-2025-em-la-jara\/#primaryimage"},"thumbnailUrl":"https:\/\/encompaniastj.org\/wp-content\/uploads\/2025\/05\/c1-14.png","datePublished":"2025-03-13T11:14:49+00:00","dateModified":"2025-07-07T14:27:15+00:00","breadcrumb":{"@id":"https:\/\/encompaniastj.org\/pt-pt\/retiro-de-quaresma-do-mta-2025-em-la-jara\/#breadcrumb"},"inLanguage":"pt-PT","potentialAction":[{"@type":"ReadAction","target":["https:\/\/encompaniastj.org\/pt-pt\/retiro-de-quaresma-do-mta-2025-em-la-jara\/"]}]},{"@type":"ImageObject","inLanguage":"pt-PT","@id":"https:\/\/encompaniastj.org\/pt-pt\/retiro-de-quaresma-do-mta-2025-em-la-jara\/#primaryimage","url":"https:\/\/encompaniastj.org\/wp-content\/uploads\/2025\/05\/c1-14.png","contentUrl":"https:\/\/encompaniastj.org\/wp-content\/uploads\/2025\/05\/c1-14.png","width":800,"height":800},{"@type":"BreadcrumbList","@id":"https:\/\/encompaniastj.org\/pt-pt\/retiro-de-quaresma-do-mta-2025-em-la-jara\/#breadcrumb","itemListElement":[{"@type":"ListItem","position":1,"name":"Portada","item":"https:\/\/encompaniastj.org\/pt-pt\/"},{"@type":"ListItem","position":2,"name":"Retiro de Quaresma do MTA 2025 em LA JARA"}]},{"@type":"WebSite","@id":"https:\/\/encompaniastj.org\/pt-pt\/#website","url":"https:\/\/encompaniastj.org\/pt-pt\/","name":"En Compa\u00f1\u00eda STJ","description":"Bolet\u00edn de la Compa\u00f1\u00eda de Santa Teresa de Jes\u00fas","publisher":{"@id":"https:\/\/encompaniastj.org\/pt-pt\/#organization"},"potentialAction":[{"@type":"SearchAction","target":{"@type":"EntryPoint","urlTemplate":"https:\/\/encompaniastj.org\/pt-pt\/?s={search_term_string}"},"query-input":{"@type":"PropertyValueSpecification","valueRequired":true,"valueName":"search_term_string"}}],"inLanguage":"pt-PT"},{"@type":"Organization","@id":"https:\/\/encompaniastj.org\/pt-pt\/#organization","name":"Compa\u00f1\u00eda de Santa Teresa de Jes\u00fas","url":"https:\/\/encompaniastj.org\/pt-pt\/","logo":{"@type":"ImageObject","inLanguage":"pt-PT","@id":"https:\/\/encompaniastj.org\/pt-pt\/#\/schema\/logo\/image\/","url":"https:\/\/encompaniastj.org\/wp-content\/uploads\/2025\/04\/logo_provincias02-1-3.png","contentUrl":"https:\/\/encompaniastj.org\/wp-content\/uploads\/2025\/04\/logo_provincias02-1-3.png","width":2368,"height":825,"caption":"Compa\u00f1\u00eda de Santa Teresa de Jes\u00fas"},"image":{"@id":"https:\/\/encompaniastj.org\/pt-pt\/#\/schema\/logo\/image\/"}},{"@type":"Person","@id":"https:\/\/encompaniastj.org\/pt-pt\/#\/schema\/person\/520e7ecc314793d40091993c2a02b651","name":"admin","image":{"@type":"ImageObject","inLanguage":"pt-PT","@id":"https:\/\/secure.gravatar.com\/avatar\/948b492cce32b586ac2db0eaa926ee87024f7afe218d73b397ea5ddfc5f43ea1?s=96&d=mm&r=g","url":"https:\/\/secure.gravatar.com\/avatar\/948b492cce32b586ac2db0eaa926ee87024f7afe218d73b397ea5ddfc5f43ea1?s=96&d=mm&r=g","contentUrl":"https:\/\/secure.gravatar.com\/avatar\/948b492cce32b586ac2db0eaa926ee87024f7afe218d73b397ea5ddfc5f43ea1?s=96&d=mm&r=g","caption":"admin"},"sameAs":["https:\/\/encompaniastj.org"],"url":"https:\/\/encompaniastj.org\/pt-pt\/author\/sjdigital\/"}]}},"_links":{"self":[{"href":"https:\/\/encompaniastj.org\/pt-pt\/wp-json\/wp\/v2\/posts\/12631","targetHints":{"allow":["GET"]}}],"collection":[{"href":"https:\/\/encompaniastj.org\/pt-pt\/wp-json\/wp\/v2\/posts"}],"about":[{"href":"https:\/\/encompaniastj.org\/pt-pt\/wp-json\/wp\/v2\/types\/post"}],"author":[{"embeddable":true,"href":"https:\/\/encompaniastj.org\/pt-pt\/wp-json\/wp\/v2\/users\/1"}],"replies":[{"embeddable":true,"href":"https:\/\/encompaniastj.org\/pt-pt\/wp-json\/wp\/v2\/comments?post=12631"}],"version-history":[{"count":1,"href":"https:\/\/encompaniastj.org\/pt-pt\/wp-json\/wp\/v2\/posts\/12631\/revisions"}],"predecessor-version":[{"id":12632,"href":"https:\/\/encompaniastj.org\/pt-pt\/wp-json\/wp\/v2\/posts\/12631\/revisions\/12632"}],"wp:featuredmedia":[{"embeddable":true,"href":"https:\/\/encompaniastj.org\/pt-pt\/wp-json\/wp\/v2\/media\/9042"}],"wp:attachment":[{"href":"https:\/\/encompaniastj.org\/pt-pt\/wp-json\/wp\/v2\/media?parent=12631"}],"wp:term":[{"taxonomy":"category","embeddable":true,"href":"https:\/\/encompaniastj.org\/pt-pt\/wp-json\/wp\/v2\/categories?post=12631"},{"taxonomy":"post_tag","embeddable":true,"href":"https:\/\/encompaniastj.org\/pt-pt\/wp-json\/wp\/v2\/tags?post=12631"}],"curies":[{"name":"wp","href":"https:\/\/api.w.org\/{rel}","templated":true}]}}