{"id":12543,"date":"2025-02-03T14:15:54","date_gmt":"2025-02-03T13:15:54","guid":{"rendered":"https:\/\/encompaniastj.org\/congresso-sobre-cuidados\/"},"modified":"2025-07-07T16:26:51","modified_gmt":"2025-07-07T14:26:51","slug":"congresso-sobre-cuidados","status":"publish","type":"post","link":"https:\/\/encompaniastj.org\/pt-pt\/congresso-sobre-cuidados\/","title":{"rendered":"Congresso sobre Cuidados"},"content":{"rendered":"<p><em>Sobre o papel dos cuidados na sociedade<\/em><\/p>\n<p>As organiza\u00e7\u00f5es Bosco Global e Redes - Enl\u00e1zate por la Justicia, organizaram o Congresso da Cidadania no dia 28 de janeiro em Madrid para refletir sobre o papel fundamental do cuidado na sociedade e explorar novas formas de colabora\u00e7\u00e3o intersectorial.<\/p>\n<p>Participaram no congresso Luc\u00eda Astiz, da equipa FET, Cristina D\u00e1vila, do Fundeo, e as irm\u00e3s Patricia Aguiar, da equipa FET, Ana Mar\u00eda Ch\u00e1vez, Delegada Geral da Educa\u00e7\u00e3o, e eu pr\u00f3pria, enviada pela equipa de anima\u00e7\u00e3o apost\u00f3lica.<\/p>\n<p>O congresso teve como objetivo analisar criticamente as estruturas que tornam as pessoas vulner\u00e1veis e promover a constru\u00e7\u00e3o de um mundo mais justo e equitativo atrav\u00e9s da \u00e9tica do cuidado. Foi muito inovador e pr\u00e1tico. Duas mesas redondas apresentaram-nos as seguintes quest\u00f5es: Porque \u00e9 que nos preocupamos? e \u00c9 dif\u00edcil cuidar nas nossas institui\u00e7\u00f5es? Que resist\u00eancias existem?<\/p>\n<p>Trabalhou-se sobre os tr\u00eas eixos fundamentais do cuidado: o cuidado de si pr\u00f3prio, o cuidado do ambiente e o cuidado dos outros. Os oradores insistiram muito na perspetiva pol\u00edtica do cuidado, porque n\u00e3o basta fazer pequenos gestos de cuidado na vida quotidiana, mas temos de nos concentrar em mudar as estruturas da sociedade para desenvolver um sistema integral de cuidados baseado na comunidade e para defender o planeta e os mais vulner\u00e1veis e necessitados de cuidados em grande escala. Fomos instados a manifestar-nos contra o que est\u00e1 a acontecer a n\u00edvel global e a sermos agentes de um novo cuidado, que coloca a comunidade, os la\u00e7os e as rela\u00e7\u00f5es no centro, com o sentido de que se nos salvarmos a n\u00f3s pr\u00f3prios, todos nos salvaremos.<\/p>\n<p>Insistimos tamb\u00e9m na import\u00e2ncia de cuidar do cuidador, porque nos nossos ambientes socioeducativos, acompanhamos crian\u00e7as, jovens e pessoas nas suas situa\u00e7\u00f5es vitais e vulnerabilidades, e este acompanhamento afecta-nos, desafia-nos e muitas vezes deixa a sua marca em n\u00f3s, e \u00e9 importante sermos capazes de nos acompanhar e de nos sentirmos acompanhados nas nossas institui\u00e7\u00f5es.<\/p>\n<p>A din\u00e2mica do encontro foi muito participativa: todos particip\u00e1mos num workshop sobre a cria\u00e7\u00e3o colectiva de Cuidatop\u00edas e tivemos uma feira de iniciativas inovadoras em que participaram organiza\u00e7\u00f5es que est\u00e3o a desenvolver projectos neste campo.<\/p>\n<p>Este congresso motivou os participantes a continuar a trabalhar nos nossos centros socioeducativos para colocar a \u00e9tica do cuidado num lugar privilegiado da nossa miss\u00e3o, para construir comunidades que cuidam e s\u00e3o cuidadas. (Ana Royo, stj)<\/p>\n<p>&nbsp;<\/p>\n<p><img loading=\"lazy\" decoding=\"async\" class=\"aligncenter wp-image-14477 size-large\" src=\"https:\/\/encompaniastj.org\/wp-content\/uploads\/2025\/05\/WhatsApp-Image-2025-01-28-at-13.52.33.jpeg\" alt=\"\" width=\"768\" height=\"1024\" \/><\/p>\n<p><img loading=\"lazy\" decoding=\"async\" class=\"aligncenter wp-image-14475 size-full\" src=\"https:\/\/encompaniastj.org\/wp-content\/uploads\/2025\/05\/c1-1-7.png\" alt=\"\" width=\"800\" height=\"800\" \/><\/p>\n","protected":false},"excerpt":{"rendered":"<p>Sobre o papel dos cuidados na sociedade As organiza\u00e7\u00f5es Bosco Global e Redes - Enl\u00e1zate por la Justicia, organizaram o Congresso da Cidadania no dia 28 de janeiro em Madrid [&hellip;]<\/p>\n","protected":false},"author":1,"featured_media":8997,"comment_status":"open","ping_status":"open","sticky":false,"template":"","format":"standard","meta":{"_acf_changed":false,"footnotes":""},"categories":[76,74,61],"tags":[],"class_list":["post-12543","post","type-post","status-publish","format-standard","has-post-thumbnail","hentry","category-acao-social","category-accion-social","category-noticias"],"acf":[],"yoast_head":"<!-- This site is optimized with the Yoast SEO plugin v27.5 - https:\/\/yoast.com\/product\/yoast-seo-wordpress\/ -->\n<title>Congresso sobre Cuidados - En Compa\u00f1\u00eda STJ<\/title>\n<meta name=\"robots\" content=\"index, follow, max-snippet:-1, max-image-preview:large, max-video-preview:-1\" \/>\n<link rel=\"canonical\" href=\"https:\/\/encompaniastj.org\/pt-pt\/congresso-sobre-cuidados\/\" \/>\n<meta property=\"og:locale\" content=\"pt_PT\" \/>\n<meta property=\"og:type\" content=\"article\" \/>\n<meta property=\"og:title\" content=\"Congresso sobre Cuidados - En Compa\u00f1\u00eda STJ\" \/>\n<meta property=\"og:description\" content=\"Sobre o papel dos cuidados na sociedade As organiza\u00e7\u00f5es Bosco Global e Redes - Enl\u00e1zate por la Justicia, organizaram o Congresso da Cidadania no dia 28 de janeiro em Madrid [&hellip;]\" \/>\n<meta property=\"og:url\" content=\"https:\/\/encompaniastj.org\/pt-pt\/congresso-sobre-cuidados\/\" \/>\n<meta property=\"og:site_name\" content=\"En Compa\u00f1\u00eda STJ\" \/>\n<meta property=\"article:published_time\" content=\"2025-02-03T13:15:54+00:00\" \/>\n<meta property=\"article:modified_time\" content=\"2025-07-07T14:26:51+00:00\" \/>\n<meta property=\"og:image\" content=\"https:\/\/encompaniastj.org\/wp-content\/uploads\/2025\/05\/WhatsApp-Image-2025-02-02-at-15.41.50-2.jpeg\" \/>\n\t<meta property=\"og:image:width\" content=\"2040\" \/>\n\t<meta property=\"og:image:height\" content=\"1530\" \/>\n\t<meta property=\"og:image:type\" content=\"image\/jpeg\" \/>\n<meta name=\"author\" content=\"admin\" \/>\n<meta name=\"twitter:card\" content=\"summary_large_image\" \/>\n<meta name=\"twitter:label1\" content=\"Escrito por\" \/>\n\t<meta name=\"twitter:data1\" content=\"admin\" \/>\n\t<meta name=\"twitter:label2\" content=\"Tempo estimado de leitura\" \/>\n\t<meta name=\"twitter:data2\" content=\"3 minutos\" \/>\n<script type=\"application\/ld+json\" class=\"yoast-schema-graph\">{\"@context\":\"https:\\\/\\\/schema.org\",\"@graph\":[{\"@type\":\"Article\",\"@id\":\"https:\\\/\\\/encompaniastj.org\\\/pt-pt\\\/congresso-sobre-cuidados\\\/#article\",\"isPartOf\":{\"@id\":\"https:\\\/\\\/encompaniastj.org\\\/pt-pt\\\/congresso-sobre-cuidados\\\/\"},\"author\":{\"name\":\"admin\",\"@id\":\"https:\\\/\\\/encompaniastj.org\\\/pt-pt\\\/#\\\/schema\\\/person\\\/520e7ecc314793d40091993c2a02b651\"},\"headline\":\"Congresso sobre Cuidados\",\"datePublished\":\"2025-02-03T13:15:54+00:00\",\"dateModified\":\"2025-07-07T14:26:51+00:00\",\"mainEntityOfPage\":{\"@id\":\"https:\\\/\\\/encompaniastj.org\\\/pt-pt\\\/congresso-sobre-cuidados\\\/\"},\"wordCount\":434,\"commentCount\":0,\"publisher\":{\"@id\":\"https:\\\/\\\/encompaniastj.org\\\/pt-pt\\\/#organization\"},\"image\":{\"@id\":\"https:\\\/\\\/encompaniastj.org\\\/pt-pt\\\/congresso-sobre-cuidados\\\/#primaryimage\"},\"thumbnailUrl\":\"https:\\\/\\\/encompaniastj.org\\\/wp-content\\\/uploads\\\/2025\\\/05\\\/WhatsApp-Image-2025-02-02-at-15.41.50-2.jpeg\",\"articleSection\":[\"A\u00e7\u00e3o Social\",\"Acci\u00f3n Social\",\"Noticias\"],\"inLanguage\":\"pt-PT\",\"potentialAction\":[{\"@type\":\"CommentAction\",\"name\":\"Comment\",\"target\":[\"https:\\\/\\\/encompaniastj.org\\\/pt-pt\\\/congresso-sobre-cuidados\\\/#respond\"]}]},{\"@type\":\"WebPage\",\"@id\":\"https:\\\/\\\/encompaniastj.org\\\/pt-pt\\\/congresso-sobre-cuidados\\\/\",\"url\":\"https:\\\/\\\/encompaniastj.org\\\/pt-pt\\\/congresso-sobre-cuidados\\\/\",\"name\":\"Congresso sobre Cuidados - En Compa\u00f1\u00eda STJ\",\"isPartOf\":{\"@id\":\"https:\\\/\\\/encompaniastj.org\\\/pt-pt\\\/#website\"},\"primaryImageOfPage\":{\"@id\":\"https:\\\/\\\/encompaniastj.org\\\/pt-pt\\\/congresso-sobre-cuidados\\\/#primaryimage\"},\"image\":{\"@id\":\"https:\\\/\\\/encompaniastj.org\\\/pt-pt\\\/congresso-sobre-cuidados\\\/#primaryimage\"},\"thumbnailUrl\":\"https:\\\/\\\/encompaniastj.org\\\/wp-content\\\/uploads\\\/2025\\\/05\\\/WhatsApp-Image-2025-02-02-at-15.41.50-2.jpeg\",\"datePublished\":\"2025-02-03T13:15:54+00:00\",\"dateModified\":\"2025-07-07T14:26:51+00:00\",\"breadcrumb\":{\"@id\":\"https:\\\/\\\/encompaniastj.org\\\/pt-pt\\\/congresso-sobre-cuidados\\\/#breadcrumb\"},\"inLanguage\":\"pt-PT\",\"potentialAction\":[{\"@type\":\"ReadAction\",\"target\":[\"https:\\\/\\\/encompaniastj.org\\\/pt-pt\\\/congresso-sobre-cuidados\\\/\"]}]},{\"@type\":\"ImageObject\",\"inLanguage\":\"pt-PT\",\"@id\":\"https:\\\/\\\/encompaniastj.org\\\/pt-pt\\\/congresso-sobre-cuidados\\\/#primaryimage\",\"url\":\"https:\\\/\\\/encompaniastj.org\\\/wp-content\\\/uploads\\\/2025\\\/05\\\/WhatsApp-Image-2025-02-02-at-15.41.50-2.jpeg\",\"contentUrl\":\"https:\\\/\\\/encompaniastj.org\\\/wp-content\\\/uploads\\\/2025\\\/05\\\/WhatsApp-Image-2025-02-02-at-15.41.50-2.jpeg\",\"width\":2040,\"height\":1530},{\"@type\":\"BreadcrumbList\",\"@id\":\"https:\\\/\\\/encompaniastj.org\\\/pt-pt\\\/congresso-sobre-cuidados\\\/#breadcrumb\",\"itemListElement\":[{\"@type\":\"ListItem\",\"position\":1,\"name\":\"Portada\",\"item\":\"https:\\\/\\\/encompaniastj.org\\\/pt-pt\\\/\"},{\"@type\":\"ListItem\",\"position\":2,\"name\":\"Congresso sobre Cuidados\"}]},{\"@type\":\"WebSite\",\"@id\":\"https:\\\/\\\/encompaniastj.org\\\/pt-pt\\\/#website\",\"url\":\"https:\\\/\\\/encompaniastj.org\\\/pt-pt\\\/\",\"name\":\"En Compa\u00f1\u00eda STJ\",\"description\":\"Bolet\u00edn de la Compa\u00f1\u00eda de Santa Teresa de Jes\u00fas\",\"publisher\":{\"@id\":\"https:\\\/\\\/encompaniastj.org\\\/pt-pt\\\/#organization\"},\"potentialAction\":[{\"@type\":\"SearchAction\",\"target\":{\"@type\":\"EntryPoint\",\"urlTemplate\":\"https:\\\/\\\/encompaniastj.org\\\/pt-pt\\\/?s={search_term_string}\"},\"query-input\":{\"@type\":\"PropertyValueSpecification\",\"valueRequired\":true,\"valueName\":\"search_term_string\"}}],\"inLanguage\":\"pt-PT\"},{\"@type\":\"Organization\",\"@id\":\"https:\\\/\\\/encompaniastj.org\\\/pt-pt\\\/#organization\",\"name\":\"Compa\u00f1\u00eda de Santa Teresa de Jes\u00fas\",\"url\":\"https:\\\/\\\/encompaniastj.org\\\/pt-pt\\\/\",\"logo\":{\"@type\":\"ImageObject\",\"inLanguage\":\"pt-PT\",\"@id\":\"https:\\\/\\\/encompaniastj.org\\\/pt-pt\\\/#\\\/schema\\\/logo\\\/image\\\/\",\"url\":\"https:\\\/\\\/encompaniastj.org\\\/wp-content\\\/uploads\\\/2025\\\/04\\\/logo_provincias02-1-3.png\",\"contentUrl\":\"https:\\\/\\\/encompaniastj.org\\\/wp-content\\\/uploads\\\/2025\\\/04\\\/logo_provincias02-1-3.png\",\"width\":2368,\"height\":825,\"caption\":\"Compa\u00f1\u00eda de Santa Teresa de Jes\u00fas\"},\"image\":{\"@id\":\"https:\\\/\\\/encompaniastj.org\\\/pt-pt\\\/#\\\/schema\\\/logo\\\/image\\\/\"}},{\"@type\":\"Person\",\"@id\":\"https:\\\/\\\/encompaniastj.org\\\/pt-pt\\\/#\\\/schema\\\/person\\\/520e7ecc314793d40091993c2a02b651\",\"name\":\"admin\",\"image\":{\"@type\":\"ImageObject\",\"inLanguage\":\"pt-PT\",\"@id\":\"https:\\\/\\\/secure.gravatar.com\\\/avatar\\\/948b492cce32b586ac2db0eaa926ee87024f7afe218d73b397ea5ddfc5f43ea1?s=96&d=mm&r=g\",\"url\":\"https:\\\/\\\/secure.gravatar.com\\\/avatar\\\/948b492cce32b586ac2db0eaa926ee87024f7afe218d73b397ea5ddfc5f43ea1?s=96&d=mm&r=g\",\"contentUrl\":\"https:\\\/\\\/secure.gravatar.com\\\/avatar\\\/948b492cce32b586ac2db0eaa926ee87024f7afe218d73b397ea5ddfc5f43ea1?s=96&d=mm&r=g\",\"caption\":\"admin\"},\"sameAs\":[\"https:\\\/\\\/encompaniastj.org\"],\"url\":\"https:\\\/\\\/encompaniastj.org\\\/pt-pt\\\/author\\\/sjdigital\\\/\"}]}<\/script>\n<!-- \/ Yoast SEO plugin. -->","yoast_head_json":{"title":"Congresso sobre Cuidados - En Compa\u00f1\u00eda STJ","robots":{"index":"index","follow":"follow","max-snippet":"max-snippet:-1","max-image-preview":"max-image-preview:large","max-video-preview":"max-video-preview:-1"},"canonical":"https:\/\/encompaniastj.org\/pt-pt\/congresso-sobre-cuidados\/","og_locale":"pt_PT","og_type":"article","og_title":"Congresso sobre Cuidados - En Compa\u00f1\u00eda STJ","og_description":"Sobre o papel dos cuidados na sociedade As organiza\u00e7\u00f5es Bosco Global e Redes - Enl\u00e1zate por la Justicia, organizaram o Congresso da Cidadania no dia 28 de janeiro em Madrid [&hellip;]","og_url":"https:\/\/encompaniastj.org\/pt-pt\/congresso-sobre-cuidados\/","og_site_name":"En Compa\u00f1\u00eda STJ","article_published_time":"2025-02-03T13:15:54+00:00","article_modified_time":"2025-07-07T14:26:51+00:00","og_image":[{"width":2040,"height":1530,"url":"https:\/\/encompaniastj.org\/wp-content\/uploads\/2025\/05\/WhatsApp-Image-2025-02-02-at-15.41.50-2.jpeg","type":"image\/jpeg"}],"author":"admin","twitter_card":"summary_large_image","twitter_misc":{"Escrito por":"admin","Tempo estimado de leitura":"3 minutos"},"schema":{"@context":"https:\/\/schema.org","@graph":[{"@type":"Article","@id":"https:\/\/encompaniastj.org\/pt-pt\/congresso-sobre-cuidados\/#article","isPartOf":{"@id":"https:\/\/encompaniastj.org\/pt-pt\/congresso-sobre-cuidados\/"},"author":{"name":"admin","@id":"https:\/\/encompaniastj.org\/pt-pt\/#\/schema\/person\/520e7ecc314793d40091993c2a02b651"},"headline":"Congresso sobre Cuidados","datePublished":"2025-02-03T13:15:54+00:00","dateModified":"2025-07-07T14:26:51+00:00","mainEntityOfPage":{"@id":"https:\/\/encompaniastj.org\/pt-pt\/congresso-sobre-cuidados\/"},"wordCount":434,"commentCount":0,"publisher":{"@id":"https:\/\/encompaniastj.org\/pt-pt\/#organization"},"image":{"@id":"https:\/\/encompaniastj.org\/pt-pt\/congresso-sobre-cuidados\/#primaryimage"},"thumbnailUrl":"https:\/\/encompaniastj.org\/wp-content\/uploads\/2025\/05\/WhatsApp-Image-2025-02-02-at-15.41.50-2.jpeg","articleSection":["A\u00e7\u00e3o Social","Acci\u00f3n Social","Noticias"],"inLanguage":"pt-PT","potentialAction":[{"@type":"CommentAction","name":"Comment","target":["https:\/\/encompaniastj.org\/pt-pt\/congresso-sobre-cuidados\/#respond"]}]},{"@type":"WebPage","@id":"https:\/\/encompaniastj.org\/pt-pt\/congresso-sobre-cuidados\/","url":"https:\/\/encompaniastj.org\/pt-pt\/congresso-sobre-cuidados\/","name":"Congresso sobre Cuidados - En Compa\u00f1\u00eda STJ","isPartOf":{"@id":"https:\/\/encompaniastj.org\/pt-pt\/#website"},"primaryImageOfPage":{"@id":"https:\/\/encompaniastj.org\/pt-pt\/congresso-sobre-cuidados\/#primaryimage"},"image":{"@id":"https:\/\/encompaniastj.org\/pt-pt\/congresso-sobre-cuidados\/#primaryimage"},"thumbnailUrl":"https:\/\/encompaniastj.org\/wp-content\/uploads\/2025\/05\/WhatsApp-Image-2025-02-02-at-15.41.50-2.jpeg","datePublished":"2025-02-03T13:15:54+00:00","dateModified":"2025-07-07T14:26:51+00:00","breadcrumb":{"@id":"https:\/\/encompaniastj.org\/pt-pt\/congresso-sobre-cuidados\/#breadcrumb"},"inLanguage":"pt-PT","potentialAction":[{"@type":"ReadAction","target":["https:\/\/encompaniastj.org\/pt-pt\/congresso-sobre-cuidados\/"]}]},{"@type":"ImageObject","inLanguage":"pt-PT","@id":"https:\/\/encompaniastj.org\/pt-pt\/congresso-sobre-cuidados\/#primaryimage","url":"https:\/\/encompaniastj.org\/wp-content\/uploads\/2025\/05\/WhatsApp-Image-2025-02-02-at-15.41.50-2.jpeg","contentUrl":"https:\/\/encompaniastj.org\/wp-content\/uploads\/2025\/05\/WhatsApp-Image-2025-02-02-at-15.41.50-2.jpeg","width":2040,"height":1530},{"@type":"BreadcrumbList","@id":"https:\/\/encompaniastj.org\/pt-pt\/congresso-sobre-cuidados\/#breadcrumb","itemListElement":[{"@type":"ListItem","position":1,"name":"Portada","item":"https:\/\/encompaniastj.org\/pt-pt\/"},{"@type":"ListItem","position":2,"name":"Congresso sobre Cuidados"}]},{"@type":"WebSite","@id":"https:\/\/encompaniastj.org\/pt-pt\/#website","url":"https:\/\/encompaniastj.org\/pt-pt\/","name":"En Compa\u00f1\u00eda STJ","description":"Bolet\u00edn de la Compa\u00f1\u00eda de Santa Teresa de Jes\u00fas","publisher":{"@id":"https:\/\/encompaniastj.org\/pt-pt\/#organization"},"potentialAction":[{"@type":"SearchAction","target":{"@type":"EntryPoint","urlTemplate":"https:\/\/encompaniastj.org\/pt-pt\/?s={search_term_string}"},"query-input":{"@type":"PropertyValueSpecification","valueRequired":true,"valueName":"search_term_string"}}],"inLanguage":"pt-PT"},{"@type":"Organization","@id":"https:\/\/encompaniastj.org\/pt-pt\/#organization","name":"Compa\u00f1\u00eda de Santa Teresa de Jes\u00fas","url":"https:\/\/encompaniastj.org\/pt-pt\/","logo":{"@type":"ImageObject","inLanguage":"pt-PT","@id":"https:\/\/encompaniastj.org\/pt-pt\/#\/schema\/logo\/image\/","url":"https:\/\/encompaniastj.org\/wp-content\/uploads\/2025\/04\/logo_provincias02-1-3.png","contentUrl":"https:\/\/encompaniastj.org\/wp-content\/uploads\/2025\/04\/logo_provincias02-1-3.png","width":2368,"height":825,"caption":"Compa\u00f1\u00eda de Santa Teresa de Jes\u00fas"},"image":{"@id":"https:\/\/encompaniastj.org\/pt-pt\/#\/schema\/logo\/image\/"}},{"@type":"Person","@id":"https:\/\/encompaniastj.org\/pt-pt\/#\/schema\/person\/520e7ecc314793d40091993c2a02b651","name":"admin","image":{"@type":"ImageObject","inLanguage":"pt-PT","@id":"https:\/\/secure.gravatar.com\/avatar\/948b492cce32b586ac2db0eaa926ee87024f7afe218d73b397ea5ddfc5f43ea1?s=96&d=mm&r=g","url":"https:\/\/secure.gravatar.com\/avatar\/948b492cce32b586ac2db0eaa926ee87024f7afe218d73b397ea5ddfc5f43ea1?s=96&d=mm&r=g","contentUrl":"https:\/\/secure.gravatar.com\/avatar\/948b492cce32b586ac2db0eaa926ee87024f7afe218d73b397ea5ddfc5f43ea1?s=96&d=mm&r=g","caption":"admin"},"sameAs":["https:\/\/encompaniastj.org"],"url":"https:\/\/encompaniastj.org\/pt-pt\/author\/sjdigital\/"}]}},"_links":{"self":[{"href":"https:\/\/encompaniastj.org\/pt-pt\/wp-json\/wp\/v2\/posts\/12543","targetHints":{"allow":["GET"]}}],"collection":[{"href":"https:\/\/encompaniastj.org\/pt-pt\/wp-json\/wp\/v2\/posts"}],"about":[{"href":"https:\/\/encompaniastj.org\/pt-pt\/wp-json\/wp\/v2\/types\/post"}],"author":[{"embeddable":true,"href":"https:\/\/encompaniastj.org\/pt-pt\/wp-json\/wp\/v2\/users\/1"}],"replies":[{"embeddable":true,"href":"https:\/\/encompaniastj.org\/pt-pt\/wp-json\/wp\/v2\/comments?post=12543"}],"version-history":[{"count":1,"href":"https:\/\/encompaniastj.org\/pt-pt\/wp-json\/wp\/v2\/posts\/12543\/revisions"}],"predecessor-version":[{"id":12544,"href":"https:\/\/encompaniastj.org\/pt-pt\/wp-json\/wp\/v2\/posts\/12543\/revisions\/12544"}],"wp:featuredmedia":[{"embeddable":true,"href":"https:\/\/encompaniastj.org\/pt-pt\/wp-json\/wp\/v2\/media\/8997"}],"wp:attachment":[{"href":"https:\/\/encompaniastj.org\/pt-pt\/wp-json\/wp\/v2\/media?parent=12543"}],"wp:term":[{"taxonomy":"category","embeddable":true,"href":"https:\/\/encompaniastj.org\/pt-pt\/wp-json\/wp\/v2\/categories?post=12543"},{"taxonomy":"post_tag","embeddable":true,"href":"https:\/\/encompaniastj.org\/pt-pt\/wp-json\/wp\/v2\/tags?post=12543"}],"curies":[{"name":"wp","href":"https:\/\/api.w.org\/{rel}","templated":true}]}}