{"id":12531,"date":"2025-01-29T09:03:57","date_gmt":"2025-01-29T08:03:57","guid":{"rendered":"https:\/\/encompaniastj.org\/festa-da-familia-teresiana-em-madrid\/"},"modified":"2025-07-07T16:26:48","modified_gmt":"2025-07-07T14:26:48","slug":"festa-da-familia-teresiana-em-madrid","status":"publish","type":"post","link":"https:\/\/encompaniastj.org\/pt-pt\/festa-da-familia-teresiana-em-madrid\/","title":{"rendered":"Festa da Fam\u00edlia Teresiana em Madrid"},"content":{"rendered":"<p>Domingo, 26 de janeiro. Na v\u00e9spera do dia de Santo Henrique, a Fam\u00edlia Teresiana de Madrid re\u00fane-se para celebrar o Dia do Pai.<\/p>\n<p>celebrar o Dia do Pai. Jesus Mestre abre as portas aos alunos, fam\u00edlias, professores, ex-alunos, MTA, irm\u00e3s, &#8230; todos aqueles que sentem que temos algo a celebrar e n\u00f3s<\/p>\n<p>alunos, fam\u00edlias, professores, ex-alunos, MTA, irm\u00e3s, &#8230; todos aqueles que sentem que t\u00eam algo para celebrar e muito para aprender.<\/p>\n<p>A Palavra deste domingo ilumina e confirma o nosso ser: \u201cTodos os membros cuidam uns dos outros&#8230;<\/p>\n<p>uns pelos outros&#8230; V\u00f3s sois o corpo de Cristo\u201d. FAM\u00cdLIA TERESIANA.<\/p>\n<p>Desde os mais jovens, o reconhecimento un\u00e2nime de um sacerdote e mestre, Enrique de Oss\u00f3, grande amigo de Jesus e de Teresa, grande amigo de Jesus e de Teresa, grande amigo de Jesus e de Teresa, grande amigo de Jesus e de Teresa, catequista, &#8230; A sua miss\u00e3o: amar Jesus e torn\u00e1-lo conhecido e amado.<\/p>\n<p>E um convite: A mensagem que recebi tenho de a partilhar. N\u00e3o guardemos a boa nova s\u00f3 para n\u00f3s.<\/p>\n<p>Obrigado, Senhor, pela vida de Santo Henrique, porque com ele descobrimos a nossa capacidade de sermos transformadores da nossa sociedade.<\/p>\n<p>transformadores da nossa sociedade. \u201cEles n\u00e3o te amar\u00e3o se n\u00e3o te conhecerem, e n\u00e3o te conhecer\u00e3o se n\u00e3o te conhecerem, e n\u00e3o te conhecer\u00e3o se n\u00e3o te conhecerem se n\u00e3o te conhecerem. n\u00e3o temos experi\u00eancia de Ti\u201d.<\/p>\n<p>Para completar a celebra\u00e7\u00e3o, partilh\u00e1mos um lanche e algumas irm\u00e3s terminaram este momento especial de celebra\u00e7\u00e3o com uma refei\u00e7\u00e3o fraterna.<\/p>\n<p>momento especial de celebra\u00e7\u00e3o com uma refei\u00e7\u00e3o fraterna. Depois vieram as celebra\u00e7\u00f5es comunit\u00e1rias.<\/p>\n<p>Pai, aben\u00e7oa com amor estas tuas filhas, aben\u00e7oa toda a tua fam\u00edlia, aqueles que reuniste \u00e0 volta de Jesus e Teresa. (M\u00aa \u00c1ngeles Garc\u00eda Montero)<\/p>\n<p><img loading=\"lazy\" decoding=\"async\" class=\"aligncenter wp-image-14436 size-large\" src=\"https:\/\/encompaniastj.org\/wp-content\/uploads\/2025\/05\/WhatsApp-Image-2025-01-26-at-19.09.20.jpeg\" alt=\"\" width=\"1024\" height=\"768\" \/><\/p>\n<p><img loading=\"lazy\" decoding=\"async\" class=\"aligncenter wp-image-14432 size-full\" src=\"https:\/\/encompaniastj.org\/wp-content\/uploads\/2025\/05\/c1-4-2.png\" alt=\"\" width=\"800\" height=\"800\" \/><\/p>\n<p>&nbsp;<\/p>\n","protected":false},"excerpt":{"rendered":"<p>Domingo, 26 de janeiro. Na v\u00e9spera do dia de Santo Henrique, a Fam\u00edlia Teresiana de Madrid re\u00fane-se para celebrar o Dia do Pai. celebrar o Dia do Pai. Jesus Mestre [&hellip;]<\/p>\n","protected":false},"author":1,"featured_media":8989,"comment_status":"open","ping_status":"open","sticky":false,"template":"","format":"standard","meta":{"_acf_changed":false,"footnotes":""},"categories":[79,81],"tags":[],"class_list":["post-12531","post","type-post","status-publish","format-standard","has-post-thumbnail","hentry","category-stj","category-stj-pt"],"acf":[],"yoast_head":"<!-- This site is optimized with the Yoast SEO plugin v27.5 - https:\/\/yoast.com\/product\/yoast-seo-wordpress\/ -->\n<title>Festa da Fam\u00edlia Teresiana em Madrid - En Compa\u00f1\u00eda STJ<\/title>\n<meta name=\"robots\" content=\"index, follow, max-snippet:-1, max-image-preview:large, max-video-preview:-1\" \/>\n<link rel=\"canonical\" href=\"https:\/\/encompaniastj.org\/pt-pt\/festa-da-familia-teresiana-em-madrid\/\" \/>\n<meta property=\"og:locale\" content=\"pt_PT\" \/>\n<meta property=\"og:type\" content=\"article\" \/>\n<meta property=\"og:title\" content=\"Festa da Fam\u00edlia Teresiana em Madrid - En Compa\u00f1\u00eda STJ\" \/>\n<meta property=\"og:description\" content=\"Domingo, 26 de janeiro. Na v\u00e9spera do dia de Santo Henrique, a Fam\u00edlia Teresiana de Madrid re\u00fane-se para celebrar o Dia do Pai. celebrar o Dia do Pai. Jesus Mestre [&hellip;]\" \/>\n<meta property=\"og:url\" content=\"https:\/\/encompaniastj.org\/pt-pt\/festa-da-familia-teresiana-em-madrid\/\" \/>\n<meta property=\"og:site_name\" content=\"En Compa\u00f1\u00eda STJ\" \/>\n<meta property=\"article:published_time\" content=\"2025-01-29T08:03:57+00:00\" \/>\n<meta property=\"article:modified_time\" content=\"2025-07-07T14:26:48+00:00\" \/>\n<meta property=\"og:image\" content=\"https:\/\/encompaniastj.org\/wp-content\/uploads\/2025\/05\/WhatsApp-Image-2025-01-26-at-19.09.20-1.jpeg\" \/>\n\t<meta property=\"og:image:width\" content=\"1600\" \/>\n\t<meta property=\"og:image:height\" content=\"1200\" \/>\n\t<meta property=\"og:image:type\" content=\"image\/jpeg\" \/>\n<meta name=\"author\" content=\"admin\" \/>\n<meta name=\"twitter:card\" content=\"summary_large_image\" \/>\n<meta name=\"twitter:label1\" content=\"Escrito por\" \/>\n\t<meta name=\"twitter:data1\" content=\"admin\" \/>\n\t<meta name=\"twitter:label2\" content=\"Tempo estimado de leitura\" \/>\n\t<meta name=\"twitter:data2\" content=\"2 minutos\" \/>\n<script type=\"application\/ld+json\" class=\"yoast-schema-graph\">{\"@context\":\"https:\\\/\\\/schema.org\",\"@graph\":[{\"@type\":\"Article\",\"@id\":\"https:\\\/\\\/encompaniastj.org\\\/pt-pt\\\/festa-da-familia-teresiana-em-madrid\\\/#article\",\"isPartOf\":{\"@id\":\"https:\\\/\\\/encompaniastj.org\\\/pt-pt\\\/festa-da-familia-teresiana-em-madrid\\\/\"},\"author\":{\"name\":\"admin\",\"@id\":\"https:\\\/\\\/encompaniastj.org\\\/pt-pt\\\/#\\\/schema\\\/person\\\/520e7ecc314793d40091993c2a02b651\"},\"headline\":\"Festa da Fam\u00edlia Teresiana em Madrid\",\"datePublished\":\"2025-01-29T08:03:57+00:00\",\"dateModified\":\"2025-07-07T14:26:48+00:00\",\"mainEntityOfPage\":{\"@id\":\"https:\\\/\\\/encompaniastj.org\\\/pt-pt\\\/festa-da-familia-teresiana-em-madrid\\\/\"},\"wordCount\":333,\"commentCount\":0,\"publisher\":{\"@id\":\"https:\\\/\\\/encompaniastj.org\\\/pt-pt\\\/#organization\"},\"image\":{\"@id\":\"https:\\\/\\\/encompaniastj.org\\\/pt-pt\\\/festa-da-familia-teresiana-em-madrid\\\/#primaryimage\"},\"thumbnailUrl\":\"https:\\\/\\\/encompaniastj.org\\\/wp-content\\\/uploads\\\/2025\\\/05\\\/WhatsApp-Image-2025-01-26-at-19.09.20-1.jpeg\",\"articleSection\":[\"STJ\",\"STJ pt\"],\"inLanguage\":\"pt-PT\",\"potentialAction\":[{\"@type\":\"CommentAction\",\"name\":\"Comment\",\"target\":[\"https:\\\/\\\/encompaniastj.org\\\/pt-pt\\\/festa-da-familia-teresiana-em-madrid\\\/#respond\"]}]},{\"@type\":\"WebPage\",\"@id\":\"https:\\\/\\\/encompaniastj.org\\\/pt-pt\\\/festa-da-familia-teresiana-em-madrid\\\/\",\"url\":\"https:\\\/\\\/encompaniastj.org\\\/pt-pt\\\/festa-da-familia-teresiana-em-madrid\\\/\",\"name\":\"Festa da Fam\u00edlia Teresiana em Madrid - En Compa\u00f1\u00eda STJ\",\"isPartOf\":{\"@id\":\"https:\\\/\\\/encompaniastj.org\\\/pt-pt\\\/#website\"},\"primaryImageOfPage\":{\"@id\":\"https:\\\/\\\/encompaniastj.org\\\/pt-pt\\\/festa-da-familia-teresiana-em-madrid\\\/#primaryimage\"},\"image\":{\"@id\":\"https:\\\/\\\/encompaniastj.org\\\/pt-pt\\\/festa-da-familia-teresiana-em-madrid\\\/#primaryimage\"},\"thumbnailUrl\":\"https:\\\/\\\/encompaniastj.org\\\/wp-content\\\/uploads\\\/2025\\\/05\\\/WhatsApp-Image-2025-01-26-at-19.09.20-1.jpeg\",\"datePublished\":\"2025-01-29T08:03:57+00:00\",\"dateModified\":\"2025-07-07T14:26:48+00:00\",\"breadcrumb\":{\"@id\":\"https:\\\/\\\/encompaniastj.org\\\/pt-pt\\\/festa-da-familia-teresiana-em-madrid\\\/#breadcrumb\"},\"inLanguage\":\"pt-PT\",\"potentialAction\":[{\"@type\":\"ReadAction\",\"target\":[\"https:\\\/\\\/encompaniastj.org\\\/pt-pt\\\/festa-da-familia-teresiana-em-madrid\\\/\"]}]},{\"@type\":\"ImageObject\",\"inLanguage\":\"pt-PT\",\"@id\":\"https:\\\/\\\/encompaniastj.org\\\/pt-pt\\\/festa-da-familia-teresiana-em-madrid\\\/#primaryimage\",\"url\":\"https:\\\/\\\/encompaniastj.org\\\/wp-content\\\/uploads\\\/2025\\\/05\\\/WhatsApp-Image-2025-01-26-at-19.09.20-1.jpeg\",\"contentUrl\":\"https:\\\/\\\/encompaniastj.org\\\/wp-content\\\/uploads\\\/2025\\\/05\\\/WhatsApp-Image-2025-01-26-at-19.09.20-1.jpeg\",\"width\":1600,\"height\":1200},{\"@type\":\"BreadcrumbList\",\"@id\":\"https:\\\/\\\/encompaniastj.org\\\/pt-pt\\\/festa-da-familia-teresiana-em-madrid\\\/#breadcrumb\",\"itemListElement\":[{\"@type\":\"ListItem\",\"position\":1,\"name\":\"Portada\",\"item\":\"https:\\\/\\\/encompaniastj.org\\\/pt-pt\\\/\"},{\"@type\":\"ListItem\",\"position\":2,\"name\":\"Festa da Fam\u00edlia Teresiana em Madrid\"}]},{\"@type\":\"WebSite\",\"@id\":\"https:\\\/\\\/encompaniastj.org\\\/pt-pt\\\/#website\",\"url\":\"https:\\\/\\\/encompaniastj.org\\\/pt-pt\\\/\",\"name\":\"En Compa\u00f1\u00eda STJ\",\"description\":\"Bolet\u00edn de la Compa\u00f1\u00eda de Santa Teresa de Jes\u00fas\",\"publisher\":{\"@id\":\"https:\\\/\\\/encompaniastj.org\\\/pt-pt\\\/#organization\"},\"potentialAction\":[{\"@type\":\"SearchAction\",\"target\":{\"@type\":\"EntryPoint\",\"urlTemplate\":\"https:\\\/\\\/encompaniastj.org\\\/pt-pt\\\/?s={search_term_string}\"},\"query-input\":{\"@type\":\"PropertyValueSpecification\",\"valueRequired\":true,\"valueName\":\"search_term_string\"}}],\"inLanguage\":\"pt-PT\"},{\"@type\":\"Organization\",\"@id\":\"https:\\\/\\\/encompaniastj.org\\\/pt-pt\\\/#organization\",\"name\":\"Compa\u00f1\u00eda de Santa Teresa de Jes\u00fas\",\"url\":\"https:\\\/\\\/encompaniastj.org\\\/pt-pt\\\/\",\"logo\":{\"@type\":\"ImageObject\",\"inLanguage\":\"pt-PT\",\"@id\":\"https:\\\/\\\/encompaniastj.org\\\/pt-pt\\\/#\\\/schema\\\/logo\\\/image\\\/\",\"url\":\"https:\\\/\\\/encompaniastj.org\\\/wp-content\\\/uploads\\\/2025\\\/04\\\/logo_provincias02-1-3.png\",\"contentUrl\":\"https:\\\/\\\/encompaniastj.org\\\/wp-content\\\/uploads\\\/2025\\\/04\\\/logo_provincias02-1-3.png\",\"width\":2368,\"height\":825,\"caption\":\"Compa\u00f1\u00eda de Santa Teresa de Jes\u00fas\"},\"image\":{\"@id\":\"https:\\\/\\\/encompaniastj.org\\\/pt-pt\\\/#\\\/schema\\\/logo\\\/image\\\/\"}},{\"@type\":\"Person\",\"@id\":\"https:\\\/\\\/encompaniastj.org\\\/pt-pt\\\/#\\\/schema\\\/person\\\/520e7ecc314793d40091993c2a02b651\",\"name\":\"admin\",\"image\":{\"@type\":\"ImageObject\",\"inLanguage\":\"pt-PT\",\"@id\":\"https:\\\/\\\/secure.gravatar.com\\\/avatar\\\/948b492cce32b586ac2db0eaa926ee87024f7afe218d73b397ea5ddfc5f43ea1?s=96&d=mm&r=g\",\"url\":\"https:\\\/\\\/secure.gravatar.com\\\/avatar\\\/948b492cce32b586ac2db0eaa926ee87024f7afe218d73b397ea5ddfc5f43ea1?s=96&d=mm&r=g\",\"contentUrl\":\"https:\\\/\\\/secure.gravatar.com\\\/avatar\\\/948b492cce32b586ac2db0eaa926ee87024f7afe218d73b397ea5ddfc5f43ea1?s=96&d=mm&r=g\",\"caption\":\"admin\"},\"sameAs\":[\"https:\\\/\\\/encompaniastj.org\"],\"url\":\"https:\\\/\\\/encompaniastj.org\\\/pt-pt\\\/author\\\/sjdigital\\\/\"}]}<\/script>\n<!-- \/ Yoast SEO plugin. -->","yoast_head_json":{"title":"Festa da Fam\u00edlia Teresiana em Madrid - En Compa\u00f1\u00eda STJ","robots":{"index":"index","follow":"follow","max-snippet":"max-snippet:-1","max-image-preview":"max-image-preview:large","max-video-preview":"max-video-preview:-1"},"canonical":"https:\/\/encompaniastj.org\/pt-pt\/festa-da-familia-teresiana-em-madrid\/","og_locale":"pt_PT","og_type":"article","og_title":"Festa da Fam\u00edlia Teresiana em Madrid - En Compa\u00f1\u00eda STJ","og_description":"Domingo, 26 de janeiro. Na v\u00e9spera do dia de Santo Henrique, a Fam\u00edlia Teresiana de Madrid re\u00fane-se para celebrar o Dia do Pai. celebrar o Dia do Pai. Jesus Mestre [&hellip;]","og_url":"https:\/\/encompaniastj.org\/pt-pt\/festa-da-familia-teresiana-em-madrid\/","og_site_name":"En Compa\u00f1\u00eda STJ","article_published_time":"2025-01-29T08:03:57+00:00","article_modified_time":"2025-07-07T14:26:48+00:00","og_image":[{"width":1600,"height":1200,"url":"https:\/\/encompaniastj.org\/wp-content\/uploads\/2025\/05\/WhatsApp-Image-2025-01-26-at-19.09.20-1.jpeg","type":"image\/jpeg"}],"author":"admin","twitter_card":"summary_large_image","twitter_misc":{"Escrito por":"admin","Tempo estimado de leitura":"2 minutos"},"schema":{"@context":"https:\/\/schema.org","@graph":[{"@type":"Article","@id":"https:\/\/encompaniastj.org\/pt-pt\/festa-da-familia-teresiana-em-madrid\/#article","isPartOf":{"@id":"https:\/\/encompaniastj.org\/pt-pt\/festa-da-familia-teresiana-em-madrid\/"},"author":{"name":"admin","@id":"https:\/\/encompaniastj.org\/pt-pt\/#\/schema\/person\/520e7ecc314793d40091993c2a02b651"},"headline":"Festa da Fam\u00edlia Teresiana em Madrid","datePublished":"2025-01-29T08:03:57+00:00","dateModified":"2025-07-07T14:26:48+00:00","mainEntityOfPage":{"@id":"https:\/\/encompaniastj.org\/pt-pt\/festa-da-familia-teresiana-em-madrid\/"},"wordCount":333,"commentCount":0,"publisher":{"@id":"https:\/\/encompaniastj.org\/pt-pt\/#organization"},"image":{"@id":"https:\/\/encompaniastj.org\/pt-pt\/festa-da-familia-teresiana-em-madrid\/#primaryimage"},"thumbnailUrl":"https:\/\/encompaniastj.org\/wp-content\/uploads\/2025\/05\/WhatsApp-Image-2025-01-26-at-19.09.20-1.jpeg","articleSection":["STJ","STJ pt"],"inLanguage":"pt-PT","potentialAction":[{"@type":"CommentAction","name":"Comment","target":["https:\/\/encompaniastj.org\/pt-pt\/festa-da-familia-teresiana-em-madrid\/#respond"]}]},{"@type":"WebPage","@id":"https:\/\/encompaniastj.org\/pt-pt\/festa-da-familia-teresiana-em-madrid\/","url":"https:\/\/encompaniastj.org\/pt-pt\/festa-da-familia-teresiana-em-madrid\/","name":"Festa da Fam\u00edlia Teresiana em Madrid - En Compa\u00f1\u00eda STJ","isPartOf":{"@id":"https:\/\/encompaniastj.org\/pt-pt\/#website"},"primaryImageOfPage":{"@id":"https:\/\/encompaniastj.org\/pt-pt\/festa-da-familia-teresiana-em-madrid\/#primaryimage"},"image":{"@id":"https:\/\/encompaniastj.org\/pt-pt\/festa-da-familia-teresiana-em-madrid\/#primaryimage"},"thumbnailUrl":"https:\/\/encompaniastj.org\/wp-content\/uploads\/2025\/05\/WhatsApp-Image-2025-01-26-at-19.09.20-1.jpeg","datePublished":"2025-01-29T08:03:57+00:00","dateModified":"2025-07-07T14:26:48+00:00","breadcrumb":{"@id":"https:\/\/encompaniastj.org\/pt-pt\/festa-da-familia-teresiana-em-madrid\/#breadcrumb"},"inLanguage":"pt-PT","potentialAction":[{"@type":"ReadAction","target":["https:\/\/encompaniastj.org\/pt-pt\/festa-da-familia-teresiana-em-madrid\/"]}]},{"@type":"ImageObject","inLanguage":"pt-PT","@id":"https:\/\/encompaniastj.org\/pt-pt\/festa-da-familia-teresiana-em-madrid\/#primaryimage","url":"https:\/\/encompaniastj.org\/wp-content\/uploads\/2025\/05\/WhatsApp-Image-2025-01-26-at-19.09.20-1.jpeg","contentUrl":"https:\/\/encompaniastj.org\/wp-content\/uploads\/2025\/05\/WhatsApp-Image-2025-01-26-at-19.09.20-1.jpeg","width":1600,"height":1200},{"@type":"BreadcrumbList","@id":"https:\/\/encompaniastj.org\/pt-pt\/festa-da-familia-teresiana-em-madrid\/#breadcrumb","itemListElement":[{"@type":"ListItem","position":1,"name":"Portada","item":"https:\/\/encompaniastj.org\/pt-pt\/"},{"@type":"ListItem","position":2,"name":"Festa da Fam\u00edlia Teresiana em Madrid"}]},{"@type":"WebSite","@id":"https:\/\/encompaniastj.org\/pt-pt\/#website","url":"https:\/\/encompaniastj.org\/pt-pt\/","name":"En Compa\u00f1\u00eda STJ","description":"Bolet\u00edn de la Compa\u00f1\u00eda de Santa Teresa de Jes\u00fas","publisher":{"@id":"https:\/\/encompaniastj.org\/pt-pt\/#organization"},"potentialAction":[{"@type":"SearchAction","target":{"@type":"EntryPoint","urlTemplate":"https:\/\/encompaniastj.org\/pt-pt\/?s={search_term_string}"},"query-input":{"@type":"PropertyValueSpecification","valueRequired":true,"valueName":"search_term_string"}}],"inLanguage":"pt-PT"},{"@type":"Organization","@id":"https:\/\/encompaniastj.org\/pt-pt\/#organization","name":"Compa\u00f1\u00eda de Santa Teresa de Jes\u00fas","url":"https:\/\/encompaniastj.org\/pt-pt\/","logo":{"@type":"ImageObject","inLanguage":"pt-PT","@id":"https:\/\/encompaniastj.org\/pt-pt\/#\/schema\/logo\/image\/","url":"https:\/\/encompaniastj.org\/wp-content\/uploads\/2025\/04\/logo_provincias02-1-3.png","contentUrl":"https:\/\/encompaniastj.org\/wp-content\/uploads\/2025\/04\/logo_provincias02-1-3.png","width":2368,"height":825,"caption":"Compa\u00f1\u00eda de Santa Teresa de Jes\u00fas"},"image":{"@id":"https:\/\/encompaniastj.org\/pt-pt\/#\/schema\/logo\/image\/"}},{"@type":"Person","@id":"https:\/\/encompaniastj.org\/pt-pt\/#\/schema\/person\/520e7ecc314793d40091993c2a02b651","name":"admin","image":{"@type":"ImageObject","inLanguage":"pt-PT","@id":"https:\/\/secure.gravatar.com\/avatar\/948b492cce32b586ac2db0eaa926ee87024f7afe218d73b397ea5ddfc5f43ea1?s=96&d=mm&r=g","url":"https:\/\/secure.gravatar.com\/avatar\/948b492cce32b586ac2db0eaa926ee87024f7afe218d73b397ea5ddfc5f43ea1?s=96&d=mm&r=g","contentUrl":"https:\/\/secure.gravatar.com\/avatar\/948b492cce32b586ac2db0eaa926ee87024f7afe218d73b397ea5ddfc5f43ea1?s=96&d=mm&r=g","caption":"admin"},"sameAs":["https:\/\/encompaniastj.org"],"url":"https:\/\/encompaniastj.org\/pt-pt\/author\/sjdigital\/"}]}},"_links":{"self":[{"href":"https:\/\/encompaniastj.org\/pt-pt\/wp-json\/wp\/v2\/posts\/12531","targetHints":{"allow":["GET"]}}],"collection":[{"href":"https:\/\/encompaniastj.org\/pt-pt\/wp-json\/wp\/v2\/posts"}],"about":[{"href":"https:\/\/encompaniastj.org\/pt-pt\/wp-json\/wp\/v2\/types\/post"}],"author":[{"embeddable":true,"href":"https:\/\/encompaniastj.org\/pt-pt\/wp-json\/wp\/v2\/users\/1"}],"replies":[{"embeddable":true,"href":"https:\/\/encompaniastj.org\/pt-pt\/wp-json\/wp\/v2\/comments?post=12531"}],"version-history":[{"count":1,"href":"https:\/\/encompaniastj.org\/pt-pt\/wp-json\/wp\/v2\/posts\/12531\/revisions"}],"predecessor-version":[{"id":12532,"href":"https:\/\/encompaniastj.org\/pt-pt\/wp-json\/wp\/v2\/posts\/12531\/revisions\/12532"}],"wp:featuredmedia":[{"embeddable":true,"href":"https:\/\/encompaniastj.org\/pt-pt\/wp-json\/wp\/v2\/media\/8989"}],"wp:attachment":[{"href":"https:\/\/encompaniastj.org\/pt-pt\/wp-json\/wp\/v2\/media?parent=12531"}],"wp:term":[{"taxonomy":"category","embeddable":true,"href":"https:\/\/encompaniastj.org\/pt-pt\/wp-json\/wp\/v2\/categories?post=12531"},{"taxonomy":"post_tag","embeddable":true,"href":"https:\/\/encompaniastj.org\/pt-pt\/wp-json\/wp\/v2\/tags?post=12531"}],"curies":[{"name":"wp","href":"https:\/\/api.w.org\/{rel}","templated":true}]}}