{"id":12525,"date":"2025-01-28T10:32:23","date_gmt":"2025-01-28T09:32:23","guid":{"rendered":"https:\/\/encompaniastj.org\/oracao-dos-catequistas-de-zaragoza-na-festa-de-enrique-de-osso-seu-santo-padroeiro\/"},"modified":"2025-07-07T16:26:47","modified_gmt":"2025-07-07T14:26:47","slug":"oracao-dos-catequistas-de-zaragoza-na-festa-de-enrique-de-osso-seu-santo-padroeiro","status":"publish","type":"post","link":"https:\/\/encompaniastj.org\/pt-pt\/oracao-dos-catequistas-de-zaragoza-na-festa-de-enrique-de-osso-seu-santo-padroeiro\/","title":{"rendered":"Ora\u00e7\u00e3o dos catequistas de Zaragoza, na festa de Enrique de Oss\u00f3, seu santo padroeiro"},"content":{"rendered":"<p>Como fazemos todos os anos, fomos \u00e0 igreja de S. Filipe de Neri, no convento das canonisas.<\/p>\n<p>Para rezar nesta festa, pedindo a Enrique de Oss\u00f3 que nos ensine a ser catequistas, o que \u00e9 muito necess\u00e1rio nestes tempos dif\u00edceis.<\/p>\n<p>A iniciativa vem, como sempre, da Arquidiocese de Zaragoza, com o P. Javier P\u00e9rez, que ama muito o nosso Padre.<\/p>\n<p>A n\u00f3s juntam-se as irm\u00e3s das tr\u00eas comunidades de Zaragoza, Teresiano del Pilar,<\/p>\n<p>Enrique de Oss\u00f3 e Bego\u00f1a, e a igreja estava cheia com v\u00e1rios sacerdotes e muitos catequistas.<\/p>\n<p>A ora\u00e7\u00e3o, feita por Mar\u00eda Jos\u00e9 Palos, teve como tema a esperan\u00e7a, em tr\u00eas pontos muito importantes:<\/p>\n<p><strong>A esperan\u00e7a, como geradora de comunidade, <\/strong><\/p>\n<p><strong>Esperan\u00e7a, que alarga a nossa vis\u00e3o, <\/strong><\/p>\n<p><strong>Esperan\u00e7a que encontra sempre os meios adequados para trabalhar. <\/strong><\/p>\n<p>O canto: <strong>S\u00faplica a Jesus Cristo<\/strong>, encerrou a ora\u00e7\u00e3o.<\/p>\n<p>Depois de nos despedirmos de muitas pessoas que conhec\u00edamos e de lhes agradecermos o seu trabalho, as irm\u00e3s disseram que estavam \u00e0 procura de um s\u00edtio para comermos juntas Chocolate com Churros. Fic\u00e1mos contentes, mas era domingo e uma altura muito apetec\u00edvel para \u201cestar recogidicos en la calle\u201d (uma express\u00e3o muito t\u00edpica dos zaragozanos) e era imposs\u00edvel.<\/p>\n<p>Assim, despedimo-nos e voltaremos a encontrar-nos na festa dos COL\u00c9GIOS, que termina com uma eucaristia em Enrique de Oss\u00f3.<\/p>\n<p>Que seja tudo pelo melhor. (Carmina Pardo, stj)<\/p>\n","protected":false},"excerpt":{"rendered":"<p>Como fazemos todos os anos, fomos \u00e0 igreja de S. Filipe de Neri, no convento das canonisas. Para rezar nesta festa, pedindo a Enrique de Oss\u00f3 que nos ensine a [&hellip;]<\/p>\n","protected":false},"author":1,"featured_media":8986,"comment_status":"open","ping_status":"open","sticky":false,"template":"","format":"standard","meta":{"_acf_changed":false,"footnotes":""},"categories":[61,68],"tags":[],"class_list":["post-12525","post","type-post","status-publish","format-standard","has-post-thumbnail","hentry","category-noticias","category-outras"],"acf":[],"yoast_head":"<!-- This site is optimized with the Yoast SEO plugin v27.5 - https:\/\/yoast.com\/product\/yoast-seo-wordpress\/ -->\n<title>Ora\u00e7\u00e3o dos catequistas de Zaragoza, na festa de Enrique de Oss\u00f3, seu santo padroeiro - En Compa\u00f1\u00eda STJ<\/title>\n<meta name=\"robots\" content=\"index, follow, max-snippet:-1, max-image-preview:large, max-video-preview:-1\" \/>\n<link rel=\"canonical\" href=\"https:\/\/encompaniastj.org\/pt-pt\/oracao-dos-catequistas-de-zaragoza-na-festa-de-enrique-de-osso-seu-santo-padroeiro\/\" \/>\n<meta property=\"og:locale\" content=\"pt_PT\" \/>\n<meta property=\"og:type\" content=\"article\" \/>\n<meta property=\"og:title\" content=\"Ora\u00e7\u00e3o dos catequistas de Zaragoza, na festa de Enrique de Oss\u00f3, seu santo padroeiro - En Compa\u00f1\u00eda STJ\" \/>\n<meta property=\"og:description\" content=\"Como fazemos todos os anos, fomos \u00e0 igreja de S. Filipe de Neri, no convento das canonisas. Para rezar nesta festa, pedindo a Enrique de Oss\u00f3 que nos ensine a [&hellip;]\" \/>\n<meta property=\"og:url\" content=\"https:\/\/encompaniastj.org\/pt-pt\/oracao-dos-catequistas-de-zaragoza-na-festa-de-enrique-de-osso-seu-santo-padroeiro\/\" \/>\n<meta property=\"og:site_name\" content=\"En Compa\u00f1\u00eda STJ\" \/>\n<meta property=\"article:published_time\" content=\"2025-01-28T09:32:23+00:00\" \/>\n<meta property=\"article:modified_time\" content=\"2025-07-07T14:26:47+00:00\" \/>\n<meta property=\"og:image\" content=\"https:\/\/encompaniastj.org\/wp-content\/uploads\/2025\/05\/Imagen1-6.jpg\" \/>\n\t<meta property=\"og:image:width\" content=\"518\" \/>\n\t<meta property=\"og:image:height\" content=\"692\" \/>\n\t<meta property=\"og:image:type\" content=\"image\/jpeg\" \/>\n<meta name=\"author\" content=\"admin\" \/>\n<meta name=\"twitter:card\" content=\"summary_large_image\" \/>\n<meta name=\"twitter:label1\" content=\"Escrito por\" \/>\n\t<meta name=\"twitter:data1\" content=\"admin\" \/>\n\t<meta name=\"twitter:label2\" content=\"Tempo estimado de leitura\" \/>\n\t<meta name=\"twitter:data2\" content=\"2 minutos\" \/>\n<script type=\"application\/ld+json\" class=\"yoast-schema-graph\">{\"@context\":\"https:\\\/\\\/schema.org\",\"@graph\":[{\"@type\":\"Article\",\"@id\":\"https:\\\/\\\/encompaniastj.org\\\/pt-pt\\\/oracao-dos-catequistas-de-zaragoza-na-festa-de-enrique-de-osso-seu-santo-padroeiro\\\/#article\",\"isPartOf\":{\"@id\":\"https:\\\/\\\/encompaniastj.org\\\/pt-pt\\\/oracao-dos-catequistas-de-zaragoza-na-festa-de-enrique-de-osso-seu-santo-padroeiro\\\/\"},\"author\":{\"name\":\"admin\",\"@id\":\"https:\\\/\\\/encompaniastj.org\\\/pt-pt\\\/#\\\/schema\\\/person\\\/520e7ecc314793d40091993c2a02b651\"},\"headline\":\"Ora\u00e7\u00e3o dos catequistas de Zaragoza, na festa de Enrique de Oss\u00f3, seu santo padroeiro\",\"datePublished\":\"2025-01-28T09:32:23+00:00\",\"dateModified\":\"2025-07-07T14:26:47+00:00\",\"mainEntityOfPage\":{\"@id\":\"https:\\\/\\\/encompaniastj.org\\\/pt-pt\\\/oracao-dos-catequistas-de-zaragoza-na-festa-de-enrique-de-osso-seu-santo-padroeiro\\\/\"},\"wordCount\":259,\"commentCount\":0,\"publisher\":{\"@id\":\"https:\\\/\\\/encompaniastj.org\\\/pt-pt\\\/#organization\"},\"image\":{\"@id\":\"https:\\\/\\\/encompaniastj.org\\\/pt-pt\\\/oracao-dos-catequistas-de-zaragoza-na-festa-de-enrique-de-osso-seu-santo-padroeiro\\\/#primaryimage\"},\"thumbnailUrl\":\"https:\\\/\\\/encompaniastj.org\\\/wp-content\\\/uploads\\\/2025\\\/05\\\/Imagen1-6.jpg\",\"articleSection\":[\"Noticias\",\"Outras\"],\"inLanguage\":\"pt-PT\",\"potentialAction\":[{\"@type\":\"CommentAction\",\"name\":\"Comment\",\"target\":[\"https:\\\/\\\/encompaniastj.org\\\/pt-pt\\\/oracao-dos-catequistas-de-zaragoza-na-festa-de-enrique-de-osso-seu-santo-padroeiro\\\/#respond\"]}]},{\"@type\":\"WebPage\",\"@id\":\"https:\\\/\\\/encompaniastj.org\\\/pt-pt\\\/oracao-dos-catequistas-de-zaragoza-na-festa-de-enrique-de-osso-seu-santo-padroeiro\\\/\",\"url\":\"https:\\\/\\\/encompaniastj.org\\\/pt-pt\\\/oracao-dos-catequistas-de-zaragoza-na-festa-de-enrique-de-osso-seu-santo-padroeiro\\\/\",\"name\":\"Ora\u00e7\u00e3o dos catequistas de Zaragoza, na festa de Enrique de Oss\u00f3, seu santo padroeiro - En Compa\u00f1\u00eda STJ\",\"isPartOf\":{\"@id\":\"https:\\\/\\\/encompaniastj.org\\\/pt-pt\\\/#website\"},\"primaryImageOfPage\":{\"@id\":\"https:\\\/\\\/encompaniastj.org\\\/pt-pt\\\/oracao-dos-catequistas-de-zaragoza-na-festa-de-enrique-de-osso-seu-santo-padroeiro\\\/#primaryimage\"},\"image\":{\"@id\":\"https:\\\/\\\/encompaniastj.org\\\/pt-pt\\\/oracao-dos-catequistas-de-zaragoza-na-festa-de-enrique-de-osso-seu-santo-padroeiro\\\/#primaryimage\"},\"thumbnailUrl\":\"https:\\\/\\\/encompaniastj.org\\\/wp-content\\\/uploads\\\/2025\\\/05\\\/Imagen1-6.jpg\",\"datePublished\":\"2025-01-28T09:32:23+00:00\",\"dateModified\":\"2025-07-07T14:26:47+00:00\",\"breadcrumb\":{\"@id\":\"https:\\\/\\\/encompaniastj.org\\\/pt-pt\\\/oracao-dos-catequistas-de-zaragoza-na-festa-de-enrique-de-osso-seu-santo-padroeiro\\\/#breadcrumb\"},\"inLanguage\":\"pt-PT\",\"potentialAction\":[{\"@type\":\"ReadAction\",\"target\":[\"https:\\\/\\\/encompaniastj.org\\\/pt-pt\\\/oracao-dos-catequistas-de-zaragoza-na-festa-de-enrique-de-osso-seu-santo-padroeiro\\\/\"]}]},{\"@type\":\"ImageObject\",\"inLanguage\":\"pt-PT\",\"@id\":\"https:\\\/\\\/encompaniastj.org\\\/pt-pt\\\/oracao-dos-catequistas-de-zaragoza-na-festa-de-enrique-de-osso-seu-santo-padroeiro\\\/#primaryimage\",\"url\":\"https:\\\/\\\/encompaniastj.org\\\/wp-content\\\/uploads\\\/2025\\\/05\\\/Imagen1-6.jpg\",\"contentUrl\":\"https:\\\/\\\/encompaniastj.org\\\/wp-content\\\/uploads\\\/2025\\\/05\\\/Imagen1-6.jpg\",\"width\":518,\"height\":692},{\"@type\":\"BreadcrumbList\",\"@id\":\"https:\\\/\\\/encompaniastj.org\\\/pt-pt\\\/oracao-dos-catequistas-de-zaragoza-na-festa-de-enrique-de-osso-seu-santo-padroeiro\\\/#breadcrumb\",\"itemListElement\":[{\"@type\":\"ListItem\",\"position\":1,\"name\":\"Portada\",\"item\":\"https:\\\/\\\/encompaniastj.org\\\/pt-pt\\\/\"},{\"@type\":\"ListItem\",\"position\":2,\"name\":\"Ora\u00e7\u00e3o dos catequistas de Zaragoza, na festa de Enrique de Oss\u00f3, seu santo padroeiro\"}]},{\"@type\":\"WebSite\",\"@id\":\"https:\\\/\\\/encompaniastj.org\\\/pt-pt\\\/#website\",\"url\":\"https:\\\/\\\/encompaniastj.org\\\/pt-pt\\\/\",\"name\":\"En Compa\u00f1\u00eda STJ\",\"description\":\"Bolet\u00edn de la Compa\u00f1\u00eda de Santa Teresa de Jes\u00fas\",\"publisher\":{\"@id\":\"https:\\\/\\\/encompaniastj.org\\\/pt-pt\\\/#organization\"},\"potentialAction\":[{\"@type\":\"SearchAction\",\"target\":{\"@type\":\"EntryPoint\",\"urlTemplate\":\"https:\\\/\\\/encompaniastj.org\\\/pt-pt\\\/?s={search_term_string}\"},\"query-input\":{\"@type\":\"PropertyValueSpecification\",\"valueRequired\":true,\"valueName\":\"search_term_string\"}}],\"inLanguage\":\"pt-PT\"},{\"@type\":\"Organization\",\"@id\":\"https:\\\/\\\/encompaniastj.org\\\/pt-pt\\\/#organization\",\"name\":\"Compa\u00f1\u00eda de Santa Teresa de Jes\u00fas\",\"url\":\"https:\\\/\\\/encompaniastj.org\\\/pt-pt\\\/\",\"logo\":{\"@type\":\"ImageObject\",\"inLanguage\":\"pt-PT\",\"@id\":\"https:\\\/\\\/encompaniastj.org\\\/pt-pt\\\/#\\\/schema\\\/logo\\\/image\\\/\",\"url\":\"https:\\\/\\\/encompaniastj.org\\\/wp-content\\\/uploads\\\/2025\\\/04\\\/logo_provincias02-1-3.png\",\"contentUrl\":\"https:\\\/\\\/encompaniastj.org\\\/wp-content\\\/uploads\\\/2025\\\/04\\\/logo_provincias02-1-3.png\",\"width\":2368,\"height\":825,\"caption\":\"Compa\u00f1\u00eda de Santa Teresa de Jes\u00fas\"},\"image\":{\"@id\":\"https:\\\/\\\/encompaniastj.org\\\/pt-pt\\\/#\\\/schema\\\/logo\\\/image\\\/\"}},{\"@type\":\"Person\",\"@id\":\"https:\\\/\\\/encompaniastj.org\\\/pt-pt\\\/#\\\/schema\\\/person\\\/520e7ecc314793d40091993c2a02b651\",\"name\":\"admin\",\"image\":{\"@type\":\"ImageObject\",\"inLanguage\":\"pt-PT\",\"@id\":\"https:\\\/\\\/secure.gravatar.com\\\/avatar\\\/948b492cce32b586ac2db0eaa926ee87024f7afe218d73b397ea5ddfc5f43ea1?s=96&d=mm&r=g\",\"url\":\"https:\\\/\\\/secure.gravatar.com\\\/avatar\\\/948b492cce32b586ac2db0eaa926ee87024f7afe218d73b397ea5ddfc5f43ea1?s=96&d=mm&r=g\",\"contentUrl\":\"https:\\\/\\\/secure.gravatar.com\\\/avatar\\\/948b492cce32b586ac2db0eaa926ee87024f7afe218d73b397ea5ddfc5f43ea1?s=96&d=mm&r=g\",\"caption\":\"admin\"},\"sameAs\":[\"https:\\\/\\\/encompaniastj.org\"],\"url\":\"https:\\\/\\\/encompaniastj.org\\\/pt-pt\\\/author\\\/sjdigital\\\/\"}]}<\/script>\n<!-- \/ Yoast SEO plugin. -->","yoast_head_json":{"title":"Ora\u00e7\u00e3o dos catequistas de Zaragoza, na festa de Enrique de Oss\u00f3, seu santo padroeiro - En Compa\u00f1\u00eda STJ","robots":{"index":"index","follow":"follow","max-snippet":"max-snippet:-1","max-image-preview":"max-image-preview:large","max-video-preview":"max-video-preview:-1"},"canonical":"https:\/\/encompaniastj.org\/pt-pt\/oracao-dos-catequistas-de-zaragoza-na-festa-de-enrique-de-osso-seu-santo-padroeiro\/","og_locale":"pt_PT","og_type":"article","og_title":"Ora\u00e7\u00e3o dos catequistas de Zaragoza, na festa de Enrique de Oss\u00f3, seu santo padroeiro - En Compa\u00f1\u00eda STJ","og_description":"Como fazemos todos os anos, fomos \u00e0 igreja de S. Filipe de Neri, no convento das canonisas. Para rezar nesta festa, pedindo a Enrique de Oss\u00f3 que nos ensine a [&hellip;]","og_url":"https:\/\/encompaniastj.org\/pt-pt\/oracao-dos-catequistas-de-zaragoza-na-festa-de-enrique-de-osso-seu-santo-padroeiro\/","og_site_name":"En Compa\u00f1\u00eda STJ","article_published_time":"2025-01-28T09:32:23+00:00","article_modified_time":"2025-07-07T14:26:47+00:00","og_image":[{"width":518,"height":692,"url":"https:\/\/encompaniastj.org\/wp-content\/uploads\/2025\/05\/Imagen1-6.jpg","type":"image\/jpeg"}],"author":"admin","twitter_card":"summary_large_image","twitter_misc":{"Escrito por":"admin","Tempo estimado de leitura":"2 minutos"},"schema":{"@context":"https:\/\/schema.org","@graph":[{"@type":"Article","@id":"https:\/\/encompaniastj.org\/pt-pt\/oracao-dos-catequistas-de-zaragoza-na-festa-de-enrique-de-osso-seu-santo-padroeiro\/#article","isPartOf":{"@id":"https:\/\/encompaniastj.org\/pt-pt\/oracao-dos-catequistas-de-zaragoza-na-festa-de-enrique-de-osso-seu-santo-padroeiro\/"},"author":{"name":"admin","@id":"https:\/\/encompaniastj.org\/pt-pt\/#\/schema\/person\/520e7ecc314793d40091993c2a02b651"},"headline":"Ora\u00e7\u00e3o dos catequistas de Zaragoza, na festa de Enrique de Oss\u00f3, seu santo padroeiro","datePublished":"2025-01-28T09:32:23+00:00","dateModified":"2025-07-07T14:26:47+00:00","mainEntityOfPage":{"@id":"https:\/\/encompaniastj.org\/pt-pt\/oracao-dos-catequistas-de-zaragoza-na-festa-de-enrique-de-osso-seu-santo-padroeiro\/"},"wordCount":259,"commentCount":0,"publisher":{"@id":"https:\/\/encompaniastj.org\/pt-pt\/#organization"},"image":{"@id":"https:\/\/encompaniastj.org\/pt-pt\/oracao-dos-catequistas-de-zaragoza-na-festa-de-enrique-de-osso-seu-santo-padroeiro\/#primaryimage"},"thumbnailUrl":"https:\/\/encompaniastj.org\/wp-content\/uploads\/2025\/05\/Imagen1-6.jpg","articleSection":["Noticias","Outras"],"inLanguage":"pt-PT","potentialAction":[{"@type":"CommentAction","name":"Comment","target":["https:\/\/encompaniastj.org\/pt-pt\/oracao-dos-catequistas-de-zaragoza-na-festa-de-enrique-de-osso-seu-santo-padroeiro\/#respond"]}]},{"@type":"WebPage","@id":"https:\/\/encompaniastj.org\/pt-pt\/oracao-dos-catequistas-de-zaragoza-na-festa-de-enrique-de-osso-seu-santo-padroeiro\/","url":"https:\/\/encompaniastj.org\/pt-pt\/oracao-dos-catequistas-de-zaragoza-na-festa-de-enrique-de-osso-seu-santo-padroeiro\/","name":"Ora\u00e7\u00e3o dos catequistas de Zaragoza, na festa de Enrique de Oss\u00f3, seu santo padroeiro - En Compa\u00f1\u00eda STJ","isPartOf":{"@id":"https:\/\/encompaniastj.org\/pt-pt\/#website"},"primaryImageOfPage":{"@id":"https:\/\/encompaniastj.org\/pt-pt\/oracao-dos-catequistas-de-zaragoza-na-festa-de-enrique-de-osso-seu-santo-padroeiro\/#primaryimage"},"image":{"@id":"https:\/\/encompaniastj.org\/pt-pt\/oracao-dos-catequistas-de-zaragoza-na-festa-de-enrique-de-osso-seu-santo-padroeiro\/#primaryimage"},"thumbnailUrl":"https:\/\/encompaniastj.org\/wp-content\/uploads\/2025\/05\/Imagen1-6.jpg","datePublished":"2025-01-28T09:32:23+00:00","dateModified":"2025-07-07T14:26:47+00:00","breadcrumb":{"@id":"https:\/\/encompaniastj.org\/pt-pt\/oracao-dos-catequistas-de-zaragoza-na-festa-de-enrique-de-osso-seu-santo-padroeiro\/#breadcrumb"},"inLanguage":"pt-PT","potentialAction":[{"@type":"ReadAction","target":["https:\/\/encompaniastj.org\/pt-pt\/oracao-dos-catequistas-de-zaragoza-na-festa-de-enrique-de-osso-seu-santo-padroeiro\/"]}]},{"@type":"ImageObject","inLanguage":"pt-PT","@id":"https:\/\/encompaniastj.org\/pt-pt\/oracao-dos-catequistas-de-zaragoza-na-festa-de-enrique-de-osso-seu-santo-padroeiro\/#primaryimage","url":"https:\/\/encompaniastj.org\/wp-content\/uploads\/2025\/05\/Imagen1-6.jpg","contentUrl":"https:\/\/encompaniastj.org\/wp-content\/uploads\/2025\/05\/Imagen1-6.jpg","width":518,"height":692},{"@type":"BreadcrumbList","@id":"https:\/\/encompaniastj.org\/pt-pt\/oracao-dos-catequistas-de-zaragoza-na-festa-de-enrique-de-osso-seu-santo-padroeiro\/#breadcrumb","itemListElement":[{"@type":"ListItem","position":1,"name":"Portada","item":"https:\/\/encompaniastj.org\/pt-pt\/"},{"@type":"ListItem","position":2,"name":"Ora\u00e7\u00e3o dos catequistas de Zaragoza, na festa de Enrique de Oss\u00f3, seu santo padroeiro"}]},{"@type":"WebSite","@id":"https:\/\/encompaniastj.org\/pt-pt\/#website","url":"https:\/\/encompaniastj.org\/pt-pt\/","name":"En Compa\u00f1\u00eda STJ","description":"Bolet\u00edn de la Compa\u00f1\u00eda de Santa Teresa de Jes\u00fas","publisher":{"@id":"https:\/\/encompaniastj.org\/pt-pt\/#organization"},"potentialAction":[{"@type":"SearchAction","target":{"@type":"EntryPoint","urlTemplate":"https:\/\/encompaniastj.org\/pt-pt\/?s={search_term_string}"},"query-input":{"@type":"PropertyValueSpecification","valueRequired":true,"valueName":"search_term_string"}}],"inLanguage":"pt-PT"},{"@type":"Organization","@id":"https:\/\/encompaniastj.org\/pt-pt\/#organization","name":"Compa\u00f1\u00eda de Santa Teresa de Jes\u00fas","url":"https:\/\/encompaniastj.org\/pt-pt\/","logo":{"@type":"ImageObject","inLanguage":"pt-PT","@id":"https:\/\/encompaniastj.org\/pt-pt\/#\/schema\/logo\/image\/","url":"https:\/\/encompaniastj.org\/wp-content\/uploads\/2025\/04\/logo_provincias02-1-3.png","contentUrl":"https:\/\/encompaniastj.org\/wp-content\/uploads\/2025\/04\/logo_provincias02-1-3.png","width":2368,"height":825,"caption":"Compa\u00f1\u00eda de Santa Teresa de Jes\u00fas"},"image":{"@id":"https:\/\/encompaniastj.org\/pt-pt\/#\/schema\/logo\/image\/"}},{"@type":"Person","@id":"https:\/\/encompaniastj.org\/pt-pt\/#\/schema\/person\/520e7ecc314793d40091993c2a02b651","name":"admin","image":{"@type":"ImageObject","inLanguage":"pt-PT","@id":"https:\/\/secure.gravatar.com\/avatar\/948b492cce32b586ac2db0eaa926ee87024f7afe218d73b397ea5ddfc5f43ea1?s=96&d=mm&r=g","url":"https:\/\/secure.gravatar.com\/avatar\/948b492cce32b586ac2db0eaa926ee87024f7afe218d73b397ea5ddfc5f43ea1?s=96&d=mm&r=g","contentUrl":"https:\/\/secure.gravatar.com\/avatar\/948b492cce32b586ac2db0eaa926ee87024f7afe218d73b397ea5ddfc5f43ea1?s=96&d=mm&r=g","caption":"admin"},"sameAs":["https:\/\/encompaniastj.org"],"url":"https:\/\/encompaniastj.org\/pt-pt\/author\/sjdigital\/"}]}},"_links":{"self":[{"href":"https:\/\/encompaniastj.org\/pt-pt\/wp-json\/wp\/v2\/posts\/12525","targetHints":{"allow":["GET"]}}],"collection":[{"href":"https:\/\/encompaniastj.org\/pt-pt\/wp-json\/wp\/v2\/posts"}],"about":[{"href":"https:\/\/encompaniastj.org\/pt-pt\/wp-json\/wp\/v2\/types\/post"}],"author":[{"embeddable":true,"href":"https:\/\/encompaniastj.org\/pt-pt\/wp-json\/wp\/v2\/users\/1"}],"replies":[{"embeddable":true,"href":"https:\/\/encompaniastj.org\/pt-pt\/wp-json\/wp\/v2\/comments?post=12525"}],"version-history":[{"count":1,"href":"https:\/\/encompaniastj.org\/pt-pt\/wp-json\/wp\/v2\/posts\/12525\/revisions"}],"predecessor-version":[{"id":12526,"href":"https:\/\/encompaniastj.org\/pt-pt\/wp-json\/wp\/v2\/posts\/12525\/revisions\/12526"}],"wp:featuredmedia":[{"embeddable":true,"href":"https:\/\/encompaniastj.org\/pt-pt\/wp-json\/wp\/v2\/media\/8986"}],"wp:attachment":[{"href":"https:\/\/encompaniastj.org\/pt-pt\/wp-json\/wp\/v2\/media?parent=12525"}],"wp:term":[{"taxonomy":"category","embeddable":true,"href":"https:\/\/encompaniastj.org\/pt-pt\/wp-json\/wp\/v2\/categories?post=12525"},{"taxonomy":"post_tag","embeddable":true,"href":"https:\/\/encompaniastj.org\/pt-pt\/wp-json\/wp\/v2\/tags?post=12525"}],"curies":[{"name":"wp","href":"https:\/\/api.w.org\/{rel}","templated":true}]}}