{"id":12495,"date":"2025-01-14T14:14:57","date_gmt":"2025-01-14T13:14:57","guid":{"rendered":"https:\/\/encompaniastj.org\/uma-viagem-ao-coracao-da-missao-em-angola\/"},"modified":"2025-07-07T16:26:44","modified_gmt":"2025-07-07T14:26:44","slug":"uma-viagem-ao-coracao-da-missao-em-angola","status":"publish","type":"post","link":"https:\/\/encompaniastj.org\/pt-pt\/uma-viagem-ao-coracao-da-missao-em-angola\/","title":{"rendered":"Uma viagem ao cora\u00e7\u00e3o da Miss\u00e3o em Angola"},"content":{"rendered":"<p>No meu regresso de Angola, gostaria de partilhar convosco o que vivi nestes dias.<\/p>\n<p>Nos dias 6 e 7 de dezembro, tive a honra e a alegria de participar nas celebra\u00e7\u00f5es organizadas pelas Irm\u00e3s da Prov\u00edncia de Nossa Senhora Rainha para comemorar os 75 anos de presen\u00e7a de la Companhia em Angola. Foi uma viagem cheia de emo\u00e7\u00f5es, recorda\u00e7\u00f5es e profunda gratid\u00e3o pelo trabalho desenvolvido ao longo de tantas d\u00e9cadas. O destino foi Vavayela, um lugar significativo na hist\u00f3ria da nossa miss\u00e3o naquele pa\u00eds africano, onde as primeiras irm\u00e3s vindas de Portugal iniciaram a sua a\u00e7\u00e3o evangelizadora e educativa.<\/p>\n<p>Depois de muitas horas de voo, cheguei a Luanda, onde as irm\u00e3s me esperavam, e no mesmo dia parti por estrada para Vavayela com Maria In\u00eas, uma jovem juniorista, numa viagem que durou quase um dia inteiro. A dist\u00e2ncia e o cansa\u00e7o foram esquecidos assim que cheg\u00e1mos ao nosso destino, um lugar que parecia imbu\u00eddo de uma energia vibrante e festiva.<\/p>\n<p>Quando cheguei, a primeira coisa que notei foi a alegria palp\u00e1vel no ambiente. As irm\u00e3s, com quem tinha partilhado tantos anos da minha vida, acolheram-me com um calor que me fez sentir de novo em casa. Mas o mais impressionante foi ver o n\u00famero de jovens, pr\u00e9-novi\u00e7as, novi\u00e7as e juniores, que eu nunca tinha encontrado antes. Angola mudou muito, e a Companhia tamb\u00e9m. No entanto, o que ficou intacto foi o acolhimento, o esp\u00edrito de fraternidade e o afeto que sempre caracterizou o povo angolano.<\/p>\n<p>Nestes dias de festa, pude testemunhar o sentimento de gratid\u00e3o e apre\u00e7o que muitas pessoas de todos os cantos de Angola t\u00eam pelo trabalho da Companhia em Angola. Em particular, foi destacado o trabalho das Irm\u00e3s na educa\u00e7\u00e3o, especialmente no dom\u00ednio da educa\u00e7\u00e3o das mulheres e dos mais pobres. A miss\u00e3o de Vavayela foi pioneira na oferta de escolariza\u00e7\u00e3o numa altura em que existiam poucas institui\u00e7\u00f5es de ensino no pa\u00eds. De facto, a Escola de Magist\u00e9rio foi uma das primeiras a abrir as suas portas, dando um contributo significativo para a constru\u00e7\u00e3o do futuro de muitas jovens angolanas.<\/p>\n<p>O que mais me impressionou foi ouvir as hist\u00f3rias de antigas alunas das diferentes miss\u00f5es, que com nostalgia e alegria recordaram os primeiros anos, aqueles em que as irm\u00e3s, com grande esfor\u00e7o, iniciaram os primeiros centros educativos. Recordaram as irm\u00e3s, contaram anedotas dos primeiros anos e como viveram o momento em que as irm\u00e3s tiveram de deixar a Miss\u00e3o devido \u00e0 inseguran\u00e7a durante a guerra civil angolana. Estas hist\u00f3rias foram testemunhos do amor e da dedica\u00e7\u00e3o com que as Irm\u00e3s assumiram o seu trabalho e como, apesar dos obst\u00e1culos, nunca desistiram do seu empenhamento na educa\u00e7\u00e3o e no bem-estar das comunidades mais carenciadas.<\/p>\n<p>Um dos momentos mais emocionantes da viagem foi ver tantas pessoas se unirem para colaborar nas diversas atividades da festa. A organiza\u00e7\u00e3o do acolhimento, a prepara\u00e7\u00e3o da comida, a recolha de \u00e1gua, as manifesta\u00e7\u00f5es religiosas, culturais e recreativas foram poss\u00edveis gra\u00e7as ao trabalho conjunto de todos os presentes. A solidariedade reflectiu-se mais uma vez no entusiasmo com que cada grupo trabalhou em conjunto para fazer destes dias uma experi\u00eancia inesquec\u00edvel.<\/p>\n<p>Outra das experi\u00eancias mais memor\u00e1veis desses dias foi poder contemplar o c\u00e9u estrelado de Vavayela. Como n\u00e3o havia eletricidade, o c\u00e9u noturno era um espet\u00e1culo impressionante. As estrelas brilhavam intensamente, como que a recordar a presen\u00e7a de Deus neste lugar t\u00e3o especial.<\/p>\n<p>Durante as celebra\u00e7\u00f5es, tive a oportunidade de conhecer muitas pessoas que fazem parte da hist\u00f3ria da Companhia e da Fam\u00edlia Teresiana em Angola. Entre elas, o grupo da \u201cLiga Teresiana\u201d, formado por mulheres que foram membros da Companhia e que se re\u00fanem com frequ\u00eancia. Havia tamb\u00e9m os membros da MTA, um grupo numeroso vindo de quase todas as comunidades e at\u00e9 de alguns lugares onde as irm\u00e3s j\u00e1 n\u00e3o est\u00e3o ou mesmo onde nunca estivemos. Os membros da Associa\u00e7\u00e3o das Alumnae, alumnae e amigos. Esta associa\u00e7\u00e3o legalmente constitu\u00edda, para al\u00e9m de participar nos encontros, tem o seu pr\u00f3prio trabalho de forma\u00e7\u00e3o de jovens vulner\u00e1veis. Durante a celebra\u00e7\u00e3o foi entregue um Diploma de Honra \u00e0s tr\u00eas irm\u00e3s espanholas que ainda vivem em Angola. Elas foram testemunhas e protagonistas dos primeiros anos da Companhia neste pa\u00eds, quando as dificuldades eram muitas, mas tamb\u00e9m a esperan\u00e7a e a f\u00e9 eram inabal\u00e1veis. A sua dedica\u00e7\u00e3o e sacrif\u00edcio foram reconhecidos com gratid\u00e3o e admira\u00e7\u00e3o. E, finalmente, o grupo mais jovem, as Mission\u00e1rias de Santa Teresa (MTJ). Estes grupos tornaram a celebra\u00e7\u00e3o verdadeiramente representativa da comunidade teresiana em Angola.<\/p>\n<p>Um momento particularmente significativo destas celebra\u00e7\u00f5es jubilares foi a apresenta\u00e7\u00e3o de um livro dedicado a Pilar S\u00e1nchez Buitrago, conhecida pelo seu profundo amor a Santa Teresa e a Enrique de Oss\u00f3, e pelo seu desejo de os dar a conhecer. Foi uma das grandes impulsionadoras da MTA e do Secretariado da Pastoral Teresiana. Durante a apresenta\u00e7\u00e3o do livro, v\u00e1rios bispos e sacerdotes que a conheceram partilharam como a sua influ\u00eancia marcou profundamente as suas vidas e voca\u00e7\u00f5es. A sua dedica\u00e7\u00e3o \u00e0 forma\u00e7\u00e3o dos sacerdotes foi incans\u00e1vel e muitos recordam-na com gratid\u00e3o. Pilar n\u00e3o s\u00f3 promoveu a espiritualidade teresiana, como \u00e9 considerada a fundadora das Mission\u00e1rias de Santa Teresa de Jesus, uma congrega\u00e7\u00e3o de sacerdotes que continua a crescer e a alargar o seu trabalho em v\u00e1rias dioceses do pa\u00eds. Atualmente s\u00e3o 5 padres, 5 di\u00e1conos e 44 seminaristas.<\/p>\n<p>As actividades terminaram com a Eucaristia do dia 7, uma missa concelebrada por quatro bispos e um grande n\u00famero de padres e seminaristas. Durante a Missa, foram tamb\u00e9m celebradas as bodas de ouro da entrada na Companhia de Jesus das Irm\u00e3s Martinha Lussinga, Florentina Chambula e Ant\u00f3nia Cardoso, e a primeira profiss\u00e3o de Maria de la Sallete. A chuva, acompanhada de trov\u00f5es e rel\u00e2mpagos, fez com que o ritmo da cerim\u00f3nia fosse por vezes acelerado, pois quem estava no exterior da igreja molhava-se. O ofert\u00f3rio, em especial, n\u00e3o p\u00f4de ser executado com a solenidade habitual. Apesar dos imprevistos, o esp\u00edrito da celebra\u00e7\u00e3o manteve-se intacto e, no final da Eucaristia, a Irm\u00e3 Domingas L\u00facia agradeceu a presen\u00e7a de todos.<\/p>\n<p>Houve um momento de reconhecimento da Prov\u00edncia para as Irm\u00e3s Rosa Sanchez, Dolores Idoate e Generosa Iturri, que permanecem em Angola e l\u00e1 est\u00e3o h\u00e1 muitos anos. Foi-me tamb\u00e9m agradecida a minha presen\u00e7a em nome das Irm\u00e3s da Prov\u00edncia Teresiana da Europa, recordando aquelas primeiras cinco Irm\u00e3s portuguesas que deram origem \u00e0 presen\u00e7a da Companhia em Angola.<\/p>\n<p>Depois da Eucaristia e do almo\u00e7o, parti para o Cubal, onde estive v\u00e1rios dias. Falarei deles noutra altura.<\/p>\n<p>Agrade\u00e7o \u00e0s irm\u00e3s do Conselho Provincial por me terem dado a oportunidade de participar no Jubileu e de estar novamente em Angola. E \u00e0 Companhia por me ter permitido fazer parte destes 75 anos.<\/p>\n<p>Mais uma vez, pude experimentar valores t\u00e3o profundos como o acolhimento, o esp\u00edrito celebrativo que permite exprimir a solidariedade, a entreajuda, a colabora\u00e7\u00e3o e o sacrif\u00edcio. As pessoas que estiveram na festa tiveram certamente de ultrapassar as dificuldades de transporte para chegar a uma zona onde apenas se encontra a Miss\u00e3o, sem transportes p\u00fablicos. As dificuldades inclu\u00edram tamb\u00e9m o alojamento, pois foi necess\u00e1rio ficar nas salas de aula. Al\u00e9m disso, a chuva obrigou a improvisar altera\u00e7\u00f5es no programa, pois alguns eventos estavam planeados para serem realizados ao ar livre. Apesar de tudo, s\u00f3 vi rostos felizes e entusiasmados com o reencontro, gratos pelo esfor\u00e7o e sacrif\u00edcio de todos.\u00a0(<strong>Milagros Moreno<\/strong>)<\/p>\n<p><img loading=\"lazy\" decoding=\"async\" class=\"aligncenter wp-image-14331 size-large\" src=\"https:\/\/encompaniastj.org\/wp-content\/uploads\/2025\/05\/f1-5-1.jpg\" alt=\"\" width=\"1024\" height=\"511\" \/><strong><em>Ilustra\u00e7\u00e3o 1. Panorama da Miss\u00e3o Vavayela<\/em><\/strong><\/p>\n<p><img loading=\"lazy\" decoding=\"async\" class=\"aligncenter wp-image-14333 size-full\" src=\"https:\/\/encompaniastj.org\/wp-content\/uploads\/2025\/05\/f2-2-2.jpg\" alt=\"\" width=\"928\" height=\"696\" \/><em><strong>Ilustra\u00e7\u00e3o 2. Escola de forma\u00e7\u00e3o de professores<\/strong><\/em><\/p>\n<p><img loading=\"lazy\" decoding=\"async\" class=\"aligncenter wp-image-14335 size-full\" src=\"https:\/\/encompaniastj.org\/wp-content\/uploads\/2025\/05\/f3-9.jpg\" alt=\"\" width=\"921\" height=\"690\" \/><em><strong>Ilustra\u00e7\u00e3o 3. Grupo de MTA e Irm\u00e3s<\/strong><\/em><\/p>\n<p><em><strong><img loading=\"lazy\" decoding=\"async\" class=\"aligncenter wp-image-14337 size-full\" src=\"https:\/\/encompaniastj.org\/wp-content\/uploads\/2025\/05\/f4-7.jpg\" alt=\"\" width=\"515\" height=\"688\" \/><\/strong><\/em><strong>Ilustra\u00e7\u00e3o 4. Seminarista MTJ durante a Eucaristia<\/strong><\/p>\n<p><strong><img loading=\"lazy\" decoding=\"async\" class=\"aligncenter wp-image-14339 size-large\" src=\"https:\/\/encompaniastj.org\/wp-content\/uploads\/2025\/05\/f5-8.jpg\" alt=\"\" width=\"1024\" height=\"753\" \/><em>Ilustra\u00e7\u00e3o 5. Com um novato, de Cubal<\/em><br \/>\n<\/strong><\/p>\n<p><img loading=\"lazy\" decoding=\"async\" class=\"aligncenter wp-image-14341 size-full\" src=\"https:\/\/encompaniastj.org\/wp-content\/uploads\/2025\/05\/f6-3.jpg\" alt=\"\" width=\"780\" height=\"482\" \/><strong><em>Ilustra\u00e7\u00e3o 6. Com um pr\u00e9-novi\u00e7o e um novi\u00e7o, de Cubal<\/em><\/strong><\/p>\n<p><img loading=\"lazy\" decoding=\"async\" class=\"aligncenter wp-image-14343 size-full\" src=\"https:\/\/encompaniastj.org\/wp-content\/uploads\/2025\/05\/f7-2.jpg\" alt=\"\" width=\"963\" height=\"722\" \/><strong><em>Ilustra\u00e7\u00e3o 7. Outra panor\u00e2mica da Miss\u00e3o<\/em><\/strong><\/p>\n<p><img loading=\"lazy\" decoding=\"async\" class=\"aligncenter wp-image-14345 size-large\" src=\"https:\/\/encompaniastj.org\/wp-content\/uploads\/2025\/05\/f8-1.jpg\" alt=\"\" width=\"769\" height=\"1024\" \/><strong><em>Ilustra\u00e7\u00e3o 8. O livro sobre o Pilar<\/em><\/strong><\/p>\n","protected":false},"excerpt":{"rendered":"<p>No meu regresso de Angola, gostaria de partilhar convosco o que vivi nestes dias. Nos dias 6 e 7 de dezembro, tive a honra e a alegria de participar nas [&hellip;]<\/p>\n","protected":false},"author":1,"featured_media":8965,"comment_status":"open","ping_status":"open","sticky":false,"template":"","format":"standard","meta":{"_acf_changed":false,"footnotes":""},"categories":[61,62,68],"tags":[],"class_list":["post-12495","post","type-post","status-publish","format-standard","has-post-thumbnail","hentry","category-noticias","category-otras","category-outras"],"acf":[],"yoast_head":"<!-- This site is optimized with the Yoast SEO plugin v27.5 - https:\/\/yoast.com\/product\/yoast-seo-wordpress\/ -->\n<title>Uma viagem ao cora\u00e7\u00e3o da Miss\u00e3o em Angola - En Compa\u00f1\u00eda STJ<\/title>\n<meta name=\"robots\" content=\"index, follow, max-snippet:-1, max-image-preview:large, max-video-preview:-1\" \/>\n<link rel=\"canonical\" href=\"https:\/\/encompaniastj.org\/pt-pt\/uma-viagem-ao-coracao-da-missao-em-angola\/\" \/>\n<meta property=\"og:locale\" content=\"pt_PT\" \/>\n<meta property=\"og:type\" content=\"article\" \/>\n<meta property=\"og:title\" content=\"Uma viagem ao cora\u00e7\u00e3o da Miss\u00e3o em Angola - En Compa\u00f1\u00eda STJ\" \/>\n<meta property=\"og:description\" content=\"No meu regresso de Angola, gostaria de partilhar convosco o que vivi nestes dias. Nos dias 6 e 7 de dezembro, tive a honra e a alegria de participar nas [&hellip;]\" \/>\n<meta property=\"og:url\" content=\"https:\/\/encompaniastj.org\/pt-pt\/uma-viagem-ao-coracao-da-missao-em-angola\/\" \/>\n<meta property=\"og:site_name\" content=\"En Compa\u00f1\u00eda STJ\" \/>\n<meta property=\"article:published_time\" content=\"2025-01-14T13:14:57+00:00\" \/>\n<meta property=\"article:modified_time\" content=\"2025-07-07T14:26:44+00:00\" \/>\n<meta property=\"og:image\" content=\"https:\/\/encompaniastj.org\/wp-content\/uploads\/2025\/05\/f3-9.jpg\" \/>\n\t<meta property=\"og:image:width\" content=\"921\" \/>\n\t<meta property=\"og:image:height\" content=\"690\" \/>\n\t<meta property=\"og:image:type\" content=\"image\/jpeg\" \/>\n<meta name=\"author\" content=\"admin\" \/>\n<meta name=\"twitter:card\" content=\"summary_large_image\" \/>\n<meta name=\"twitter:label1\" content=\"Escrito por\" \/>\n\t<meta name=\"twitter:data1\" content=\"admin\" \/>\n\t<meta name=\"twitter:label2\" content=\"Tempo estimado de leitura\" \/>\n\t<meta name=\"twitter:data2\" content=\"8 minutos\" \/>\n<script type=\"application\/ld+json\" class=\"yoast-schema-graph\">{\"@context\":\"https:\\\/\\\/schema.org\",\"@graph\":[{\"@type\":\"Article\",\"@id\":\"https:\\\/\\\/encompaniastj.org\\\/pt-pt\\\/uma-viagem-ao-coracao-da-missao-em-angola\\\/#article\",\"isPartOf\":{\"@id\":\"https:\\\/\\\/encompaniastj.org\\\/pt-pt\\\/uma-viagem-ao-coracao-da-missao-em-angola\\\/\"},\"author\":{\"name\":\"admin\",\"@id\":\"https:\\\/\\\/encompaniastj.org\\\/pt-pt\\\/#\\\/schema\\\/person\\\/520e7ecc314793d40091993c2a02b651\"},\"headline\":\"Uma viagem ao cora\u00e7\u00e3o da Miss\u00e3o em Angola\",\"datePublished\":\"2025-01-14T13:14:57+00:00\",\"dateModified\":\"2025-07-07T14:26:44+00:00\",\"mainEntityOfPage\":{\"@id\":\"https:\\\/\\\/encompaniastj.org\\\/pt-pt\\\/uma-viagem-ao-coracao-da-missao-em-angola\\\/\"},\"wordCount\":1434,\"commentCount\":0,\"publisher\":{\"@id\":\"https:\\\/\\\/encompaniastj.org\\\/pt-pt\\\/#organization\"},\"image\":{\"@id\":\"https:\\\/\\\/encompaniastj.org\\\/pt-pt\\\/uma-viagem-ao-coracao-da-missao-em-angola\\\/#primaryimage\"},\"thumbnailUrl\":\"https:\\\/\\\/encompaniastj.org\\\/wp-content\\\/uploads\\\/2025\\\/05\\\/f3-9.jpg\",\"articleSection\":[\"Noticias\",\"Otras\",\"Outras\"],\"inLanguage\":\"pt-PT\",\"potentialAction\":[{\"@type\":\"CommentAction\",\"name\":\"Comment\",\"target\":[\"https:\\\/\\\/encompaniastj.org\\\/pt-pt\\\/uma-viagem-ao-coracao-da-missao-em-angola\\\/#respond\"]}]},{\"@type\":\"WebPage\",\"@id\":\"https:\\\/\\\/encompaniastj.org\\\/pt-pt\\\/uma-viagem-ao-coracao-da-missao-em-angola\\\/\",\"url\":\"https:\\\/\\\/encompaniastj.org\\\/pt-pt\\\/uma-viagem-ao-coracao-da-missao-em-angola\\\/\",\"name\":\"Uma viagem ao cora\u00e7\u00e3o da Miss\u00e3o em Angola - En Compa\u00f1\u00eda STJ\",\"isPartOf\":{\"@id\":\"https:\\\/\\\/encompaniastj.org\\\/pt-pt\\\/#website\"},\"primaryImageOfPage\":{\"@id\":\"https:\\\/\\\/encompaniastj.org\\\/pt-pt\\\/uma-viagem-ao-coracao-da-missao-em-angola\\\/#primaryimage\"},\"image\":{\"@id\":\"https:\\\/\\\/encompaniastj.org\\\/pt-pt\\\/uma-viagem-ao-coracao-da-missao-em-angola\\\/#primaryimage\"},\"thumbnailUrl\":\"https:\\\/\\\/encompaniastj.org\\\/wp-content\\\/uploads\\\/2025\\\/05\\\/f3-9.jpg\",\"datePublished\":\"2025-01-14T13:14:57+00:00\",\"dateModified\":\"2025-07-07T14:26:44+00:00\",\"breadcrumb\":{\"@id\":\"https:\\\/\\\/encompaniastj.org\\\/pt-pt\\\/uma-viagem-ao-coracao-da-missao-em-angola\\\/#breadcrumb\"},\"inLanguage\":\"pt-PT\",\"potentialAction\":[{\"@type\":\"ReadAction\",\"target\":[\"https:\\\/\\\/encompaniastj.org\\\/pt-pt\\\/uma-viagem-ao-coracao-da-missao-em-angola\\\/\"]}]},{\"@type\":\"ImageObject\",\"inLanguage\":\"pt-PT\",\"@id\":\"https:\\\/\\\/encompaniastj.org\\\/pt-pt\\\/uma-viagem-ao-coracao-da-missao-em-angola\\\/#primaryimage\",\"url\":\"https:\\\/\\\/encompaniastj.org\\\/wp-content\\\/uploads\\\/2025\\\/05\\\/f3-9.jpg\",\"contentUrl\":\"https:\\\/\\\/encompaniastj.org\\\/wp-content\\\/uploads\\\/2025\\\/05\\\/f3-9.jpg\",\"width\":921,\"height\":690},{\"@type\":\"BreadcrumbList\",\"@id\":\"https:\\\/\\\/encompaniastj.org\\\/pt-pt\\\/uma-viagem-ao-coracao-da-missao-em-angola\\\/#breadcrumb\",\"itemListElement\":[{\"@type\":\"ListItem\",\"position\":1,\"name\":\"Portada\",\"item\":\"https:\\\/\\\/encompaniastj.org\\\/pt-pt\\\/\"},{\"@type\":\"ListItem\",\"position\":2,\"name\":\"Uma viagem ao cora\u00e7\u00e3o da Miss\u00e3o em Angola\"}]},{\"@type\":\"WebSite\",\"@id\":\"https:\\\/\\\/encompaniastj.org\\\/pt-pt\\\/#website\",\"url\":\"https:\\\/\\\/encompaniastj.org\\\/pt-pt\\\/\",\"name\":\"En Compa\u00f1\u00eda STJ\",\"description\":\"Bolet\u00edn de la Compa\u00f1\u00eda de Santa Teresa de Jes\u00fas\",\"publisher\":{\"@id\":\"https:\\\/\\\/encompaniastj.org\\\/pt-pt\\\/#organization\"},\"potentialAction\":[{\"@type\":\"SearchAction\",\"target\":{\"@type\":\"EntryPoint\",\"urlTemplate\":\"https:\\\/\\\/encompaniastj.org\\\/pt-pt\\\/?s={search_term_string}\"},\"query-input\":{\"@type\":\"PropertyValueSpecification\",\"valueRequired\":true,\"valueName\":\"search_term_string\"}}],\"inLanguage\":\"pt-PT\"},{\"@type\":\"Organization\",\"@id\":\"https:\\\/\\\/encompaniastj.org\\\/pt-pt\\\/#organization\",\"name\":\"Compa\u00f1\u00eda de Santa Teresa de Jes\u00fas\",\"url\":\"https:\\\/\\\/encompaniastj.org\\\/pt-pt\\\/\",\"logo\":{\"@type\":\"ImageObject\",\"inLanguage\":\"pt-PT\",\"@id\":\"https:\\\/\\\/encompaniastj.org\\\/pt-pt\\\/#\\\/schema\\\/logo\\\/image\\\/\",\"url\":\"https:\\\/\\\/encompaniastj.org\\\/wp-content\\\/uploads\\\/2025\\\/04\\\/logo_provincias02-1-3.png\",\"contentUrl\":\"https:\\\/\\\/encompaniastj.org\\\/wp-content\\\/uploads\\\/2025\\\/04\\\/logo_provincias02-1-3.png\",\"width\":2368,\"height\":825,\"caption\":\"Compa\u00f1\u00eda de Santa Teresa de Jes\u00fas\"},\"image\":{\"@id\":\"https:\\\/\\\/encompaniastj.org\\\/pt-pt\\\/#\\\/schema\\\/logo\\\/image\\\/\"}},{\"@type\":\"Person\",\"@id\":\"https:\\\/\\\/encompaniastj.org\\\/pt-pt\\\/#\\\/schema\\\/person\\\/520e7ecc314793d40091993c2a02b651\",\"name\":\"admin\",\"image\":{\"@type\":\"ImageObject\",\"inLanguage\":\"pt-PT\",\"@id\":\"https:\\\/\\\/secure.gravatar.com\\\/avatar\\\/948b492cce32b586ac2db0eaa926ee87024f7afe218d73b397ea5ddfc5f43ea1?s=96&d=mm&r=g\",\"url\":\"https:\\\/\\\/secure.gravatar.com\\\/avatar\\\/948b492cce32b586ac2db0eaa926ee87024f7afe218d73b397ea5ddfc5f43ea1?s=96&d=mm&r=g\",\"contentUrl\":\"https:\\\/\\\/secure.gravatar.com\\\/avatar\\\/948b492cce32b586ac2db0eaa926ee87024f7afe218d73b397ea5ddfc5f43ea1?s=96&d=mm&r=g\",\"caption\":\"admin\"},\"sameAs\":[\"https:\\\/\\\/encompaniastj.org\"],\"url\":\"https:\\\/\\\/encompaniastj.org\\\/pt-pt\\\/author\\\/sjdigital\\\/\"}]}<\/script>\n<!-- \/ Yoast SEO plugin. -->","yoast_head_json":{"title":"Uma viagem ao cora\u00e7\u00e3o da Miss\u00e3o em Angola - En Compa\u00f1\u00eda STJ","robots":{"index":"index","follow":"follow","max-snippet":"max-snippet:-1","max-image-preview":"max-image-preview:large","max-video-preview":"max-video-preview:-1"},"canonical":"https:\/\/encompaniastj.org\/pt-pt\/uma-viagem-ao-coracao-da-missao-em-angola\/","og_locale":"pt_PT","og_type":"article","og_title":"Uma viagem ao cora\u00e7\u00e3o da Miss\u00e3o em Angola - En Compa\u00f1\u00eda STJ","og_description":"No meu regresso de Angola, gostaria de partilhar convosco o que vivi nestes dias. Nos dias 6 e 7 de dezembro, tive a honra e a alegria de participar nas [&hellip;]","og_url":"https:\/\/encompaniastj.org\/pt-pt\/uma-viagem-ao-coracao-da-missao-em-angola\/","og_site_name":"En Compa\u00f1\u00eda STJ","article_published_time":"2025-01-14T13:14:57+00:00","article_modified_time":"2025-07-07T14:26:44+00:00","og_image":[{"width":921,"height":690,"url":"https:\/\/encompaniastj.org\/wp-content\/uploads\/2025\/05\/f3-9.jpg","type":"image\/jpeg"}],"author":"admin","twitter_card":"summary_large_image","twitter_misc":{"Escrito por":"admin","Tempo estimado de leitura":"8 minutos"},"schema":{"@context":"https:\/\/schema.org","@graph":[{"@type":"Article","@id":"https:\/\/encompaniastj.org\/pt-pt\/uma-viagem-ao-coracao-da-missao-em-angola\/#article","isPartOf":{"@id":"https:\/\/encompaniastj.org\/pt-pt\/uma-viagem-ao-coracao-da-missao-em-angola\/"},"author":{"name":"admin","@id":"https:\/\/encompaniastj.org\/pt-pt\/#\/schema\/person\/520e7ecc314793d40091993c2a02b651"},"headline":"Uma viagem ao cora\u00e7\u00e3o da Miss\u00e3o em Angola","datePublished":"2025-01-14T13:14:57+00:00","dateModified":"2025-07-07T14:26:44+00:00","mainEntityOfPage":{"@id":"https:\/\/encompaniastj.org\/pt-pt\/uma-viagem-ao-coracao-da-missao-em-angola\/"},"wordCount":1434,"commentCount":0,"publisher":{"@id":"https:\/\/encompaniastj.org\/pt-pt\/#organization"},"image":{"@id":"https:\/\/encompaniastj.org\/pt-pt\/uma-viagem-ao-coracao-da-missao-em-angola\/#primaryimage"},"thumbnailUrl":"https:\/\/encompaniastj.org\/wp-content\/uploads\/2025\/05\/f3-9.jpg","articleSection":["Noticias","Otras","Outras"],"inLanguage":"pt-PT","potentialAction":[{"@type":"CommentAction","name":"Comment","target":["https:\/\/encompaniastj.org\/pt-pt\/uma-viagem-ao-coracao-da-missao-em-angola\/#respond"]}]},{"@type":"WebPage","@id":"https:\/\/encompaniastj.org\/pt-pt\/uma-viagem-ao-coracao-da-missao-em-angola\/","url":"https:\/\/encompaniastj.org\/pt-pt\/uma-viagem-ao-coracao-da-missao-em-angola\/","name":"Uma viagem ao cora\u00e7\u00e3o da Miss\u00e3o em Angola - En Compa\u00f1\u00eda STJ","isPartOf":{"@id":"https:\/\/encompaniastj.org\/pt-pt\/#website"},"primaryImageOfPage":{"@id":"https:\/\/encompaniastj.org\/pt-pt\/uma-viagem-ao-coracao-da-missao-em-angola\/#primaryimage"},"image":{"@id":"https:\/\/encompaniastj.org\/pt-pt\/uma-viagem-ao-coracao-da-missao-em-angola\/#primaryimage"},"thumbnailUrl":"https:\/\/encompaniastj.org\/wp-content\/uploads\/2025\/05\/f3-9.jpg","datePublished":"2025-01-14T13:14:57+00:00","dateModified":"2025-07-07T14:26:44+00:00","breadcrumb":{"@id":"https:\/\/encompaniastj.org\/pt-pt\/uma-viagem-ao-coracao-da-missao-em-angola\/#breadcrumb"},"inLanguage":"pt-PT","potentialAction":[{"@type":"ReadAction","target":["https:\/\/encompaniastj.org\/pt-pt\/uma-viagem-ao-coracao-da-missao-em-angola\/"]}]},{"@type":"ImageObject","inLanguage":"pt-PT","@id":"https:\/\/encompaniastj.org\/pt-pt\/uma-viagem-ao-coracao-da-missao-em-angola\/#primaryimage","url":"https:\/\/encompaniastj.org\/wp-content\/uploads\/2025\/05\/f3-9.jpg","contentUrl":"https:\/\/encompaniastj.org\/wp-content\/uploads\/2025\/05\/f3-9.jpg","width":921,"height":690},{"@type":"BreadcrumbList","@id":"https:\/\/encompaniastj.org\/pt-pt\/uma-viagem-ao-coracao-da-missao-em-angola\/#breadcrumb","itemListElement":[{"@type":"ListItem","position":1,"name":"Portada","item":"https:\/\/encompaniastj.org\/pt-pt\/"},{"@type":"ListItem","position":2,"name":"Uma viagem ao cora\u00e7\u00e3o da Miss\u00e3o em Angola"}]},{"@type":"WebSite","@id":"https:\/\/encompaniastj.org\/pt-pt\/#website","url":"https:\/\/encompaniastj.org\/pt-pt\/","name":"En Compa\u00f1\u00eda STJ","description":"Bolet\u00edn de la Compa\u00f1\u00eda de Santa Teresa de Jes\u00fas","publisher":{"@id":"https:\/\/encompaniastj.org\/pt-pt\/#organization"},"potentialAction":[{"@type":"SearchAction","target":{"@type":"EntryPoint","urlTemplate":"https:\/\/encompaniastj.org\/pt-pt\/?s={search_term_string}"},"query-input":{"@type":"PropertyValueSpecification","valueRequired":true,"valueName":"search_term_string"}}],"inLanguage":"pt-PT"},{"@type":"Organization","@id":"https:\/\/encompaniastj.org\/pt-pt\/#organization","name":"Compa\u00f1\u00eda de Santa Teresa de Jes\u00fas","url":"https:\/\/encompaniastj.org\/pt-pt\/","logo":{"@type":"ImageObject","inLanguage":"pt-PT","@id":"https:\/\/encompaniastj.org\/pt-pt\/#\/schema\/logo\/image\/","url":"https:\/\/encompaniastj.org\/wp-content\/uploads\/2025\/04\/logo_provincias02-1-3.png","contentUrl":"https:\/\/encompaniastj.org\/wp-content\/uploads\/2025\/04\/logo_provincias02-1-3.png","width":2368,"height":825,"caption":"Compa\u00f1\u00eda de Santa Teresa de Jes\u00fas"},"image":{"@id":"https:\/\/encompaniastj.org\/pt-pt\/#\/schema\/logo\/image\/"}},{"@type":"Person","@id":"https:\/\/encompaniastj.org\/pt-pt\/#\/schema\/person\/520e7ecc314793d40091993c2a02b651","name":"admin","image":{"@type":"ImageObject","inLanguage":"pt-PT","@id":"https:\/\/secure.gravatar.com\/avatar\/948b492cce32b586ac2db0eaa926ee87024f7afe218d73b397ea5ddfc5f43ea1?s=96&d=mm&r=g","url":"https:\/\/secure.gravatar.com\/avatar\/948b492cce32b586ac2db0eaa926ee87024f7afe218d73b397ea5ddfc5f43ea1?s=96&d=mm&r=g","contentUrl":"https:\/\/secure.gravatar.com\/avatar\/948b492cce32b586ac2db0eaa926ee87024f7afe218d73b397ea5ddfc5f43ea1?s=96&d=mm&r=g","caption":"admin"},"sameAs":["https:\/\/encompaniastj.org"],"url":"https:\/\/encompaniastj.org\/pt-pt\/author\/sjdigital\/"}]}},"_links":{"self":[{"href":"https:\/\/encompaniastj.org\/pt-pt\/wp-json\/wp\/v2\/posts\/12495","targetHints":{"allow":["GET"]}}],"collection":[{"href":"https:\/\/encompaniastj.org\/pt-pt\/wp-json\/wp\/v2\/posts"}],"about":[{"href":"https:\/\/encompaniastj.org\/pt-pt\/wp-json\/wp\/v2\/types\/post"}],"author":[{"embeddable":true,"href":"https:\/\/encompaniastj.org\/pt-pt\/wp-json\/wp\/v2\/users\/1"}],"replies":[{"embeddable":true,"href":"https:\/\/encompaniastj.org\/pt-pt\/wp-json\/wp\/v2\/comments?post=12495"}],"version-history":[{"count":1,"href":"https:\/\/encompaniastj.org\/pt-pt\/wp-json\/wp\/v2\/posts\/12495\/revisions"}],"predecessor-version":[{"id":12496,"href":"https:\/\/encompaniastj.org\/pt-pt\/wp-json\/wp\/v2\/posts\/12495\/revisions\/12496"}],"wp:featuredmedia":[{"embeddable":true,"href":"https:\/\/encompaniastj.org\/pt-pt\/wp-json\/wp\/v2\/media\/8965"}],"wp:attachment":[{"href":"https:\/\/encompaniastj.org\/pt-pt\/wp-json\/wp\/v2\/media?parent=12495"}],"wp:term":[{"taxonomy":"category","embeddable":true,"href":"https:\/\/encompaniastj.org\/pt-pt\/wp-json\/wp\/v2\/categories?post=12495"},{"taxonomy":"post_tag","embeddable":true,"href":"https:\/\/encompaniastj.org\/pt-pt\/wp-json\/wp\/v2\/tags?post=12495"}],"curies":[{"name":"wp","href":"https:\/\/api.w.org\/{rel}","templated":true}]}}