{"id":12469,"date":"2025-01-07T08:43:26","date_gmt":"2025-01-07T07:43:26","guid":{"rendered":"https:\/\/encompaniastj.org\/la-fundacion-llar-enric-de-osso-y-los-jovenes-ex-tutelados-de-la-dgaia\/"},"modified":"2025-07-07T16:26:37","modified_gmt":"2025-07-07T14:26:37","slug":"la-fundacion-llar-enric-de-osso-y-los-jovenes-ex-tutelados-de-la-dgaia","status":"publish","type":"post","link":"https:\/\/encompaniastj.org\/pt-pt\/la-fundacion-llar-enric-de-osso-y-los-jovenes-ex-tutelados-de-la-dgaia\/","title":{"rendered":"A Funda\u00e7\u00e3o Llar Enric de Oss\u00f3 e os jovens anteriormente supervisionados pela DGAIA"},"content":{"rendered":"<p>Abel Lluch, juiz-magistrado Xavier. Doutor em Direito.<\/p>\n<p>A funda\u00e7\u00e3o insere-se no trabalho socioeducativo da Companhia Santa Teresa de Jesus e oferece aos jovens um teto e apoio pessoal, social e psicol\u00f3gico.<\/p>\n<p>No dia 11 de outubro, realizou-se um dia de solidariedade na Ilustre Ordem dos Advogados de Barcelona para divulgar a Funda\u00e7\u00e3o Llar Enric d\u2019Oss\u00f3, funda\u00e7\u00e3o que acolhe jovens anteriormente sob a tutela da Dire\u00e7\u00e3o Geral de Assist\u00eancia \u00e0 Crian\u00e7a e \u00e0 Adolesc\u00eancia (doravante DGAIA). .<\/p>\n<p>Quem s\u00e3o os jovens anteriormente protegidos pela DGAIA? A DGAIA \u00e9 a entidade p\u00fablica que, na Catalunha, tem como finalidade proteger as crian\u00e7as e adolescentes que se encontrem em situa\u00e7\u00e3o de desamparo. Os indicadores de desamparo incluem, entre outros, maus tratos f\u00edsicos ou psicol\u00f3gicos; abuso sexual; a altera\u00e7\u00e3o psicol\u00f3gica ou depend\u00eancia de drogas dos pais; e neglig\u00eancia f\u00edsica, mental ou emocional grave e cr\u00f3nica. Quando estas situa\u00e7\u00f5es s\u00e3o detetadas, a DGAIA suspende o poder paternal dos progenitores, assumindo a sua tutela, o que, na maioria dos casos, significa colocar a crian\u00e7a ou adolescente num centro de prote\u00e7\u00e3o infantil. S\u00e3o os Centros Residenciais de Ac\u00e7\u00e3o Educativa (designados por CRAE) que constituem a modalidade de acolhimento residencial, comparativamente ao acolhimento familiar (normalmente com fam\u00edlia alargada).<\/p>\n<p>Os pais biol\u00f3gicos podem iniciar um processo judicial perante o tribunal de fam\u00edlia para recuperar a autoridade parental e, em \u00faltima inst\u00e2ncia, para que a crian\u00e7a ou o adolescente regresse ao n\u00facleo familiar. Neste procedimento, para al\u00e9m da an\u00e1lise do processo administrativo de desamparo, ser\u00e1 fundamental determinar, basicamente atrav\u00e9s de relat\u00f3rios e provas periciais, se os pais biol\u00f3gicos t\u00eam capacidade protetora e educativa suficiente para cobrir as necessidades de cria\u00e7\u00e3o dos seus filhos.<\/p>\n<p>Estas crian\u00e7as e adolescentes podem permanecer num centro da DGAIA at\u00e9 completarem dezoito anos. A partir dessa idade, a DGAIA cessa as suas fun\u00e7\u00f5es de tutela e estes jovens permanecem literalmente na rua. E \u00e9 aqui que a Funda\u00e7\u00e3o Llar Enric de Oss\u00f3 encontra a sua fun\u00e7\u00e3o.<\/p>\n<p>O que \u00e9 a Funda\u00e7\u00e3o Llar Enric de Oss\u00f3? O Llar Enric de Oss\u00f3 foi criado em 2007 e em 2022 foi constitu\u00eddo como uma funda\u00e7\u00e3o privada, com um conselho multidisciplinar composto por freiras da Companhia de Santa Teresa de Jesus e v\u00e1rios profissionais (juristas, economistas, psic\u00f3logos e educadores). A funda\u00e7\u00e3o insere-se no trabalho socioeducativo da Companhia Santa Teresa de Jes\u00fas com antigos alunos, oferecendo-lhes um teto e apoio pessoal, social e psicol\u00f3gico, para garantir a sua inser\u00e7\u00e3o no mundo do trabalho.<\/p>\n<p>A Funda\u00e7\u00e3o Llar Enric de Oss\u00f3 tem tr\u00eas pisos. Um em Barcelona, \u200b\u200b\u200b\u200bna Zona Franca, e outros dois em L\u2019Hospitalet de Llobregat e atende, de forma personalizada e individualizada, um total de 11 jovens anteriormente supervisionados pela DGAIA, entre os 18 e os 21 anos. A Funda\u00e7\u00e3o tem uma Diretora, uma freira da Companhia de Santa de Jesus, e conta com uma equipa de psic\u00f3logos e assistentes sociais.<\/p>\n<p>Para saber mais sobre a Funda\u00e7\u00e3o pode aceder ao site: wwwllarenricdosso.org Barcelona, \u200b\u200bNovembro de 2024.<\/p>\n<p>[pdf-embedder url=&#8221;https:\/\/encompaniastj.org\/wp-content\/uploads\/2025\/01\/2024.-Fundacio-Llar-Enric-dOsso.pdf&#8221; title=&#8221;2024. Fundacio\u0301 Llar Enric d&#8217;Osso\u0301&#8221;]<\/p>\n","protected":false},"excerpt":{"rendered":"<p>Abel Lluch, juiz-magistrado Xavier. Doutor em Direito. A funda\u00e7\u00e3o insere-se no trabalho socioeducativo da Companhia Santa Teresa de Jesus e oferece aos jovens um teto e apoio pessoal, social e [&hellip;]<\/p>\n","protected":false},"author":1,"featured_media":8950,"comment_status":"open","ping_status":"open","sticky":false,"template":"","format":"standard","meta":{"_acf_changed":false,"footnotes":""},"categories":[76,61],"tags":[],"class_list":["post-12469","post","type-post","status-publish","format-standard","has-post-thumbnail","hentry","category-acao-social","category-noticias"],"acf":[],"yoast_head":"<!-- This site is optimized with the Yoast SEO plugin v27.5 - https:\/\/yoast.com\/product\/yoast-seo-wordpress\/ -->\n<title>A Funda\u00e7\u00e3o Llar Enric de Oss\u00f3 e os jovens anteriormente supervisionados pela DGAIA - En Compa\u00f1\u00eda STJ<\/title>\n<meta name=\"robots\" content=\"index, follow, max-snippet:-1, max-image-preview:large, max-video-preview:-1\" \/>\n<link rel=\"canonical\" href=\"https:\/\/encompaniastj.org\/pt-pt\/la-fundacion-llar-enric-de-osso-y-los-jovenes-ex-tutelados-de-la-dgaia\/\" \/>\n<meta property=\"og:locale\" content=\"pt_PT\" \/>\n<meta property=\"og:type\" content=\"article\" \/>\n<meta property=\"og:title\" content=\"A Funda\u00e7\u00e3o Llar Enric de Oss\u00f3 e os jovens anteriormente supervisionados pela DGAIA - En Compa\u00f1\u00eda STJ\" \/>\n<meta property=\"og:description\" content=\"Abel Lluch, juiz-magistrado Xavier. Doutor em Direito. A funda\u00e7\u00e3o insere-se no trabalho socioeducativo da Companhia Santa Teresa de Jesus e oferece aos jovens um teto e apoio pessoal, social e [&hellip;]\" \/>\n<meta property=\"og:url\" content=\"https:\/\/encompaniastj.org\/pt-pt\/la-fundacion-llar-enric-de-osso-y-los-jovenes-ex-tutelados-de-la-dgaia\/\" \/>\n<meta property=\"og:site_name\" content=\"En Compa\u00f1\u00eda STJ\" \/>\n<meta property=\"article:published_time\" content=\"2025-01-07T07:43:26+00:00\" \/>\n<meta property=\"article:modified_time\" content=\"2025-07-07T14:26:37+00:00\" \/>\n<meta property=\"og:image\" content=\"https:\/\/encompaniastj.org\/wp-content\/uploads\/2025\/05\/f1.png\" \/>\n\t<meta property=\"og:image:width\" content=\"517\" \/>\n\t<meta property=\"og:image:height\" content=\"334\" \/>\n\t<meta property=\"og:image:type\" content=\"image\/png\" \/>\n<meta name=\"author\" content=\"admin\" \/>\n<meta name=\"twitter:card\" content=\"summary_large_image\" \/>\n<meta name=\"twitter:label1\" content=\"Escrito por\" \/>\n\t<meta name=\"twitter:data1\" content=\"admin\" \/>\n\t<meta name=\"twitter:label2\" content=\"Tempo estimado de leitura\" \/>\n\t<meta name=\"twitter:data2\" content=\"3 minutos\" \/>\n<script type=\"application\/ld+json\" class=\"yoast-schema-graph\">{\"@context\":\"https:\\\/\\\/schema.org\",\"@graph\":[{\"@type\":\"Article\",\"@id\":\"https:\\\/\\\/encompaniastj.org\\\/pt-pt\\\/la-fundacion-llar-enric-de-osso-y-los-jovenes-ex-tutelados-de-la-dgaia\\\/#article\",\"isPartOf\":{\"@id\":\"https:\\\/\\\/encompaniastj.org\\\/pt-pt\\\/la-fundacion-llar-enric-de-osso-y-los-jovenes-ex-tutelados-de-la-dgaia\\\/\"},\"author\":{\"name\":\"admin\",\"@id\":\"https:\\\/\\\/encompaniastj.org\\\/pt-pt\\\/#\\\/schema\\\/person\\\/520e7ecc314793d40091993c2a02b651\"},\"headline\":\"A Funda\u00e7\u00e3o Llar Enric de Oss\u00f3 e os jovens anteriormente supervisionados pela DGAIA\",\"datePublished\":\"2025-01-07T07:43:26+00:00\",\"dateModified\":\"2025-07-07T14:26:37+00:00\",\"mainEntityOfPage\":{\"@id\":\"https:\\\/\\\/encompaniastj.org\\\/pt-pt\\\/la-fundacion-llar-enric-de-osso-y-los-jovenes-ex-tutelados-de-la-dgaia\\\/\"},\"wordCount\":560,\"commentCount\":0,\"publisher\":{\"@id\":\"https:\\\/\\\/encompaniastj.org\\\/pt-pt\\\/#organization\"},\"image\":{\"@id\":\"https:\\\/\\\/encompaniastj.org\\\/pt-pt\\\/la-fundacion-llar-enric-de-osso-y-los-jovenes-ex-tutelados-de-la-dgaia\\\/#primaryimage\"},\"thumbnailUrl\":\"https:\\\/\\\/encompaniastj.org\\\/wp-content\\\/uploads\\\/2025\\\/05\\\/f1.png\",\"articleSection\":[\"A\u00e7\u00e3o Social\",\"Noticias\"],\"inLanguage\":\"pt-PT\",\"potentialAction\":[{\"@type\":\"CommentAction\",\"name\":\"Comment\",\"target\":[\"https:\\\/\\\/encompaniastj.org\\\/pt-pt\\\/la-fundacion-llar-enric-de-osso-y-los-jovenes-ex-tutelados-de-la-dgaia\\\/#respond\"]}]},{\"@type\":\"WebPage\",\"@id\":\"https:\\\/\\\/encompaniastj.org\\\/pt-pt\\\/la-fundacion-llar-enric-de-osso-y-los-jovenes-ex-tutelados-de-la-dgaia\\\/\",\"url\":\"https:\\\/\\\/encompaniastj.org\\\/pt-pt\\\/la-fundacion-llar-enric-de-osso-y-los-jovenes-ex-tutelados-de-la-dgaia\\\/\",\"name\":\"A Funda\u00e7\u00e3o Llar Enric de Oss\u00f3 e os jovens anteriormente supervisionados pela DGAIA - En Compa\u00f1\u00eda STJ\",\"isPartOf\":{\"@id\":\"https:\\\/\\\/encompaniastj.org\\\/pt-pt\\\/#website\"},\"primaryImageOfPage\":{\"@id\":\"https:\\\/\\\/encompaniastj.org\\\/pt-pt\\\/la-fundacion-llar-enric-de-osso-y-los-jovenes-ex-tutelados-de-la-dgaia\\\/#primaryimage\"},\"image\":{\"@id\":\"https:\\\/\\\/encompaniastj.org\\\/pt-pt\\\/la-fundacion-llar-enric-de-osso-y-los-jovenes-ex-tutelados-de-la-dgaia\\\/#primaryimage\"},\"thumbnailUrl\":\"https:\\\/\\\/encompaniastj.org\\\/wp-content\\\/uploads\\\/2025\\\/05\\\/f1.png\",\"datePublished\":\"2025-01-07T07:43:26+00:00\",\"dateModified\":\"2025-07-07T14:26:37+00:00\",\"breadcrumb\":{\"@id\":\"https:\\\/\\\/encompaniastj.org\\\/pt-pt\\\/la-fundacion-llar-enric-de-osso-y-los-jovenes-ex-tutelados-de-la-dgaia\\\/#breadcrumb\"},\"inLanguage\":\"pt-PT\",\"potentialAction\":[{\"@type\":\"ReadAction\",\"target\":[\"https:\\\/\\\/encompaniastj.org\\\/pt-pt\\\/la-fundacion-llar-enric-de-osso-y-los-jovenes-ex-tutelados-de-la-dgaia\\\/\"]}]},{\"@type\":\"ImageObject\",\"inLanguage\":\"pt-PT\",\"@id\":\"https:\\\/\\\/encompaniastj.org\\\/pt-pt\\\/la-fundacion-llar-enric-de-osso-y-los-jovenes-ex-tutelados-de-la-dgaia\\\/#primaryimage\",\"url\":\"https:\\\/\\\/encompaniastj.org\\\/wp-content\\\/uploads\\\/2025\\\/05\\\/f1.png\",\"contentUrl\":\"https:\\\/\\\/encompaniastj.org\\\/wp-content\\\/uploads\\\/2025\\\/05\\\/f1.png\",\"width\":517,\"height\":334},{\"@type\":\"BreadcrumbList\",\"@id\":\"https:\\\/\\\/encompaniastj.org\\\/pt-pt\\\/la-fundacion-llar-enric-de-osso-y-los-jovenes-ex-tutelados-de-la-dgaia\\\/#breadcrumb\",\"itemListElement\":[{\"@type\":\"ListItem\",\"position\":1,\"name\":\"Portada\",\"item\":\"https:\\\/\\\/encompaniastj.org\\\/pt-pt\\\/\"},{\"@type\":\"ListItem\",\"position\":2,\"name\":\"A Funda\u00e7\u00e3o Llar Enric de Oss\u00f3 e os jovens anteriormente supervisionados pela DGAIA\"}]},{\"@type\":\"WebSite\",\"@id\":\"https:\\\/\\\/encompaniastj.org\\\/pt-pt\\\/#website\",\"url\":\"https:\\\/\\\/encompaniastj.org\\\/pt-pt\\\/\",\"name\":\"En Compa\u00f1\u00eda STJ\",\"description\":\"Bolet\u00edn de la Compa\u00f1\u00eda de Santa Teresa de Jes\u00fas\",\"publisher\":{\"@id\":\"https:\\\/\\\/encompaniastj.org\\\/pt-pt\\\/#organization\"},\"potentialAction\":[{\"@type\":\"SearchAction\",\"target\":{\"@type\":\"EntryPoint\",\"urlTemplate\":\"https:\\\/\\\/encompaniastj.org\\\/pt-pt\\\/?s={search_term_string}\"},\"query-input\":{\"@type\":\"PropertyValueSpecification\",\"valueRequired\":true,\"valueName\":\"search_term_string\"}}],\"inLanguage\":\"pt-PT\"},{\"@type\":\"Organization\",\"@id\":\"https:\\\/\\\/encompaniastj.org\\\/pt-pt\\\/#organization\",\"name\":\"Compa\u00f1\u00eda de Santa Teresa de Jes\u00fas\",\"url\":\"https:\\\/\\\/encompaniastj.org\\\/pt-pt\\\/\",\"logo\":{\"@type\":\"ImageObject\",\"inLanguage\":\"pt-PT\",\"@id\":\"https:\\\/\\\/encompaniastj.org\\\/pt-pt\\\/#\\\/schema\\\/logo\\\/image\\\/\",\"url\":\"https:\\\/\\\/encompaniastj.org\\\/wp-content\\\/uploads\\\/2025\\\/04\\\/logo_provincias02-1-3.png\",\"contentUrl\":\"https:\\\/\\\/encompaniastj.org\\\/wp-content\\\/uploads\\\/2025\\\/04\\\/logo_provincias02-1-3.png\",\"width\":2368,\"height\":825,\"caption\":\"Compa\u00f1\u00eda de Santa Teresa de Jes\u00fas\"},\"image\":{\"@id\":\"https:\\\/\\\/encompaniastj.org\\\/pt-pt\\\/#\\\/schema\\\/logo\\\/image\\\/\"}},{\"@type\":\"Person\",\"@id\":\"https:\\\/\\\/encompaniastj.org\\\/pt-pt\\\/#\\\/schema\\\/person\\\/520e7ecc314793d40091993c2a02b651\",\"name\":\"admin\",\"image\":{\"@type\":\"ImageObject\",\"inLanguage\":\"pt-PT\",\"@id\":\"https:\\\/\\\/secure.gravatar.com\\\/avatar\\\/948b492cce32b586ac2db0eaa926ee87024f7afe218d73b397ea5ddfc5f43ea1?s=96&d=mm&r=g\",\"url\":\"https:\\\/\\\/secure.gravatar.com\\\/avatar\\\/948b492cce32b586ac2db0eaa926ee87024f7afe218d73b397ea5ddfc5f43ea1?s=96&d=mm&r=g\",\"contentUrl\":\"https:\\\/\\\/secure.gravatar.com\\\/avatar\\\/948b492cce32b586ac2db0eaa926ee87024f7afe218d73b397ea5ddfc5f43ea1?s=96&d=mm&r=g\",\"caption\":\"admin\"},\"sameAs\":[\"https:\\\/\\\/encompaniastj.org\"],\"url\":\"https:\\\/\\\/encompaniastj.org\\\/pt-pt\\\/author\\\/sjdigital\\\/\"}]}<\/script>\n<!-- \/ Yoast SEO plugin. -->","yoast_head_json":{"title":"A Funda\u00e7\u00e3o Llar Enric de Oss\u00f3 e os jovens anteriormente supervisionados pela DGAIA - En Compa\u00f1\u00eda STJ","robots":{"index":"index","follow":"follow","max-snippet":"max-snippet:-1","max-image-preview":"max-image-preview:large","max-video-preview":"max-video-preview:-1"},"canonical":"https:\/\/encompaniastj.org\/pt-pt\/la-fundacion-llar-enric-de-osso-y-los-jovenes-ex-tutelados-de-la-dgaia\/","og_locale":"pt_PT","og_type":"article","og_title":"A Funda\u00e7\u00e3o Llar Enric de Oss\u00f3 e os jovens anteriormente supervisionados pela DGAIA - En Compa\u00f1\u00eda STJ","og_description":"Abel Lluch, juiz-magistrado Xavier. Doutor em Direito. A funda\u00e7\u00e3o insere-se no trabalho socioeducativo da Companhia Santa Teresa de Jesus e oferece aos jovens um teto e apoio pessoal, social e [&hellip;]","og_url":"https:\/\/encompaniastj.org\/pt-pt\/la-fundacion-llar-enric-de-osso-y-los-jovenes-ex-tutelados-de-la-dgaia\/","og_site_name":"En Compa\u00f1\u00eda STJ","article_published_time":"2025-01-07T07:43:26+00:00","article_modified_time":"2025-07-07T14:26:37+00:00","og_image":[{"width":517,"height":334,"url":"https:\/\/encompaniastj.org\/wp-content\/uploads\/2025\/05\/f1.png","type":"image\/png"}],"author":"admin","twitter_card":"summary_large_image","twitter_misc":{"Escrito por":"admin","Tempo estimado de leitura":"3 minutos"},"schema":{"@context":"https:\/\/schema.org","@graph":[{"@type":"Article","@id":"https:\/\/encompaniastj.org\/pt-pt\/la-fundacion-llar-enric-de-osso-y-los-jovenes-ex-tutelados-de-la-dgaia\/#article","isPartOf":{"@id":"https:\/\/encompaniastj.org\/pt-pt\/la-fundacion-llar-enric-de-osso-y-los-jovenes-ex-tutelados-de-la-dgaia\/"},"author":{"name":"admin","@id":"https:\/\/encompaniastj.org\/pt-pt\/#\/schema\/person\/520e7ecc314793d40091993c2a02b651"},"headline":"A Funda\u00e7\u00e3o Llar Enric de Oss\u00f3 e os jovens anteriormente supervisionados pela DGAIA","datePublished":"2025-01-07T07:43:26+00:00","dateModified":"2025-07-07T14:26:37+00:00","mainEntityOfPage":{"@id":"https:\/\/encompaniastj.org\/pt-pt\/la-fundacion-llar-enric-de-osso-y-los-jovenes-ex-tutelados-de-la-dgaia\/"},"wordCount":560,"commentCount":0,"publisher":{"@id":"https:\/\/encompaniastj.org\/pt-pt\/#organization"},"image":{"@id":"https:\/\/encompaniastj.org\/pt-pt\/la-fundacion-llar-enric-de-osso-y-los-jovenes-ex-tutelados-de-la-dgaia\/#primaryimage"},"thumbnailUrl":"https:\/\/encompaniastj.org\/wp-content\/uploads\/2025\/05\/f1.png","articleSection":["A\u00e7\u00e3o Social","Noticias"],"inLanguage":"pt-PT","potentialAction":[{"@type":"CommentAction","name":"Comment","target":["https:\/\/encompaniastj.org\/pt-pt\/la-fundacion-llar-enric-de-osso-y-los-jovenes-ex-tutelados-de-la-dgaia\/#respond"]}]},{"@type":"WebPage","@id":"https:\/\/encompaniastj.org\/pt-pt\/la-fundacion-llar-enric-de-osso-y-los-jovenes-ex-tutelados-de-la-dgaia\/","url":"https:\/\/encompaniastj.org\/pt-pt\/la-fundacion-llar-enric-de-osso-y-los-jovenes-ex-tutelados-de-la-dgaia\/","name":"A Funda\u00e7\u00e3o Llar Enric de Oss\u00f3 e os jovens anteriormente supervisionados pela DGAIA - En Compa\u00f1\u00eda STJ","isPartOf":{"@id":"https:\/\/encompaniastj.org\/pt-pt\/#website"},"primaryImageOfPage":{"@id":"https:\/\/encompaniastj.org\/pt-pt\/la-fundacion-llar-enric-de-osso-y-los-jovenes-ex-tutelados-de-la-dgaia\/#primaryimage"},"image":{"@id":"https:\/\/encompaniastj.org\/pt-pt\/la-fundacion-llar-enric-de-osso-y-los-jovenes-ex-tutelados-de-la-dgaia\/#primaryimage"},"thumbnailUrl":"https:\/\/encompaniastj.org\/wp-content\/uploads\/2025\/05\/f1.png","datePublished":"2025-01-07T07:43:26+00:00","dateModified":"2025-07-07T14:26:37+00:00","breadcrumb":{"@id":"https:\/\/encompaniastj.org\/pt-pt\/la-fundacion-llar-enric-de-osso-y-los-jovenes-ex-tutelados-de-la-dgaia\/#breadcrumb"},"inLanguage":"pt-PT","potentialAction":[{"@type":"ReadAction","target":["https:\/\/encompaniastj.org\/pt-pt\/la-fundacion-llar-enric-de-osso-y-los-jovenes-ex-tutelados-de-la-dgaia\/"]}]},{"@type":"ImageObject","inLanguage":"pt-PT","@id":"https:\/\/encompaniastj.org\/pt-pt\/la-fundacion-llar-enric-de-osso-y-los-jovenes-ex-tutelados-de-la-dgaia\/#primaryimage","url":"https:\/\/encompaniastj.org\/wp-content\/uploads\/2025\/05\/f1.png","contentUrl":"https:\/\/encompaniastj.org\/wp-content\/uploads\/2025\/05\/f1.png","width":517,"height":334},{"@type":"BreadcrumbList","@id":"https:\/\/encompaniastj.org\/pt-pt\/la-fundacion-llar-enric-de-osso-y-los-jovenes-ex-tutelados-de-la-dgaia\/#breadcrumb","itemListElement":[{"@type":"ListItem","position":1,"name":"Portada","item":"https:\/\/encompaniastj.org\/pt-pt\/"},{"@type":"ListItem","position":2,"name":"A Funda\u00e7\u00e3o Llar Enric de Oss\u00f3 e os jovens anteriormente supervisionados pela DGAIA"}]},{"@type":"WebSite","@id":"https:\/\/encompaniastj.org\/pt-pt\/#website","url":"https:\/\/encompaniastj.org\/pt-pt\/","name":"En Compa\u00f1\u00eda STJ","description":"Bolet\u00edn de la Compa\u00f1\u00eda de Santa Teresa de Jes\u00fas","publisher":{"@id":"https:\/\/encompaniastj.org\/pt-pt\/#organization"},"potentialAction":[{"@type":"SearchAction","target":{"@type":"EntryPoint","urlTemplate":"https:\/\/encompaniastj.org\/pt-pt\/?s={search_term_string}"},"query-input":{"@type":"PropertyValueSpecification","valueRequired":true,"valueName":"search_term_string"}}],"inLanguage":"pt-PT"},{"@type":"Organization","@id":"https:\/\/encompaniastj.org\/pt-pt\/#organization","name":"Compa\u00f1\u00eda de Santa Teresa de Jes\u00fas","url":"https:\/\/encompaniastj.org\/pt-pt\/","logo":{"@type":"ImageObject","inLanguage":"pt-PT","@id":"https:\/\/encompaniastj.org\/pt-pt\/#\/schema\/logo\/image\/","url":"https:\/\/encompaniastj.org\/wp-content\/uploads\/2025\/04\/logo_provincias02-1-3.png","contentUrl":"https:\/\/encompaniastj.org\/wp-content\/uploads\/2025\/04\/logo_provincias02-1-3.png","width":2368,"height":825,"caption":"Compa\u00f1\u00eda de Santa Teresa de Jes\u00fas"},"image":{"@id":"https:\/\/encompaniastj.org\/pt-pt\/#\/schema\/logo\/image\/"}},{"@type":"Person","@id":"https:\/\/encompaniastj.org\/pt-pt\/#\/schema\/person\/520e7ecc314793d40091993c2a02b651","name":"admin","image":{"@type":"ImageObject","inLanguage":"pt-PT","@id":"https:\/\/secure.gravatar.com\/avatar\/948b492cce32b586ac2db0eaa926ee87024f7afe218d73b397ea5ddfc5f43ea1?s=96&d=mm&r=g","url":"https:\/\/secure.gravatar.com\/avatar\/948b492cce32b586ac2db0eaa926ee87024f7afe218d73b397ea5ddfc5f43ea1?s=96&d=mm&r=g","contentUrl":"https:\/\/secure.gravatar.com\/avatar\/948b492cce32b586ac2db0eaa926ee87024f7afe218d73b397ea5ddfc5f43ea1?s=96&d=mm&r=g","caption":"admin"},"sameAs":["https:\/\/encompaniastj.org"],"url":"https:\/\/encompaniastj.org\/pt-pt\/author\/sjdigital\/"}]}},"_links":{"self":[{"href":"https:\/\/encompaniastj.org\/pt-pt\/wp-json\/wp\/v2\/posts\/12469","targetHints":{"allow":["GET"]}}],"collection":[{"href":"https:\/\/encompaniastj.org\/pt-pt\/wp-json\/wp\/v2\/posts"}],"about":[{"href":"https:\/\/encompaniastj.org\/pt-pt\/wp-json\/wp\/v2\/types\/post"}],"author":[{"embeddable":true,"href":"https:\/\/encompaniastj.org\/pt-pt\/wp-json\/wp\/v2\/users\/1"}],"replies":[{"embeddable":true,"href":"https:\/\/encompaniastj.org\/pt-pt\/wp-json\/wp\/v2\/comments?post=12469"}],"version-history":[{"count":1,"href":"https:\/\/encompaniastj.org\/pt-pt\/wp-json\/wp\/v2\/posts\/12469\/revisions"}],"predecessor-version":[{"id":12472,"href":"https:\/\/encompaniastj.org\/pt-pt\/wp-json\/wp\/v2\/posts\/12469\/revisions\/12472"}],"wp:featuredmedia":[{"embeddable":true,"href":"https:\/\/encompaniastj.org\/pt-pt\/wp-json\/wp\/v2\/media\/8950"}],"wp:attachment":[{"href":"https:\/\/encompaniastj.org\/pt-pt\/wp-json\/wp\/v2\/media?parent=12469"}],"wp:term":[{"taxonomy":"category","embeddable":true,"href":"https:\/\/encompaniastj.org\/pt-pt\/wp-json\/wp\/v2\/categories?post=12469"},{"taxonomy":"post_tag","embeddable":true,"href":"https:\/\/encompaniastj.org\/pt-pt\/wp-json\/wp\/v2\/tags?post=12469"}],"curies":[{"name":"wp","href":"https:\/\/api.w.org\/{rel}","templated":true}]}}