{"id":12453,"date":"2025-01-02T14:48:14","date_gmt":"2025-01-02T13:48:14","guid":{"rendered":"https:\/\/encompaniastj.org\/associacao-fratelli-tutti-e-mta-de-elvas-portugal\/"},"modified":"2025-07-07T16:26:34","modified_gmt":"2025-07-07T14:26:34","slug":"associacao-fratelli-tutti-e-mta-de-elvas-portugal","status":"publish","type":"post","link":"https:\/\/encompaniastj.org\/pt-pt\/associacao-fratelli-tutti-e-mta-de-elvas-portugal\/","title":{"rendered":"Associa\u00e7\u00e3o Fratelli Tutti E MTA de Elvas-Portugal"},"content":{"rendered":"<p>Um Natal a pensar nos \u00faltimos<\/p>\n<p>Ao longo de todo ano a nossa associa\u00e7\u00e3o, em que a maioria dos s\u00f3cios s\u00e3o elementos do MTA de Elvas, pessoas da Fam\u00edlia Teresiana, seus amigos e colaboradores, procura estar ao lado dos \u201c\u00faltimos\u201d da nossa sociedade, que s\u00e3o aqueles que, segundo o papa Francisco, s\u00e3o desfavorecidos, n\u00e3o t\u00eam voz, s\u00e3o fr\u00e1geis, vulner\u00e1veis, migrantes, refugiados, reclusos, carentes de afeto, carinhos, proximidade, enfim pres\u00e9pios expostos todo o ano.<\/p>\n<p>Na \u00e9poca natal\u00edcia procuramos ser mais pr\u00f3ximos ainda e esta ano n\u00e3o foi exce\u00e7\u00e3o.<\/p>\n<p>Arrega\u00e7\u00e1mos as mangas e \u201cM\u00e3os \u00e1 obra porque o tempo urge\u201d, como nos diria Teresa.<\/p>\n<p>Com o nosso lema<strong>, \u201cse cada um\/a fizer o pouquinho que pode a obra ser\u00e1 grande\u201d<\/strong> tivemos momentos fortes de ora\u00e7\u00e3o e reflex\u00e3o, para fortalecermos a nossa F\u00e9 e nos motivarmos na <strong>Miss\u00e3o, e <\/strong>os gestos aconteceram:<\/p>\n<p>*Recolha de alimentos nos supermercados, pedidos junto das empresas, ofertas de donativos dos volunt\u00e1rios o que nos permitiu fazer cerca de 400 cabazes de alimentos para entrega a fam\u00edlias carenciadas, muitas imigrantes v\u00edtimas de explora\u00e7\u00e3o laboral e com trabalhos prec\u00e1rios.<\/p>\n<p>* Festa de Natal e entrega de prendas a crian\u00e7as do nosso projeto, \u201cAjudar@crescer beb\u00e9s e crian\u00e7as.<\/p>\n<p>* Festa de Natal no Estabelecimento Prisional de Elvas com Eucaristia, conv\u00edvio fraterno e entrega de presentes para cada recluso e para os seus filhos.<\/p>\n<p>*Conv\u00edvio e momentos de Ora\u00e7\u00e3o e Reflex\u00e3o no Centro dos Sem Abrigo, envolvendo-os tamb\u00e9m, como volunt\u00e1rios, nos nossos projetos sociais.<\/p>\n<p>*Entrega de refei\u00e7\u00f5es quentes na rua, roupa quente e agasalhos para quem vive na rua ou em habita\u00e7\u00f5es sem condi\u00e7\u00f5es que abriguem do frio que se faz sentir nesta \u00e9poca.<\/p>\n<p>* Envolvimentos de todos e todas, crian\u00e7as, jovens e adultos no projeto, <strong>\u201cneste<\/strong> <strong>Natal n\u00e3o fique indiferente, seja um presente\u201d, <\/strong>que uniu imensos imensas pessoas na amizade social e recolheram imensos donativos, que nos ajudar\u00e3o n\u00e3o s\u00f3 nesta \u00e9poca natal\u00edcia, mas durante todo o ano, para que a ningu\u00e9m falte uma vida digna recheada do essencial para viver como filhos e filhas de Deus.<\/p>\n<p>O Munic\u00edpio de Elvas tamb\u00e9m n\u00e3o ficou indiferente \u00e0s nossas atividades desta \u00e9poca, e ofereceu-nos uma preciosa ajuda econ\u00f3mica, 5000\u20ac parta os nossos projetos sociais.<\/p>\n<p>Sabemos que o que fazemos \u00e9 uma pequenina gota de \u00e1gua, mas o mar da solidariedade seria mais pequeno sem esta nossa gotinha.<\/p>\n<p>E assim vamos ousando a <strong>Esperan\u00e7a porque n\u00e3o estamos s\u00f3s.<\/strong><\/p>\n<p>Deus fez-se Humanidade!<\/p>\n<p>Acampou a sua tende no meio de n\u00f3s e pede-nos o nosso calor, o nosso abra\u00e7o<\/p>\n<p>o nosso olhar, meigo e terno, o nosso sorriso, o <strong>nosso AMOR.<\/strong><\/p>\n<p>Por tudo o que o que fazemos hoje a um deste \u201c\u00faltimos\u201d Jesus nos dir\u00e1 um dia:<\/p>\n<p><strong>\u201cFOI A MIM\u201d <\/strong>(Maria de F\u00e1tima Magalh\u00e3es stj)<\/p>\n<p>&nbsp;<\/p>\n<p><strong>Natal 2024<\/strong><\/p>\n<p><strong>Pintar de ESPERAN\u00c7A ESTE NATAL<\/strong><\/p>\n<p><strong>2025 ANOS DEPOIS DO NASCIMENTO DE JESUS<\/strong><\/p>\n<p><strong>A ESPERAN\u00c7A<\/strong> reanima-se!<\/p>\n<p>\u00c9 como se de verde a vida se pintasse!<\/p>\n<p>N\u00e3o pode haver lugar para o des\u00e2nimo, o medo, o desalento\u2026<\/p>\n<p><strong>JESUS <\/strong>est\u00e1 connosco. Ele veio para n\u00f3s.<\/p>\n<p>Pode o vento soprar, pode a noite se alongar,<\/p>\n<p>A Tua <strong>LUZ<\/strong> brilhar\u00e1 e iluminar\u00e1 o escuro\u2026<\/p>\n<p>Ousamos a <strong>ESPERAN\u00c7A<\/strong> porque n\u00e3o estamos s\u00f3s.<\/p>\n<p>Deus fez-se Humanidade!<\/p>\n<p>Acampou a sua tende no meio de n\u00f3s!<\/p>\n<p>Chegou pobre, pequeno, como crian\u00e7a indefesa, a solicitar o nosso colo, o nosso abra\u00e7o,<\/p>\n<p>o nosso olhar, meigo e terno, o nosso sorriso, o <strong>nosso AMOR.<\/strong><\/p>\n<p>Ele veio dizer-nos que est\u00e1 presente nos pres\u00e9pios expostos todo o ano,<\/p>\n<p>em todos os fr\u00e1geis, os pequenos, os sem nome, os vulner\u00e1veis, os explorados,<\/p>\n<p>os que que se alimentam de solid\u00e3o e vazio,<\/p>\n<p>e nos estendem a m\u00e3o para receber os nossos gestos de <strong>Esperan\u00e7a e AMOR.<\/strong><\/p>\n<p><strong>A ESPERAN\u00c7A<\/strong> tem sentido, porque a PORTA abriu-se, escancarou-se para n\u00f3s\u2026<\/p>\n<p><strong>ELE<\/strong> chegou \u00e0 humanidade, e os <strong>Anjos<\/strong> cantaram, os <strong>Pastores <\/strong>adoraram e a PAZ chegou.<\/p>\n<p><strong>A PAZ chegou<\/strong> para este nosso mundo, que parece que tomou gosto \u00e0 guerra, \u00e0 viol\u00eancia e ao medo.<\/p>\n<p>N\u00f3s, que acreditamos, que Ele est\u00e1 no meio de n\u00f3s, devemos ser focos de <strong>ESPERAN\u00c7A,<\/strong> mensageiros de <strong>ESPERAN\u00c7A,<\/strong> testemunhas de <strong>ESPERAN\u00c7A\u2026<\/strong><\/p>\n<p><strong>A ESPERAN\u00c7A<\/strong> supera os medos, compromete-nos a vida, abre-nos \u00e0 Solidariedade, ao Perd\u00e3o, e \u00e0 Compaix\u00e3o na vida de algu\u00e9m.<\/p>\n<p>Abramo-nos \u00e0 <strong>ESPERAN\u00c7A<\/strong> e \u00e0 <strong>ALEGRIA<\/strong>, porque <strong>\u201cum MENINO nasceu para n\u00f3s e um Filho nos foi dado\u201d. <\/strong><strong>\u00a0<\/strong>(Isa\u00edas 9,6-7)<\/p>\n<p>Em cada Natal Deus \u00e9 o maior <strong>Presente,<\/strong> o maior <strong>dom. <\/strong><\/p>\n<p>Que a nossa vida se torne, tamb\u00e9m, d\u00e1diva de ESPERAN\u00c7A<strong>,<\/strong> farol de <strong>LUZ.<\/strong><\/p>\n<p>Abramos a <strong>Porta da Esperan\u00e7a<\/strong> neste Natal 2024!<\/p>\n<p>E entremos em 2025 como <strong>peregrinos de Esperan\u00e7a.<\/strong><\/p>\n<p>Porque a <strong>\u201cEsperan\u00e7a \u00e9 uma \u00e2ncora n\u00e3o defrauda nunca\u201d<\/strong> (Papa Francisco)<\/p>\n<p><strong>Maria de F\u00e1tima Magalh\u00e3es stj<\/strong><\/p>\n<p><img loading=\"lazy\" decoding=\"async\" class=\"aligncenter wp-image-14223 size-full\" src=\"https:\/\/encompaniastj.org\/wp-content\/uploads\/2025\/05\/c2-2-2.png\" alt=\"\" width=\"800\" height=\"800\" \/><\/p>\n<p><img loading=\"lazy\" decoding=\"async\" class=\"aligncenter wp-image-14221 size-full\" src=\"https:\/\/encompaniastj.org\/wp-content\/uploads\/2025\/05\/c1-2-2.png\" alt=\"\" width=\"800\" height=\"800\" \/><\/p>\n<p><img loading=\"lazy\" decoding=\"async\" class=\"aligncenter wp-image-14225 size-full\" src=\"https:\/\/encompaniastj.org\/wp-content\/uploads\/2025\/05\/c3-2-1.png\" alt=\"\" width=\"800\" height=\"800\" \/><\/p>\n<p>&nbsp;<\/p>\n<p>&nbsp;<\/p>\n<p>&nbsp;<\/p>\n","protected":false},"excerpt":{"rendered":"<p>Um Natal a pensar nos \u00faltimos Ao longo de todo ano a nossa associa\u00e7\u00e3o, em que a maioria dos s\u00f3cios s\u00e3o elementos do MTA de Elvas, pessoas da Fam\u00edlia Teresiana, [&hellip;]<\/p>\n","protected":false},"author":1,"featured_media":8943,"comment_status":"open","ping_status":"open","sticky":false,"template":"","format":"standard","meta":{"_acf_changed":false,"footnotes":""},"categories":[81],"tags":[],"class_list":["post-12453","post","type-post","status-publish","format-standard","has-post-thumbnail","hentry","category-stj-pt"],"acf":[],"yoast_head":"<!-- This site is optimized with the Yoast SEO plugin v27.5 - https:\/\/yoast.com\/product\/yoast-seo-wordpress\/ -->\n<title>Associa\u00e7\u00e3o Fratelli Tutti E MTA de Elvas-Portugal - En Compa\u00f1\u00eda STJ<\/title>\n<meta name=\"robots\" content=\"index, follow, max-snippet:-1, max-image-preview:large, max-video-preview:-1\" \/>\n<link rel=\"canonical\" href=\"https:\/\/encompaniastj.org\/pt-pt\/associacao-fratelli-tutti-e-mta-de-elvas-portugal\/\" \/>\n<meta property=\"og:locale\" content=\"pt_PT\" \/>\n<meta property=\"og:type\" content=\"article\" \/>\n<meta property=\"og:title\" content=\"Associa\u00e7\u00e3o Fratelli Tutti E MTA de Elvas-Portugal - En Compa\u00f1\u00eda STJ\" \/>\n<meta property=\"og:description\" content=\"Um Natal a pensar nos \u00faltimos Ao longo de todo ano a nossa associa\u00e7\u00e3o, em que a maioria dos s\u00f3cios s\u00e3o elementos do MTA de Elvas, pessoas da Fam\u00edlia Teresiana, [&hellip;]\" \/>\n<meta property=\"og:url\" content=\"https:\/\/encompaniastj.org\/pt-pt\/associacao-fratelli-tutti-e-mta-de-elvas-portugal\/\" \/>\n<meta property=\"og:site_name\" content=\"En Compa\u00f1\u00eda STJ\" \/>\n<meta property=\"article:published_time\" content=\"2025-01-02T13:48:14+00:00\" \/>\n<meta property=\"article:modified_time\" content=\"2025-07-07T14:26:34+00:00\" \/>\n<meta property=\"og:image\" content=\"https:\/\/encompaniastj.org\/wp-content\/uploads\/2025\/05\/Postal-de-Natal-2024-FT-Elvas.jpg\" \/>\n\t<meta property=\"og:image:width\" content=\"800\" \/>\n\t<meta property=\"og:image:height\" content=\"476\" \/>\n\t<meta property=\"og:image:type\" content=\"image\/jpeg\" \/>\n<meta name=\"author\" content=\"admin\" \/>\n<meta name=\"twitter:card\" content=\"summary_large_image\" \/>\n<meta name=\"twitter:label1\" content=\"Escrito por\" \/>\n\t<meta name=\"twitter:data1\" content=\"admin\" \/>\n\t<meta name=\"twitter:label2\" content=\"Tempo estimado de leitura\" \/>\n\t<meta name=\"twitter:data2\" content=\"5 minutos\" \/>\n<script type=\"application\/ld+json\" class=\"yoast-schema-graph\">{\"@context\":\"https:\\\/\\\/schema.org\",\"@graph\":[{\"@type\":\"Article\",\"@id\":\"https:\\\/\\\/encompaniastj.org\\\/pt-pt\\\/associacao-fratelli-tutti-e-mta-de-elvas-portugal\\\/#article\",\"isPartOf\":{\"@id\":\"https:\\\/\\\/encompaniastj.org\\\/pt-pt\\\/associacao-fratelli-tutti-e-mta-de-elvas-portugal\\\/\"},\"author\":{\"name\":\"admin\",\"@id\":\"https:\\\/\\\/encompaniastj.org\\\/pt-pt\\\/#\\\/schema\\\/person\\\/520e7ecc314793d40091993c2a02b651\"},\"headline\":\"Associa\u00e7\u00e3o Fratelli Tutti E MTA de Elvas-Portugal\",\"datePublished\":\"2025-01-02T13:48:14+00:00\",\"dateModified\":\"2025-07-07T14:26:34+00:00\",\"mainEntityOfPage\":{\"@id\":\"https:\\\/\\\/encompaniastj.org\\\/pt-pt\\\/associacao-fratelli-tutti-e-mta-de-elvas-portugal\\\/\"},\"wordCount\":853,\"commentCount\":0,\"publisher\":{\"@id\":\"https:\\\/\\\/encompaniastj.org\\\/pt-pt\\\/#organization\"},\"image\":{\"@id\":\"https:\\\/\\\/encompaniastj.org\\\/pt-pt\\\/associacao-fratelli-tutti-e-mta-de-elvas-portugal\\\/#primaryimage\"},\"thumbnailUrl\":\"https:\\\/\\\/encompaniastj.org\\\/wp-content\\\/uploads\\\/2025\\\/05\\\/Postal-de-Natal-2024-FT-Elvas.jpg\",\"articleSection\":[\"STJ pt\"],\"inLanguage\":\"pt-PT\",\"potentialAction\":[{\"@type\":\"CommentAction\",\"name\":\"Comment\",\"target\":[\"https:\\\/\\\/encompaniastj.org\\\/pt-pt\\\/associacao-fratelli-tutti-e-mta-de-elvas-portugal\\\/#respond\"]}]},{\"@type\":\"WebPage\",\"@id\":\"https:\\\/\\\/encompaniastj.org\\\/pt-pt\\\/associacao-fratelli-tutti-e-mta-de-elvas-portugal\\\/\",\"url\":\"https:\\\/\\\/encompaniastj.org\\\/pt-pt\\\/associacao-fratelli-tutti-e-mta-de-elvas-portugal\\\/\",\"name\":\"Associa\u00e7\u00e3o Fratelli Tutti E MTA de Elvas-Portugal - En Compa\u00f1\u00eda STJ\",\"isPartOf\":{\"@id\":\"https:\\\/\\\/encompaniastj.org\\\/pt-pt\\\/#website\"},\"primaryImageOfPage\":{\"@id\":\"https:\\\/\\\/encompaniastj.org\\\/pt-pt\\\/associacao-fratelli-tutti-e-mta-de-elvas-portugal\\\/#primaryimage\"},\"image\":{\"@id\":\"https:\\\/\\\/encompaniastj.org\\\/pt-pt\\\/associacao-fratelli-tutti-e-mta-de-elvas-portugal\\\/#primaryimage\"},\"thumbnailUrl\":\"https:\\\/\\\/encompaniastj.org\\\/wp-content\\\/uploads\\\/2025\\\/05\\\/Postal-de-Natal-2024-FT-Elvas.jpg\",\"datePublished\":\"2025-01-02T13:48:14+00:00\",\"dateModified\":\"2025-07-07T14:26:34+00:00\",\"breadcrumb\":{\"@id\":\"https:\\\/\\\/encompaniastj.org\\\/pt-pt\\\/associacao-fratelli-tutti-e-mta-de-elvas-portugal\\\/#breadcrumb\"},\"inLanguage\":\"pt-PT\",\"potentialAction\":[{\"@type\":\"ReadAction\",\"target\":[\"https:\\\/\\\/encompaniastj.org\\\/pt-pt\\\/associacao-fratelli-tutti-e-mta-de-elvas-portugal\\\/\"]}]},{\"@type\":\"ImageObject\",\"inLanguage\":\"pt-PT\",\"@id\":\"https:\\\/\\\/encompaniastj.org\\\/pt-pt\\\/associacao-fratelli-tutti-e-mta-de-elvas-portugal\\\/#primaryimage\",\"url\":\"https:\\\/\\\/encompaniastj.org\\\/wp-content\\\/uploads\\\/2025\\\/05\\\/Postal-de-Natal-2024-FT-Elvas.jpg\",\"contentUrl\":\"https:\\\/\\\/encompaniastj.org\\\/wp-content\\\/uploads\\\/2025\\\/05\\\/Postal-de-Natal-2024-FT-Elvas.jpg\",\"width\":800,\"height\":476},{\"@type\":\"BreadcrumbList\",\"@id\":\"https:\\\/\\\/encompaniastj.org\\\/pt-pt\\\/associacao-fratelli-tutti-e-mta-de-elvas-portugal\\\/#breadcrumb\",\"itemListElement\":[{\"@type\":\"ListItem\",\"position\":1,\"name\":\"Portada\",\"item\":\"https:\\\/\\\/encompaniastj.org\\\/pt-pt\\\/\"},{\"@type\":\"ListItem\",\"position\":2,\"name\":\"Associa\u00e7\u00e3o Fratelli Tutti E MTA de Elvas-Portugal\"}]},{\"@type\":\"WebSite\",\"@id\":\"https:\\\/\\\/encompaniastj.org\\\/pt-pt\\\/#website\",\"url\":\"https:\\\/\\\/encompaniastj.org\\\/pt-pt\\\/\",\"name\":\"En Compa\u00f1\u00eda STJ\",\"description\":\"Bolet\u00edn de la Compa\u00f1\u00eda de Santa Teresa de Jes\u00fas\",\"publisher\":{\"@id\":\"https:\\\/\\\/encompaniastj.org\\\/pt-pt\\\/#organization\"},\"potentialAction\":[{\"@type\":\"SearchAction\",\"target\":{\"@type\":\"EntryPoint\",\"urlTemplate\":\"https:\\\/\\\/encompaniastj.org\\\/pt-pt\\\/?s={search_term_string}\"},\"query-input\":{\"@type\":\"PropertyValueSpecification\",\"valueRequired\":true,\"valueName\":\"search_term_string\"}}],\"inLanguage\":\"pt-PT\"},{\"@type\":\"Organization\",\"@id\":\"https:\\\/\\\/encompaniastj.org\\\/pt-pt\\\/#organization\",\"name\":\"Compa\u00f1\u00eda de Santa Teresa de Jes\u00fas\",\"url\":\"https:\\\/\\\/encompaniastj.org\\\/pt-pt\\\/\",\"logo\":{\"@type\":\"ImageObject\",\"inLanguage\":\"pt-PT\",\"@id\":\"https:\\\/\\\/encompaniastj.org\\\/pt-pt\\\/#\\\/schema\\\/logo\\\/image\\\/\",\"url\":\"https:\\\/\\\/encompaniastj.org\\\/wp-content\\\/uploads\\\/2025\\\/04\\\/logo_provincias02-1-3.png\",\"contentUrl\":\"https:\\\/\\\/encompaniastj.org\\\/wp-content\\\/uploads\\\/2025\\\/04\\\/logo_provincias02-1-3.png\",\"width\":2368,\"height\":825,\"caption\":\"Compa\u00f1\u00eda de Santa Teresa de Jes\u00fas\"},\"image\":{\"@id\":\"https:\\\/\\\/encompaniastj.org\\\/pt-pt\\\/#\\\/schema\\\/logo\\\/image\\\/\"}},{\"@type\":\"Person\",\"@id\":\"https:\\\/\\\/encompaniastj.org\\\/pt-pt\\\/#\\\/schema\\\/person\\\/520e7ecc314793d40091993c2a02b651\",\"name\":\"admin\",\"image\":{\"@type\":\"ImageObject\",\"inLanguage\":\"pt-PT\",\"@id\":\"https:\\\/\\\/secure.gravatar.com\\\/avatar\\\/948b492cce32b586ac2db0eaa926ee87024f7afe218d73b397ea5ddfc5f43ea1?s=96&d=mm&r=g\",\"url\":\"https:\\\/\\\/secure.gravatar.com\\\/avatar\\\/948b492cce32b586ac2db0eaa926ee87024f7afe218d73b397ea5ddfc5f43ea1?s=96&d=mm&r=g\",\"contentUrl\":\"https:\\\/\\\/secure.gravatar.com\\\/avatar\\\/948b492cce32b586ac2db0eaa926ee87024f7afe218d73b397ea5ddfc5f43ea1?s=96&d=mm&r=g\",\"caption\":\"admin\"},\"sameAs\":[\"https:\\\/\\\/encompaniastj.org\"],\"url\":\"https:\\\/\\\/encompaniastj.org\\\/pt-pt\\\/author\\\/sjdigital\\\/\"}]}<\/script>\n<!-- \/ Yoast SEO plugin. -->","yoast_head_json":{"title":"Associa\u00e7\u00e3o Fratelli Tutti E MTA de Elvas-Portugal - En Compa\u00f1\u00eda STJ","robots":{"index":"index","follow":"follow","max-snippet":"max-snippet:-1","max-image-preview":"max-image-preview:large","max-video-preview":"max-video-preview:-1"},"canonical":"https:\/\/encompaniastj.org\/pt-pt\/associacao-fratelli-tutti-e-mta-de-elvas-portugal\/","og_locale":"pt_PT","og_type":"article","og_title":"Associa\u00e7\u00e3o Fratelli Tutti E MTA de Elvas-Portugal - En Compa\u00f1\u00eda STJ","og_description":"Um Natal a pensar nos \u00faltimos Ao longo de todo ano a nossa associa\u00e7\u00e3o, em que a maioria dos s\u00f3cios s\u00e3o elementos do MTA de Elvas, pessoas da Fam\u00edlia Teresiana, [&hellip;]","og_url":"https:\/\/encompaniastj.org\/pt-pt\/associacao-fratelli-tutti-e-mta-de-elvas-portugal\/","og_site_name":"En Compa\u00f1\u00eda STJ","article_published_time":"2025-01-02T13:48:14+00:00","article_modified_time":"2025-07-07T14:26:34+00:00","og_image":[{"width":800,"height":476,"url":"https:\/\/encompaniastj.org\/wp-content\/uploads\/2025\/05\/Postal-de-Natal-2024-FT-Elvas.jpg","type":"image\/jpeg"}],"author":"admin","twitter_card":"summary_large_image","twitter_misc":{"Escrito por":"admin","Tempo estimado de leitura":"5 minutos"},"schema":{"@context":"https:\/\/schema.org","@graph":[{"@type":"Article","@id":"https:\/\/encompaniastj.org\/pt-pt\/associacao-fratelli-tutti-e-mta-de-elvas-portugal\/#article","isPartOf":{"@id":"https:\/\/encompaniastj.org\/pt-pt\/associacao-fratelli-tutti-e-mta-de-elvas-portugal\/"},"author":{"name":"admin","@id":"https:\/\/encompaniastj.org\/pt-pt\/#\/schema\/person\/520e7ecc314793d40091993c2a02b651"},"headline":"Associa\u00e7\u00e3o Fratelli Tutti E MTA de Elvas-Portugal","datePublished":"2025-01-02T13:48:14+00:00","dateModified":"2025-07-07T14:26:34+00:00","mainEntityOfPage":{"@id":"https:\/\/encompaniastj.org\/pt-pt\/associacao-fratelli-tutti-e-mta-de-elvas-portugal\/"},"wordCount":853,"commentCount":0,"publisher":{"@id":"https:\/\/encompaniastj.org\/pt-pt\/#organization"},"image":{"@id":"https:\/\/encompaniastj.org\/pt-pt\/associacao-fratelli-tutti-e-mta-de-elvas-portugal\/#primaryimage"},"thumbnailUrl":"https:\/\/encompaniastj.org\/wp-content\/uploads\/2025\/05\/Postal-de-Natal-2024-FT-Elvas.jpg","articleSection":["STJ pt"],"inLanguage":"pt-PT","potentialAction":[{"@type":"CommentAction","name":"Comment","target":["https:\/\/encompaniastj.org\/pt-pt\/associacao-fratelli-tutti-e-mta-de-elvas-portugal\/#respond"]}]},{"@type":"WebPage","@id":"https:\/\/encompaniastj.org\/pt-pt\/associacao-fratelli-tutti-e-mta-de-elvas-portugal\/","url":"https:\/\/encompaniastj.org\/pt-pt\/associacao-fratelli-tutti-e-mta-de-elvas-portugal\/","name":"Associa\u00e7\u00e3o Fratelli Tutti E MTA de Elvas-Portugal - En Compa\u00f1\u00eda STJ","isPartOf":{"@id":"https:\/\/encompaniastj.org\/pt-pt\/#website"},"primaryImageOfPage":{"@id":"https:\/\/encompaniastj.org\/pt-pt\/associacao-fratelli-tutti-e-mta-de-elvas-portugal\/#primaryimage"},"image":{"@id":"https:\/\/encompaniastj.org\/pt-pt\/associacao-fratelli-tutti-e-mta-de-elvas-portugal\/#primaryimage"},"thumbnailUrl":"https:\/\/encompaniastj.org\/wp-content\/uploads\/2025\/05\/Postal-de-Natal-2024-FT-Elvas.jpg","datePublished":"2025-01-02T13:48:14+00:00","dateModified":"2025-07-07T14:26:34+00:00","breadcrumb":{"@id":"https:\/\/encompaniastj.org\/pt-pt\/associacao-fratelli-tutti-e-mta-de-elvas-portugal\/#breadcrumb"},"inLanguage":"pt-PT","potentialAction":[{"@type":"ReadAction","target":["https:\/\/encompaniastj.org\/pt-pt\/associacao-fratelli-tutti-e-mta-de-elvas-portugal\/"]}]},{"@type":"ImageObject","inLanguage":"pt-PT","@id":"https:\/\/encompaniastj.org\/pt-pt\/associacao-fratelli-tutti-e-mta-de-elvas-portugal\/#primaryimage","url":"https:\/\/encompaniastj.org\/wp-content\/uploads\/2025\/05\/Postal-de-Natal-2024-FT-Elvas.jpg","contentUrl":"https:\/\/encompaniastj.org\/wp-content\/uploads\/2025\/05\/Postal-de-Natal-2024-FT-Elvas.jpg","width":800,"height":476},{"@type":"BreadcrumbList","@id":"https:\/\/encompaniastj.org\/pt-pt\/associacao-fratelli-tutti-e-mta-de-elvas-portugal\/#breadcrumb","itemListElement":[{"@type":"ListItem","position":1,"name":"Portada","item":"https:\/\/encompaniastj.org\/pt-pt\/"},{"@type":"ListItem","position":2,"name":"Associa\u00e7\u00e3o Fratelli Tutti E MTA de Elvas-Portugal"}]},{"@type":"WebSite","@id":"https:\/\/encompaniastj.org\/pt-pt\/#website","url":"https:\/\/encompaniastj.org\/pt-pt\/","name":"En Compa\u00f1\u00eda STJ","description":"Bolet\u00edn de la Compa\u00f1\u00eda de Santa Teresa de Jes\u00fas","publisher":{"@id":"https:\/\/encompaniastj.org\/pt-pt\/#organization"},"potentialAction":[{"@type":"SearchAction","target":{"@type":"EntryPoint","urlTemplate":"https:\/\/encompaniastj.org\/pt-pt\/?s={search_term_string}"},"query-input":{"@type":"PropertyValueSpecification","valueRequired":true,"valueName":"search_term_string"}}],"inLanguage":"pt-PT"},{"@type":"Organization","@id":"https:\/\/encompaniastj.org\/pt-pt\/#organization","name":"Compa\u00f1\u00eda de Santa Teresa de Jes\u00fas","url":"https:\/\/encompaniastj.org\/pt-pt\/","logo":{"@type":"ImageObject","inLanguage":"pt-PT","@id":"https:\/\/encompaniastj.org\/pt-pt\/#\/schema\/logo\/image\/","url":"https:\/\/encompaniastj.org\/wp-content\/uploads\/2025\/04\/logo_provincias02-1-3.png","contentUrl":"https:\/\/encompaniastj.org\/wp-content\/uploads\/2025\/04\/logo_provincias02-1-3.png","width":2368,"height":825,"caption":"Compa\u00f1\u00eda de Santa Teresa de Jes\u00fas"},"image":{"@id":"https:\/\/encompaniastj.org\/pt-pt\/#\/schema\/logo\/image\/"}},{"@type":"Person","@id":"https:\/\/encompaniastj.org\/pt-pt\/#\/schema\/person\/520e7ecc314793d40091993c2a02b651","name":"admin","image":{"@type":"ImageObject","inLanguage":"pt-PT","@id":"https:\/\/secure.gravatar.com\/avatar\/948b492cce32b586ac2db0eaa926ee87024f7afe218d73b397ea5ddfc5f43ea1?s=96&d=mm&r=g","url":"https:\/\/secure.gravatar.com\/avatar\/948b492cce32b586ac2db0eaa926ee87024f7afe218d73b397ea5ddfc5f43ea1?s=96&d=mm&r=g","contentUrl":"https:\/\/secure.gravatar.com\/avatar\/948b492cce32b586ac2db0eaa926ee87024f7afe218d73b397ea5ddfc5f43ea1?s=96&d=mm&r=g","caption":"admin"},"sameAs":["https:\/\/encompaniastj.org"],"url":"https:\/\/encompaniastj.org\/pt-pt\/author\/sjdigital\/"}]}},"_links":{"self":[{"href":"https:\/\/encompaniastj.org\/pt-pt\/wp-json\/wp\/v2\/posts\/12453","targetHints":{"allow":["GET"]}}],"collection":[{"href":"https:\/\/encompaniastj.org\/pt-pt\/wp-json\/wp\/v2\/posts"}],"about":[{"href":"https:\/\/encompaniastj.org\/pt-pt\/wp-json\/wp\/v2\/types\/post"}],"author":[{"embeddable":true,"href":"https:\/\/encompaniastj.org\/pt-pt\/wp-json\/wp\/v2\/users\/1"}],"replies":[{"embeddable":true,"href":"https:\/\/encompaniastj.org\/pt-pt\/wp-json\/wp\/v2\/comments?post=12453"}],"version-history":[{"count":1,"href":"https:\/\/encompaniastj.org\/pt-pt\/wp-json\/wp\/v2\/posts\/12453\/revisions"}],"predecessor-version":[{"id":12454,"href":"https:\/\/encompaniastj.org\/pt-pt\/wp-json\/wp\/v2\/posts\/12453\/revisions\/12454"}],"wp:featuredmedia":[{"embeddable":true,"href":"https:\/\/encompaniastj.org\/pt-pt\/wp-json\/wp\/v2\/media\/8943"}],"wp:attachment":[{"href":"https:\/\/encompaniastj.org\/pt-pt\/wp-json\/wp\/v2\/media?parent=12453"}],"wp:term":[{"taxonomy":"category","embeddable":true,"href":"https:\/\/encompaniastj.org\/pt-pt\/wp-json\/wp\/v2\/categories?post=12453"},{"taxonomy":"post_tag","embeddable":true,"href":"https:\/\/encompaniastj.org\/pt-pt\/wp-json\/wp\/v2\/tags?post=12453"}],"curies":[{"name":"wp","href":"https:\/\/api.w.org\/{rel}","templated":true}]}}