{"id":12423,"date":"2024-12-03T14:30:51","date_gmt":"2024-12-03T13:30:51","guid":{"rendered":"https:\/\/encompaniastj.org\/quarto-de-hora-da-familia-teresiana-em-ganduxer\/"},"modified":"2025-07-07T16:26:27","modified_gmt":"2025-07-07T14:26:27","slug":"quarto-de-hora-da-familia-teresiana-em-ganduxer","status":"publish","type":"post","link":"https:\/\/encompaniastj.org\/pt-pt\/quarto-de-hora-da-familia-teresiana-em-ganduxer\/","title":{"rendered":"Quarto de Hora da Fam\u00edlia Teresiana em Ganduxer"},"content":{"rendered":"<p>Desde h\u00e1 dois anos, um grupo de pais do Col\u00e9gio Teresiano de Ganduxer (Barcelona), juntamente com os nossos filhos, re\u00fane-se todas as sextas-feiras \u00e0s 8h30 na capela do col\u00e9gio para rezar o Quarto de Hora, seguindo as indica\u00e7\u00f5es do P. Enrique de Oss\u00f3: \u201cD\u00e1-me um quarto de hora e dar-te-ei o c\u00e9u\u201d.<\/p>\n<p>A estrutura da ora\u00e7\u00e3o \u00e9 muito simples. H\u00e1 uma ora\u00e7\u00e3o preparat\u00f3ria para conseguir o sil\u00eancio. De seguida, \u00e9 lida uma leitura do Evangelho (geralmente o Evangelho do Domingo). O respons\u00e1vel pela ora\u00e7\u00e3o apresenta tr\u00eas pontos de reflex\u00e3o. Toca-se um c\u00e2ntico e as crian\u00e7as apresentam os seus pedidos.<\/p>\n<p>\u00c9 cada vez mais importante a participa\u00e7\u00e3o e a interven\u00e7\u00e3o das crian\u00e7as que, atrav\u00e9s de desenhos, can\u00e7\u00f5es ou peti\u00e7\u00f5es, explicam o sentido da leitura do Evangelho correspondente.<\/p>\n<p>\u00c9 um momento de \u201cfam\u00edlia teresiana\u201d, pois estes quartos de hora re\u00fanem pais, professores, alunos e at\u00e9, por vezes, antigos alunos e pais que j\u00e1 n\u00e3o t\u00eam filhos na escola.<\/p>\n<p>Queremos, a partir desta semana, partilhar com toda a Fam\u00edlia Teresiana que olha para o Boletim \u201cencompa\u00f1\u00eda\u201d, os quartos de hora para que os possam fazer com os vossos alunos, filhos,&#8230;.<\/p>\n<p>Um grande abra\u00e7o da equipa organizadora.<\/p>\n<p>[pdf-embedder url=&#8221;https:\/\/encompaniastj.org\/wp-content\/uploads\/2024\/12\/Pt-Qh-29-11-24.pdf&#8221; title=&#8221;Pt Qh 29-11-24&#8243;]<\/p>\n","protected":false},"excerpt":{"rendered":"<p>Desde h\u00e1 dois anos, um grupo de pais do Col\u00e9gio Teresiano de Ganduxer (Barcelona), juntamente com os nossos filhos, re\u00fane-se todas as sextas-feiras \u00e0s 8h30 na capela do col\u00e9gio para [&hellip;]<\/p>\n","protected":false},"author":1,"featured_media":8910,"comment_status":"open","ping_status":"open","sticky":false,"template":"","format":"standard","meta":{"_acf_changed":false,"footnotes":""},"categories":[79,81],"tags":[],"class_list":["post-12423","post","type-post","status-publish","format-standard","has-post-thumbnail","hentry","category-stj","category-stj-pt"],"acf":[],"yoast_head":"<!-- This site is optimized with the Yoast SEO plugin v27.5 - https:\/\/yoast.com\/product\/yoast-seo-wordpress\/ -->\n<title>Quarto de Hora da Fam\u00edlia Teresiana em Ganduxer - En Compa\u00f1\u00eda STJ<\/title>\n<meta name=\"robots\" content=\"index, follow, max-snippet:-1, max-image-preview:large, max-video-preview:-1\" \/>\n<link rel=\"canonical\" href=\"https:\/\/encompaniastj.org\/pt-pt\/quarto-de-hora-da-familia-teresiana-em-ganduxer\/\" \/>\n<meta property=\"og:locale\" content=\"pt_PT\" \/>\n<meta property=\"og:type\" content=\"article\" \/>\n<meta property=\"og:title\" content=\"Quarto de Hora da Fam\u00edlia Teresiana em Ganduxer - En Compa\u00f1\u00eda STJ\" \/>\n<meta property=\"og:description\" content=\"Desde h\u00e1 dois anos, um grupo de pais do Col\u00e9gio Teresiano de Ganduxer (Barcelona), juntamente com os nossos filhos, re\u00fane-se todas as sextas-feiras \u00e0s 8h30 na capela do col\u00e9gio para [&hellip;]\" \/>\n<meta property=\"og:url\" content=\"https:\/\/encompaniastj.org\/pt-pt\/quarto-de-hora-da-familia-teresiana-em-ganduxer\/\" \/>\n<meta property=\"og:site_name\" content=\"En Compa\u00f1\u00eda STJ\" \/>\n<meta property=\"article:published_time\" content=\"2024-12-03T13:30:51+00:00\" \/>\n<meta property=\"article:modified_time\" content=\"2025-07-07T14:26:27+00:00\" \/>\n<meta property=\"og:image\" content=\"https:\/\/encompaniastj.org\/wp-content\/uploads\/2025\/05\/c1-12.png\" \/>\n\t<meta property=\"og:image:width\" content=\"800\" \/>\n\t<meta property=\"og:image:height\" content=\"800\" \/>\n\t<meta property=\"og:image:type\" content=\"image\/png\" \/>\n<meta name=\"author\" content=\"admin\" \/>\n<meta name=\"twitter:card\" content=\"summary_large_image\" \/>\n<meta name=\"twitter:label1\" content=\"Escrito por\" \/>\n\t<meta name=\"twitter:data1\" content=\"admin\" \/>\n\t<meta name=\"twitter:label2\" content=\"Tempo estimado de leitura\" \/>\n\t<meta name=\"twitter:data2\" content=\"2 minutos\" \/>\n<script type=\"application\/ld+json\" class=\"yoast-schema-graph\">{\"@context\":\"https:\\\/\\\/schema.org\",\"@graph\":[{\"@type\":\"Article\",\"@id\":\"https:\\\/\\\/encompaniastj.org\\\/pt-pt\\\/quarto-de-hora-da-familia-teresiana-em-ganduxer\\\/#article\",\"isPartOf\":{\"@id\":\"https:\\\/\\\/encompaniastj.org\\\/pt-pt\\\/quarto-de-hora-da-familia-teresiana-em-ganduxer\\\/\"},\"author\":{\"name\":\"admin\",\"@id\":\"https:\\\/\\\/encompaniastj.org\\\/pt-pt\\\/#\\\/schema\\\/person\\\/520e7ecc314793d40091993c2a02b651\"},\"headline\":\"Quarto de Hora da Fam\u00edlia Teresiana em Ganduxer\",\"datePublished\":\"2024-12-03T13:30:51+00:00\",\"dateModified\":\"2025-07-07T14:26:27+00:00\",\"mainEntityOfPage\":{\"@id\":\"https:\\\/\\\/encompaniastj.org\\\/pt-pt\\\/quarto-de-hora-da-familia-teresiana-em-ganduxer\\\/\"},\"wordCount\":243,\"commentCount\":0,\"publisher\":{\"@id\":\"https:\\\/\\\/encompaniastj.org\\\/pt-pt\\\/#organization\"},\"image\":{\"@id\":\"https:\\\/\\\/encompaniastj.org\\\/pt-pt\\\/quarto-de-hora-da-familia-teresiana-em-ganduxer\\\/#primaryimage\"},\"thumbnailUrl\":\"https:\\\/\\\/encompaniastj.org\\\/wp-content\\\/uploads\\\/2025\\\/05\\\/c1-12.png\",\"articleSection\":[\"STJ\",\"STJ pt\"],\"inLanguage\":\"pt-PT\",\"potentialAction\":[{\"@type\":\"CommentAction\",\"name\":\"Comment\",\"target\":[\"https:\\\/\\\/encompaniastj.org\\\/pt-pt\\\/quarto-de-hora-da-familia-teresiana-em-ganduxer\\\/#respond\"]}]},{\"@type\":\"WebPage\",\"@id\":\"https:\\\/\\\/encompaniastj.org\\\/pt-pt\\\/quarto-de-hora-da-familia-teresiana-em-ganduxer\\\/\",\"url\":\"https:\\\/\\\/encompaniastj.org\\\/pt-pt\\\/quarto-de-hora-da-familia-teresiana-em-ganduxer\\\/\",\"name\":\"Quarto de Hora da Fam\u00edlia Teresiana em Ganduxer - En Compa\u00f1\u00eda STJ\",\"isPartOf\":{\"@id\":\"https:\\\/\\\/encompaniastj.org\\\/pt-pt\\\/#website\"},\"primaryImageOfPage\":{\"@id\":\"https:\\\/\\\/encompaniastj.org\\\/pt-pt\\\/quarto-de-hora-da-familia-teresiana-em-ganduxer\\\/#primaryimage\"},\"image\":{\"@id\":\"https:\\\/\\\/encompaniastj.org\\\/pt-pt\\\/quarto-de-hora-da-familia-teresiana-em-ganduxer\\\/#primaryimage\"},\"thumbnailUrl\":\"https:\\\/\\\/encompaniastj.org\\\/wp-content\\\/uploads\\\/2025\\\/05\\\/c1-12.png\",\"datePublished\":\"2024-12-03T13:30:51+00:00\",\"dateModified\":\"2025-07-07T14:26:27+00:00\",\"breadcrumb\":{\"@id\":\"https:\\\/\\\/encompaniastj.org\\\/pt-pt\\\/quarto-de-hora-da-familia-teresiana-em-ganduxer\\\/#breadcrumb\"},\"inLanguage\":\"pt-PT\",\"potentialAction\":[{\"@type\":\"ReadAction\",\"target\":[\"https:\\\/\\\/encompaniastj.org\\\/pt-pt\\\/quarto-de-hora-da-familia-teresiana-em-ganduxer\\\/\"]}]},{\"@type\":\"ImageObject\",\"inLanguage\":\"pt-PT\",\"@id\":\"https:\\\/\\\/encompaniastj.org\\\/pt-pt\\\/quarto-de-hora-da-familia-teresiana-em-ganduxer\\\/#primaryimage\",\"url\":\"https:\\\/\\\/encompaniastj.org\\\/wp-content\\\/uploads\\\/2025\\\/05\\\/c1-12.png\",\"contentUrl\":\"https:\\\/\\\/encompaniastj.org\\\/wp-content\\\/uploads\\\/2025\\\/05\\\/c1-12.png\",\"width\":800,\"height\":800},{\"@type\":\"BreadcrumbList\",\"@id\":\"https:\\\/\\\/encompaniastj.org\\\/pt-pt\\\/quarto-de-hora-da-familia-teresiana-em-ganduxer\\\/#breadcrumb\",\"itemListElement\":[{\"@type\":\"ListItem\",\"position\":1,\"name\":\"Portada\",\"item\":\"https:\\\/\\\/encompaniastj.org\\\/pt-pt\\\/\"},{\"@type\":\"ListItem\",\"position\":2,\"name\":\"Quarto de Hora da Fam\u00edlia Teresiana em Ganduxer\"}]},{\"@type\":\"WebSite\",\"@id\":\"https:\\\/\\\/encompaniastj.org\\\/pt-pt\\\/#website\",\"url\":\"https:\\\/\\\/encompaniastj.org\\\/pt-pt\\\/\",\"name\":\"En Compa\u00f1\u00eda STJ\",\"description\":\"Bolet\u00edn de la Compa\u00f1\u00eda de Santa Teresa de Jes\u00fas\",\"publisher\":{\"@id\":\"https:\\\/\\\/encompaniastj.org\\\/pt-pt\\\/#organization\"},\"potentialAction\":[{\"@type\":\"SearchAction\",\"target\":{\"@type\":\"EntryPoint\",\"urlTemplate\":\"https:\\\/\\\/encompaniastj.org\\\/pt-pt\\\/?s={search_term_string}\"},\"query-input\":{\"@type\":\"PropertyValueSpecification\",\"valueRequired\":true,\"valueName\":\"search_term_string\"}}],\"inLanguage\":\"pt-PT\"},{\"@type\":\"Organization\",\"@id\":\"https:\\\/\\\/encompaniastj.org\\\/pt-pt\\\/#organization\",\"name\":\"Compa\u00f1\u00eda de Santa Teresa de Jes\u00fas\",\"url\":\"https:\\\/\\\/encompaniastj.org\\\/pt-pt\\\/\",\"logo\":{\"@type\":\"ImageObject\",\"inLanguage\":\"pt-PT\",\"@id\":\"https:\\\/\\\/encompaniastj.org\\\/pt-pt\\\/#\\\/schema\\\/logo\\\/image\\\/\",\"url\":\"https:\\\/\\\/encompaniastj.org\\\/wp-content\\\/uploads\\\/2025\\\/04\\\/logo_provincias02-1-3.png\",\"contentUrl\":\"https:\\\/\\\/encompaniastj.org\\\/wp-content\\\/uploads\\\/2025\\\/04\\\/logo_provincias02-1-3.png\",\"width\":2368,\"height\":825,\"caption\":\"Compa\u00f1\u00eda de Santa Teresa de Jes\u00fas\"},\"image\":{\"@id\":\"https:\\\/\\\/encompaniastj.org\\\/pt-pt\\\/#\\\/schema\\\/logo\\\/image\\\/\"}},{\"@type\":\"Person\",\"@id\":\"https:\\\/\\\/encompaniastj.org\\\/pt-pt\\\/#\\\/schema\\\/person\\\/520e7ecc314793d40091993c2a02b651\",\"name\":\"admin\",\"image\":{\"@type\":\"ImageObject\",\"inLanguage\":\"pt-PT\",\"@id\":\"https:\\\/\\\/secure.gravatar.com\\\/avatar\\\/948b492cce32b586ac2db0eaa926ee87024f7afe218d73b397ea5ddfc5f43ea1?s=96&d=mm&r=g\",\"url\":\"https:\\\/\\\/secure.gravatar.com\\\/avatar\\\/948b492cce32b586ac2db0eaa926ee87024f7afe218d73b397ea5ddfc5f43ea1?s=96&d=mm&r=g\",\"contentUrl\":\"https:\\\/\\\/secure.gravatar.com\\\/avatar\\\/948b492cce32b586ac2db0eaa926ee87024f7afe218d73b397ea5ddfc5f43ea1?s=96&d=mm&r=g\",\"caption\":\"admin\"},\"sameAs\":[\"https:\\\/\\\/encompaniastj.org\"],\"url\":\"https:\\\/\\\/encompaniastj.org\\\/pt-pt\\\/author\\\/sjdigital\\\/\"}]}<\/script>\n<!-- \/ Yoast SEO plugin. -->","yoast_head_json":{"title":"Quarto de Hora da Fam\u00edlia Teresiana em Ganduxer - En Compa\u00f1\u00eda STJ","robots":{"index":"index","follow":"follow","max-snippet":"max-snippet:-1","max-image-preview":"max-image-preview:large","max-video-preview":"max-video-preview:-1"},"canonical":"https:\/\/encompaniastj.org\/pt-pt\/quarto-de-hora-da-familia-teresiana-em-ganduxer\/","og_locale":"pt_PT","og_type":"article","og_title":"Quarto de Hora da Fam\u00edlia Teresiana em Ganduxer - En Compa\u00f1\u00eda STJ","og_description":"Desde h\u00e1 dois anos, um grupo de pais do Col\u00e9gio Teresiano de Ganduxer (Barcelona), juntamente com os nossos filhos, re\u00fane-se todas as sextas-feiras \u00e0s 8h30 na capela do col\u00e9gio para [&hellip;]","og_url":"https:\/\/encompaniastj.org\/pt-pt\/quarto-de-hora-da-familia-teresiana-em-ganduxer\/","og_site_name":"En Compa\u00f1\u00eda STJ","article_published_time":"2024-12-03T13:30:51+00:00","article_modified_time":"2025-07-07T14:26:27+00:00","og_image":[{"width":800,"height":800,"url":"https:\/\/encompaniastj.org\/wp-content\/uploads\/2025\/05\/c1-12.png","type":"image\/png"}],"author":"admin","twitter_card":"summary_large_image","twitter_misc":{"Escrito por":"admin","Tempo estimado de leitura":"2 minutos"},"schema":{"@context":"https:\/\/schema.org","@graph":[{"@type":"Article","@id":"https:\/\/encompaniastj.org\/pt-pt\/quarto-de-hora-da-familia-teresiana-em-ganduxer\/#article","isPartOf":{"@id":"https:\/\/encompaniastj.org\/pt-pt\/quarto-de-hora-da-familia-teresiana-em-ganduxer\/"},"author":{"name":"admin","@id":"https:\/\/encompaniastj.org\/pt-pt\/#\/schema\/person\/520e7ecc314793d40091993c2a02b651"},"headline":"Quarto de Hora da Fam\u00edlia Teresiana em Ganduxer","datePublished":"2024-12-03T13:30:51+00:00","dateModified":"2025-07-07T14:26:27+00:00","mainEntityOfPage":{"@id":"https:\/\/encompaniastj.org\/pt-pt\/quarto-de-hora-da-familia-teresiana-em-ganduxer\/"},"wordCount":243,"commentCount":0,"publisher":{"@id":"https:\/\/encompaniastj.org\/pt-pt\/#organization"},"image":{"@id":"https:\/\/encompaniastj.org\/pt-pt\/quarto-de-hora-da-familia-teresiana-em-ganduxer\/#primaryimage"},"thumbnailUrl":"https:\/\/encompaniastj.org\/wp-content\/uploads\/2025\/05\/c1-12.png","articleSection":["STJ","STJ pt"],"inLanguage":"pt-PT","potentialAction":[{"@type":"CommentAction","name":"Comment","target":["https:\/\/encompaniastj.org\/pt-pt\/quarto-de-hora-da-familia-teresiana-em-ganduxer\/#respond"]}]},{"@type":"WebPage","@id":"https:\/\/encompaniastj.org\/pt-pt\/quarto-de-hora-da-familia-teresiana-em-ganduxer\/","url":"https:\/\/encompaniastj.org\/pt-pt\/quarto-de-hora-da-familia-teresiana-em-ganduxer\/","name":"Quarto de Hora da Fam\u00edlia Teresiana em Ganduxer - En Compa\u00f1\u00eda STJ","isPartOf":{"@id":"https:\/\/encompaniastj.org\/pt-pt\/#website"},"primaryImageOfPage":{"@id":"https:\/\/encompaniastj.org\/pt-pt\/quarto-de-hora-da-familia-teresiana-em-ganduxer\/#primaryimage"},"image":{"@id":"https:\/\/encompaniastj.org\/pt-pt\/quarto-de-hora-da-familia-teresiana-em-ganduxer\/#primaryimage"},"thumbnailUrl":"https:\/\/encompaniastj.org\/wp-content\/uploads\/2025\/05\/c1-12.png","datePublished":"2024-12-03T13:30:51+00:00","dateModified":"2025-07-07T14:26:27+00:00","breadcrumb":{"@id":"https:\/\/encompaniastj.org\/pt-pt\/quarto-de-hora-da-familia-teresiana-em-ganduxer\/#breadcrumb"},"inLanguage":"pt-PT","potentialAction":[{"@type":"ReadAction","target":["https:\/\/encompaniastj.org\/pt-pt\/quarto-de-hora-da-familia-teresiana-em-ganduxer\/"]}]},{"@type":"ImageObject","inLanguage":"pt-PT","@id":"https:\/\/encompaniastj.org\/pt-pt\/quarto-de-hora-da-familia-teresiana-em-ganduxer\/#primaryimage","url":"https:\/\/encompaniastj.org\/wp-content\/uploads\/2025\/05\/c1-12.png","contentUrl":"https:\/\/encompaniastj.org\/wp-content\/uploads\/2025\/05\/c1-12.png","width":800,"height":800},{"@type":"BreadcrumbList","@id":"https:\/\/encompaniastj.org\/pt-pt\/quarto-de-hora-da-familia-teresiana-em-ganduxer\/#breadcrumb","itemListElement":[{"@type":"ListItem","position":1,"name":"Portada","item":"https:\/\/encompaniastj.org\/pt-pt\/"},{"@type":"ListItem","position":2,"name":"Quarto de Hora da Fam\u00edlia Teresiana em Ganduxer"}]},{"@type":"WebSite","@id":"https:\/\/encompaniastj.org\/pt-pt\/#website","url":"https:\/\/encompaniastj.org\/pt-pt\/","name":"En Compa\u00f1\u00eda STJ","description":"Bolet\u00edn de la Compa\u00f1\u00eda de Santa Teresa de Jes\u00fas","publisher":{"@id":"https:\/\/encompaniastj.org\/pt-pt\/#organization"},"potentialAction":[{"@type":"SearchAction","target":{"@type":"EntryPoint","urlTemplate":"https:\/\/encompaniastj.org\/pt-pt\/?s={search_term_string}"},"query-input":{"@type":"PropertyValueSpecification","valueRequired":true,"valueName":"search_term_string"}}],"inLanguage":"pt-PT"},{"@type":"Organization","@id":"https:\/\/encompaniastj.org\/pt-pt\/#organization","name":"Compa\u00f1\u00eda de Santa Teresa de Jes\u00fas","url":"https:\/\/encompaniastj.org\/pt-pt\/","logo":{"@type":"ImageObject","inLanguage":"pt-PT","@id":"https:\/\/encompaniastj.org\/pt-pt\/#\/schema\/logo\/image\/","url":"https:\/\/encompaniastj.org\/wp-content\/uploads\/2025\/04\/logo_provincias02-1-3.png","contentUrl":"https:\/\/encompaniastj.org\/wp-content\/uploads\/2025\/04\/logo_provincias02-1-3.png","width":2368,"height":825,"caption":"Compa\u00f1\u00eda de Santa Teresa de Jes\u00fas"},"image":{"@id":"https:\/\/encompaniastj.org\/pt-pt\/#\/schema\/logo\/image\/"}},{"@type":"Person","@id":"https:\/\/encompaniastj.org\/pt-pt\/#\/schema\/person\/520e7ecc314793d40091993c2a02b651","name":"admin","image":{"@type":"ImageObject","inLanguage":"pt-PT","@id":"https:\/\/secure.gravatar.com\/avatar\/948b492cce32b586ac2db0eaa926ee87024f7afe218d73b397ea5ddfc5f43ea1?s=96&d=mm&r=g","url":"https:\/\/secure.gravatar.com\/avatar\/948b492cce32b586ac2db0eaa926ee87024f7afe218d73b397ea5ddfc5f43ea1?s=96&d=mm&r=g","contentUrl":"https:\/\/secure.gravatar.com\/avatar\/948b492cce32b586ac2db0eaa926ee87024f7afe218d73b397ea5ddfc5f43ea1?s=96&d=mm&r=g","caption":"admin"},"sameAs":["https:\/\/encompaniastj.org"],"url":"https:\/\/encompaniastj.org\/pt-pt\/author\/sjdigital\/"}]}},"_links":{"self":[{"href":"https:\/\/encompaniastj.org\/pt-pt\/wp-json\/wp\/v2\/posts\/12423","targetHints":{"allow":["GET"]}}],"collection":[{"href":"https:\/\/encompaniastj.org\/pt-pt\/wp-json\/wp\/v2\/posts"}],"about":[{"href":"https:\/\/encompaniastj.org\/pt-pt\/wp-json\/wp\/v2\/types\/post"}],"author":[{"embeddable":true,"href":"https:\/\/encompaniastj.org\/pt-pt\/wp-json\/wp\/v2\/users\/1"}],"replies":[{"embeddable":true,"href":"https:\/\/encompaniastj.org\/pt-pt\/wp-json\/wp\/v2\/comments?post=12423"}],"version-history":[{"count":1,"href":"https:\/\/encompaniastj.org\/pt-pt\/wp-json\/wp\/v2\/posts\/12423\/revisions"}],"predecessor-version":[{"id":12428,"href":"https:\/\/encompaniastj.org\/pt-pt\/wp-json\/wp\/v2\/posts\/12423\/revisions\/12428"}],"wp:featuredmedia":[{"embeddable":true,"href":"https:\/\/encompaniastj.org\/pt-pt\/wp-json\/wp\/v2\/media\/8910"}],"wp:attachment":[{"href":"https:\/\/encompaniastj.org\/pt-pt\/wp-json\/wp\/v2\/media?parent=12423"}],"wp:term":[{"taxonomy":"category","embeddable":true,"href":"https:\/\/encompaniastj.org\/pt-pt\/wp-json\/wp\/v2\/categories?post=12423"},{"taxonomy":"post_tag","embeddable":true,"href":"https:\/\/encompaniastj.org\/pt-pt\/wp-json\/wp\/v2\/tags?post=12423"}],"curies":[{"name":"wp","href":"https:\/\/api.w.org\/{rel}","templated":true}]}}