{"id":12395,"date":"2024-11-14T07:31:45","date_gmt":"2024-11-14T06:31:45","guid":{"rendered":"https:\/\/encompaniastj.org\/feliz-100-aniversario-maria\/"},"modified":"2025-07-07T16:26:24","modified_gmt":"2025-07-07T14:26:24","slug":"feliz-100-aniversario-maria","status":"publish","type":"post","link":"https:\/\/encompaniastj.org\/pt-pt\/feliz-100-aniversario-maria\/","title":{"rendered":"Feliz 100 anivers\u00e1rio, Maria!"},"content":{"rendered":"<p>No dia 8 de novembro celebr\u00e1mos com grande solenidade solenidade o 100 anivers\u00e1rio da nossa irm\u00e3 Mar\u00eda Mar\u00eda Olaverri. A celebra\u00e7\u00e3o come\u00e7ou no dia anterior com a ora\u00e7\u00e3o das ora\u00e7\u00e3o das V\u00e9speras, em que a comunidade se uniu \u00e0 sua a\u00e7\u00e3o de gra\u00e7as por todos estes anos em que Deus tem sido o seu amor e a sua for\u00e7a. em que Deus tem sido o seu amor e a sua for\u00e7a. Reconheceram e agradeceram-Lhe a Sua bondade para com Maria e a Sua resposta simples e filial. com Maria e a sua resposta simples, filial e generosa&#8230;<\/p>\n<p>Celebr\u00e1mos o pr\u00f3prio dia em tr\u00eas momentos muito especiais.<\/p>\n<p>De manh\u00e3, uma grande representa\u00e7\u00e3o de alunos e professores do col\u00e9gio brindou-a com uma presen\u00e7a calorosa e amiga, com can\u00e7\u00f5es, desenhos e mensagens de alunos e professores e um bonito ramo de flores que lhe foi oferecido por alguns alunos. Foi recebida no Sal\u00e3o da Assembleia com toda a solenidade e\u00a0<em>\u201ccuriosidade<\/em>\u00a0\u2018, sobretudo por parte das crian\u00e7as mais pequenas, para felicitar uma \u2019freira\u201d de 100 anos. Foi um encontro precioso, acolhido e celebrado pela Maria com um grande sorriso e uma aceita\u00e7\u00e3o afectuosa durante todo o evento.<\/p>\n<p>A refei\u00e7\u00e3o fraterna - a \u201cfesta das irm\u00e3s\u201d - foi o segundo momento alto. Est\u00e1vamos acompanhadas por uma pequena representa\u00e7\u00e3o de irm\u00e3s das comunidades de San Sebasti\u00e1n e Echavacoiz e Mariola Iglesias, como nossa delegada provincial, tamb\u00e9m estava connosco. Foi uma refei\u00e7\u00e3o em grande estilo, preparada com muito cuidado e aten\u00e7\u00e3o aos pormenores por todas as irm\u00e3s. A ideia era que a nossa irm\u00e3 Mar\u00eda desfrutasse e experimentasse o afeto que temos por ela. E assim foi. Desfrutou, participou, partilhou&#8230; sempre com um sorriso que mostrava a alegria, a satisfa\u00e7\u00e3o do seu dia celebrado.<\/p>\n<p>\u00c0 tarde, no terceiro momento solene, tivemos a celebra\u00e7\u00e3o da Eucaristia presidida e concelebrada pelos sacerdotes da nossa Par\u00f3quia Santa Maria de Ermitaga\u00f1a, Alfredo Urzainqui, P\u00e1roco, Carmelo Ortigosa e Paco Villanueva e com a participa\u00e7\u00e3o inexced\u00edvel do Coro da Escola, Voces de Barro. As pessoas mais pr\u00f3ximas e queridas de Maria foram convidadas com anteced\u00eancia e com uma recorda\u00e7\u00e3o afectuosa. Estavam presentes os seus familiares, amigos pr\u00f3ximos, professores, antigos alunos, muitos dos quais ainda t\u00eam filhos na escola ou j\u00e1 partiram. Foi uma \u00f3ptima oportunidade para partilhar mem\u00f3rias e anedotas dos seus muitos anos como professora e educadora de muitas gera\u00e7\u00f5es. Todos estavam com Maria, recordando-a com grande afeto e gratid\u00e3o. Maria desfrutou muito do \u201cseu grande e especial dia\u201d, permanecendo serena e feliz durante toda a celebra\u00e7\u00e3o.<\/p>\n<p>Obrigada, Deus, por tantas b\u00ean\u00e7\u00e3os e gra\u00e7as derramadas sobre todos.<\/p>\n<p><img loading=\"lazy\" decoding=\"async\" class=\"aligncenter wp-image-13987 size-full\" src=\"https:\/\/encompaniastj.org\/wp-content\/uploads\/2025\/05\/c1-4-1.png\" alt=\"\" width=\"800\" height=\"800\" \/><\/p>\n<p>&nbsp;<\/p>\n","protected":false},"excerpt":{"rendered":"<p>No dia 8 de novembro celebr\u00e1mos com grande solenidade solenidade o 100 anivers\u00e1rio da nossa irm\u00e3 Mar\u00eda Mar\u00eda Olaverri. A celebra\u00e7\u00e3o come\u00e7ou no dia anterior com a ora\u00e7\u00e3o das ora\u00e7\u00e3o [&hellip;]<\/p>\n","protected":false},"author":1,"featured_media":8899,"comment_status":"open","ping_status":"open","sticky":false,"template":"","format":"standard","meta":{"_acf_changed":false,"footnotes":""},"categories":[61,62,68],"tags":[],"class_list":["post-12395","post","type-post","status-publish","format-standard","has-post-thumbnail","hentry","category-noticias","category-otras","category-outras"],"acf":[],"yoast_head":"<!-- This site is optimized with the Yoast SEO plugin v27.5 - https:\/\/yoast.com\/product\/yoast-seo-wordpress\/ -->\n<title>Feliz 100 anivers\u00e1rio, Maria! - En Compa\u00f1\u00eda STJ<\/title>\n<meta name=\"robots\" content=\"index, follow, max-snippet:-1, max-image-preview:large, max-video-preview:-1\" \/>\n<link rel=\"canonical\" href=\"https:\/\/encompaniastj.org\/pt-pt\/feliz-100-aniversario-maria\/\" \/>\n<meta property=\"og:locale\" content=\"pt_PT\" \/>\n<meta property=\"og:type\" content=\"article\" \/>\n<meta property=\"og:title\" content=\"Feliz 100 anivers\u00e1rio, Maria! - En Compa\u00f1\u00eda STJ\" \/>\n<meta property=\"og:description\" content=\"No dia 8 de novembro celebr\u00e1mos com grande solenidade solenidade o 100 anivers\u00e1rio da nossa irm\u00e3 Mar\u00eda Mar\u00eda Olaverri. A celebra\u00e7\u00e3o come\u00e7ou no dia anterior com a ora\u00e7\u00e3o das ora\u00e7\u00e3o [&hellip;]\" \/>\n<meta property=\"og:url\" content=\"https:\/\/encompaniastj.org\/pt-pt\/feliz-100-aniversario-maria\/\" \/>\n<meta property=\"og:site_name\" content=\"En Compa\u00f1\u00eda STJ\" \/>\n<meta property=\"article:published_time\" content=\"2024-11-14T06:31:45+00:00\" \/>\n<meta property=\"article:modified_time\" content=\"2025-07-07T14:26:24+00:00\" \/>\n<meta property=\"og:image\" content=\"https:\/\/encompaniastj.org\/wp-content\/uploads\/2025\/05\/f4-6.jpg\" \/>\n\t<meta property=\"og:image:width\" content=\"1536\" \/>\n\t<meta property=\"og:image:height\" content=\"2048\" \/>\n\t<meta property=\"og:image:type\" content=\"image\/jpeg\" \/>\n<meta name=\"author\" content=\"admin\" \/>\n<meta name=\"twitter:card\" content=\"summary_large_image\" \/>\n<meta name=\"twitter:label1\" content=\"Escrito por\" \/>\n\t<meta name=\"twitter:data1\" content=\"admin\" \/>\n\t<meta name=\"twitter:label2\" content=\"Tempo estimado de leitura\" \/>\n\t<meta name=\"twitter:data2\" content=\"3 minutos\" \/>\n<script type=\"application\/ld+json\" class=\"yoast-schema-graph\">{\"@context\":\"https:\\\/\\\/schema.org\",\"@graph\":[{\"@type\":\"Article\",\"@id\":\"https:\\\/\\\/encompaniastj.org\\\/pt-pt\\\/feliz-100-aniversario-maria\\\/#article\",\"isPartOf\":{\"@id\":\"https:\\\/\\\/encompaniastj.org\\\/pt-pt\\\/feliz-100-aniversario-maria\\\/\"},\"author\":{\"name\":\"admin\",\"@id\":\"https:\\\/\\\/encompaniastj.org\\\/pt-pt\\\/#\\\/schema\\\/person\\\/520e7ecc314793d40091993c2a02b651\"},\"headline\":\"Feliz 100 anivers\u00e1rio, Maria!\",\"datePublished\":\"2024-11-14T06:31:45+00:00\",\"dateModified\":\"2025-07-07T14:26:24+00:00\",\"mainEntityOfPage\":{\"@id\":\"https:\\\/\\\/encompaniastj.org\\\/pt-pt\\\/feliz-100-aniversario-maria\\\/\"},\"wordCount\":478,\"commentCount\":0,\"publisher\":{\"@id\":\"https:\\\/\\\/encompaniastj.org\\\/pt-pt\\\/#organization\"},\"image\":{\"@id\":\"https:\\\/\\\/encompaniastj.org\\\/pt-pt\\\/feliz-100-aniversario-maria\\\/#primaryimage\"},\"thumbnailUrl\":\"https:\\\/\\\/encompaniastj.org\\\/wp-content\\\/uploads\\\/2025\\\/05\\\/f4-6.jpg\",\"articleSection\":[\"Noticias\",\"Otras\",\"Outras\"],\"inLanguage\":\"pt-PT\",\"potentialAction\":[{\"@type\":\"CommentAction\",\"name\":\"Comment\",\"target\":[\"https:\\\/\\\/encompaniastj.org\\\/pt-pt\\\/feliz-100-aniversario-maria\\\/#respond\"]}]},{\"@type\":\"WebPage\",\"@id\":\"https:\\\/\\\/encompaniastj.org\\\/pt-pt\\\/feliz-100-aniversario-maria\\\/\",\"url\":\"https:\\\/\\\/encompaniastj.org\\\/pt-pt\\\/feliz-100-aniversario-maria\\\/\",\"name\":\"Feliz 100 anivers\u00e1rio, Maria! - En Compa\u00f1\u00eda STJ\",\"isPartOf\":{\"@id\":\"https:\\\/\\\/encompaniastj.org\\\/pt-pt\\\/#website\"},\"primaryImageOfPage\":{\"@id\":\"https:\\\/\\\/encompaniastj.org\\\/pt-pt\\\/feliz-100-aniversario-maria\\\/#primaryimage\"},\"image\":{\"@id\":\"https:\\\/\\\/encompaniastj.org\\\/pt-pt\\\/feliz-100-aniversario-maria\\\/#primaryimage\"},\"thumbnailUrl\":\"https:\\\/\\\/encompaniastj.org\\\/wp-content\\\/uploads\\\/2025\\\/05\\\/f4-6.jpg\",\"datePublished\":\"2024-11-14T06:31:45+00:00\",\"dateModified\":\"2025-07-07T14:26:24+00:00\",\"breadcrumb\":{\"@id\":\"https:\\\/\\\/encompaniastj.org\\\/pt-pt\\\/feliz-100-aniversario-maria\\\/#breadcrumb\"},\"inLanguage\":\"pt-PT\",\"potentialAction\":[{\"@type\":\"ReadAction\",\"target\":[\"https:\\\/\\\/encompaniastj.org\\\/pt-pt\\\/feliz-100-aniversario-maria\\\/\"]}]},{\"@type\":\"ImageObject\",\"inLanguage\":\"pt-PT\",\"@id\":\"https:\\\/\\\/encompaniastj.org\\\/pt-pt\\\/feliz-100-aniversario-maria\\\/#primaryimage\",\"url\":\"https:\\\/\\\/encompaniastj.org\\\/wp-content\\\/uploads\\\/2025\\\/05\\\/f4-6.jpg\",\"contentUrl\":\"https:\\\/\\\/encompaniastj.org\\\/wp-content\\\/uploads\\\/2025\\\/05\\\/f4-6.jpg\",\"width\":1536,\"height\":2048},{\"@type\":\"BreadcrumbList\",\"@id\":\"https:\\\/\\\/encompaniastj.org\\\/pt-pt\\\/feliz-100-aniversario-maria\\\/#breadcrumb\",\"itemListElement\":[{\"@type\":\"ListItem\",\"position\":1,\"name\":\"Portada\",\"item\":\"https:\\\/\\\/encompaniastj.org\\\/pt-pt\\\/\"},{\"@type\":\"ListItem\",\"position\":2,\"name\":\"Feliz 100 anivers\u00e1rio, Maria!\"}]},{\"@type\":\"WebSite\",\"@id\":\"https:\\\/\\\/encompaniastj.org\\\/pt-pt\\\/#website\",\"url\":\"https:\\\/\\\/encompaniastj.org\\\/pt-pt\\\/\",\"name\":\"En Compa\u00f1\u00eda STJ\",\"description\":\"Bolet\u00edn de la Compa\u00f1\u00eda de Santa Teresa de Jes\u00fas\",\"publisher\":{\"@id\":\"https:\\\/\\\/encompaniastj.org\\\/pt-pt\\\/#organization\"},\"potentialAction\":[{\"@type\":\"SearchAction\",\"target\":{\"@type\":\"EntryPoint\",\"urlTemplate\":\"https:\\\/\\\/encompaniastj.org\\\/pt-pt\\\/?s={search_term_string}\"},\"query-input\":{\"@type\":\"PropertyValueSpecification\",\"valueRequired\":true,\"valueName\":\"search_term_string\"}}],\"inLanguage\":\"pt-PT\"},{\"@type\":\"Organization\",\"@id\":\"https:\\\/\\\/encompaniastj.org\\\/pt-pt\\\/#organization\",\"name\":\"Compa\u00f1\u00eda de Santa Teresa de Jes\u00fas\",\"url\":\"https:\\\/\\\/encompaniastj.org\\\/pt-pt\\\/\",\"logo\":{\"@type\":\"ImageObject\",\"inLanguage\":\"pt-PT\",\"@id\":\"https:\\\/\\\/encompaniastj.org\\\/pt-pt\\\/#\\\/schema\\\/logo\\\/image\\\/\",\"url\":\"https:\\\/\\\/encompaniastj.org\\\/wp-content\\\/uploads\\\/2025\\\/04\\\/logo_provincias02-1-3.png\",\"contentUrl\":\"https:\\\/\\\/encompaniastj.org\\\/wp-content\\\/uploads\\\/2025\\\/04\\\/logo_provincias02-1-3.png\",\"width\":2368,\"height\":825,\"caption\":\"Compa\u00f1\u00eda de Santa Teresa de Jes\u00fas\"},\"image\":{\"@id\":\"https:\\\/\\\/encompaniastj.org\\\/pt-pt\\\/#\\\/schema\\\/logo\\\/image\\\/\"}},{\"@type\":\"Person\",\"@id\":\"https:\\\/\\\/encompaniastj.org\\\/pt-pt\\\/#\\\/schema\\\/person\\\/520e7ecc314793d40091993c2a02b651\",\"name\":\"admin\",\"image\":{\"@type\":\"ImageObject\",\"inLanguage\":\"pt-PT\",\"@id\":\"https:\\\/\\\/secure.gravatar.com\\\/avatar\\\/948b492cce32b586ac2db0eaa926ee87024f7afe218d73b397ea5ddfc5f43ea1?s=96&d=mm&r=g\",\"url\":\"https:\\\/\\\/secure.gravatar.com\\\/avatar\\\/948b492cce32b586ac2db0eaa926ee87024f7afe218d73b397ea5ddfc5f43ea1?s=96&d=mm&r=g\",\"contentUrl\":\"https:\\\/\\\/secure.gravatar.com\\\/avatar\\\/948b492cce32b586ac2db0eaa926ee87024f7afe218d73b397ea5ddfc5f43ea1?s=96&d=mm&r=g\",\"caption\":\"admin\"},\"sameAs\":[\"https:\\\/\\\/encompaniastj.org\"],\"url\":\"https:\\\/\\\/encompaniastj.org\\\/pt-pt\\\/author\\\/sjdigital\\\/\"}]}<\/script>\n<!-- \/ Yoast SEO plugin. -->","yoast_head_json":{"title":"Feliz 100 anivers\u00e1rio, Maria! - En Compa\u00f1\u00eda STJ","robots":{"index":"index","follow":"follow","max-snippet":"max-snippet:-1","max-image-preview":"max-image-preview:large","max-video-preview":"max-video-preview:-1"},"canonical":"https:\/\/encompaniastj.org\/pt-pt\/feliz-100-aniversario-maria\/","og_locale":"pt_PT","og_type":"article","og_title":"Feliz 100 anivers\u00e1rio, Maria! - En Compa\u00f1\u00eda STJ","og_description":"No dia 8 de novembro celebr\u00e1mos com grande solenidade solenidade o 100 anivers\u00e1rio da nossa irm\u00e3 Mar\u00eda Mar\u00eda Olaverri. A celebra\u00e7\u00e3o come\u00e7ou no dia anterior com a ora\u00e7\u00e3o das ora\u00e7\u00e3o [&hellip;]","og_url":"https:\/\/encompaniastj.org\/pt-pt\/feliz-100-aniversario-maria\/","og_site_name":"En Compa\u00f1\u00eda STJ","article_published_time":"2024-11-14T06:31:45+00:00","article_modified_time":"2025-07-07T14:26:24+00:00","og_image":[{"width":1536,"height":2048,"url":"https:\/\/encompaniastj.org\/wp-content\/uploads\/2025\/05\/f4-6.jpg","type":"image\/jpeg"}],"author":"admin","twitter_card":"summary_large_image","twitter_misc":{"Escrito por":"admin","Tempo estimado de leitura":"3 minutos"},"schema":{"@context":"https:\/\/schema.org","@graph":[{"@type":"Article","@id":"https:\/\/encompaniastj.org\/pt-pt\/feliz-100-aniversario-maria\/#article","isPartOf":{"@id":"https:\/\/encompaniastj.org\/pt-pt\/feliz-100-aniversario-maria\/"},"author":{"name":"admin","@id":"https:\/\/encompaniastj.org\/pt-pt\/#\/schema\/person\/520e7ecc314793d40091993c2a02b651"},"headline":"Feliz 100 anivers\u00e1rio, Maria!","datePublished":"2024-11-14T06:31:45+00:00","dateModified":"2025-07-07T14:26:24+00:00","mainEntityOfPage":{"@id":"https:\/\/encompaniastj.org\/pt-pt\/feliz-100-aniversario-maria\/"},"wordCount":478,"commentCount":0,"publisher":{"@id":"https:\/\/encompaniastj.org\/pt-pt\/#organization"},"image":{"@id":"https:\/\/encompaniastj.org\/pt-pt\/feliz-100-aniversario-maria\/#primaryimage"},"thumbnailUrl":"https:\/\/encompaniastj.org\/wp-content\/uploads\/2025\/05\/f4-6.jpg","articleSection":["Noticias","Otras","Outras"],"inLanguage":"pt-PT","potentialAction":[{"@type":"CommentAction","name":"Comment","target":["https:\/\/encompaniastj.org\/pt-pt\/feliz-100-aniversario-maria\/#respond"]}]},{"@type":"WebPage","@id":"https:\/\/encompaniastj.org\/pt-pt\/feliz-100-aniversario-maria\/","url":"https:\/\/encompaniastj.org\/pt-pt\/feliz-100-aniversario-maria\/","name":"Feliz 100 anivers\u00e1rio, Maria! - En Compa\u00f1\u00eda STJ","isPartOf":{"@id":"https:\/\/encompaniastj.org\/pt-pt\/#website"},"primaryImageOfPage":{"@id":"https:\/\/encompaniastj.org\/pt-pt\/feliz-100-aniversario-maria\/#primaryimage"},"image":{"@id":"https:\/\/encompaniastj.org\/pt-pt\/feliz-100-aniversario-maria\/#primaryimage"},"thumbnailUrl":"https:\/\/encompaniastj.org\/wp-content\/uploads\/2025\/05\/f4-6.jpg","datePublished":"2024-11-14T06:31:45+00:00","dateModified":"2025-07-07T14:26:24+00:00","breadcrumb":{"@id":"https:\/\/encompaniastj.org\/pt-pt\/feliz-100-aniversario-maria\/#breadcrumb"},"inLanguage":"pt-PT","potentialAction":[{"@type":"ReadAction","target":["https:\/\/encompaniastj.org\/pt-pt\/feliz-100-aniversario-maria\/"]}]},{"@type":"ImageObject","inLanguage":"pt-PT","@id":"https:\/\/encompaniastj.org\/pt-pt\/feliz-100-aniversario-maria\/#primaryimage","url":"https:\/\/encompaniastj.org\/wp-content\/uploads\/2025\/05\/f4-6.jpg","contentUrl":"https:\/\/encompaniastj.org\/wp-content\/uploads\/2025\/05\/f4-6.jpg","width":1536,"height":2048},{"@type":"BreadcrumbList","@id":"https:\/\/encompaniastj.org\/pt-pt\/feliz-100-aniversario-maria\/#breadcrumb","itemListElement":[{"@type":"ListItem","position":1,"name":"Portada","item":"https:\/\/encompaniastj.org\/pt-pt\/"},{"@type":"ListItem","position":2,"name":"Feliz 100 anivers\u00e1rio, Maria!"}]},{"@type":"WebSite","@id":"https:\/\/encompaniastj.org\/pt-pt\/#website","url":"https:\/\/encompaniastj.org\/pt-pt\/","name":"En Compa\u00f1\u00eda STJ","description":"Bolet\u00edn de la Compa\u00f1\u00eda de Santa Teresa de Jes\u00fas","publisher":{"@id":"https:\/\/encompaniastj.org\/pt-pt\/#organization"},"potentialAction":[{"@type":"SearchAction","target":{"@type":"EntryPoint","urlTemplate":"https:\/\/encompaniastj.org\/pt-pt\/?s={search_term_string}"},"query-input":{"@type":"PropertyValueSpecification","valueRequired":true,"valueName":"search_term_string"}}],"inLanguage":"pt-PT"},{"@type":"Organization","@id":"https:\/\/encompaniastj.org\/pt-pt\/#organization","name":"Compa\u00f1\u00eda de Santa Teresa de Jes\u00fas","url":"https:\/\/encompaniastj.org\/pt-pt\/","logo":{"@type":"ImageObject","inLanguage":"pt-PT","@id":"https:\/\/encompaniastj.org\/pt-pt\/#\/schema\/logo\/image\/","url":"https:\/\/encompaniastj.org\/wp-content\/uploads\/2025\/04\/logo_provincias02-1-3.png","contentUrl":"https:\/\/encompaniastj.org\/wp-content\/uploads\/2025\/04\/logo_provincias02-1-3.png","width":2368,"height":825,"caption":"Compa\u00f1\u00eda de Santa Teresa de Jes\u00fas"},"image":{"@id":"https:\/\/encompaniastj.org\/pt-pt\/#\/schema\/logo\/image\/"}},{"@type":"Person","@id":"https:\/\/encompaniastj.org\/pt-pt\/#\/schema\/person\/520e7ecc314793d40091993c2a02b651","name":"admin","image":{"@type":"ImageObject","inLanguage":"pt-PT","@id":"https:\/\/secure.gravatar.com\/avatar\/948b492cce32b586ac2db0eaa926ee87024f7afe218d73b397ea5ddfc5f43ea1?s=96&d=mm&r=g","url":"https:\/\/secure.gravatar.com\/avatar\/948b492cce32b586ac2db0eaa926ee87024f7afe218d73b397ea5ddfc5f43ea1?s=96&d=mm&r=g","contentUrl":"https:\/\/secure.gravatar.com\/avatar\/948b492cce32b586ac2db0eaa926ee87024f7afe218d73b397ea5ddfc5f43ea1?s=96&d=mm&r=g","caption":"admin"},"sameAs":["https:\/\/encompaniastj.org"],"url":"https:\/\/encompaniastj.org\/pt-pt\/author\/sjdigital\/"}]}},"_links":{"self":[{"href":"https:\/\/encompaniastj.org\/pt-pt\/wp-json\/wp\/v2\/posts\/12395","targetHints":{"allow":["GET"]}}],"collection":[{"href":"https:\/\/encompaniastj.org\/pt-pt\/wp-json\/wp\/v2\/posts"}],"about":[{"href":"https:\/\/encompaniastj.org\/pt-pt\/wp-json\/wp\/v2\/types\/post"}],"author":[{"embeddable":true,"href":"https:\/\/encompaniastj.org\/pt-pt\/wp-json\/wp\/v2\/users\/1"}],"replies":[{"embeddable":true,"href":"https:\/\/encompaniastj.org\/pt-pt\/wp-json\/wp\/v2\/comments?post=12395"}],"version-history":[{"count":1,"href":"https:\/\/encompaniastj.org\/pt-pt\/wp-json\/wp\/v2\/posts\/12395\/revisions"}],"predecessor-version":[{"id":12396,"href":"https:\/\/encompaniastj.org\/pt-pt\/wp-json\/wp\/v2\/posts\/12395\/revisions\/12396"}],"wp:featuredmedia":[{"embeddable":true,"href":"https:\/\/encompaniastj.org\/pt-pt\/wp-json\/wp\/v2\/media\/8899"}],"wp:attachment":[{"href":"https:\/\/encompaniastj.org\/pt-pt\/wp-json\/wp\/v2\/media?parent=12395"}],"wp:term":[{"taxonomy":"category","embeddable":true,"href":"https:\/\/encompaniastj.org\/pt-pt\/wp-json\/wp\/v2\/categories?post=12395"},{"taxonomy":"post_tag","embeddable":true,"href":"https:\/\/encompaniastj.org\/pt-pt\/wp-json\/wp\/v2\/tags?post=12395"}],"curies":[{"name":"wp","href":"https:\/\/api.w.org\/{rel}","templated":true}]}}