{"id":12391,"date":"2024-11-11T14:16:06","date_gmt":"2024-11-11T13:16:06","guid":{"rendered":"https:\/\/encompaniastj.org\/terceiro-encontro-dos-hospitais-de-campanha-das-igrejas-em-roma\/"},"modified":"2025-07-07T16:26:23","modified_gmt":"2025-07-07T14:26:23","slug":"terceiro-encontro-dos-hospitais-de-campanha-das-igrejas-em-roma","status":"publish","type":"post","link":"https:\/\/encompaniastj.org\/pt-pt\/terceiro-encontro-dos-hospitais-de-campanha-das-igrejas-em-roma\/","title":{"rendered":"Terceiro encontro dos \u201cHospitais de campanha das Igrejas\u201d em Roma"},"content":{"rendered":"<p>De 3 a 6 de novembro, cerca de 50 pessoas dos hospitais de campanha de Manresa, Barcelona, Madrid e Am\u00e3 (Jord\u00e2nia) reuniram-se em Roma para falar sobre \u201cA Igreja sinodal e os hospitais de campanha ao servi\u00e7o da humanidade\u201d.A Igreja sinodal e os hospitais de campanha ao servi\u00e7o da humanidade\u201d. A igreja convertida em hospital de campanha para acolher os mais necessitados foi uma iniciativa do Papa Francisco no in\u00edcio do seu pontificado e que foi retomada pela Associa\u00e7\u00e3o Mensajeros de la Paz, criada pelo Padre \u00c1ngel B\u00e1rbara. Esta iniciativa j\u00e1 se estendeu a v\u00e1rios pa\u00edses do mundo. Da igreja de Santa Anna, em Barcelona, participaram 23 pessoas, em representa\u00e7\u00e3o de todos os que colaboram no acolhimento di\u00e1rio de 200 sem-abrigo na cidade de Barcelona.<\/p>\n<p>O ponto alto destes dias foi a audi\u00eancia que tivemos com o Papa Francisco. Este encontro foi muito comovente para todos n\u00f3s. O Papa foi muito pr\u00f3ximo e cativante. Recebemo-lo com uma can\u00e7\u00e3o que tinha sido composta para esse momento e que dizia: \u201cFrancisco adelante, t\u00fa sigue adelante&#8230;\u201d, com a qual o Papa se riu agradecido pediu-nos: \u201crezem por mim, mas pelo melhor\u201d.<\/p>\n<p>O Papa Francisco indicou-nos com veem\u00eancia os tr\u00eas princ\u00edpios para que as igrejas sejam como um hospital de campanha, que s\u00e3o \u201canunciar Cristo acolhendo\u201d, \u201creparar as desigualdades\u201d denunciando situa\u00e7\u00f5es injustas e \u201csemear a esperan\u00e7a\u201d. Insistiu especialmente neste \u00faltimo aspeto, uma vez que as pessoas mais vulner\u00e1veis precisam de esperan\u00e7a para seguir em frente e n\u00e3o se deixarem abater pela sua situa\u00e7\u00e3o.<\/p>\n<p>Falou-nos do privil\u00e9gio de acolher os vulner\u00e1veis, porque eles s\u00e3o a carne e o rosto de Cristo e, portanto, a de Cristo e, por isso, o an\u00fancio do Evangelho deve concretizar-se no compromisso com os mais necessitados.<\/p>\n<p>Depois, tivemos o dom de o poder cumprimentar pessoalmente. Quando chegou a minha vez, disse-lhe que as Irm\u00e3s Teresianas de Osso estavam a rezar por ele e pelo bem e agradecemos-lhe por tudo o que estava a fazer pela Igreja e pelo mundo.<\/p>\n<p>Para al\u00e9m do encontro com o Papa, tivemos confer\u00eancias com representantes de diferentes Dicast\u00e9rios e Comiss\u00f5es Pontif\u00edcias. Eles ofereceram-nos uma vis\u00e3o muito interessante e empenhada do trabalho com os exclu\u00eddos: o modo de difundir a esperan\u00e7a evang\u00e9lica aos mais vulner\u00e1veis, sabendo que n\u00f3s, que estamos na linha da frente do acolhimento, n\u00e3o podemos deixar de suportar o sofrimento avassalador das pessoas que acolhemos, pelo que a esperan\u00e7a crist\u00e3 deve inevitavelmente ser alimentada pela confian\u00e7a evang\u00e9lica; os novos par\u00e2metros do impacto evang\u00e9lico para lutar contra as desigualdades, e a diferen\u00e7a no modo de acolher nas entidades eclesiais em rela\u00e7\u00e3o a outras entidades: derramar \u201cpequenos pormenores de amor\u201d (Exort. Gaudete et exsultate, 145): \u201csaber parar, aproximar-se, dar um pouco de aten\u00e7\u00e3o, um sorriso, uma car\u00edcia, uma palavra de conforto\u201d.<\/p>\n<p>Posso dizer que foi um encontro verdadeiramente inspirador e motivador para a nossa dedica\u00e7\u00e3o aos mais exclu\u00eddos.<\/p>\n<p>Links:<\/p>\n<p><a href=\"https:\/\/www.religiondigital.org\/el_papa_de_la_primavera\/Francisco-bendice-proyectos-hospitales-campana-padre-angel-peio-lucia-caram-san-anton-barcelona-solidaridad-pobres-vulnerables_0_2721927782.html\" target=\"_blank\" rel=\"noopener\">\u00a0Religi\u00f3n Digital<\/a><\/p>\n<p><a href=\"https:\/\/www.vaticannews.va\/es\/papa\/news\/2024-11\/papa-sembrar-esperanza-entre-refugiados-migrantes-victimas-guerr.html\">Vatican News<\/a><\/p>\n<p><img loading=\"lazy\" decoding=\"async\" class=\"aligncenter wp-image-13968 size-large\" src=\"https:\/\/encompaniastj.org\/wp-content\/uploads\/2025\/05\/PHOTO-2024-11-06-14-49-22.jpg\" alt=\"\" width=\"1024\" height=\"682\" \/><\/p>\n<p><img loading=\"lazy\" decoding=\"async\" class=\"aligncenter wp-image-13972 size-full\" src=\"https:\/\/encompaniastj.org\/wp-content\/uploads\/2025\/05\/PHOTO-2024-11-06-14-49-53.jpg\" alt=\"\" width=\"500\" height=\"281\" \/><\/p>\n","protected":false},"excerpt":{"rendered":"<p>De 3 a 6 de novembro, cerca de 50 pessoas dos hospitais de campanha de Manresa, Barcelona, Madrid e Am\u00e3 (Jord\u00e2nia) reuniram-se em Roma para falar sobre \u201cA Igreja sinodal [&hellip;]<\/p>\n","protected":false},"author":1,"featured_media":8896,"comment_status":"open","ping_status":"open","sticky":false,"template":"","format":"standard","meta":{"_acf_changed":false,"footnotes":""},"categories":[76,74,61],"tags":[],"class_list":["post-12391","post","type-post","status-publish","format-standard","has-post-thumbnail","hentry","category-acao-social","category-accion-social","category-noticias"],"acf":[],"yoast_head":"<!-- This site is optimized with the Yoast SEO plugin v27.5 - https:\/\/yoast.com\/product\/yoast-seo-wordpress\/ -->\n<title>Terceiro encontro dos \u201cHospitais de campanha das Igrejas\u201d em Roma - En Compa\u00f1\u00eda STJ<\/title>\n<meta name=\"robots\" content=\"index, follow, max-snippet:-1, max-image-preview:large, max-video-preview:-1\" \/>\n<link rel=\"canonical\" href=\"https:\/\/encompaniastj.org\/pt-pt\/terceiro-encontro-dos-hospitais-de-campanha-das-igrejas-em-roma\/\" \/>\n<meta property=\"og:locale\" content=\"pt_PT\" \/>\n<meta property=\"og:type\" content=\"article\" \/>\n<meta property=\"og:title\" content=\"Terceiro encontro dos \u201cHospitais de campanha das Igrejas\u201d em Roma - En Compa\u00f1\u00eda STJ\" \/>\n<meta property=\"og:description\" content=\"De 3 a 6 de novembro, cerca de 50 pessoas dos hospitais de campanha de Manresa, Barcelona, Madrid e Am\u00e3 (Jord\u00e2nia) reuniram-se em Roma para falar sobre \u201cA Igreja sinodal [&hellip;]\" \/>\n<meta property=\"og:url\" content=\"https:\/\/encompaniastj.org\/pt-pt\/terceiro-encontro-dos-hospitais-de-campanha-das-igrejas-em-roma\/\" \/>\n<meta property=\"og:site_name\" content=\"En Compa\u00f1\u00eda STJ\" \/>\n<meta property=\"article:published_time\" content=\"2024-11-11T13:16:06+00:00\" \/>\n<meta property=\"article:modified_time\" content=\"2025-07-07T14:26:23+00:00\" \/>\n<meta property=\"og:image\" content=\"https:\/\/encompaniastj.org\/wp-content\/uploads\/2025\/05\/PHOTO-2024-11-06-14-49-25.jpg\" \/>\n\t<meta property=\"og:image:width\" content=\"1600\" \/>\n\t<meta property=\"og:image:height\" content=\"856\" \/>\n\t<meta property=\"og:image:type\" content=\"image\/jpeg\" \/>\n<meta name=\"author\" content=\"admin\" \/>\n<meta name=\"twitter:card\" content=\"summary_large_image\" \/>\n<meta name=\"twitter:label1\" content=\"Escrito por\" \/>\n\t<meta name=\"twitter:data1\" content=\"admin\" \/>\n\t<meta name=\"twitter:label2\" content=\"Tempo estimado de leitura\" \/>\n\t<meta name=\"twitter:data2\" content=\"3 minutos\" \/>\n<script type=\"application\/ld+json\" class=\"yoast-schema-graph\">{\"@context\":\"https:\\\/\\\/schema.org\",\"@graph\":[{\"@type\":\"Article\",\"@id\":\"https:\\\/\\\/encompaniastj.org\\\/pt-pt\\\/terceiro-encontro-dos-hospitais-de-campanha-das-igrejas-em-roma\\\/#article\",\"isPartOf\":{\"@id\":\"https:\\\/\\\/encompaniastj.org\\\/pt-pt\\\/terceiro-encontro-dos-hospitais-de-campanha-das-igrejas-em-roma\\\/\"},\"author\":{\"name\":\"admin\",\"@id\":\"https:\\\/\\\/encompaniastj.org\\\/pt-pt\\\/#\\\/schema\\\/person\\\/520e7ecc314793d40091993c2a02b651\"},\"headline\":\"Terceiro encontro dos \u201cHospitais de campanha das Igrejas\u201d em Roma\",\"datePublished\":\"2024-11-11T13:16:06+00:00\",\"dateModified\":\"2025-07-07T14:26:23+00:00\",\"mainEntityOfPage\":{\"@id\":\"https:\\\/\\\/encompaniastj.org\\\/pt-pt\\\/terceiro-encontro-dos-hospitais-de-campanha-das-igrejas-em-roma\\\/\"},\"wordCount\":536,\"commentCount\":0,\"publisher\":{\"@id\":\"https:\\\/\\\/encompaniastj.org\\\/pt-pt\\\/#organization\"},\"image\":{\"@id\":\"https:\\\/\\\/encompaniastj.org\\\/pt-pt\\\/terceiro-encontro-dos-hospitais-de-campanha-das-igrejas-em-roma\\\/#primaryimage\"},\"thumbnailUrl\":\"https:\\\/\\\/encompaniastj.org\\\/wp-content\\\/uploads\\\/2025\\\/05\\\/PHOTO-2024-11-06-14-49-25.jpg\",\"articleSection\":[\"A\u00e7\u00e3o Social\",\"Acci\u00f3n Social\",\"Noticias\"],\"inLanguage\":\"pt-PT\",\"potentialAction\":[{\"@type\":\"CommentAction\",\"name\":\"Comment\",\"target\":[\"https:\\\/\\\/encompaniastj.org\\\/pt-pt\\\/terceiro-encontro-dos-hospitais-de-campanha-das-igrejas-em-roma\\\/#respond\"]}]},{\"@type\":\"WebPage\",\"@id\":\"https:\\\/\\\/encompaniastj.org\\\/pt-pt\\\/terceiro-encontro-dos-hospitais-de-campanha-das-igrejas-em-roma\\\/\",\"url\":\"https:\\\/\\\/encompaniastj.org\\\/pt-pt\\\/terceiro-encontro-dos-hospitais-de-campanha-das-igrejas-em-roma\\\/\",\"name\":\"Terceiro encontro dos \u201cHospitais de campanha das Igrejas\u201d em Roma - En Compa\u00f1\u00eda STJ\",\"isPartOf\":{\"@id\":\"https:\\\/\\\/encompaniastj.org\\\/pt-pt\\\/#website\"},\"primaryImageOfPage\":{\"@id\":\"https:\\\/\\\/encompaniastj.org\\\/pt-pt\\\/terceiro-encontro-dos-hospitais-de-campanha-das-igrejas-em-roma\\\/#primaryimage\"},\"image\":{\"@id\":\"https:\\\/\\\/encompaniastj.org\\\/pt-pt\\\/terceiro-encontro-dos-hospitais-de-campanha-das-igrejas-em-roma\\\/#primaryimage\"},\"thumbnailUrl\":\"https:\\\/\\\/encompaniastj.org\\\/wp-content\\\/uploads\\\/2025\\\/05\\\/PHOTO-2024-11-06-14-49-25.jpg\",\"datePublished\":\"2024-11-11T13:16:06+00:00\",\"dateModified\":\"2025-07-07T14:26:23+00:00\",\"breadcrumb\":{\"@id\":\"https:\\\/\\\/encompaniastj.org\\\/pt-pt\\\/terceiro-encontro-dos-hospitais-de-campanha-das-igrejas-em-roma\\\/#breadcrumb\"},\"inLanguage\":\"pt-PT\",\"potentialAction\":[{\"@type\":\"ReadAction\",\"target\":[\"https:\\\/\\\/encompaniastj.org\\\/pt-pt\\\/terceiro-encontro-dos-hospitais-de-campanha-das-igrejas-em-roma\\\/\"]}]},{\"@type\":\"ImageObject\",\"inLanguage\":\"pt-PT\",\"@id\":\"https:\\\/\\\/encompaniastj.org\\\/pt-pt\\\/terceiro-encontro-dos-hospitais-de-campanha-das-igrejas-em-roma\\\/#primaryimage\",\"url\":\"https:\\\/\\\/encompaniastj.org\\\/wp-content\\\/uploads\\\/2025\\\/05\\\/PHOTO-2024-11-06-14-49-25.jpg\",\"contentUrl\":\"https:\\\/\\\/encompaniastj.org\\\/wp-content\\\/uploads\\\/2025\\\/05\\\/PHOTO-2024-11-06-14-49-25.jpg\",\"width\":1600,\"height\":856},{\"@type\":\"BreadcrumbList\",\"@id\":\"https:\\\/\\\/encompaniastj.org\\\/pt-pt\\\/terceiro-encontro-dos-hospitais-de-campanha-das-igrejas-em-roma\\\/#breadcrumb\",\"itemListElement\":[{\"@type\":\"ListItem\",\"position\":1,\"name\":\"Portada\",\"item\":\"https:\\\/\\\/encompaniastj.org\\\/pt-pt\\\/\"},{\"@type\":\"ListItem\",\"position\":2,\"name\":\"Terceiro encontro dos \u201cHospitais de campanha das Igrejas\u201d em Roma\"}]},{\"@type\":\"WebSite\",\"@id\":\"https:\\\/\\\/encompaniastj.org\\\/pt-pt\\\/#website\",\"url\":\"https:\\\/\\\/encompaniastj.org\\\/pt-pt\\\/\",\"name\":\"En Compa\u00f1\u00eda STJ\",\"description\":\"Bolet\u00edn de la Compa\u00f1\u00eda de Santa Teresa de Jes\u00fas\",\"publisher\":{\"@id\":\"https:\\\/\\\/encompaniastj.org\\\/pt-pt\\\/#organization\"},\"potentialAction\":[{\"@type\":\"SearchAction\",\"target\":{\"@type\":\"EntryPoint\",\"urlTemplate\":\"https:\\\/\\\/encompaniastj.org\\\/pt-pt\\\/?s={search_term_string}\"},\"query-input\":{\"@type\":\"PropertyValueSpecification\",\"valueRequired\":true,\"valueName\":\"search_term_string\"}}],\"inLanguage\":\"pt-PT\"},{\"@type\":\"Organization\",\"@id\":\"https:\\\/\\\/encompaniastj.org\\\/pt-pt\\\/#organization\",\"name\":\"Compa\u00f1\u00eda de Santa Teresa de Jes\u00fas\",\"url\":\"https:\\\/\\\/encompaniastj.org\\\/pt-pt\\\/\",\"logo\":{\"@type\":\"ImageObject\",\"inLanguage\":\"pt-PT\",\"@id\":\"https:\\\/\\\/encompaniastj.org\\\/pt-pt\\\/#\\\/schema\\\/logo\\\/image\\\/\",\"url\":\"https:\\\/\\\/encompaniastj.org\\\/wp-content\\\/uploads\\\/2025\\\/04\\\/logo_provincias02-1-3.png\",\"contentUrl\":\"https:\\\/\\\/encompaniastj.org\\\/wp-content\\\/uploads\\\/2025\\\/04\\\/logo_provincias02-1-3.png\",\"width\":2368,\"height\":825,\"caption\":\"Compa\u00f1\u00eda de Santa Teresa de Jes\u00fas\"},\"image\":{\"@id\":\"https:\\\/\\\/encompaniastj.org\\\/pt-pt\\\/#\\\/schema\\\/logo\\\/image\\\/\"}},{\"@type\":\"Person\",\"@id\":\"https:\\\/\\\/encompaniastj.org\\\/pt-pt\\\/#\\\/schema\\\/person\\\/520e7ecc314793d40091993c2a02b651\",\"name\":\"admin\",\"image\":{\"@type\":\"ImageObject\",\"inLanguage\":\"pt-PT\",\"@id\":\"https:\\\/\\\/secure.gravatar.com\\\/avatar\\\/948b492cce32b586ac2db0eaa926ee87024f7afe218d73b397ea5ddfc5f43ea1?s=96&d=mm&r=g\",\"url\":\"https:\\\/\\\/secure.gravatar.com\\\/avatar\\\/948b492cce32b586ac2db0eaa926ee87024f7afe218d73b397ea5ddfc5f43ea1?s=96&d=mm&r=g\",\"contentUrl\":\"https:\\\/\\\/secure.gravatar.com\\\/avatar\\\/948b492cce32b586ac2db0eaa926ee87024f7afe218d73b397ea5ddfc5f43ea1?s=96&d=mm&r=g\",\"caption\":\"admin\"},\"sameAs\":[\"https:\\\/\\\/encompaniastj.org\"],\"url\":\"https:\\\/\\\/encompaniastj.org\\\/pt-pt\\\/author\\\/sjdigital\\\/\"}]}<\/script>\n<!-- \/ Yoast SEO plugin. -->","yoast_head_json":{"title":"Terceiro encontro dos \u201cHospitais de campanha das Igrejas\u201d em Roma - En Compa\u00f1\u00eda STJ","robots":{"index":"index","follow":"follow","max-snippet":"max-snippet:-1","max-image-preview":"max-image-preview:large","max-video-preview":"max-video-preview:-1"},"canonical":"https:\/\/encompaniastj.org\/pt-pt\/terceiro-encontro-dos-hospitais-de-campanha-das-igrejas-em-roma\/","og_locale":"pt_PT","og_type":"article","og_title":"Terceiro encontro dos \u201cHospitais de campanha das Igrejas\u201d em Roma - En Compa\u00f1\u00eda STJ","og_description":"De 3 a 6 de novembro, cerca de 50 pessoas dos hospitais de campanha de Manresa, Barcelona, Madrid e Am\u00e3 (Jord\u00e2nia) reuniram-se em Roma para falar sobre \u201cA Igreja sinodal [&hellip;]","og_url":"https:\/\/encompaniastj.org\/pt-pt\/terceiro-encontro-dos-hospitais-de-campanha-das-igrejas-em-roma\/","og_site_name":"En Compa\u00f1\u00eda STJ","article_published_time":"2024-11-11T13:16:06+00:00","article_modified_time":"2025-07-07T14:26:23+00:00","og_image":[{"width":1600,"height":856,"url":"https:\/\/encompaniastj.org\/wp-content\/uploads\/2025\/05\/PHOTO-2024-11-06-14-49-25.jpg","type":"image\/jpeg"}],"author":"admin","twitter_card":"summary_large_image","twitter_misc":{"Escrito por":"admin","Tempo estimado de leitura":"3 minutos"},"schema":{"@context":"https:\/\/schema.org","@graph":[{"@type":"Article","@id":"https:\/\/encompaniastj.org\/pt-pt\/terceiro-encontro-dos-hospitais-de-campanha-das-igrejas-em-roma\/#article","isPartOf":{"@id":"https:\/\/encompaniastj.org\/pt-pt\/terceiro-encontro-dos-hospitais-de-campanha-das-igrejas-em-roma\/"},"author":{"name":"admin","@id":"https:\/\/encompaniastj.org\/pt-pt\/#\/schema\/person\/520e7ecc314793d40091993c2a02b651"},"headline":"Terceiro encontro dos \u201cHospitais de campanha das Igrejas\u201d em Roma","datePublished":"2024-11-11T13:16:06+00:00","dateModified":"2025-07-07T14:26:23+00:00","mainEntityOfPage":{"@id":"https:\/\/encompaniastj.org\/pt-pt\/terceiro-encontro-dos-hospitais-de-campanha-das-igrejas-em-roma\/"},"wordCount":536,"commentCount":0,"publisher":{"@id":"https:\/\/encompaniastj.org\/pt-pt\/#organization"},"image":{"@id":"https:\/\/encompaniastj.org\/pt-pt\/terceiro-encontro-dos-hospitais-de-campanha-das-igrejas-em-roma\/#primaryimage"},"thumbnailUrl":"https:\/\/encompaniastj.org\/wp-content\/uploads\/2025\/05\/PHOTO-2024-11-06-14-49-25.jpg","articleSection":["A\u00e7\u00e3o Social","Acci\u00f3n Social","Noticias"],"inLanguage":"pt-PT","potentialAction":[{"@type":"CommentAction","name":"Comment","target":["https:\/\/encompaniastj.org\/pt-pt\/terceiro-encontro-dos-hospitais-de-campanha-das-igrejas-em-roma\/#respond"]}]},{"@type":"WebPage","@id":"https:\/\/encompaniastj.org\/pt-pt\/terceiro-encontro-dos-hospitais-de-campanha-das-igrejas-em-roma\/","url":"https:\/\/encompaniastj.org\/pt-pt\/terceiro-encontro-dos-hospitais-de-campanha-das-igrejas-em-roma\/","name":"Terceiro encontro dos \u201cHospitais de campanha das Igrejas\u201d em Roma - En Compa\u00f1\u00eda STJ","isPartOf":{"@id":"https:\/\/encompaniastj.org\/pt-pt\/#website"},"primaryImageOfPage":{"@id":"https:\/\/encompaniastj.org\/pt-pt\/terceiro-encontro-dos-hospitais-de-campanha-das-igrejas-em-roma\/#primaryimage"},"image":{"@id":"https:\/\/encompaniastj.org\/pt-pt\/terceiro-encontro-dos-hospitais-de-campanha-das-igrejas-em-roma\/#primaryimage"},"thumbnailUrl":"https:\/\/encompaniastj.org\/wp-content\/uploads\/2025\/05\/PHOTO-2024-11-06-14-49-25.jpg","datePublished":"2024-11-11T13:16:06+00:00","dateModified":"2025-07-07T14:26:23+00:00","breadcrumb":{"@id":"https:\/\/encompaniastj.org\/pt-pt\/terceiro-encontro-dos-hospitais-de-campanha-das-igrejas-em-roma\/#breadcrumb"},"inLanguage":"pt-PT","potentialAction":[{"@type":"ReadAction","target":["https:\/\/encompaniastj.org\/pt-pt\/terceiro-encontro-dos-hospitais-de-campanha-das-igrejas-em-roma\/"]}]},{"@type":"ImageObject","inLanguage":"pt-PT","@id":"https:\/\/encompaniastj.org\/pt-pt\/terceiro-encontro-dos-hospitais-de-campanha-das-igrejas-em-roma\/#primaryimage","url":"https:\/\/encompaniastj.org\/wp-content\/uploads\/2025\/05\/PHOTO-2024-11-06-14-49-25.jpg","contentUrl":"https:\/\/encompaniastj.org\/wp-content\/uploads\/2025\/05\/PHOTO-2024-11-06-14-49-25.jpg","width":1600,"height":856},{"@type":"BreadcrumbList","@id":"https:\/\/encompaniastj.org\/pt-pt\/terceiro-encontro-dos-hospitais-de-campanha-das-igrejas-em-roma\/#breadcrumb","itemListElement":[{"@type":"ListItem","position":1,"name":"Portada","item":"https:\/\/encompaniastj.org\/pt-pt\/"},{"@type":"ListItem","position":2,"name":"Terceiro encontro dos \u201cHospitais de campanha das Igrejas\u201d em Roma"}]},{"@type":"WebSite","@id":"https:\/\/encompaniastj.org\/pt-pt\/#website","url":"https:\/\/encompaniastj.org\/pt-pt\/","name":"En Compa\u00f1\u00eda STJ","description":"Bolet\u00edn de la Compa\u00f1\u00eda de Santa Teresa de Jes\u00fas","publisher":{"@id":"https:\/\/encompaniastj.org\/pt-pt\/#organization"},"potentialAction":[{"@type":"SearchAction","target":{"@type":"EntryPoint","urlTemplate":"https:\/\/encompaniastj.org\/pt-pt\/?s={search_term_string}"},"query-input":{"@type":"PropertyValueSpecification","valueRequired":true,"valueName":"search_term_string"}}],"inLanguage":"pt-PT"},{"@type":"Organization","@id":"https:\/\/encompaniastj.org\/pt-pt\/#organization","name":"Compa\u00f1\u00eda de Santa Teresa de Jes\u00fas","url":"https:\/\/encompaniastj.org\/pt-pt\/","logo":{"@type":"ImageObject","inLanguage":"pt-PT","@id":"https:\/\/encompaniastj.org\/pt-pt\/#\/schema\/logo\/image\/","url":"https:\/\/encompaniastj.org\/wp-content\/uploads\/2025\/04\/logo_provincias02-1-3.png","contentUrl":"https:\/\/encompaniastj.org\/wp-content\/uploads\/2025\/04\/logo_provincias02-1-3.png","width":2368,"height":825,"caption":"Compa\u00f1\u00eda de Santa Teresa de Jes\u00fas"},"image":{"@id":"https:\/\/encompaniastj.org\/pt-pt\/#\/schema\/logo\/image\/"}},{"@type":"Person","@id":"https:\/\/encompaniastj.org\/pt-pt\/#\/schema\/person\/520e7ecc314793d40091993c2a02b651","name":"admin","image":{"@type":"ImageObject","inLanguage":"pt-PT","@id":"https:\/\/secure.gravatar.com\/avatar\/948b492cce32b586ac2db0eaa926ee87024f7afe218d73b397ea5ddfc5f43ea1?s=96&d=mm&r=g","url":"https:\/\/secure.gravatar.com\/avatar\/948b492cce32b586ac2db0eaa926ee87024f7afe218d73b397ea5ddfc5f43ea1?s=96&d=mm&r=g","contentUrl":"https:\/\/secure.gravatar.com\/avatar\/948b492cce32b586ac2db0eaa926ee87024f7afe218d73b397ea5ddfc5f43ea1?s=96&d=mm&r=g","caption":"admin"},"sameAs":["https:\/\/encompaniastj.org"],"url":"https:\/\/encompaniastj.org\/pt-pt\/author\/sjdigital\/"}]}},"_links":{"self":[{"href":"https:\/\/encompaniastj.org\/pt-pt\/wp-json\/wp\/v2\/posts\/12391","targetHints":{"allow":["GET"]}}],"collection":[{"href":"https:\/\/encompaniastj.org\/pt-pt\/wp-json\/wp\/v2\/posts"}],"about":[{"href":"https:\/\/encompaniastj.org\/pt-pt\/wp-json\/wp\/v2\/types\/post"}],"author":[{"embeddable":true,"href":"https:\/\/encompaniastj.org\/pt-pt\/wp-json\/wp\/v2\/users\/1"}],"replies":[{"embeddable":true,"href":"https:\/\/encompaniastj.org\/pt-pt\/wp-json\/wp\/v2\/comments?post=12391"}],"version-history":[{"count":1,"href":"https:\/\/encompaniastj.org\/pt-pt\/wp-json\/wp\/v2\/posts\/12391\/revisions"}],"predecessor-version":[{"id":12392,"href":"https:\/\/encompaniastj.org\/pt-pt\/wp-json\/wp\/v2\/posts\/12391\/revisions\/12392"}],"wp:featuredmedia":[{"embeddable":true,"href":"https:\/\/encompaniastj.org\/pt-pt\/wp-json\/wp\/v2\/media\/8896"}],"wp:attachment":[{"href":"https:\/\/encompaniastj.org\/pt-pt\/wp-json\/wp\/v2\/media?parent=12391"}],"wp:term":[{"taxonomy":"category","embeddable":true,"href":"https:\/\/encompaniastj.org\/pt-pt\/wp-json\/wp\/v2\/categories?post=12391"},{"taxonomy":"post_tag","embeddable":true,"href":"https:\/\/encompaniastj.org\/pt-pt\/wp-json\/wp\/v2\/tags?post=12391"}],"curies":[{"name":"wp","href":"https:\/\/api.w.org\/{rel}","templated":true}]}}