{"id":12367,"date":"2024-11-04T09:30:49","date_gmt":"2024-11-04T08:30:49","guid":{"rendered":"https:\/\/encompaniastj.org\/encontros-de-areas-para-a-planificacao-provincial\/"},"modified":"2025-07-07T16:26:18","modified_gmt":"2025-07-07T14:26:18","slug":"encontros-de-areas-para-a-planificacao-provincial","status":"publish","type":"post","link":"https:\/\/encompaniastj.org\/pt-pt\/encontros-de-areas-para-a-planificacao-provincial\/","title":{"rendered":"Encontros de \u00e1reas para a Planifica\u00e7\u00e3o provincial"},"content":{"rendered":"<p>Nos dias 16 e 30 de setembro e 7 e 28 de outubro, muitas pessoas da Fam\u00edlia Teresiana participaram na quarta fase do processo de planifica\u00e7\u00e3o estrat\u00e9gica para estes quatro anos que estamos a levar a cabo desde o m\u00eas de mar\u00e7o.<\/p>\n<p>Esta fase, j\u00e1 a \u00faltima, para se concentrar na reflex\u00e3o sobre as ac\u00e7\u00f5es E para responder a partir de cada \u00e1rea \u00e0s linhas de a\u00e7\u00e3o e metas do Cap\u00edtulo Geral, foi um presente de participa\u00e7\u00e3o e envolvimento de muitas pessoas. Ao mesmo tempo, foi tamb\u00e9m uma confirma\u00e7\u00e3o, mais uma vez, da riqueza de caminharmos juntos neste caminho sinodal que estamos a tecer. Conhecemo-nos um pouco melhor, ouvimo-nos um pouco mais devagar, pens\u00e1mos juntos e cheg\u00e1mos a acordo sobre as prioridades e os desafios que queremos enfrentar no futuro pr\u00f3ximo.<\/p>\n<p>O trabalho e a resposta generosa de todos permitir-nos-\u00e3o enfrentar os desafios de continuar a ser boa nova teresiana no meio do nosso mundo europeu t\u00e3o necessitado de um pouco de luz.<\/p>\n<p>Embora o nosso trabalho nas reuni\u00f5es seja muito importante, pensamos que o mais importante foi o encontro de todos n\u00f3s que trabalhamos nas diferentes \u00e1reas da miss\u00e3o da Prov\u00edncia da Europa, irm\u00e3s e leigos, e os fios que fomos tecendo para continuar a acompanhar-nos uns aos outros ao longo do caminho. Obrigada a cada uma pelo esfor\u00e7o, generosidade e disponibilidade para esta busca partilhada que agora colocamos nas m\u00e3os do Esp\u00edrito e que dar\u00e1 grandes frutos, daqueles que nascem e florescem pouco a pouco, mas que tocam e transformam muitos cora\u00e7\u00f5es para sempre.<\/p>\n<p>A nossa tarefa \u00e9 semear, diz-nos Jesus, tendo em conta os nossos limites. O fruto depende do dono da colheita e sabemos que ele sempre nos ultrapassa e supera. Obrigado a todos n\u00f3s que acompanh\u00e1mos o processo capitular desde os trabalhos preparat\u00f3rios at\u00e9 \u00e0s \u00faltimas concretiza\u00e7\u00f5es, porque estamos a tornar realidade na Europa esta nova consci\u00eancia da nossa identidade comunit\u00e1ria, de estar com os outros e de colaborar com todos aqueles que querem construir o bem comum. Estes encontros e toda a sua riqueza s\u00e3o j\u00e1 o primeiro fruto do nosso caminho na sinodalidade. Obrigada por tornarem isto poss\u00edvel. (F\u00e1tima Gil stj)<\/p>\n<p><img loading=\"lazy\" decoding=\"async\" class=\"aligncenter wp-image-13899 size-large\" src=\"https:\/\/encompaniastj.org\/wp-content\/uploads\/2025\/05\/Escuela-01.png\" alt=\"\" width=\"1024\" height=\"554\" \/><\/p>\n<p><img loading=\"lazy\" decoding=\"async\" class=\"aligncenter wp-image-13897 size-large\" src=\"https:\/\/encompaniastj.org\/wp-content\/uploads\/2025\/05\/encaccparro2.png\" alt=\"\" width=\"1024\" height=\"592\" \/><\/p>\n","protected":false},"excerpt":{"rendered":"<p>Nos dias 16 e 30 de setembro e 7 e 28 de outubro, muitas pessoas da Fam\u00edlia Teresiana participaram na quarta fase do processo de planifica\u00e7\u00e3o estrat\u00e9gica para estes quatro [&hellip;]<\/p>\n","protected":false},"author":1,"featured_media":8879,"comment_status":"open","ping_status":"open","sticky":false,"template":"","format":"standard","meta":{"_acf_changed":false,"footnotes":""},"categories":[79,81],"tags":[],"class_list":["post-12367","post","type-post","status-publish","format-standard","has-post-thumbnail","hentry","category-stj","category-stj-pt"],"acf":[],"yoast_head":"<!-- This site is optimized with the Yoast SEO plugin v27.5 - https:\/\/yoast.com\/product\/yoast-seo-wordpress\/ -->\n<title>Encontros de \u00e1reas para a Planifica\u00e7\u00e3o provincial - En Compa\u00f1\u00eda STJ<\/title>\n<meta name=\"robots\" content=\"index, follow, max-snippet:-1, max-image-preview:large, max-video-preview:-1\" \/>\n<link rel=\"canonical\" href=\"https:\/\/encompaniastj.org\/pt-pt\/encontros-de-areas-para-a-planificacao-provincial\/\" \/>\n<meta property=\"og:locale\" content=\"pt_PT\" \/>\n<meta property=\"og:type\" content=\"article\" \/>\n<meta property=\"og:title\" content=\"Encontros de \u00e1reas para a Planifica\u00e7\u00e3o provincial - En Compa\u00f1\u00eda STJ\" \/>\n<meta property=\"og:description\" content=\"Nos dias 16 e 30 de setembro e 7 e 28 de outubro, muitas pessoas da Fam\u00edlia Teresiana participaram na quarta fase do processo de planifica\u00e7\u00e3o estrat\u00e9gica para estes quatro [&hellip;]\" \/>\n<meta property=\"og:url\" content=\"https:\/\/encompaniastj.org\/pt-pt\/encontros-de-areas-para-a-planificacao-provincial\/\" \/>\n<meta property=\"og:site_name\" content=\"En Compa\u00f1\u00eda STJ\" \/>\n<meta property=\"article:published_time\" content=\"2024-11-04T08:30:49+00:00\" \/>\n<meta property=\"article:modified_time\" content=\"2025-07-07T14:26:18+00:00\" \/>\n<meta property=\"og:image\" content=\"https:\/\/encompaniastj.org\/wp-content\/uploads\/2025\/05\/c1-1-5.png\" \/>\n\t<meta property=\"og:image:width\" content=\"800\" \/>\n\t<meta property=\"og:image:height\" content=\"800\" \/>\n\t<meta property=\"og:image:type\" content=\"image\/png\" \/>\n<meta name=\"author\" content=\"admin\" \/>\n<meta name=\"twitter:card\" content=\"summary_large_image\" \/>\n<meta name=\"twitter:label1\" content=\"Escrito por\" \/>\n\t<meta name=\"twitter:data1\" content=\"admin\" \/>\n\t<meta name=\"twitter:label2\" content=\"Tempo estimado de leitura\" \/>\n\t<meta name=\"twitter:data2\" content=\"3 minutos\" \/>\n<script type=\"application\/ld+json\" class=\"yoast-schema-graph\">{\"@context\":\"https:\\\/\\\/schema.org\",\"@graph\":[{\"@type\":\"Article\",\"@id\":\"https:\\\/\\\/encompaniastj.org\\\/pt-pt\\\/encontros-de-areas-para-a-planificacao-provincial\\\/#article\",\"isPartOf\":{\"@id\":\"https:\\\/\\\/encompaniastj.org\\\/pt-pt\\\/encontros-de-areas-para-a-planificacao-provincial\\\/\"},\"author\":{\"name\":\"admin\",\"@id\":\"https:\\\/\\\/encompaniastj.org\\\/pt-pt\\\/#\\\/schema\\\/person\\\/520e7ecc314793d40091993c2a02b651\"},\"headline\":\"Encontros de \u00e1reas para a Planifica\u00e7\u00e3o provincial\",\"datePublished\":\"2024-11-04T08:30:49+00:00\",\"dateModified\":\"2025-07-07T14:26:18+00:00\",\"mainEntityOfPage\":{\"@id\":\"https:\\\/\\\/encompaniastj.org\\\/pt-pt\\\/encontros-de-areas-para-a-planificacao-provincial\\\/\"},\"wordCount\":396,\"commentCount\":0,\"publisher\":{\"@id\":\"https:\\\/\\\/encompaniastj.org\\\/pt-pt\\\/#organization\"},\"image\":{\"@id\":\"https:\\\/\\\/encompaniastj.org\\\/pt-pt\\\/encontros-de-areas-para-a-planificacao-provincial\\\/#primaryimage\"},\"thumbnailUrl\":\"https:\\\/\\\/encompaniastj.org\\\/wp-content\\\/uploads\\\/2025\\\/05\\\/c1-1-5.png\",\"articleSection\":[\"STJ\",\"STJ pt\"],\"inLanguage\":\"pt-PT\",\"potentialAction\":[{\"@type\":\"CommentAction\",\"name\":\"Comment\",\"target\":[\"https:\\\/\\\/encompaniastj.org\\\/pt-pt\\\/encontros-de-areas-para-a-planificacao-provincial\\\/#respond\"]}]},{\"@type\":\"WebPage\",\"@id\":\"https:\\\/\\\/encompaniastj.org\\\/pt-pt\\\/encontros-de-areas-para-a-planificacao-provincial\\\/\",\"url\":\"https:\\\/\\\/encompaniastj.org\\\/pt-pt\\\/encontros-de-areas-para-a-planificacao-provincial\\\/\",\"name\":\"Encontros de \u00e1reas para a Planifica\u00e7\u00e3o provincial - En Compa\u00f1\u00eda STJ\",\"isPartOf\":{\"@id\":\"https:\\\/\\\/encompaniastj.org\\\/pt-pt\\\/#website\"},\"primaryImageOfPage\":{\"@id\":\"https:\\\/\\\/encompaniastj.org\\\/pt-pt\\\/encontros-de-areas-para-a-planificacao-provincial\\\/#primaryimage\"},\"image\":{\"@id\":\"https:\\\/\\\/encompaniastj.org\\\/pt-pt\\\/encontros-de-areas-para-a-planificacao-provincial\\\/#primaryimage\"},\"thumbnailUrl\":\"https:\\\/\\\/encompaniastj.org\\\/wp-content\\\/uploads\\\/2025\\\/05\\\/c1-1-5.png\",\"datePublished\":\"2024-11-04T08:30:49+00:00\",\"dateModified\":\"2025-07-07T14:26:18+00:00\",\"breadcrumb\":{\"@id\":\"https:\\\/\\\/encompaniastj.org\\\/pt-pt\\\/encontros-de-areas-para-a-planificacao-provincial\\\/#breadcrumb\"},\"inLanguage\":\"pt-PT\",\"potentialAction\":[{\"@type\":\"ReadAction\",\"target\":[\"https:\\\/\\\/encompaniastj.org\\\/pt-pt\\\/encontros-de-areas-para-a-planificacao-provincial\\\/\"]}]},{\"@type\":\"ImageObject\",\"inLanguage\":\"pt-PT\",\"@id\":\"https:\\\/\\\/encompaniastj.org\\\/pt-pt\\\/encontros-de-areas-para-a-planificacao-provincial\\\/#primaryimage\",\"url\":\"https:\\\/\\\/encompaniastj.org\\\/wp-content\\\/uploads\\\/2025\\\/05\\\/c1-1-5.png\",\"contentUrl\":\"https:\\\/\\\/encompaniastj.org\\\/wp-content\\\/uploads\\\/2025\\\/05\\\/c1-1-5.png\",\"width\":800,\"height\":800},{\"@type\":\"BreadcrumbList\",\"@id\":\"https:\\\/\\\/encompaniastj.org\\\/pt-pt\\\/encontros-de-areas-para-a-planificacao-provincial\\\/#breadcrumb\",\"itemListElement\":[{\"@type\":\"ListItem\",\"position\":1,\"name\":\"Portada\",\"item\":\"https:\\\/\\\/encompaniastj.org\\\/pt-pt\\\/\"},{\"@type\":\"ListItem\",\"position\":2,\"name\":\"Encontros de \u00e1reas para a Planifica\u00e7\u00e3o provincial\"}]},{\"@type\":\"WebSite\",\"@id\":\"https:\\\/\\\/encompaniastj.org\\\/pt-pt\\\/#website\",\"url\":\"https:\\\/\\\/encompaniastj.org\\\/pt-pt\\\/\",\"name\":\"En Compa\u00f1\u00eda STJ\",\"description\":\"Bolet\u00edn de la Compa\u00f1\u00eda de Santa Teresa de Jes\u00fas\",\"publisher\":{\"@id\":\"https:\\\/\\\/encompaniastj.org\\\/pt-pt\\\/#organization\"},\"potentialAction\":[{\"@type\":\"SearchAction\",\"target\":{\"@type\":\"EntryPoint\",\"urlTemplate\":\"https:\\\/\\\/encompaniastj.org\\\/pt-pt\\\/?s={search_term_string}\"},\"query-input\":{\"@type\":\"PropertyValueSpecification\",\"valueRequired\":true,\"valueName\":\"search_term_string\"}}],\"inLanguage\":\"pt-PT\"},{\"@type\":\"Organization\",\"@id\":\"https:\\\/\\\/encompaniastj.org\\\/pt-pt\\\/#organization\",\"name\":\"Compa\u00f1\u00eda de Santa Teresa de Jes\u00fas\",\"url\":\"https:\\\/\\\/encompaniastj.org\\\/pt-pt\\\/\",\"logo\":{\"@type\":\"ImageObject\",\"inLanguage\":\"pt-PT\",\"@id\":\"https:\\\/\\\/encompaniastj.org\\\/pt-pt\\\/#\\\/schema\\\/logo\\\/image\\\/\",\"url\":\"https:\\\/\\\/encompaniastj.org\\\/wp-content\\\/uploads\\\/2025\\\/04\\\/logo_provincias02-1-3.png\",\"contentUrl\":\"https:\\\/\\\/encompaniastj.org\\\/wp-content\\\/uploads\\\/2025\\\/04\\\/logo_provincias02-1-3.png\",\"width\":2368,\"height\":825,\"caption\":\"Compa\u00f1\u00eda de Santa Teresa de Jes\u00fas\"},\"image\":{\"@id\":\"https:\\\/\\\/encompaniastj.org\\\/pt-pt\\\/#\\\/schema\\\/logo\\\/image\\\/\"}},{\"@type\":\"Person\",\"@id\":\"https:\\\/\\\/encompaniastj.org\\\/pt-pt\\\/#\\\/schema\\\/person\\\/520e7ecc314793d40091993c2a02b651\",\"name\":\"admin\",\"image\":{\"@type\":\"ImageObject\",\"inLanguage\":\"pt-PT\",\"@id\":\"https:\\\/\\\/secure.gravatar.com\\\/avatar\\\/948b492cce32b586ac2db0eaa926ee87024f7afe218d73b397ea5ddfc5f43ea1?s=96&d=mm&r=g\",\"url\":\"https:\\\/\\\/secure.gravatar.com\\\/avatar\\\/948b492cce32b586ac2db0eaa926ee87024f7afe218d73b397ea5ddfc5f43ea1?s=96&d=mm&r=g\",\"contentUrl\":\"https:\\\/\\\/secure.gravatar.com\\\/avatar\\\/948b492cce32b586ac2db0eaa926ee87024f7afe218d73b397ea5ddfc5f43ea1?s=96&d=mm&r=g\",\"caption\":\"admin\"},\"sameAs\":[\"https:\\\/\\\/encompaniastj.org\"],\"url\":\"https:\\\/\\\/encompaniastj.org\\\/pt-pt\\\/author\\\/sjdigital\\\/\"}]}<\/script>\n<!-- \/ Yoast SEO plugin. -->","yoast_head_json":{"title":"Encontros de \u00e1reas para a Planifica\u00e7\u00e3o provincial - En Compa\u00f1\u00eda STJ","robots":{"index":"index","follow":"follow","max-snippet":"max-snippet:-1","max-image-preview":"max-image-preview:large","max-video-preview":"max-video-preview:-1"},"canonical":"https:\/\/encompaniastj.org\/pt-pt\/encontros-de-areas-para-a-planificacao-provincial\/","og_locale":"pt_PT","og_type":"article","og_title":"Encontros de \u00e1reas para a Planifica\u00e7\u00e3o provincial - En Compa\u00f1\u00eda STJ","og_description":"Nos dias 16 e 30 de setembro e 7 e 28 de outubro, muitas pessoas da Fam\u00edlia Teresiana participaram na quarta fase do processo de planifica\u00e7\u00e3o estrat\u00e9gica para estes quatro [&hellip;]","og_url":"https:\/\/encompaniastj.org\/pt-pt\/encontros-de-areas-para-a-planificacao-provincial\/","og_site_name":"En Compa\u00f1\u00eda STJ","article_published_time":"2024-11-04T08:30:49+00:00","article_modified_time":"2025-07-07T14:26:18+00:00","og_image":[{"width":800,"height":800,"url":"https:\/\/encompaniastj.org\/wp-content\/uploads\/2025\/05\/c1-1-5.png","type":"image\/png"}],"author":"admin","twitter_card":"summary_large_image","twitter_misc":{"Escrito por":"admin","Tempo estimado de leitura":"3 minutos"},"schema":{"@context":"https:\/\/schema.org","@graph":[{"@type":"Article","@id":"https:\/\/encompaniastj.org\/pt-pt\/encontros-de-areas-para-a-planificacao-provincial\/#article","isPartOf":{"@id":"https:\/\/encompaniastj.org\/pt-pt\/encontros-de-areas-para-a-planificacao-provincial\/"},"author":{"name":"admin","@id":"https:\/\/encompaniastj.org\/pt-pt\/#\/schema\/person\/520e7ecc314793d40091993c2a02b651"},"headline":"Encontros de \u00e1reas para a Planifica\u00e7\u00e3o provincial","datePublished":"2024-11-04T08:30:49+00:00","dateModified":"2025-07-07T14:26:18+00:00","mainEntityOfPage":{"@id":"https:\/\/encompaniastj.org\/pt-pt\/encontros-de-areas-para-a-planificacao-provincial\/"},"wordCount":396,"commentCount":0,"publisher":{"@id":"https:\/\/encompaniastj.org\/pt-pt\/#organization"},"image":{"@id":"https:\/\/encompaniastj.org\/pt-pt\/encontros-de-areas-para-a-planificacao-provincial\/#primaryimage"},"thumbnailUrl":"https:\/\/encompaniastj.org\/wp-content\/uploads\/2025\/05\/c1-1-5.png","articleSection":["STJ","STJ pt"],"inLanguage":"pt-PT","potentialAction":[{"@type":"CommentAction","name":"Comment","target":["https:\/\/encompaniastj.org\/pt-pt\/encontros-de-areas-para-a-planificacao-provincial\/#respond"]}]},{"@type":"WebPage","@id":"https:\/\/encompaniastj.org\/pt-pt\/encontros-de-areas-para-a-planificacao-provincial\/","url":"https:\/\/encompaniastj.org\/pt-pt\/encontros-de-areas-para-a-planificacao-provincial\/","name":"Encontros de \u00e1reas para a Planifica\u00e7\u00e3o provincial - En Compa\u00f1\u00eda STJ","isPartOf":{"@id":"https:\/\/encompaniastj.org\/pt-pt\/#website"},"primaryImageOfPage":{"@id":"https:\/\/encompaniastj.org\/pt-pt\/encontros-de-areas-para-a-planificacao-provincial\/#primaryimage"},"image":{"@id":"https:\/\/encompaniastj.org\/pt-pt\/encontros-de-areas-para-a-planificacao-provincial\/#primaryimage"},"thumbnailUrl":"https:\/\/encompaniastj.org\/wp-content\/uploads\/2025\/05\/c1-1-5.png","datePublished":"2024-11-04T08:30:49+00:00","dateModified":"2025-07-07T14:26:18+00:00","breadcrumb":{"@id":"https:\/\/encompaniastj.org\/pt-pt\/encontros-de-areas-para-a-planificacao-provincial\/#breadcrumb"},"inLanguage":"pt-PT","potentialAction":[{"@type":"ReadAction","target":["https:\/\/encompaniastj.org\/pt-pt\/encontros-de-areas-para-a-planificacao-provincial\/"]}]},{"@type":"ImageObject","inLanguage":"pt-PT","@id":"https:\/\/encompaniastj.org\/pt-pt\/encontros-de-areas-para-a-planificacao-provincial\/#primaryimage","url":"https:\/\/encompaniastj.org\/wp-content\/uploads\/2025\/05\/c1-1-5.png","contentUrl":"https:\/\/encompaniastj.org\/wp-content\/uploads\/2025\/05\/c1-1-5.png","width":800,"height":800},{"@type":"BreadcrumbList","@id":"https:\/\/encompaniastj.org\/pt-pt\/encontros-de-areas-para-a-planificacao-provincial\/#breadcrumb","itemListElement":[{"@type":"ListItem","position":1,"name":"Portada","item":"https:\/\/encompaniastj.org\/pt-pt\/"},{"@type":"ListItem","position":2,"name":"Encontros de \u00e1reas para a Planifica\u00e7\u00e3o provincial"}]},{"@type":"WebSite","@id":"https:\/\/encompaniastj.org\/pt-pt\/#website","url":"https:\/\/encompaniastj.org\/pt-pt\/","name":"En Compa\u00f1\u00eda STJ","description":"Bolet\u00edn de la Compa\u00f1\u00eda de Santa Teresa de Jes\u00fas","publisher":{"@id":"https:\/\/encompaniastj.org\/pt-pt\/#organization"},"potentialAction":[{"@type":"SearchAction","target":{"@type":"EntryPoint","urlTemplate":"https:\/\/encompaniastj.org\/pt-pt\/?s={search_term_string}"},"query-input":{"@type":"PropertyValueSpecification","valueRequired":true,"valueName":"search_term_string"}}],"inLanguage":"pt-PT"},{"@type":"Organization","@id":"https:\/\/encompaniastj.org\/pt-pt\/#organization","name":"Compa\u00f1\u00eda de Santa Teresa de Jes\u00fas","url":"https:\/\/encompaniastj.org\/pt-pt\/","logo":{"@type":"ImageObject","inLanguage":"pt-PT","@id":"https:\/\/encompaniastj.org\/pt-pt\/#\/schema\/logo\/image\/","url":"https:\/\/encompaniastj.org\/wp-content\/uploads\/2025\/04\/logo_provincias02-1-3.png","contentUrl":"https:\/\/encompaniastj.org\/wp-content\/uploads\/2025\/04\/logo_provincias02-1-3.png","width":2368,"height":825,"caption":"Compa\u00f1\u00eda de Santa Teresa de Jes\u00fas"},"image":{"@id":"https:\/\/encompaniastj.org\/pt-pt\/#\/schema\/logo\/image\/"}},{"@type":"Person","@id":"https:\/\/encompaniastj.org\/pt-pt\/#\/schema\/person\/520e7ecc314793d40091993c2a02b651","name":"admin","image":{"@type":"ImageObject","inLanguage":"pt-PT","@id":"https:\/\/secure.gravatar.com\/avatar\/948b492cce32b586ac2db0eaa926ee87024f7afe218d73b397ea5ddfc5f43ea1?s=96&d=mm&r=g","url":"https:\/\/secure.gravatar.com\/avatar\/948b492cce32b586ac2db0eaa926ee87024f7afe218d73b397ea5ddfc5f43ea1?s=96&d=mm&r=g","contentUrl":"https:\/\/secure.gravatar.com\/avatar\/948b492cce32b586ac2db0eaa926ee87024f7afe218d73b397ea5ddfc5f43ea1?s=96&d=mm&r=g","caption":"admin"},"sameAs":["https:\/\/encompaniastj.org"],"url":"https:\/\/encompaniastj.org\/pt-pt\/author\/sjdigital\/"}]}},"_links":{"self":[{"href":"https:\/\/encompaniastj.org\/pt-pt\/wp-json\/wp\/v2\/posts\/12367","targetHints":{"allow":["GET"]}}],"collection":[{"href":"https:\/\/encompaniastj.org\/pt-pt\/wp-json\/wp\/v2\/posts"}],"about":[{"href":"https:\/\/encompaniastj.org\/pt-pt\/wp-json\/wp\/v2\/types\/post"}],"author":[{"embeddable":true,"href":"https:\/\/encompaniastj.org\/pt-pt\/wp-json\/wp\/v2\/users\/1"}],"replies":[{"embeddable":true,"href":"https:\/\/encompaniastj.org\/pt-pt\/wp-json\/wp\/v2\/comments?post=12367"}],"version-history":[{"count":1,"href":"https:\/\/encompaniastj.org\/pt-pt\/wp-json\/wp\/v2\/posts\/12367\/revisions"}],"predecessor-version":[{"id":12368,"href":"https:\/\/encompaniastj.org\/pt-pt\/wp-json\/wp\/v2\/posts\/12367\/revisions\/12368"}],"wp:featuredmedia":[{"embeddable":true,"href":"https:\/\/encompaniastj.org\/pt-pt\/wp-json\/wp\/v2\/media\/8879"}],"wp:attachment":[{"href":"https:\/\/encompaniastj.org\/pt-pt\/wp-json\/wp\/v2\/media?parent=12367"}],"wp:term":[{"taxonomy":"category","embeddable":true,"href":"https:\/\/encompaniastj.org\/pt-pt\/wp-json\/wp\/v2\/categories?post=12367"},{"taxonomy":"post_tag","embeddable":true,"href":"https:\/\/encompaniastj.org\/pt-pt\/wp-json\/wp\/v2\/tags?post=12367"}],"curies":[{"name":"wp","href":"https:\/\/api.w.org\/{rel}","templated":true}]}}